{"id":7785,"date":"2016-09-15T16:26:10","date_gmt":"2016-09-15T14:26:10","guid":{"rendered":"http:\/\/www.naturparkmagazin.de\/vdn\/?p=7785"},"modified":"2016-09-28T15:56:29","modified_gmt":"2016-09-28T13:56:29","slug":"qualitaet-bewiesen-sechzehn-naturparke-ausgezeichnet","status":"publish","type":"post","link":"https:\/\/www.naturparkmagazin.de\/vdn\/qualitaet-bewiesen-sechzehn-naturparke-ausgezeichnet\/","title":{"rendered":"\u201eQualit\u00e4t bewiesen!\u201c \u2013 Sechzehn Naturparke ausgezeichnet"},"content":{"rendered":"<div id=\"attachment_7809\" style=\"width: 510px\" class=\"wp-caption aligncenter\"><a href=\"https:\/\/www.naturparkmagazin.de\/vdn\/wp-content\/uploads\/sites\/3\/Qualit\u00e4tsoffensive_2016_Beitrag.jpg\"><img aria-describedby=\"caption-attachment-7809\" decoding=\"async\" loading=\"lazy\" class=\"size-full wp-image-7809\" src=\"https:\/\/www.naturparkmagazin.de\/vdn\/wp-content\/uploads\/sites\/3\/Qualit\u00e4tsoffensive_2016_Beitrag.jpg\" alt=\"Vertreter von Naturparken in Mecklenburg-Vorpommern nehmen die Auszeichnung zum Qualit\u00e4ts-Naturpark entgegen - Copyright: VDN\" width=\"500\" height=\"300\" srcset=\"https:\/\/www.naturparkmagazin.de\/vdn\/wp-content\/uploads\/sites\/3\/Qualit\u00e4tsoffensive_2016_Beitrag.jpg 500w, https:\/\/www.naturparkmagazin.de\/vdn\/wp-content\/uploads\/sites\/3\/Qualit\u00e4tsoffensive_2016_Beitrag-300x180.jpg 300w, https:\/\/www.naturparkmagazin.de\/vdn\/wp-content\/uploads\/sites\/3\/Qualit\u00e4tsoffensive_2016_Beitrag-200x120.jpg 200w\" sizes=\"(max-width: 500px) 100vw, 500px\" \/><\/a><p id=\"caption-attachment-7809\" class=\"wp-caption-text\">Vertreter von Naturparken in Mecklenburg-Vorpommern nehmen die Auszeichnung zum Qualit\u00e4ts-Naturpark entgegen &#8211; Copyright: VDN<\/p><\/div>\n<p>Sechzehn Naturparke wurden am Er\u00f6ffnungsabend des Deutschen Naturpark-Tages 2016, dem 22. September 2016 im Rahmen der &#8222;Qualit\u00e4tsoffensive Naturparke&#8220; ausgezeichnet. Der diesj\u00e4hrige Deutsche Naturpark-Tag fand aus Anlass des 25j\u00e4hrigen Bestehens des Geo-Naturparks Saale-Unstrut-Triasland in Freyburg (Unstrut) statt.<\/p>\n<p>Am Er\u00f6ffnungsabend begr\u00fc\u00dften Staatssekret\u00e4r Klaus Rehda aus dem Ministerium f\u00fcr Umwelt, Landwirtschaft und Energie des Landes Sachsen-Anhalt, Staatssekret\u00e4r Olaf M\u00f6ller vom Th\u00fcringer Ministerium f\u00fcr Umwelt, Energie und Naturschutz und Landrat G\u00f6tz Ulrich gemeinsam mit dem Vorsitzenden des Geo-Naturparks Saale-Unstrut-Triasland e.V., Landrat a.D. Harri Reiche, und dem Pr\u00e4sidenten des Verbandes Deutscher Naturparke (VDN), Dr. Michael Arndt, die \u00fcber 130 G\u00e4ste, darunter 100 Vertreter\/innen aus 48 deutschen Naturparken.<\/p>\n<p>Als \u201eQualit\u00e4ts-Naturpark\u201c ausgezeichnet wurden die Naturparke Altm\u00fchltal, Bayerischer Wald, N\u00f6rdlicher Oberpf\u00e4lzer Wald (Bayern), Am Stettiner Haff, Feldberger Seenlandschaft, Flusslandschaft Peenetal, Insel Usedom, Mecklenburgische Schweiz und Kummerower See, Nossentiner\/Schwinzer Heide, Sternberger Seenland (Mecklenburg-Vorpommern), Harz (Sachsen-Anhalt), Deutsch-Belgischer Naturpark Hohes Venn \u2013 Eifel, Natur- und Geopark TERRA.vita (NRW,Niedersachsen), Hoher Fl\u00e4ming (Brandenburg) und Th\u00fcringer Wald (Th\u00fcringen). Der Naturpark Sauerland-Rothaargebirge (NRW) erhielt die Auszeichnung \u201ePartner Qualit\u00e4tsoffensive Naturparke\u201c.<\/p>\n<p>Hier finden Sie weitere Informationen zur <a href=\"http:\/\/www.naturparke.de\/parks\/quality\" target=\"_blank\">Qualit\u00e4tsoffensive Naturparke\u00a0<\/a><\/p>\n<p>Hier k\u00f6nnen Sie die <a href=\"http:\/\/www.naturparke.de\/system\/articledownloads\/484\/original\/PM_09-2016-03_DNPT_Auszeichnung_Qualit%C3%A4tsoffensive_final.pdf?1474908534\" target=\"_blank\">Pressemitteilung downloaden<\/a><\/p>\n","protected":false},"excerpt":{"rendered":"<p>Sechzehn Naturparke wurden am Er\u00f6ffnungsabend des Deutschen Naturpark-Tages 2016 im Rahmen der &#8222;Qualit\u00e4tsoffensive Naturparke&#8220; ausgezeichnet.<\/p>\n","protected":false},"author":51,"featured_media":7811,"comment_status":"open","ping_status":"open","sticky":false,"template":"","format":"standard","meta":{"_links_to":"","_links_to_target":""},"categories":[7],"tags":[],"yoast_head":"<!-- This site is optimized with the Yoast SEO plugin v19.10 - https:\/\/yoast.com\/wordpress\/plugins\/seo\/ -->\n<title>\u201eQualit\u00e4t bewiesen!\u201c \u2013 Sechzehn Naturparke ausgezeichnet<\/title>\n<meta name=\"description\" content=\"Sechzehn Naturparke wurden am Er\u00f6ffnungsabend des Deutschen Naturpark-Tages 2016 im Rahmen der &quot;Qualit\u00e4tsoffensive Naturparke&quot; ausgezeichnet.\" \/>\n<meta name=\"robots\" content=\"index, follow, max-snippet:-1, max-image-preview:large, max-video-preview:-1\" \/>\n<link rel=\"canonical\" href=\"https:\/\/www.naturparkmagazin.de\/vdn\/qualitaet-bewiesen-sechzehn-naturparke-ausgezeichnet\/\" \/>\n<meta property=\"og:locale\" content=\"de_DE\" \/>\n<meta property=\"og:type\" content=\"article\" \/>\n<meta property=\"og:title\" content=\"\u201eQualit\u00e4t bewiesen!\u201c \u2013 Sechzehn Naturparke ausgezeichnet\" \/>\n<meta property=\"og:description\" content=\"Sechzehn Naturparke wurden am Er\u00f6ffnungsabend des Deutschen Naturpark-Tages 2016 im Rahmen der &quot;Qualit\u00e4tsoffensive Naturparke&quot; ausgezeichnet.\" \/>\n<meta property=\"og:url\" content=\"https:\/\/www.naturparkmagazin.de\/vdn\/qualitaet-bewiesen-sechzehn-naturparke-ausgezeichnet\/\" \/>\n<meta property=\"og:site_name\" content=\"Verband Deutscher Naturparke\" \/>\n<meta property=\"article:published_time\" content=\"2016-09-15T14:26:10+00:00\" \/>\n<meta property=\"article:modified_time\" content=\"2016-09-28T13:56:29+00:00\" \/>\n<meta property=\"og:image\" content=\"https:\/\/www.naturparkmagazin.de\/vdn\/wp-content\/uploads\/sites\/3\/Qualit\u00e4tsoffensive_2016_Beitragsbild.jpg\" \/>\n\t<meta property=\"og:image:width\" content=\"200\" \/>\n\t<meta property=\"og:image:height\" content=\"200\" \/>\n\t<meta property=\"og:image:type\" content=\"image\/jpeg\" \/>\n<meta name=\"author\" content=\"beatrixlosem\" \/>\n<meta name=\"twitter:label1\" content=\"Verfasst von\" \/>\n\t<meta name=\"twitter:data1\" content=\"beatrixlosem\" \/>\n\t<meta name=\"twitter:label2\" content=\"Gesch\u00e4tzte Lesezeit\" \/>\n\t<meta name=\"twitter:data2\" content=\"1\u00a0Minute\" \/>\n<script type=\"application\/ld+json\" class=\"yoast-schema-graph\">{\"@context\":\"https:\/\/schema.org\",\"@graph\":[{\"@type\":\"WebPage\",\"@id\":\"https:\/\/www.naturparkmagazin.de\/vdn\/qualitaet-bewiesen-sechzehn-naturparke-ausgezeichnet\/\",\"url\":\"https:\/\/www.naturparkmagazin.de\/vdn\/qualitaet-bewiesen-sechzehn-naturparke-ausgezeichnet\/\",\"name\":\"\u201eQualit\u00e4t bewiesen!\u201c \u2013 Sechzehn Naturparke ausgezeichnet\",\"isPartOf\":{\"@id\":\"https:\/\/www.naturparkmagazin.de\/vdn\/#website\"},\"datePublished\":\"2016-09-15T14:26:10+00:00\",\"dateModified\":\"2016-09-28T13:56:29+00:00\",\"author\":{\"@id\":\"https:\/\/www.naturparkmagazin.de\/vdn\/#\/schema\/person\/d71357578c318b6db03be60b1f60396b\"},\"description\":\"Sechzehn Naturparke wurden am Er\u00f6ffnungsabend des Deutschen Naturpark-Tages 2016 im Rahmen der \\\"Qualit\u00e4tsoffensive Naturparke\\\" ausgezeichnet.\",\"breadcrumb\":{\"@id\":\"https:\/\/www.naturparkmagazin.de\/vdn\/qualitaet-bewiesen-sechzehn-naturparke-ausgezeichnet\/#breadcrumb\"},\"inLanguage\":\"de\",\"potentialAction\":[{\"@type\":\"ReadAction\",\"target\":[\"https:\/\/www.naturparkmagazin.de\/vdn\/qualitaet-bewiesen-sechzehn-naturparke-ausgezeichnet\/\"]}]},{\"@type\":\"BreadcrumbList\",\"@id\":\"https:\/\/www.naturparkmagazin.de\/vdn\/qualitaet-bewiesen-sechzehn-naturparke-ausgezeichnet\/#breadcrumb\",\"itemListElement\":[{\"@type\":\"ListItem\",\"position\":1,\"name\":\"Home\",\"item\":\"https:\/\/www.naturparkmagazin.de\/vdn\/\"},{\"@type\":\"ListItem\",\"position\":2,\"name\":\"\u201eQualit\u00e4t bewiesen!\u201c \u2013 Sechzehn Naturparke ausgezeichnet\"}]},{\"@type\":\"WebSite\",\"@id\":\"https:\/\/www.naturparkmagazin.de\/vdn\/#website\",\"url\":\"https:\/\/www.naturparkmagazin.de\/vdn\/\",\"name\":\"Verband Deutscher Naturparke\",\"description\":\"Eine weitere Naturparkmagazin.de Netzwerk Seite\",\"potentialAction\":[{\"@type\":\"SearchAction\",\"target\":{\"@type\":\"EntryPoint\",\"urlTemplate\":\"https:\/\/www.naturparkmagazin.de\/vdn\/?s={search_term_string}\"},\"query-input\":\"required name=search_term_string\"}],\"inLanguage\":\"de\"},{\"@type\":\"Person\",\"@id\":\"https:\/\/www.naturparkmagazin.de\/vdn\/#\/schema\/person\/d71357578c318b6db03be60b1f60396b\",\"name\":\"beatrixlosem\",\"url\":\"https:\/\/www.naturparkmagazin.de\/vdn\/author\/beatrixlosem\/\"}]}<\/script>\n<!-- \/ Yoast SEO plugin. -->","yoast_head_json":{"title":"\u201eQualit\u00e4t bewiesen!\u201c \u2013 Sechzehn Naturparke ausgezeichnet","description":"Sechzehn Naturparke wurden am Er\u00f6ffnungsabend des Deutschen Naturpark-Tages 2016 im Rahmen der \"Qualit\u00e4tsoffensive Naturparke\" ausgezeichnet.","robots":{"index":"index","follow":"follow","max-snippet":"max-snippet:-1","max-image-preview":"max-image-preview:large","max-video-preview":"max-video-preview:-1"},"canonical":"https:\/\/www.naturparkmagazin.de\/vdn\/qualitaet-bewiesen-sechzehn-naturparke-ausgezeichnet\/","og_locale":"de_DE","og_type":"article","og_title":"\u201eQualit\u00e4t bewiesen!\u201c \u2013 Sechzehn Naturparke ausgezeichnet","og_description":"Sechzehn Naturparke wurden am Er\u00f6ffnungsabend des Deutschen Naturpark-Tages 2016 im Rahmen der \"Qualit\u00e4tsoffensive Naturparke\" ausgezeichnet.","og_url":"https:\/\/www.naturparkmagazin.de\/vdn\/qualitaet-bewiesen-sechzehn-naturparke-ausgezeichnet\/","og_site_name":"Verband Deutscher Naturparke","article_published_time":"2016-09-15T14:26:10+00:00","article_modified_time":"2016-09-28T13:56:29+00:00","og_image":[{"width":200,"height":200,"url":"https:\/\/www.naturparkmagazin.de\/vdn\/wp-content\/uploads\/sites\/3\/Qualit\u00e4tsoffensive_2016_Beitragsbild.jpg","type":"image\/jpeg"}],"author":"beatrixlosem","twitter_misc":{"Verfasst von":"beatrixlosem","Gesch\u00e4tzte Lesezeit":"1\u00a0Minute"},"schema":{"@context":"https:\/\/schema.org","@graph":[{"@type":"WebPage","@id":"https:\/\/www.naturparkmagazin.de\/vdn\/qualitaet-bewiesen-sechzehn-naturparke-ausgezeichnet\/","url":"https:\/\/www.naturparkmagazin.de\/vdn\/qualitaet-bewiesen-sechzehn-naturparke-ausgezeichnet\/","name":"\u201eQualit\u00e4t bewiesen!\u201c \u2013 Sechzehn Naturparke ausgezeichnet","isPartOf":{"@id":"https:\/\/www.naturparkmagazin.de\/vdn\/#website"},"datePublished":"2016-09-15T14:26:10+00:00","dateModified":"2016-09-28T13:56:29+00:00","author":{"@id":"https:\/\/www.naturparkmagazin.de\/vdn\/#\/schema\/person\/d71357578c318b6db03be60b1f60396b"},"description":"Sechzehn Naturparke wurden am Er\u00f6ffnungsabend des Deutschen Naturpark-Tages 2016 im Rahmen der \"Qualit\u00e4tsoffensive Naturparke\" ausgezeichnet.","breadcrumb":{"@id":"https:\/\/www.naturparkmagazin.de\/vdn\/qualitaet-bewiesen-sechzehn-naturparke-ausgezeichnet\/#breadcrumb"},"inLanguage":"de","potentialAction":[{"@type":"ReadAction","target":["https:\/\/www.naturparkmagazin.de\/vdn\/qualitaet-bewiesen-sechzehn-naturparke-ausgezeichnet\/"]}]},{"@type":"BreadcrumbList","@id":"https:\/\/www.naturparkmagazin.de\/vdn\/qualitaet-bewiesen-sechzehn-naturparke-ausgezeichnet\/#breadcrumb","itemListElement":[{"@type":"ListItem","position":1,"name":"Home","item":"https:\/\/www.naturparkmagazin.de\/vdn\/"},{"@type":"ListItem","position":2,"name":"\u201eQualit\u00e4t bewiesen!\u201c \u2013 Sechzehn Naturparke ausgezeichnet"}]},{"@type":"WebSite","@id":"https:\/\/www.naturparkmagazin.de\/vdn\/#website","url":"https:\/\/www.naturparkmagazin.de\/vdn\/","name":"Verband Deutscher Naturparke","description":"Eine weitere Naturparkmagazin.de Netzwerk Seite","potentialAction":[{"@type":"SearchAction","target":{"@type":"EntryPoint","urlTemplate":"https:\/\/www.naturparkmagazin.de\/vdn\/?s={search_term_string}"},"query-input":"required name=search_term_string"}],"inLanguage":"de"},{"@type":"Person","@id":"https:\/\/www.naturparkmagazin.de\/vdn\/#\/schema\/person\/d71357578c318b6db03be60b1f60396b","name":"beatrixlosem","url":"https:\/\/www.naturparkmagazin.de\/vdn\/author\/beatrixlosem\/"}]}},"_links":{"self":[{"href":"https:\/\/www.naturparkmagazin.de\/vdn\/wp-json\/wp\/v2\/posts\/7785"}],"collection":[{"href":"https:\/\/www.naturparkmagazin.de\/vdn\/wp-json\/wp\/v2\/posts"}],"about":[{"href":"https:\/\/www.naturparkmagazin.de\/vdn\/wp-json\/wp\/v2\/types\/post"}],"author":[{"embeddable":true,"href":"https:\/\/www.naturparkmagazin.de\/vdn\/wp-json\/wp\/v2\/users\/51"}],"replies":[{"embeddable":true,"href":"https:\/\/www.naturparkmagazin.de\/vdn\/wp-json\/wp\/v2\/comments?post=7785"}],"version-history":[{"count":4,"href":"https:\/\/www.naturparkmagazin.de\/vdn\/wp-json\/wp\/v2\/posts\/7785\/revisions"}],"predecessor-version":[{"id":7823,"href":"https:\/\/www.naturparkmagazin.de\/vdn\/wp-json\/wp\/v2\/posts\/7785\/revisions\/7823"}],"wp:featuredmedia":[{"embeddable":true,"href":"https:\/\/www.naturparkmagazin.de\/vdn\/wp-json\/wp\/v2\/media\/7811"}],"wp:attachment":[{"href":"https:\/\/www.naturparkmagazin.de\/vdn\/wp-json\/wp\/v2\/media?parent=7785"}],"wp:term":[{"taxonomy":"category","embeddable":true,"href":"https:\/\/www.naturparkmagazin.de\/vdn\/wp-json\/wp\/v2\/categories?post=7785"},{"taxonomy":"post_tag","embeddable":true,"href":"https:\/\/www.naturparkmagazin.de\/vdn\/wp-json\/wp\/v2\/tags?post=7785"}],"curies":[{"name":"wp","href":"https:\/\/api.w.org\/{rel}","templated":true}]}}