{"id":7834,"date":"2016-10-16T13:15:36","date_gmt":"2016-10-16T11:15:36","guid":{"rendered":"http:\/\/www.naturparkmagazin.de\/vdn\/?p=7834"},"modified":"2016-10-27T18:59:34","modified_gmt":"2016-10-27T16:59:34","slug":"buckelige-welt-naturpark-bergisches-land","status":"publish","type":"post","link":"https:\/\/www.naturparkmagazin.de\/vdn\/buckelige-welt-naturpark-bergisches-land\/","title":{"rendered":"\u201eBuckelige\u201c Welt \u2013 Naturpark Bergisches Land"},"content":{"rendered":"<div id=\"attachment_7877\" style=\"width: 510px\" class=\"wp-caption aligncenter\"><a href=\"https:\/\/www.naturparkmagazin.de\/vdn\/wp-content\/uploads\/sites\/3\/DSC1046_Beitrag-in-Artikel.png\"><img aria-describedby=\"caption-attachment-7877\" decoding=\"async\" loading=\"lazy\" class=\"size-full wp-image-7877\" src=\"https:\/\/www.naturparkmagazin.de\/vdn\/wp-content\/uploads\/sites\/3\/DSC1046_Beitrag-in-Artikel.png\" alt=\"Fr\u00fchlingsmorgen an der Lingese \u00a9 VDN\/Eberhard Decker\" width=\"500\" height=\"300\" srcset=\"https:\/\/www.naturparkmagazin.de\/vdn\/wp-content\/uploads\/sites\/3\/DSC1046_Beitrag-in-Artikel.png 500w, https:\/\/www.naturparkmagazin.de\/vdn\/wp-content\/uploads\/sites\/3\/DSC1046_Beitrag-in-Artikel-300x180.png 300w, https:\/\/www.naturparkmagazin.de\/vdn\/wp-content\/uploads\/sites\/3\/DSC1046_Beitrag-in-Artikel-200x120.png 200w\" sizes=\"(max-width: 500px) 100vw, 500px\" \/><\/a><p id=\"caption-attachment-7877\" class=\"wp-caption-text\">Fr\u00fchlingsmorgen an der Lingese \u00a9 VDN\/Eberhard Decker<\/p><\/div>\n<p>Der Naturpark Bergisches Land liegt zwischen der K\u00f6ln-Siegburger Bucht im Westen, den Ausl\u00e4ufern des Sauerlandes im Osten, dem Westerwald im S\u00fcden und dem bergischen St\u00e4dteband Wuppertal &#8211; Remscheid &#8211; Solingen im Norden.<\/p>\n<div id=\"attachment_7901\" style=\"width: 510px\" class=\"wp-caption aligncenter\"><a href=\"https:\/\/www.naturparkmagazin.de\/vdn\/wp-content\/uploads\/sites\/3\/bergerhhe-web-VDNRolf-Wengenroth.jpg\"><img aria-describedby=\"caption-attachment-7901\" decoding=\"async\" loading=\"lazy\" class=\"size-full wp-image-7901\" src=\"https:\/\/www.naturparkmagazin.de\/vdn\/wp-content\/uploads\/sites\/3\/bergerhhe-web-VDNRolf-Wengenroth.jpg\" alt=\"Goldene Herbsttage\u00a9VDN\/Rolf Wengenroth\" width=\"500\" height=\"300\" srcset=\"https:\/\/www.naturparkmagazin.de\/vdn\/wp-content\/uploads\/sites\/3\/bergerhhe-web-VDNRolf-Wengenroth.jpg 500w, https:\/\/www.naturparkmagazin.de\/vdn\/wp-content\/uploads\/sites\/3\/bergerhhe-web-VDNRolf-Wengenroth-300x180.jpg 300w, https:\/\/www.naturparkmagazin.de\/vdn\/wp-content\/uploads\/sites\/3\/bergerhhe-web-VDNRolf-Wengenroth-200x120.jpg 200w\" sizes=\"(max-width: 500px) 100vw, 500px\" \/><\/a><p id=\"caption-attachment-7901\" class=\"wp-caption-text\">Goldene Herbsttage\u00a9VDN\/Rolf Wengenroth<\/p><\/div>\n<p>Nicht hohe Berggipfel und tiefe Schluchten sind vorherrschend, vielmehr pr\u00e4gen bewaldete H\u00f6henz\u00fcge in langen Wellen und Wiesent\u00e4ler das Landschaftsbild. Bacht\u00e4ler, Talsperren und Stauseen sind wichtige Erholungsgebiete und auch R\u00fcckzugsr\u00e4ume f\u00fcr seltene Tiere und Pflanzen. Neben dem Blau des Wassers pr\u00e4gt ein sattes Gr\u00fcn die Landschaft. Auch dank des Wasserreichtums sind die Wiesen und Weiden fast ganzj\u00e4hrig saftig \u2013 und die vielen B\u00e4ume tauchen die Region zuerst in ein kr\u00e4ftiges Gr\u00fcn, im Herbst dann in eine bunte Farbenpracht, die einen Spaziergang durch die Herbstw\u00e4lder zu einem farbenpr\u00e4chtigen und rauschenden Erlebnis macht.<\/p>\n<p>Daneben bereichern Steinbr\u00fcche, Heidelandschaften, Hangmoore und vieles mehr die h\u00fcgelige und vielseitige Landschaft des Bergischen Landes.<\/p>\n<div id=\"attachment_7903\" style=\"width: 510px\" class=\"wp-caption aligncenter\"><a href=\"https:\/\/www.naturparkmagazin.de\/vdn\/wp-content\/uploads\/sites\/3\/es-wird-herbst-erster-morgennebel-ber-den-auen-Rolf-Wengenroth.jpg\"><img aria-describedby=\"caption-attachment-7903\" decoding=\"async\" loading=\"lazy\" class=\"size-full wp-image-7903\" src=\"https:\/\/www.naturparkmagazin.de\/vdn\/wp-content\/uploads\/sites\/3\/es-wird-herbst-erster-morgennebel-ber-den-auen-Rolf-Wengenroth.jpg\" alt=\"Morgennebel in den Auen\u00a9VDN\/Rolf Wengenroth\" width=\"500\" height=\"300\" srcset=\"https:\/\/www.naturparkmagazin.de\/vdn\/wp-content\/uploads\/sites\/3\/es-wird-herbst-erster-morgennebel-ber-den-auen-Rolf-Wengenroth.jpg 500w, https:\/\/www.naturparkmagazin.de\/vdn\/wp-content\/uploads\/sites\/3\/es-wird-herbst-erster-morgennebel-ber-den-auen-Rolf-Wengenroth-300x180.jpg 300w, https:\/\/www.naturparkmagazin.de\/vdn\/wp-content\/uploads\/sites\/3\/es-wird-herbst-erster-morgennebel-ber-den-auen-Rolf-Wengenroth-200x120.jpg 200w\" sizes=\"(max-width: 500px) 100vw, 500px\" \/><\/a><p id=\"caption-attachment-7903\" class=\"wp-caption-text\">Morgennebel in den Auen\u00a9VDN\/Rolf Wengenroth<\/p><\/div>\n<p>Heute wird die Bergische Landschaft sorgf\u00e4ltig gepflegt. Die Landwirte packen mit an, Natursch\u00fctzer und Biologische Stationen tragen ebenfalls einen wesentlichen Teil dazu bei. Denn die Landschaft hat durch ihre Vielseitigkeit ihren Artenreichtum erhalten k\u00f6nnen. Hecken wurden wieder angepflanzt und Obstbaumwiesen neu angelegt. Ziegen und Schafe halten Heide- und Moorgebiete frei von den B\u00fcschen und B\u00e4umen, Hecken bieten V\u00f6geln Schutz und Nahrung.<\/p>\n<div id=\"attachment_7879\" style=\"width: 510px\" class=\"wp-caption aligncenter\"><a href=\"https:\/\/www.naturparkmagazin.de\/vdn\/wp-content\/uploads\/sites\/3\/aggersee-im-herbst-np-bergisches-land-volkmar-brockhaus_Beitrag-in-Artikel.png\"><img aria-describedby=\"caption-attachment-7879\" decoding=\"async\" loading=\"lazy\" class=\"size-full wp-image-7879\" src=\"https:\/\/www.naturparkmagazin.de\/vdn\/wp-content\/uploads\/sites\/3\/aggersee-im-herbst-np-bergisches-land-volkmar-brockhaus_Beitrag-in-Artikel.png\" alt=\"Aggertalsperre \u00a9 VDN\/Volkmar Brockhaus\" width=\"500\" height=\"300\" srcset=\"https:\/\/www.naturparkmagazin.de\/vdn\/wp-content\/uploads\/sites\/3\/aggersee-im-herbst-np-bergisches-land-volkmar-brockhaus_Beitrag-in-Artikel.png 500w, https:\/\/www.naturparkmagazin.de\/vdn\/wp-content\/uploads\/sites\/3\/aggersee-im-herbst-np-bergisches-land-volkmar-brockhaus_Beitrag-in-Artikel-300x180.png 300w, https:\/\/www.naturparkmagazin.de\/vdn\/wp-content\/uploads\/sites\/3\/aggersee-im-herbst-np-bergisches-land-volkmar-brockhaus_Beitrag-in-Artikel-200x120.png 200w\" sizes=\"(max-width: 500px) 100vw, 500px\" \/><\/a><p id=\"caption-attachment-7879\" class=\"wp-caption-text\">Aggertalsperre \u00a9 VDN\/Volkmar Brockhaus<\/p><\/div>\n<p>Die hohen Niederschl\u00e4ge im Bergischen Land machte man sich schon fr\u00fch nutzbar. Aufgestaut in Staubecken und Talsperren diente das Wasser dem Antrieb gewerblicher Maschinen. Nach und nach entstanden 16 Wasserspeicher, die schnell bedeutsame Anziehungspunkte f\u00fcr die Erholungssuchenden wurden. Die Trinkwassertalsperren sind f\u00fcr den Wasserfreizeitsport &#8222;tabu&#8220;, dennoch sind sie bevorzugte Bereiche stiller Erholung.<\/p>\n<div id=\"attachment_7902\" style=\"width: 510px\" class=\"wp-caption aligncenter\"><a href=\"https:\/\/www.naturparkmagazin.de\/vdn\/wp-content\/uploads\/sites\/3\/eifgenbachweg-VDNRolf-Hilgers.jpg\"><img aria-describedby=\"caption-attachment-7902\" decoding=\"async\" loading=\"lazy\" class=\"size-full wp-image-7902\" src=\"https:\/\/www.naturparkmagazin.de\/vdn\/wp-content\/uploads\/sites\/3\/eifgenbachweg-VDNRolf-Hilgers.jpg\" alt=\"Eifgenbachweg\u00a9VDN\/Rolf Hilgers\" width=\"500\" height=\"300\" srcset=\"https:\/\/www.naturparkmagazin.de\/vdn\/wp-content\/uploads\/sites\/3\/eifgenbachweg-VDNRolf-Hilgers.jpg 500w, https:\/\/www.naturparkmagazin.de\/vdn\/wp-content\/uploads\/sites\/3\/eifgenbachweg-VDNRolf-Hilgers-300x180.jpg 300w, https:\/\/www.naturparkmagazin.de\/vdn\/wp-content\/uploads\/sites\/3\/eifgenbachweg-VDNRolf-Hilgers-200x120.jpg 200w\" sizes=\"(max-width: 500px) 100vw, 500px\" \/><\/a><p id=\"caption-attachment-7902\" class=\"wp-caption-text\">Eifgenbachweg\u00a9VDN\/Rolf Hilgers<\/p><\/div>\n<p>Das Gesicht der Bergischen Landschaft wird sehr stark von den H\u00e4usern der Bauern und B\u00fcrger gepr\u00e4gt. Vielerorts bilden das Schwarz der Schieferverkleidungen und des Fachwerks, das Wei\u00df der Fenster- und T\u00fcrlaibungen und das Gr\u00fcn der Fensterl\u00e4den einen harmonischen Dreiklang.<\/p>\n<p>Der bedeutendste Kirchenbau des Bergischen Landes ist der Altenberger Dom, eine der gr\u00f6\u00dften gotischen Kostbarkeiten auf deutschem Boden. F\u00fcnf Dorfkirchen im Oberbergischen z\u00e4hlen wegen ihrer bemerkenswerten Ausmalungen im Inneren zu den sogenannten &#8222;Bonten Kerken&#8220;. Schloss Burg an der Wupper, einst Residenz der Bergischen Grafen, beherbergt das Bergische Museum. Schloss Gimborn bei Marienheide ist eine eindrucksvolle, im 13. Jahrhundert als Wasserburg erbaute, in ein Wald Tal eingebettete Anlage.<\/p>\n<p><strong><em>Weitere Informationen:<a href=\"http:\/\/www.naturparkbergischesland.de\" target=\"_blank\"> www.naturparkbergischesland.de<\/a><\/em><\/strong><\/p>\n<p>&nbsp;<\/p>\n","protected":false},"excerpt":{"rendered":"<p>Der Mensch ist schuld. Im Bergischen Land gibt es statt gr\u00fcner, dichter Urw\u00e4lder eine reichhaltige und abwechslungsreiche Kulturlandschaft. Denn hier in der Region ist der Mensch seit Jahrhunderten zu Hause, er pr\u00e4gte die h\u00fcgelige Landschaft. Von zahlreichen Aussichtst\u00fcrmen und &#8211; punkten bietet sich dem Besucher die M\u00f6glichkeit, die &#8222;buckelige Welt&#8220; mit ihren besonders reizvollen Waldgebieten von oben zu betrachten.<\/p>\n","protected":false},"author":51,"featured_media":7878,"comment_status":"open","ping_status":"open","sticky":false,"template":"","format":"standard","meta":{"_links_to":"","_links_to_target":""},"categories":[15],"tags":[508,762,765,763,35,3153,238,764,3155,370,231,422,86,81,754,82,766,767,41,501],"yoast_head":"<!-- This site is optimized with the Yoast SEO plugin v19.10 - https:\/\/yoast.com\/wordpress\/plugins\/seo\/ -->\n<title>\u201eBuckelige\u201c Welt \u2013 Naturpark Bergisches Land<\/title>\n<meta name=\"description\" content=\"Der Mensch ist schuld. Im Bergischen Land gibt es statt gr\u00fcner, dichter Urw\u00e4lder eine reichhaltige und abwechslungsreiche Kulturlandschaft. Denn hier in der Region ist der Mensch seit Jahrhunderten zu Hause, er pr\u00e4gte die h\u00fcgelige Landschaft. Von zahlreichen Aussichtst\u00fcrmen und - punkten bietet sich dem Besucher die M\u00f6glichkeit, die &quot;buckelige Welt&quot; mit ihren besonders reizvollen Waldgebieten von oben zu betrachten.\" \/>\n<meta name=\"robots\" content=\"index, follow, max-snippet:-1, max-image-preview:large, max-video-preview:-1\" \/>\n<link rel=\"canonical\" href=\"https:\/\/www.naturparkmagazin.de\/vdn\/buckelige-welt-naturpark-bergisches-land\/\" \/>\n<meta property=\"og:locale\" content=\"de_DE\" \/>\n<meta property=\"og:type\" content=\"article\" \/>\n<meta property=\"og:title\" content=\"\u201eBuckelige\u201c Welt \u2013 Naturpark Bergisches Land\" \/>\n<meta property=\"og:description\" content=\"Der Mensch ist schuld. Im Bergischen Land gibt es statt gr\u00fcner, dichter Urw\u00e4lder eine reichhaltige und abwechslungsreiche Kulturlandschaft. Denn hier in der Region ist der Mensch seit Jahrhunderten zu Hause, er pr\u00e4gte die h\u00fcgelige Landschaft. Von zahlreichen Aussichtst\u00fcrmen und - punkten bietet sich dem Besucher die M\u00f6glichkeit, die &quot;buckelige Welt&quot; mit ihren besonders reizvollen Waldgebieten von oben zu betrachten.\" \/>\n<meta property=\"og:url\" content=\"https:\/\/www.naturparkmagazin.de\/vdn\/buckelige-welt-naturpark-bergisches-land\/\" \/>\n<meta property=\"og:site_name\" content=\"Verband Deutscher Naturparke\" \/>\n<meta property=\"article:published_time\" content=\"2016-10-16T11:15:36+00:00\" \/>\n<meta property=\"article:modified_time\" content=\"2016-10-27T16:59:34+00:00\" \/>\n<meta property=\"og:image\" content=\"https:\/\/www.naturparkmagazin.de\/vdn\/wp-content\/uploads\/sites\/3\/DSC1046_Beitrag-Vorschau.png\" \/>\n\t<meta property=\"og:image:width\" content=\"200\" \/>\n\t<meta property=\"og:image:height\" content=\"200\" \/>\n\t<meta property=\"og:image:type\" content=\"image\/png\" \/>\n<meta name=\"author\" content=\"beatrixlosem\" \/>\n<meta name=\"twitter:label1\" content=\"Verfasst von\" \/>\n\t<meta name=\"twitter:data1\" content=\"beatrixlosem\" \/>\n\t<meta name=\"twitter:label2\" content=\"Gesch\u00e4tzte Lesezeit\" \/>\n\t<meta name=\"twitter:data2\" content=\"2\u00a0Minuten\" \/>\n<script type=\"application\/ld+json\" class=\"yoast-schema-graph\">{\"@context\":\"https:\/\/schema.org\",\"@graph\":[{\"@type\":\"WebPage\",\"@id\":\"https:\/\/www.naturparkmagazin.de\/vdn\/buckelige-welt-naturpark-bergisches-land\/\",\"url\":\"https:\/\/www.naturparkmagazin.de\/vdn\/buckelige-welt-naturpark-bergisches-land\/\",\"name\":\"\u201eBuckelige\u201c Welt \u2013 Naturpark Bergisches Land\",\"isPartOf\":{\"@id\":\"https:\/\/www.naturparkmagazin.de\/vdn\/#website\"},\"datePublished\":\"2016-10-16T11:15:36+00:00\",\"dateModified\":\"2016-10-27T16:59:34+00:00\",\"author\":{\"@id\":\"https:\/\/www.naturparkmagazin.de\/vdn\/#\/schema\/person\/d71357578c318b6db03be60b1f60396b\"},\"description\":\"Der Mensch ist schuld. Im Bergischen Land gibt es statt gr\u00fcner, dichter Urw\u00e4lder eine reichhaltige und abwechslungsreiche Kulturlandschaft. Denn hier in der Region ist der Mensch seit Jahrhunderten zu Hause, er pr\u00e4gte die h\u00fcgelige Landschaft. Von zahlreichen Aussichtst\u00fcrmen und - punkten bietet sich dem Besucher die M\u00f6glichkeit, die \\\"buckelige Welt\\\" mit ihren besonders reizvollen Waldgebieten von oben zu betrachten.\",\"breadcrumb\":{\"@id\":\"https:\/\/www.naturparkmagazin.de\/vdn\/buckelige-welt-naturpark-bergisches-land\/#breadcrumb\"},\"inLanguage\":\"de\",\"potentialAction\":[{\"@type\":\"ReadAction\",\"target\":[\"https:\/\/www.naturparkmagazin.de\/vdn\/buckelige-welt-naturpark-bergisches-land\/\"]}]},{\"@type\":\"BreadcrumbList\",\"@id\":\"https:\/\/www.naturparkmagazin.de\/vdn\/buckelige-welt-naturpark-bergisches-land\/#breadcrumb\",\"itemListElement\":[{\"@type\":\"ListItem\",\"position\":1,\"name\":\"Home\",\"item\":\"https:\/\/www.naturparkmagazin.de\/vdn\/\"},{\"@type\":\"ListItem\",\"position\":2,\"name\":\"\u201eBuckelige\u201c Welt \u2013 Naturpark Bergisches Land\"}]},{\"@type\":\"WebSite\",\"@id\":\"https:\/\/www.naturparkmagazin.de\/vdn\/#website\",\"url\":\"https:\/\/www.naturparkmagazin.de\/vdn\/\",\"name\":\"Verband Deutscher Naturparke\",\"description\":\"Eine weitere Naturparkmagazin.de Netzwerk Seite\",\"potentialAction\":[{\"@type\":\"SearchAction\",\"target\":{\"@type\":\"EntryPoint\",\"urlTemplate\":\"https:\/\/www.naturparkmagazin.de\/vdn\/?s={search_term_string}\"},\"query-input\":\"required name=search_term_string\"}],\"inLanguage\":\"de\"},{\"@type\":\"Person\",\"@id\":\"https:\/\/www.naturparkmagazin.de\/vdn\/#\/schema\/person\/d71357578c318b6db03be60b1f60396b\",\"name\":\"beatrixlosem\",\"url\":\"https:\/\/www.naturparkmagazin.de\/vdn\/author\/beatrixlosem\/\"}]}<\/script>\n<!-- \/ Yoast SEO plugin. -->","yoast_head_json":{"title":"\u201eBuckelige\u201c Welt \u2013 Naturpark Bergisches Land","description":"Der Mensch ist schuld. Im Bergischen Land gibt es statt gr\u00fcner, dichter Urw\u00e4lder eine reichhaltige und abwechslungsreiche Kulturlandschaft. Denn hier in der Region ist der Mensch seit Jahrhunderten zu Hause, er pr\u00e4gte die h\u00fcgelige Landschaft. Von zahlreichen Aussichtst\u00fcrmen und - punkten bietet sich dem Besucher die M\u00f6glichkeit, die \"buckelige Welt\" mit ihren besonders reizvollen Waldgebieten von oben zu betrachten.","robots":{"index":"index","follow":"follow","max-snippet":"max-snippet:-1","max-image-preview":"max-image-preview:large","max-video-preview":"max-video-preview:-1"},"canonical":"https:\/\/www.naturparkmagazin.de\/vdn\/buckelige-welt-naturpark-bergisches-land\/","og_locale":"de_DE","og_type":"article","og_title":"\u201eBuckelige\u201c Welt \u2013 Naturpark Bergisches Land","og_description":"Der Mensch ist schuld. Im Bergischen Land gibt es statt gr\u00fcner, dichter Urw\u00e4lder eine reichhaltige und abwechslungsreiche Kulturlandschaft. Denn hier in der Region ist der Mensch seit Jahrhunderten zu Hause, er pr\u00e4gte die h\u00fcgelige Landschaft. Von zahlreichen Aussichtst\u00fcrmen und - punkten bietet sich dem Besucher die M\u00f6glichkeit, die \"buckelige Welt\" mit ihren besonders reizvollen Waldgebieten von oben zu betrachten.","og_url":"https:\/\/www.naturparkmagazin.de\/vdn\/buckelige-welt-naturpark-bergisches-land\/","og_site_name":"Verband Deutscher Naturparke","article_published_time":"2016-10-16T11:15:36+00:00","article_modified_time":"2016-10-27T16:59:34+00:00","og_image":[{"width":200,"height":200,"url":"https:\/\/www.naturparkmagazin.de\/vdn\/wp-content\/uploads\/sites\/3\/DSC1046_Beitrag-Vorschau.png","type":"image\/png"}],"author":"beatrixlosem","twitter_misc":{"Verfasst von":"beatrixlosem","Gesch\u00e4tzte Lesezeit":"2\u00a0Minuten"},"schema":{"@context":"https:\/\/schema.org","@graph":[{"@type":"WebPage","@id":"https:\/\/www.naturparkmagazin.de\/vdn\/buckelige-welt-naturpark-bergisches-land\/","url":"https:\/\/www.naturparkmagazin.de\/vdn\/buckelige-welt-naturpark-bergisches-land\/","name":"\u201eBuckelige\u201c Welt \u2013 Naturpark Bergisches Land","isPartOf":{"@id":"https:\/\/www.naturparkmagazin.de\/vdn\/#website"},"datePublished":"2016-10-16T11:15:36+00:00","dateModified":"2016-10-27T16:59:34+00:00","author":{"@id":"https:\/\/www.naturparkmagazin.de\/vdn\/#\/schema\/person\/d71357578c318b6db03be60b1f60396b"},"description":"Der Mensch ist schuld. Im Bergischen Land gibt es statt gr\u00fcner, dichter Urw\u00e4lder eine reichhaltige und abwechslungsreiche Kulturlandschaft. Denn hier in der Region ist der Mensch seit Jahrhunderten zu Hause, er pr\u00e4gte die h\u00fcgelige Landschaft. Von zahlreichen Aussichtst\u00fcrmen und - punkten bietet sich dem Besucher die M\u00f6glichkeit, die \"buckelige Welt\" mit ihren besonders reizvollen Waldgebieten von oben zu betrachten.","breadcrumb":{"@id":"https:\/\/www.naturparkmagazin.de\/vdn\/buckelige-welt-naturpark-bergisches-land\/#breadcrumb"},"inLanguage":"de","potentialAction":[{"@type":"ReadAction","target":["https:\/\/www.naturparkmagazin.de\/vdn\/buckelige-welt-naturpark-bergisches-land\/"]}]},{"@type":"BreadcrumbList","@id":"https:\/\/www.naturparkmagazin.de\/vdn\/buckelige-welt-naturpark-bergisches-land\/#breadcrumb","itemListElement":[{"@type":"ListItem","position":1,"name":"Home","item":"https:\/\/www.naturparkmagazin.de\/vdn\/"},{"@type":"ListItem","position":2,"name":"\u201eBuckelige\u201c Welt \u2013 Naturpark Bergisches Land"}]},{"@type":"WebSite","@id":"https:\/\/www.naturparkmagazin.de\/vdn\/#website","url":"https:\/\/www.naturparkmagazin.de\/vdn\/","name":"Verband Deutscher Naturparke","description":"Eine weitere Naturparkmagazin.de Netzwerk Seite","potentialAction":[{"@type":"SearchAction","target":{"@type":"EntryPoint","urlTemplate":"https:\/\/www.naturparkmagazin.de\/vdn\/?s={search_term_string}"},"query-input":"required name=search_term_string"}],"inLanguage":"de"},{"@type":"Person","@id":"https:\/\/www.naturparkmagazin.de\/vdn\/#\/schema\/person\/d71357578c318b6db03be60b1f60396b","name":"beatrixlosem","url":"https:\/\/www.naturparkmagazin.de\/vdn\/author\/beatrixlosem\/"}]}},"_links":{"self":[{"href":"https:\/\/www.naturparkmagazin.de\/vdn\/wp-json\/wp\/v2\/posts\/7834"}],"collection":[{"href":"https:\/\/www.naturparkmagazin.de\/vdn\/wp-json\/wp\/v2\/posts"}],"about":[{"href":"https:\/\/www.naturparkmagazin.de\/vdn\/wp-json\/wp\/v2\/types\/post"}],"author":[{"embeddable":true,"href":"https:\/\/www.naturparkmagazin.de\/vdn\/wp-json\/wp\/v2\/users\/51"}],"replies":[{"embeddable":true,"href":"https:\/\/www.naturparkmagazin.de\/vdn\/wp-json\/wp\/v2\/comments?post=7834"}],"version-history":[{"count":7,"href":"https:\/\/www.naturparkmagazin.de\/vdn\/wp-json\/wp\/v2\/posts\/7834\/revisions"}],"predecessor-version":[{"id":7880,"href":"https:\/\/www.naturparkmagazin.de\/vdn\/wp-json\/wp\/v2\/posts\/7834\/revisions\/7880"}],"wp:featuredmedia":[{"embeddable":true,"href":"https:\/\/www.naturparkmagazin.de\/vdn\/wp-json\/wp\/v2\/media\/7878"}],"wp:attachment":[{"href":"https:\/\/www.naturparkmagazin.de\/vdn\/wp-json\/wp\/v2\/media?parent=7834"}],"wp:term":[{"taxonomy":"category","embeddable":true,"href":"https:\/\/www.naturparkmagazin.de\/vdn\/wp-json\/wp\/v2\/categories?post=7834"},{"taxonomy":"post_tag","embeddable":true,"href":"https:\/\/www.naturparkmagazin.de\/vdn\/wp-json\/wp\/v2\/tags?post=7834"}],"curies":[{"name":"wp","href":"https:\/\/api.w.org\/{rel}","templated":true}]}}