{"id":7853,"date":"2016-10-16T11:51:51","date_gmt":"2016-10-16T09:51:51","guid":{"rendered":"http:\/\/www.naturparkmagazin.de\/vdn\/?p=7853"},"modified":"2016-10-17T20:27:37","modified_gmt":"2016-10-17T18:27:37","slug":"naturpark-botschafter-engagement-fuer-die-region","status":"publish","type":"post","link":"https:\/\/www.naturparkmagazin.de\/vdn\/naturpark-botschafter-engagement-fuer-die-region\/","title":{"rendered":"Naturpark-Botschafter \u2013  Engagement f\u00fcr die Region"},"content":{"rendered":"<div id=\"attachment_7892\" style=\"width: 510px\" class=\"wp-caption aligncenter\"><a href=\"https:\/\/www.naturparkmagazin.de\/vdn\/wp-content\/uploads\/sites\/3\/Botschafter.jpg\"><img aria-describedby=\"caption-attachment-7892\" decoding=\"async\" loading=\"lazy\" class=\"size-full wp-image-7892\" src=\"https:\/\/www.naturparkmagazin.de\/vdn\/wp-content\/uploads\/sites\/3\/Botschafter.jpg\" alt=\"Naturpark-Botschafter\u00a9VDN\" width=\"500\" height=\"300\" srcset=\"https:\/\/www.naturparkmagazin.de\/vdn\/wp-content\/uploads\/sites\/3\/Botschafter.jpg 500w, https:\/\/www.naturparkmagazin.de\/vdn\/wp-content\/uploads\/sites\/3\/Botschafter-300x180.jpg 300w, https:\/\/www.naturparkmagazin.de\/vdn\/wp-content\/uploads\/sites\/3\/Botschafter-200x120.jpg 200w\" sizes=\"(max-width: 500px) 100vw, 500px\" \/><\/a><p id=\"caption-attachment-7892\" class=\"wp-caption-text\">Naturpark-Botschafter\u00a9VDN<\/p><\/div>\n<p>Die Schar der Naturpark-Botschafter ist bunt: Sie reicht vom Schlagers\u00e4nger Michael Heck f\u00fcr den Naturpark Lahn-Dill-Bergland \u00fcber den Filmemacher J\u00fcrgen Eichinger f\u00fcr den Naturpark Bayerischer Wald bis hin zur Dressurreiterin Kristina Br\u00f6ring-Sprehe f\u00fcr den Naturpark D\u00fcmmer. Aus ganz Deutschland haben sich Pers\u00f6nlichkeiten aus Politik und Gesellschaft, Kultur, Sport, Tourismus sowie Natur- und Landschaftsschutz mit ihrem Engagement f\u00fcr die Region unter dem Dach der Naturpark-Botschafter zusammen gefunden.<\/p>\n<div id=\"attachment_7893\" style=\"width: 310px\" class=\"wp-caption aligncenter\"><a href=\"https:\/\/www.naturparkmagazin.de\/vdn\/wp-content\/uploads\/sites\/3\/Heino-mit-Gitarre.jpg\"><img aria-describedby=\"caption-attachment-7893\" decoding=\"async\" loading=\"lazy\" class=\"size-full wp-image-7893\" src=\"https:\/\/www.naturparkmagazin.de\/vdn\/wp-content\/uploads\/sites\/3\/Heino-mit-Gitarre.jpg\" alt=\"Heino\u00a9privat\" width=\"300\" height=\"500\" srcset=\"https:\/\/www.naturparkmagazin.de\/vdn\/wp-content\/uploads\/sites\/3\/Heino-mit-Gitarre.jpg 300w, https:\/\/www.naturparkmagazin.de\/vdn\/wp-content\/uploads\/sites\/3\/Heino-mit-Gitarre-200x333.jpg 200w\" sizes=\"(max-width: 300px) 100vw, 300px\" \/><\/a><p id=\"caption-attachment-7893\" class=\"wp-caption-text\">Heino\u00a9privat<\/p><\/div>\n<p>In der Aktion \u201eMein Naturpark!\u201c geben sie den Regionen ein Gesicht, werben f\u00fcr die Einzigartigkeit \u201eihres\u201c Naturparks und bringen zum Ausdruck, warum sie ihren Naturpark unterst\u00fctzen. Das tut jeder der derzeit \u00fcber 160 Naturpark-Botschafter auf seine Weise. &#8222;Ich mag den Naturpark Spessart, weil der Dax dort noch vier Beine hat&#8220;, beschreibt Anja Kohl, B\u00f6rsenexpertin der ARD ihr Engagement als Botschafterin f\u00fcr den Naturpark Spessart, im Rahmen dessen sie bei vielen Veranstaltungen des Naturparks die Moderation \u00fcbernimmt.<\/p>\n<p>F\u00fcr Rainer Bonhof, Vize-Pr\u00e4sident von Borussia M\u00f6nchengladbach, ist es ein besonderes Anliegen, das Projekt \u201eWasser.Wander.Welt\u201c des Naturparks Schwalm-Nette zu unterst\u00fctzen: \u201eDa wir am Niederrhein keine Berge haben,\u201c so Bonhof, \u201e ist Wasser unser herausragendes Element. Auf die Sch\u00f6nheiten unserer Flusslandschaften und Seen sollten wir die Menschen besonders hinweisen\u201c.<\/p>\n<div id=\"attachment_7628\" style=\"width: 510px\" class=\"wp-caption aligncenter\"><a href=\"https:\/\/www.naturparkmagazin.de\/vdn\/wp-content\/uploads\/sites\/3\/Rainer_Bonhof.jpg\"><img aria-describedby=\"caption-attachment-7628\" decoding=\"async\" loading=\"lazy\" class=\"size-full wp-image-7628\" src=\"https:\/\/www.naturparkmagazin.de\/vdn\/wp-content\/uploads\/sites\/3\/Rainer_Bonhof.jpg\" alt=\"Copyright: Naturpark Schwalm-Nette\" width=\"500\" height=\"300\" srcset=\"https:\/\/www.naturparkmagazin.de\/vdn\/wp-content\/uploads\/sites\/3\/Rainer_Bonhof.jpg 500w, https:\/\/www.naturparkmagazin.de\/vdn\/wp-content\/uploads\/sites\/3\/Rainer_Bonhof-300x180.jpg 300w, https:\/\/www.naturparkmagazin.de\/vdn\/wp-content\/uploads\/sites\/3\/Rainer_Bonhof-200x120.jpg 200w\" sizes=\"(max-width: 500px) 100vw, 500px\" \/><\/a><p id=\"caption-attachment-7628\" class=\"wp-caption-text\">Copyright: Naturpark Schwalm-Nette<\/p><\/div>\n<p>\u201eKuckucksuhr und Hightech, das passt im Naturpark Schwarzwald Mitte\/Nord gut zusammen\u201c, meint Matthias Schott, Marketing-Leiter der Duravit AG. Er will als Botschafter mit seiner Firma Traditionen, Werte und Urspr\u00fcnglichkeit der Region bewahren und sie mit Innovation verbinden.<\/p>\n<p>Linda Stahl, Europameisterin im Speerwurf und NRW-Sportlerin des Jahres 2010, hat im Naturpark Teutoburger Wald \/Eggegebirge ihre Wurzeln und nutzt ihre Bekanntheit, um besonders dem Landschaftsgro\u00dfprojekt \u201eTeutoburger Wald und Senne\u201c eine \u00d6ffentlichkeit zu schaffen. F\u00fcr das erste K\u00e4lbchen der Herde Schottischer Hochlandrinder in der Wistinghauser Senne hat sie eine Patenschaft \u00fcbernommen: \u201eAls ich die ersten Bilder von dem K\u00e4lbchen und den Rindern gesehen habe, war ich ganz bezaubert von diesen Tieren. Und als ich vom Naturpark gefragt wurde, ob ich eine Patenschaft \u00fcbernehmen w\u00fcrde, habe ich spontan zugesagt\u201c.<\/p>\n<div id=\"attachment_7896\" style=\"width: 310px\" class=\"wp-caption aligncenter\"><a href=\"https:\/\/www.naturparkmagazin.de\/vdn\/wp-content\/uploads\/sites\/3\/Linda_Stahl_.jpg\"><img aria-describedby=\"caption-attachment-7896\" decoding=\"async\" loading=\"lazy\" class=\"size-full wp-image-7896\" src=\"https:\/\/www.naturparkmagazin.de\/vdn\/wp-content\/uploads\/sites\/3\/Linda_Stahl_.jpg\" alt=\"Linda Stahl @ privat\" width=\"300\" height=\"500\" srcset=\"https:\/\/www.naturparkmagazin.de\/vdn\/wp-content\/uploads\/sites\/3\/Linda_Stahl_.jpg 300w, https:\/\/www.naturparkmagazin.de\/vdn\/wp-content\/uploads\/sites\/3\/Linda_Stahl_-200x333.jpg 200w\" sizes=\"(max-width: 300px) 100vw, 300px\" \/><\/a><p id=\"caption-attachment-7896\" class=\"wp-caption-text\">Linda Stahl @ privat<\/p><\/div>\n<p>&nbsp;<\/p>\n<p>F\u00fcr die gute Idee und Umsetzung ist die Aktion &#8222;Mein Naturpark!&#8220; im Wettbewerb &#8222;365 Orte im Land der Ideen&#8220; als &#8222;Ausgew\u00e4hlter Ort 2012&#8220; ausgezeichnet worden. Der Wettbewerb wird seit 2006 von der Standortinitiative &#8222;Deutschland &#8211; Land der Ideen&#8220; gemeinsam mit der Deutschen Bank realisiert.<\/p>\n<div id=\"attachment_7910\" style=\"width: 510px\" class=\"wp-caption aligncenter\"><a href=\"https:\/\/www.naturparkmagazin.de\/vdn\/wp-content\/uploads\/sites\/3\/gruppe_beitrag.jpg\"><img aria-describedby=\"caption-attachment-7910\" decoding=\"async\" loading=\"lazy\" class=\"wp-image-7910 size-full\" src=\"https:\/\/www.naturparkmagazin.de\/vdn\/wp-content\/uploads\/sites\/3\/gruppe_beitrag.jpg\" alt=\"VDN erh\u00e4lt die Auszeichnung &quot;Ausgew\u00e4hlter Ort 2012&quot; - Copyright: VDN\" width=\"500\" height=\"300\" srcset=\"https:\/\/www.naturparkmagazin.de\/vdn\/wp-content\/uploads\/sites\/3\/gruppe_beitrag.jpg 500w, https:\/\/www.naturparkmagazin.de\/vdn\/wp-content\/uploads\/sites\/3\/gruppe_beitrag-300x180.jpg 300w, https:\/\/www.naturparkmagazin.de\/vdn\/wp-content\/uploads\/sites\/3\/gruppe_beitrag-200x120.jpg 200w\" sizes=\"(max-width: 500px) 100vw, 500px\" \/><\/a><p id=\"caption-attachment-7910\" class=\"wp-caption-text\">VDN erh\u00e4lt die Auszeichnung &#8222;Ausgew\u00e4hlter Ort 2012&#8220; &#8211; Copyright: VDN<\/p><\/div>\n<p>Schauen Sie doch einfach mal nach, wer Naturpark-Botschafter in Ihrem Naturpark ist und besuchen Sie einen seiner Lieblingsorte.<\/p>\n<p>Hier erfahren Sie mehr \u00fcber die <a href=\"http:\/\/www.naturparke.de\/mynatureparks\/campaign\">Naturpark-Botschafter<\/a><\/p>\n<p>Hier k\u00f6nnen Sie <a href=\"http:\/\/www.naturparke.de\/mynatureparks\/ambassador\">Botschafter Ihres Naturparks <\/a>finden<\/p>\n<p>&nbsp;<\/p>\n","protected":false},"excerpt":{"rendered":"<p>Die Schar der Naturpark-Botschafter ist bunt. Aus ganz Deutschland haben sich Pers\u00f6nlichkeiten aus verschiedensten Bereichen mit ihrem Engagement f\u00fcr die Region zusammen gefunden.<\/p>\n","protected":false},"author":51,"featured_media":7911,"comment_status":"open","ping_status":"open","sticky":false,"template":"","format":"standard","meta":{"_links_to":"","_links_to_target":""},"categories":[51],"tags":[508,758,756,759,761,757,3155,760,81,479,41,501],"yoast_head":"<!-- This site is optimized with the Yoast SEO plugin v19.10 - https:\/\/yoast.com\/wordpress\/plugins\/seo\/ -->\n<title>Naturpark-Botschafter \u2013 Engagement f\u00fcr die Region<\/title>\n<meta name=\"description\" content=\"Die Schar der Naturpark-Botschafter ist bunt. Aus ganz Deutschland haben sich Pers\u00f6nlichkeiten aus verschiedensten Bereichen mit ihrem Engagement f\u00fcr die Region zusammen gefunden.\" \/>\n<meta name=\"robots\" content=\"index, follow, max-snippet:-1, max-image-preview:large, max-video-preview:-1\" \/>\n<link rel=\"canonical\" href=\"https:\/\/www.naturparkmagazin.de\/vdn\/naturpark-botschafter-engagement-fuer-die-region\/\" \/>\n<meta property=\"og:locale\" content=\"de_DE\" \/>\n<meta property=\"og:type\" content=\"article\" \/>\n<meta property=\"og:title\" content=\"Naturpark-Botschafter \u2013 Engagement f\u00fcr die Region\" \/>\n<meta property=\"og:description\" content=\"Die Schar der Naturpark-Botschafter ist bunt. Aus ganz Deutschland haben sich Pers\u00f6nlichkeiten aus verschiedensten Bereichen mit ihrem Engagement f\u00fcr die Region zusammen gefunden.\" \/>\n<meta property=\"og:url\" content=\"https:\/\/www.naturparkmagazin.de\/vdn\/naturpark-botschafter-engagement-fuer-die-region\/\" \/>\n<meta property=\"og:site_name\" content=\"Verband Deutscher Naturparke\" \/>\n<meta property=\"article:published_time\" content=\"2016-10-16T09:51:51+00:00\" \/>\n<meta property=\"article:modified_time\" content=\"2016-10-17T18:27:37+00:00\" \/>\n<meta property=\"og:image\" content=\"https:\/\/www.naturparkmagazin.de\/vdn\/wp-content\/uploads\/sites\/3\/Botschafter_beitragsbild.jpg\" \/>\n\t<meta property=\"og:image:width\" content=\"200\" \/>\n\t<meta property=\"og:image:height\" content=\"200\" \/>\n\t<meta property=\"og:image:type\" content=\"image\/jpeg\" \/>\n<meta name=\"author\" content=\"beatrixlosem\" \/>\n<meta name=\"twitter:label1\" content=\"Verfasst von\" \/>\n\t<meta name=\"twitter:data1\" content=\"beatrixlosem\" \/>\n\t<meta name=\"twitter:label2\" content=\"Gesch\u00e4tzte Lesezeit\" \/>\n\t<meta name=\"twitter:data2\" content=\"2\u00a0Minuten\" \/>\n<script type=\"application\/ld+json\" class=\"yoast-schema-graph\">{\"@context\":\"https:\/\/schema.org\",\"@graph\":[{\"@type\":\"WebPage\",\"@id\":\"https:\/\/www.naturparkmagazin.de\/vdn\/naturpark-botschafter-engagement-fuer-die-region\/\",\"url\":\"https:\/\/www.naturparkmagazin.de\/vdn\/naturpark-botschafter-engagement-fuer-die-region\/\",\"name\":\"Naturpark-Botschafter \u2013 Engagement f\u00fcr die Region\",\"isPartOf\":{\"@id\":\"https:\/\/www.naturparkmagazin.de\/vdn\/#website\"},\"datePublished\":\"2016-10-16T09:51:51+00:00\",\"dateModified\":\"2016-10-17T18:27:37+00:00\",\"author\":{\"@id\":\"https:\/\/www.naturparkmagazin.de\/vdn\/#\/schema\/person\/d71357578c318b6db03be60b1f60396b\"},\"description\":\"Die Schar der Naturpark-Botschafter ist bunt. Aus ganz Deutschland haben sich Pers\u00f6nlichkeiten aus verschiedensten Bereichen mit ihrem Engagement f\u00fcr die Region zusammen gefunden.\",\"breadcrumb\":{\"@id\":\"https:\/\/www.naturparkmagazin.de\/vdn\/naturpark-botschafter-engagement-fuer-die-region\/#breadcrumb\"},\"inLanguage\":\"de\",\"potentialAction\":[{\"@type\":\"ReadAction\",\"target\":[\"https:\/\/www.naturparkmagazin.de\/vdn\/naturpark-botschafter-engagement-fuer-die-region\/\"]}]},{\"@type\":\"BreadcrumbList\",\"@id\":\"https:\/\/www.naturparkmagazin.de\/vdn\/naturpark-botschafter-engagement-fuer-die-region\/#breadcrumb\",\"itemListElement\":[{\"@type\":\"ListItem\",\"position\":1,\"name\":\"Home\",\"item\":\"https:\/\/www.naturparkmagazin.de\/vdn\/\"},{\"@type\":\"ListItem\",\"position\":2,\"name\":\"Naturpark-Botschafter \u2013 Engagement f\u00fcr die Region\"}]},{\"@type\":\"WebSite\",\"@id\":\"https:\/\/www.naturparkmagazin.de\/vdn\/#website\",\"url\":\"https:\/\/www.naturparkmagazin.de\/vdn\/\",\"name\":\"Verband Deutscher Naturparke\",\"description\":\"Eine weitere Naturparkmagazin.de Netzwerk Seite\",\"potentialAction\":[{\"@type\":\"SearchAction\",\"target\":{\"@type\":\"EntryPoint\",\"urlTemplate\":\"https:\/\/www.naturparkmagazin.de\/vdn\/?s={search_term_string}\"},\"query-input\":\"required name=search_term_string\"}],\"inLanguage\":\"de\"},{\"@type\":\"Person\",\"@id\":\"https:\/\/www.naturparkmagazin.de\/vdn\/#\/schema\/person\/d71357578c318b6db03be60b1f60396b\",\"name\":\"beatrixlosem\",\"url\":\"https:\/\/www.naturparkmagazin.de\/vdn\/author\/beatrixlosem\/\"}]}<\/script>\n<!-- \/ Yoast SEO plugin. -->","yoast_head_json":{"title":"Naturpark-Botschafter \u2013 Engagement f\u00fcr die Region","description":"Die Schar der Naturpark-Botschafter ist bunt. Aus ganz Deutschland haben sich Pers\u00f6nlichkeiten aus verschiedensten Bereichen mit ihrem Engagement f\u00fcr die Region zusammen gefunden.","robots":{"index":"index","follow":"follow","max-snippet":"max-snippet:-1","max-image-preview":"max-image-preview:large","max-video-preview":"max-video-preview:-1"},"canonical":"https:\/\/www.naturparkmagazin.de\/vdn\/naturpark-botschafter-engagement-fuer-die-region\/","og_locale":"de_DE","og_type":"article","og_title":"Naturpark-Botschafter \u2013 Engagement f\u00fcr die Region","og_description":"Die Schar der Naturpark-Botschafter ist bunt. Aus ganz Deutschland haben sich Pers\u00f6nlichkeiten aus verschiedensten Bereichen mit ihrem Engagement f\u00fcr die Region zusammen gefunden.","og_url":"https:\/\/www.naturparkmagazin.de\/vdn\/naturpark-botschafter-engagement-fuer-die-region\/","og_site_name":"Verband Deutscher Naturparke","article_published_time":"2016-10-16T09:51:51+00:00","article_modified_time":"2016-10-17T18:27:37+00:00","og_image":[{"width":200,"height":200,"url":"https:\/\/www.naturparkmagazin.de\/vdn\/wp-content\/uploads\/sites\/3\/Botschafter_beitragsbild.jpg","type":"image\/jpeg"}],"author":"beatrixlosem","twitter_misc":{"Verfasst von":"beatrixlosem","Gesch\u00e4tzte Lesezeit":"2\u00a0Minuten"},"schema":{"@context":"https:\/\/schema.org","@graph":[{"@type":"WebPage","@id":"https:\/\/www.naturparkmagazin.de\/vdn\/naturpark-botschafter-engagement-fuer-die-region\/","url":"https:\/\/www.naturparkmagazin.de\/vdn\/naturpark-botschafter-engagement-fuer-die-region\/","name":"Naturpark-Botschafter \u2013 Engagement f\u00fcr die Region","isPartOf":{"@id":"https:\/\/www.naturparkmagazin.de\/vdn\/#website"},"datePublished":"2016-10-16T09:51:51+00:00","dateModified":"2016-10-17T18:27:37+00:00","author":{"@id":"https:\/\/www.naturparkmagazin.de\/vdn\/#\/schema\/person\/d71357578c318b6db03be60b1f60396b"},"description":"Die Schar der Naturpark-Botschafter ist bunt. Aus ganz Deutschland haben sich Pers\u00f6nlichkeiten aus verschiedensten Bereichen mit ihrem Engagement f\u00fcr die Region zusammen gefunden.","breadcrumb":{"@id":"https:\/\/www.naturparkmagazin.de\/vdn\/naturpark-botschafter-engagement-fuer-die-region\/#breadcrumb"},"inLanguage":"de","potentialAction":[{"@type":"ReadAction","target":["https:\/\/www.naturparkmagazin.de\/vdn\/naturpark-botschafter-engagement-fuer-die-region\/"]}]},{"@type":"BreadcrumbList","@id":"https:\/\/www.naturparkmagazin.de\/vdn\/naturpark-botschafter-engagement-fuer-die-region\/#breadcrumb","itemListElement":[{"@type":"ListItem","position":1,"name":"Home","item":"https:\/\/www.naturparkmagazin.de\/vdn\/"},{"@type":"ListItem","position":2,"name":"Naturpark-Botschafter \u2013 Engagement f\u00fcr die Region"}]},{"@type":"WebSite","@id":"https:\/\/www.naturparkmagazin.de\/vdn\/#website","url":"https:\/\/www.naturparkmagazin.de\/vdn\/","name":"Verband Deutscher Naturparke","description":"Eine weitere Naturparkmagazin.de Netzwerk Seite","potentialAction":[{"@type":"SearchAction","target":{"@type":"EntryPoint","urlTemplate":"https:\/\/www.naturparkmagazin.de\/vdn\/?s={search_term_string}"},"query-input":"required name=search_term_string"}],"inLanguage":"de"},{"@type":"Person","@id":"https:\/\/www.naturparkmagazin.de\/vdn\/#\/schema\/person\/d71357578c318b6db03be60b1f60396b","name":"beatrixlosem","url":"https:\/\/www.naturparkmagazin.de\/vdn\/author\/beatrixlosem\/"}]}},"_links":{"self":[{"href":"https:\/\/www.naturparkmagazin.de\/vdn\/wp-json\/wp\/v2\/posts\/7853"}],"collection":[{"href":"https:\/\/www.naturparkmagazin.de\/vdn\/wp-json\/wp\/v2\/posts"}],"about":[{"href":"https:\/\/www.naturparkmagazin.de\/vdn\/wp-json\/wp\/v2\/types\/post"}],"author":[{"embeddable":true,"href":"https:\/\/www.naturparkmagazin.de\/vdn\/wp-json\/wp\/v2\/users\/51"}],"replies":[{"embeddable":true,"href":"https:\/\/www.naturparkmagazin.de\/vdn\/wp-json\/wp\/v2\/comments?post=7853"}],"version-history":[{"count":4,"href":"https:\/\/www.naturparkmagazin.de\/vdn\/wp-json\/wp\/v2\/posts\/7853\/revisions"}],"predecessor-version":[{"id":7891,"href":"https:\/\/www.naturparkmagazin.de\/vdn\/wp-json\/wp\/v2\/posts\/7853\/revisions\/7891"}],"wp:featuredmedia":[{"embeddable":true,"href":"https:\/\/www.naturparkmagazin.de\/vdn\/wp-json\/wp\/v2\/media\/7911"}],"wp:attachment":[{"href":"https:\/\/www.naturparkmagazin.de\/vdn\/wp-json\/wp\/v2\/media?parent=7853"}],"wp:term":[{"taxonomy":"category","embeddable":true,"href":"https:\/\/www.naturparkmagazin.de\/vdn\/wp-json\/wp\/v2\/categories?post=7853"},{"taxonomy":"post_tag","embeddable":true,"href":"https:\/\/www.naturparkmagazin.de\/vdn\/wp-json\/wp\/v2\/tags?post=7853"}],"curies":[{"name":"wp","href":"https:\/\/api.w.org\/{rel}","templated":true}]}}