{"id":7857,"date":"2016-10-16T12:10:22","date_gmt":"2016-10-16T10:10:22","guid":{"rendered":"http:\/\/www.naturparkmagazin.de\/vdn\/?p=7857"},"modified":"2016-10-27T12:13:35","modified_gmt":"2016-10-27T10:13:35","slug":"nachlese-deutscher-naturschutztag-2016","status":"publish","type":"post","link":"https:\/\/www.naturparkmagazin.de\/vdn\/nachlese-deutscher-naturschutztag-2016\/","title":{"rendered":"&#8222;Nachlese&#8220; \u2013 Deutscher Naturschutztag 2016"},"content":{"rendered":"<div id=\"attachment_7914\" style=\"width: 510px\" class=\"wp-caption aligncenter\"><a href=\"https:\/\/www.naturparkmagazin.de\/vdn\/wp-content\/uploads\/sites\/3\/DNT.jpg\"><img aria-describedby=\"caption-attachment-7914\" decoding=\"async\" loading=\"lazy\" class=\"size-full wp-image-7914\" src=\"https:\/\/www.naturparkmagazin.de\/vdn\/wp-content\/uploads\/sites\/3\/DNT.jpg\" alt=\"Deutscher Naturschutztag\u00a9 VDN\" width=\"500\" height=\"300\" srcset=\"https:\/\/www.naturparkmagazin.de\/vdn\/wp-content\/uploads\/sites\/3\/DNT.jpg 500w, https:\/\/www.naturparkmagazin.de\/vdn\/wp-content\/uploads\/sites\/3\/DNT-300x180.jpg 300w, https:\/\/www.naturparkmagazin.de\/vdn\/wp-content\/uploads\/sites\/3\/DNT-200x120.jpg 200w\" sizes=\"(max-width: 500px) 100vw, 500px\" \/><\/a><p id=\"caption-attachment-7914\" class=\"wp-caption-text\">Deutscher Naturschutztag\u00a9 VDN<\/p><\/div>\n<p>Auf dem Deutschen Naturschutztag (DNT), der Mitte September in Magdeburg stattgefunden hat, gab es einen eigenen Themenblock zu Naturparken mit dem Thema \u201eNaturparke \u2013 Chance f\u00fcr den Naturschutz\u201c bei denen verschiedene Referenten u.a. zu den Themen Naturschutz, qualitative Weiterentwicklung der Naturparke, Umweltbildung und Akzeptanzanalysen berichtet haben<\/p>\n<p>Im Rahmen eines halbt\u00e4gigen Veranstaltungsmoduls mit dem Titel \u201eNaturparke Chance f\u00fcr den Naturschutz&#8220; wurde erneut deutlich, dass Naturparke mit allen Facetten ihrer Arbeit zahlreiche Leistungen f\u00fcr den Naturschutz erbringen. Dabei zeichnet die Naturparke der Ansatz f\u00fcr einen integrierten Naturschutz aus, der den Mensch in den Mittelpunkt stellt. Dazu geh\u00f6ren nicht nur die Naturschutzleistungen, die die Naturparkverantwortlichen zusammen mit ihren Partnern in den Regionen umsetzen, sondern auch die qualitative Weiterentwicklung durch die sog. \u201eQualit\u00e4tsoffensive Naturparke\u201c und auch die Umweltbildung, v.a. mit Kindern und Jugendlichen durch die Naturpark-Schulen und Naturpark-Kinderg\u00e4rten. Dass dieser integrative Naturschutzansatz erfolgreich ist und eine hohe Akzeptanz bei der Bev\u00f6lkerung findet, zeigten die Ergebnisse einer Untersuchung der Universit\u00e4t Greifswald, die feststellte, dass in drei untersuchten Brandenburger Naturparken sowohl die Bev\u00f6lkerung als auch die politischen Entscheidungstr\u00e4ger die Naturparke als Mehrwert f\u00fcr die Region ansehen und insbesondere die Politiker die projektbasierte Arbeit der Naturparke als auch die\u00a0 kooperative Zusammenarbeit mit verschiedensten Institutionen zu sch\u00e4tzen wissen.<\/p>\n<p>Mit der Verabschiedung der \u201eMagdeburger Erkl\u00e4rung\u201c endete der 33. Deutsche Naturschutztag. In diesem Positionspapier fordern die rund 750 Teilnehmerinnen.<\/p>\n<p>und Teilnehmer des DNT insbesondere eine Neuausrichtung der Landwirtschaft, eine konsequentere Sicherung der Schutzgebiete und ein Zusammendenken von Naturschutz und sozialen Fragen.<\/p>\n<p>Mehr Infos zum Deutschen Naturschutztag finden Sie unter <a href=\"http:\/\/www.deutscher-naturschutztag.de\" target=\"_blank\">www.deutscher-naturschutztag.de<\/a><\/p>\n<p>&nbsp;<\/p>\n<p>&nbsp;<\/p>\n","protected":false},"excerpt":{"rendered":"<p>Auf dem Deutschen Naturschutztag (DNT) gab es einen eigenen Themenblock zu Naturparken mit dem Thema \u201eNaturparke \u2013 Chance f\u00fcr den Naturschutz\u201c.<\/p>\n","protected":false},"author":51,"featured_media":7882,"comment_status":"open","ping_status":"open","sticky":false,"template":"","format":"standard","meta":{"_links_to":"","_links_to_target":""},"categories":[7],"tags":[508,692,3155,41,501],"yoast_head":"<!-- This site is optimized with the Yoast SEO plugin v19.10 - https:\/\/yoast.com\/wordpress\/plugins\/seo\/ -->\n<title>&quot;Nachlese&quot; \u2013 Deutscher Naturschutztag 2016<\/title>\n<meta name=\"description\" content=\"Auf dem Deutschen Naturschutztag (DNT) gab es einen eigenen Themenblock zu Naturparken mit dem Thema \u201eNaturparke \u2013 Chance f\u00fcr den Naturschutz\u201c.\" \/>\n<meta name=\"robots\" content=\"index, follow, max-snippet:-1, max-image-preview:large, max-video-preview:-1\" \/>\n<link rel=\"canonical\" href=\"https:\/\/www.naturparkmagazin.de\/vdn\/nachlese-deutscher-naturschutztag-2016\/\" \/>\n<meta property=\"og:locale\" content=\"de_DE\" \/>\n<meta property=\"og:type\" content=\"article\" \/>\n<meta property=\"og:title\" content=\"&quot;Nachlese&quot; \u2013 Deutscher Naturschutztag 2016\" \/>\n<meta property=\"og:description\" content=\"Auf dem Deutschen Naturschutztag (DNT) gab es einen eigenen Themenblock zu Naturparken mit dem Thema \u201eNaturparke \u2013 Chance f\u00fcr den Naturschutz\u201c.\" \/>\n<meta property=\"og:url\" content=\"https:\/\/www.naturparkmagazin.de\/vdn\/nachlese-deutscher-naturschutztag-2016\/\" \/>\n<meta property=\"og:site_name\" content=\"Verband Deutscher Naturparke\" \/>\n<meta property=\"article:published_time\" content=\"2016-10-16T10:10:22+00:00\" \/>\n<meta property=\"article:modified_time\" content=\"2016-10-27T10:13:35+00:00\" \/>\n<meta property=\"og:image\" content=\"https:\/\/www.naturparkmagazin.de\/vdn\/wp-content\/uploads\/sites\/3\/Foto-15.09.16-16-42-34_Beitrag-Vorschau.png\" \/>\n\t<meta property=\"og:image:width\" content=\"200\" \/>\n\t<meta property=\"og:image:height\" content=\"200\" \/>\n\t<meta property=\"og:image:type\" content=\"image\/png\" \/>\n<meta name=\"author\" content=\"beatrixlosem\" \/>\n<meta name=\"twitter:label1\" content=\"Verfasst von\" \/>\n\t<meta name=\"twitter:data1\" content=\"beatrixlosem\" \/>\n\t<meta name=\"twitter:label2\" content=\"Gesch\u00e4tzte Lesezeit\" \/>\n\t<meta name=\"twitter:data2\" content=\"1\u00a0Minute\" \/>\n<script type=\"application\/ld+json\" class=\"yoast-schema-graph\">{\"@context\":\"https:\/\/schema.org\",\"@graph\":[{\"@type\":\"WebPage\",\"@id\":\"https:\/\/www.naturparkmagazin.de\/vdn\/nachlese-deutscher-naturschutztag-2016\/\",\"url\":\"https:\/\/www.naturparkmagazin.de\/vdn\/nachlese-deutscher-naturschutztag-2016\/\",\"name\":\"\\\"Nachlese\\\" \u2013 Deutscher Naturschutztag 2016\",\"isPartOf\":{\"@id\":\"https:\/\/www.naturparkmagazin.de\/vdn\/#website\"},\"datePublished\":\"2016-10-16T10:10:22+00:00\",\"dateModified\":\"2016-10-27T10:13:35+00:00\",\"author\":{\"@id\":\"https:\/\/www.naturparkmagazin.de\/vdn\/#\/schema\/person\/d71357578c318b6db03be60b1f60396b\"},\"description\":\"Auf dem Deutschen Naturschutztag (DNT) gab es einen eigenen Themenblock zu Naturparken mit dem Thema \u201eNaturparke \u2013 Chance f\u00fcr den Naturschutz\u201c.\",\"breadcrumb\":{\"@id\":\"https:\/\/www.naturparkmagazin.de\/vdn\/nachlese-deutscher-naturschutztag-2016\/#breadcrumb\"},\"inLanguage\":\"de\",\"potentialAction\":[{\"@type\":\"ReadAction\",\"target\":[\"https:\/\/www.naturparkmagazin.de\/vdn\/nachlese-deutscher-naturschutztag-2016\/\"]}]},{\"@type\":\"BreadcrumbList\",\"@id\":\"https:\/\/www.naturparkmagazin.de\/vdn\/nachlese-deutscher-naturschutztag-2016\/#breadcrumb\",\"itemListElement\":[{\"@type\":\"ListItem\",\"position\":1,\"name\":\"Home\",\"item\":\"https:\/\/www.naturparkmagazin.de\/vdn\/\"},{\"@type\":\"ListItem\",\"position\":2,\"name\":\"&#8222;Nachlese&#8220; \u2013 Deutscher Naturschutztag 2016\"}]},{\"@type\":\"WebSite\",\"@id\":\"https:\/\/www.naturparkmagazin.de\/vdn\/#website\",\"url\":\"https:\/\/www.naturparkmagazin.de\/vdn\/\",\"name\":\"Verband Deutscher Naturparke\",\"description\":\"Eine weitere Naturparkmagazin.de Netzwerk Seite\",\"potentialAction\":[{\"@type\":\"SearchAction\",\"target\":{\"@type\":\"EntryPoint\",\"urlTemplate\":\"https:\/\/www.naturparkmagazin.de\/vdn\/?s={search_term_string}\"},\"query-input\":\"required name=search_term_string\"}],\"inLanguage\":\"de\"},{\"@type\":\"Person\",\"@id\":\"https:\/\/www.naturparkmagazin.de\/vdn\/#\/schema\/person\/d71357578c318b6db03be60b1f60396b\",\"name\":\"beatrixlosem\",\"url\":\"https:\/\/www.naturparkmagazin.de\/vdn\/author\/beatrixlosem\/\"}]}<\/script>\n<!-- \/ Yoast SEO plugin. -->","yoast_head_json":{"title":"\"Nachlese\" \u2013 Deutscher Naturschutztag 2016","description":"Auf dem Deutschen Naturschutztag (DNT) gab es einen eigenen Themenblock zu Naturparken mit dem Thema \u201eNaturparke \u2013 Chance f\u00fcr den Naturschutz\u201c.","robots":{"index":"index","follow":"follow","max-snippet":"max-snippet:-1","max-image-preview":"max-image-preview:large","max-video-preview":"max-video-preview:-1"},"canonical":"https:\/\/www.naturparkmagazin.de\/vdn\/nachlese-deutscher-naturschutztag-2016\/","og_locale":"de_DE","og_type":"article","og_title":"\"Nachlese\" \u2013 Deutscher Naturschutztag 2016","og_description":"Auf dem Deutschen Naturschutztag (DNT) gab es einen eigenen Themenblock zu Naturparken mit dem Thema \u201eNaturparke \u2013 Chance f\u00fcr den Naturschutz\u201c.","og_url":"https:\/\/www.naturparkmagazin.de\/vdn\/nachlese-deutscher-naturschutztag-2016\/","og_site_name":"Verband Deutscher Naturparke","article_published_time":"2016-10-16T10:10:22+00:00","article_modified_time":"2016-10-27T10:13:35+00:00","og_image":[{"width":200,"height":200,"url":"https:\/\/www.naturparkmagazin.de\/vdn\/wp-content\/uploads\/sites\/3\/Foto-15.09.16-16-42-34_Beitrag-Vorschau.png","type":"image\/png"}],"author":"beatrixlosem","twitter_misc":{"Verfasst von":"beatrixlosem","Gesch\u00e4tzte Lesezeit":"1\u00a0Minute"},"schema":{"@context":"https:\/\/schema.org","@graph":[{"@type":"WebPage","@id":"https:\/\/www.naturparkmagazin.de\/vdn\/nachlese-deutscher-naturschutztag-2016\/","url":"https:\/\/www.naturparkmagazin.de\/vdn\/nachlese-deutscher-naturschutztag-2016\/","name":"\"Nachlese\" \u2013 Deutscher Naturschutztag 2016","isPartOf":{"@id":"https:\/\/www.naturparkmagazin.de\/vdn\/#website"},"datePublished":"2016-10-16T10:10:22+00:00","dateModified":"2016-10-27T10:13:35+00:00","author":{"@id":"https:\/\/www.naturparkmagazin.de\/vdn\/#\/schema\/person\/d71357578c318b6db03be60b1f60396b"},"description":"Auf dem Deutschen Naturschutztag (DNT) gab es einen eigenen Themenblock zu Naturparken mit dem Thema \u201eNaturparke \u2013 Chance f\u00fcr den Naturschutz\u201c.","breadcrumb":{"@id":"https:\/\/www.naturparkmagazin.de\/vdn\/nachlese-deutscher-naturschutztag-2016\/#breadcrumb"},"inLanguage":"de","potentialAction":[{"@type":"ReadAction","target":["https:\/\/www.naturparkmagazin.de\/vdn\/nachlese-deutscher-naturschutztag-2016\/"]}]},{"@type":"BreadcrumbList","@id":"https:\/\/www.naturparkmagazin.de\/vdn\/nachlese-deutscher-naturschutztag-2016\/#breadcrumb","itemListElement":[{"@type":"ListItem","position":1,"name":"Home","item":"https:\/\/www.naturparkmagazin.de\/vdn\/"},{"@type":"ListItem","position":2,"name":"&#8222;Nachlese&#8220; \u2013 Deutscher Naturschutztag 2016"}]},{"@type":"WebSite","@id":"https:\/\/www.naturparkmagazin.de\/vdn\/#website","url":"https:\/\/www.naturparkmagazin.de\/vdn\/","name":"Verband Deutscher Naturparke","description":"Eine weitere Naturparkmagazin.de Netzwerk Seite","potentialAction":[{"@type":"SearchAction","target":{"@type":"EntryPoint","urlTemplate":"https:\/\/www.naturparkmagazin.de\/vdn\/?s={search_term_string}"},"query-input":"required name=search_term_string"}],"inLanguage":"de"},{"@type":"Person","@id":"https:\/\/www.naturparkmagazin.de\/vdn\/#\/schema\/person\/d71357578c318b6db03be60b1f60396b","name":"beatrixlosem","url":"https:\/\/www.naturparkmagazin.de\/vdn\/author\/beatrixlosem\/"}]}},"_links":{"self":[{"href":"https:\/\/www.naturparkmagazin.de\/vdn\/wp-json\/wp\/v2\/posts\/7857"}],"collection":[{"href":"https:\/\/www.naturparkmagazin.de\/vdn\/wp-json\/wp\/v2\/posts"}],"about":[{"href":"https:\/\/www.naturparkmagazin.de\/vdn\/wp-json\/wp\/v2\/types\/post"}],"author":[{"embeddable":true,"href":"https:\/\/www.naturparkmagazin.de\/vdn\/wp-json\/wp\/v2\/users\/51"}],"replies":[{"embeddable":true,"href":"https:\/\/www.naturparkmagazin.de\/vdn\/wp-json\/wp\/v2\/comments?post=7857"}],"version-history":[{"count":5,"href":"https:\/\/www.naturparkmagazin.de\/vdn\/wp-json\/wp\/v2\/posts\/7857\/revisions"}],"predecessor-version":[{"id":7932,"href":"https:\/\/www.naturparkmagazin.de\/vdn\/wp-json\/wp\/v2\/posts\/7857\/revisions\/7932"}],"wp:featuredmedia":[{"embeddable":true,"href":"https:\/\/www.naturparkmagazin.de\/vdn\/wp-json\/wp\/v2\/media\/7882"}],"wp:attachment":[{"href":"https:\/\/www.naturparkmagazin.de\/vdn\/wp-json\/wp\/v2\/media?parent=7857"}],"wp:term":[{"taxonomy":"category","embeddable":true,"href":"https:\/\/www.naturparkmagazin.de\/vdn\/wp-json\/wp\/v2\/categories?post=7857"},{"taxonomy":"post_tag","embeddable":true,"href":"https:\/\/www.naturparkmagazin.de\/vdn\/wp-json\/wp\/v2\/tags?post=7857"}],"curies":[{"name":"wp","href":"https:\/\/api.w.org\/{rel}","templated":true}]}}