{"id":7859,"date":"2016-10-16T12:00:49","date_gmt":"2016-10-16T10:00:49","guid":{"rendered":"http:\/\/www.naturparkmagazin.de\/vdn\/?p=7859"},"modified":"2016-10-27T12:18:44","modified_gmt":"2016-10-27T10:18:44","slug":"we-are-parcs-vdn-auf-der-konferenz-von-europarc-federation","status":"publish","type":"post","link":"https:\/\/www.naturparkmagazin.de\/vdn\/we-are-parcs-vdn-auf-der-konferenz-von-europarc-federation\/","title":{"rendered":"\u201eWe are parcs\u201c \u2013 VDN auf der Konferenz von \u201eEUROPARC Federation\u201c"},"content":{"rendered":"<div id=\"attachment_7933\" style=\"width: 510px\" class=\"wp-caption aligncenter\"><a href=\"https:\/\/www.naturparkmagazin.de\/vdn\/wp-content\/uploads\/sites\/3\/Final-logo_Conference-2016-18-18-1024x496.png\"><img aria-describedby=\"caption-attachment-7933\" decoding=\"async\" loading=\"lazy\" class=\"wp-image-7933\" src=\"https:\/\/www.naturparkmagazin.de\/vdn\/wp-content\/uploads\/sites\/3\/Final-logo_Conference-2016-18-18-1024x496.png\" alt=\"Logo Conference 2016 - Copyright: Europarc Federation\" width=\"500\" height=\"242\" srcset=\"https:\/\/www.naturparkmagazin.de\/vdn\/wp-content\/uploads\/sites\/3\/Final-logo_Conference-2016-18-18-1024x496.png 1024w, https:\/\/www.naturparkmagazin.de\/vdn\/wp-content\/uploads\/sites\/3\/Final-logo_Conference-2016-18-18-1024x496-300x145.png 300w, https:\/\/www.naturparkmagazin.de\/vdn\/wp-content\/uploads\/sites\/3\/Final-logo_Conference-2016-18-18-1024x496-620x300.png 620w, https:\/\/www.naturparkmagazin.de\/vdn\/wp-content\/uploads\/sites\/3\/Final-logo_Conference-2016-18-18-1024x496-940x455.png 940w, https:\/\/www.naturparkmagazin.de\/vdn\/wp-content\/uploads\/sites\/3\/Final-logo_Conference-2016-18-18-1024x496-670x325.png 670w, https:\/\/www.naturparkmagazin.de\/vdn\/wp-content\/uploads\/sites\/3\/Final-logo_Conference-2016-18-18-1024x496-200x97.png 200w\" sizes=\"(max-width: 500px) 100vw, 500px\" \/><\/a><p id=\"caption-attachment-7933\" class=\"wp-caption-text\">Logo Conference 2016 &#8211; Copyright: Europarc Federation<\/p><\/div>\n<p>Unter dem Motto &#8222;We are parcs&#8220;, kamen \u00fcber 400 Teilnehmer aus 36 europ\u00e4ischen L\u00e4ndern vom 18. bis 22. Oktober 2016 im Vall\u00e9e de Joux im Parc Jura Vaudois in der Schweiz auf der diesj\u00e4hrigen EUROPARC Konferenz zusammen. Jedes Jahr treffen sich die Mitglieder von Europarc Federation der Dachorganisation europ\u00e4ischer Schutzgebiete, um \u00fcber die Bedeutung der Schutzgebiete zu diskutieren, Ideen und Neuigkeiten vorzustellen und Erfahrungen auszutauschen.<\/p>\n<p>Der Rahmen bot einen willkommenen Anlass, hier das VDN-Projekt \u201eImpulse der Naturparkarbeit aus europ\u00e4ischen Staaten f\u00fcr die Weiterentwicklung der Naturparke\u201c, das der VDN in Kooperation mit Europarc Federation durchf\u00fchrt, vorzustellen und Partner aus Europ\u00e4ischen Parken, die in dieses Projekt eingebunden sind, wieder zu treffen.<\/p>\n<p>Der VDN besuchte in der ersten Jahresh\u00e4lfte 2016 die Naturpark-Dachorganisationen und ausgew\u00e4hlte Naturparke in 11 europ\u00e4ischen Staaten . Auf der Bereisung wurden Information zur Arbeit und zum Management der Natur-, Regional, und Landschaftsparke in Europa gesammelt, welche in K\u00fcrze allen Dachorganisationen und Parken als umfangreicher Abschlussbericht und Brosch\u00fcre zur Verf\u00fcgung gestellt wird. In Zusammenarbeit mit den Dachorganisationen aller 22 an dem Projekt teilnehmenden L\u00e4nder entsteht au\u00dferdem ein Buch \u00fcber die Naturparke in Europa. Die Ergebnisse des Projekts werden 2017 in Berlin und Br\u00fcssel vorgestellt.<\/p>\n<p>&gt;&gt; <a href=\"http:\/\/www.european-parks.org\" target=\"_blank\">Hier k\u00f6nnen Sie sich \u00fcber das Projekt informieren<\/a><\/p>\n<p>&gt;&gt; <a href=\"http:\/\/www.europarc.org\/europarc-conferences\/\" target=\"_blank\">Das Programm der Konferenz ist hier einsehbar<\/a><\/p>\n<p>&nbsp;<\/p>\n","protected":false},"excerpt":{"rendered":"<p>Unter dem Motto &#8222;We are parcs&#8220;, kamen \u00fcber 400 Teilnehmer aus 36 europ\u00e4ischen L\u00e4ndern im Oktober im Parc Jura Vaudois in der Schweiz zusammen.<\/p>\n","protected":false},"author":51,"featured_media":7884,"comment_status":"open","ping_status":"open","sticky":false,"template":"","format":"standard","meta":{"_links_to":"","_links_to_target":""},"categories":[7],"tags":[],"yoast_head":"<!-- This site is optimized with the Yoast SEO plugin v19.10 - https:\/\/yoast.com\/wordpress\/plugins\/seo\/ -->\n<title>\u201eWe are parcs\u201c \u2013 VDN auf der Konferenz von \u201eEUROPARC Federation\u201c<\/title>\n<meta name=\"description\" content=\"Unter dem Motto &quot;We are parcs&quot;, kamen \u00fcber 400 Teilnehmer aus 36 europ\u00e4ischen L\u00e4ndern im Oktober im Parc Jura Vaudois in der Schweiz zusammen.\" \/>\n<meta name=\"robots\" content=\"index, follow, max-snippet:-1, max-image-preview:large, max-video-preview:-1\" \/>\n<link rel=\"canonical\" href=\"https:\/\/www.naturparkmagazin.de\/vdn\/we-are-parcs-vdn-auf-der-konferenz-von-europarc-federation\/\" \/>\n<meta property=\"og:locale\" content=\"de_DE\" \/>\n<meta property=\"og:type\" content=\"article\" \/>\n<meta property=\"og:title\" content=\"\u201eWe are parcs\u201c \u2013 VDN auf der Konferenz von \u201eEUROPARC Federation\u201c\" \/>\n<meta property=\"og:description\" content=\"Unter dem Motto &quot;We are parcs&quot;, kamen \u00fcber 400 Teilnehmer aus 36 europ\u00e4ischen L\u00e4ndern im Oktober im Parc Jura Vaudois in der Schweiz zusammen.\" \/>\n<meta property=\"og:url\" content=\"https:\/\/www.naturparkmagazin.de\/vdn\/we-are-parcs-vdn-auf-der-konferenz-von-europarc-federation\/\" \/>\n<meta property=\"og:site_name\" content=\"Verband Deutscher Naturparke\" \/>\n<meta property=\"article:published_time\" content=\"2016-10-16T10:00:49+00:00\" \/>\n<meta property=\"article:modified_time\" content=\"2016-10-27T10:18:44+00:00\" \/>\n<meta property=\"og:image\" content=\"https:\/\/www.naturparkmagazin.de\/vdn\/wp-content\/uploads\/sites\/3\/Final-logo_Conference-2016-18-18-1024x496_Beitrag_Vorschau.png\" \/>\n\t<meta property=\"og:image:width\" content=\"200\" \/>\n\t<meta property=\"og:image:height\" content=\"200\" \/>\n\t<meta property=\"og:image:type\" content=\"image\/png\" \/>\n<meta name=\"author\" content=\"beatrixlosem\" \/>\n<meta name=\"twitter:label1\" content=\"Verfasst von\" \/>\n\t<meta name=\"twitter:data1\" content=\"beatrixlosem\" \/>\n\t<meta name=\"twitter:label2\" content=\"Gesch\u00e4tzte Lesezeit\" \/>\n\t<meta name=\"twitter:data2\" content=\"1\u00a0Minute\" \/>\n<script type=\"application\/ld+json\" class=\"yoast-schema-graph\">{\"@context\":\"https:\/\/schema.org\",\"@graph\":[{\"@type\":\"WebPage\",\"@id\":\"https:\/\/www.naturparkmagazin.de\/vdn\/we-are-parcs-vdn-auf-der-konferenz-von-europarc-federation\/\",\"url\":\"https:\/\/www.naturparkmagazin.de\/vdn\/we-are-parcs-vdn-auf-der-konferenz-von-europarc-federation\/\",\"name\":\"\u201eWe are parcs\u201c \u2013 VDN auf der Konferenz von \u201eEUROPARC Federation\u201c\",\"isPartOf\":{\"@id\":\"https:\/\/www.naturparkmagazin.de\/vdn\/#website\"},\"datePublished\":\"2016-10-16T10:00:49+00:00\",\"dateModified\":\"2016-10-27T10:18:44+00:00\",\"author\":{\"@id\":\"https:\/\/www.naturparkmagazin.de\/vdn\/#\/schema\/person\/d71357578c318b6db03be60b1f60396b\"},\"description\":\"Unter dem Motto \\\"We are parcs\\\", kamen \u00fcber 400 Teilnehmer aus 36 europ\u00e4ischen L\u00e4ndern im Oktober im Parc Jura Vaudois in der Schweiz zusammen.\",\"breadcrumb\":{\"@id\":\"https:\/\/www.naturparkmagazin.de\/vdn\/we-are-parcs-vdn-auf-der-konferenz-von-europarc-federation\/#breadcrumb\"},\"inLanguage\":\"de\",\"potentialAction\":[{\"@type\":\"ReadAction\",\"target\":[\"https:\/\/www.naturparkmagazin.de\/vdn\/we-are-parcs-vdn-auf-der-konferenz-von-europarc-federation\/\"]}]},{\"@type\":\"BreadcrumbList\",\"@id\":\"https:\/\/www.naturparkmagazin.de\/vdn\/we-are-parcs-vdn-auf-der-konferenz-von-europarc-federation\/#breadcrumb\",\"itemListElement\":[{\"@type\":\"ListItem\",\"position\":1,\"name\":\"Home\",\"item\":\"https:\/\/www.naturparkmagazin.de\/vdn\/\"},{\"@type\":\"ListItem\",\"position\":2,\"name\":\"\u201eWe are parcs\u201c \u2013 VDN auf der Konferenz von \u201eEUROPARC Federation\u201c\"}]},{\"@type\":\"WebSite\",\"@id\":\"https:\/\/www.naturparkmagazin.de\/vdn\/#website\",\"url\":\"https:\/\/www.naturparkmagazin.de\/vdn\/\",\"name\":\"Verband Deutscher Naturparke\",\"description\":\"Eine weitere Naturparkmagazin.de Netzwerk Seite\",\"potentialAction\":[{\"@type\":\"SearchAction\",\"target\":{\"@type\":\"EntryPoint\",\"urlTemplate\":\"https:\/\/www.naturparkmagazin.de\/vdn\/?s={search_term_string}\"},\"query-input\":\"required name=search_term_string\"}],\"inLanguage\":\"de\"},{\"@type\":\"Person\",\"@id\":\"https:\/\/www.naturparkmagazin.de\/vdn\/#\/schema\/person\/d71357578c318b6db03be60b1f60396b\",\"name\":\"beatrixlosem\",\"url\":\"https:\/\/www.naturparkmagazin.de\/vdn\/author\/beatrixlosem\/\"}]}<\/script>\n<!-- \/ Yoast SEO plugin. -->","yoast_head_json":{"title":"\u201eWe are parcs\u201c \u2013 VDN auf der Konferenz von \u201eEUROPARC Federation\u201c","description":"Unter dem Motto \"We are parcs\", kamen \u00fcber 400 Teilnehmer aus 36 europ\u00e4ischen L\u00e4ndern im Oktober im Parc Jura Vaudois in der Schweiz zusammen.","robots":{"index":"index","follow":"follow","max-snippet":"max-snippet:-1","max-image-preview":"max-image-preview:large","max-video-preview":"max-video-preview:-1"},"canonical":"https:\/\/www.naturparkmagazin.de\/vdn\/we-are-parcs-vdn-auf-der-konferenz-von-europarc-federation\/","og_locale":"de_DE","og_type":"article","og_title":"\u201eWe are parcs\u201c \u2013 VDN auf der Konferenz von \u201eEUROPARC Federation\u201c","og_description":"Unter dem Motto \"We are parcs\", kamen \u00fcber 400 Teilnehmer aus 36 europ\u00e4ischen L\u00e4ndern im Oktober im Parc Jura Vaudois in der Schweiz zusammen.","og_url":"https:\/\/www.naturparkmagazin.de\/vdn\/we-are-parcs-vdn-auf-der-konferenz-von-europarc-federation\/","og_site_name":"Verband Deutscher Naturparke","article_published_time":"2016-10-16T10:00:49+00:00","article_modified_time":"2016-10-27T10:18:44+00:00","og_image":[{"width":200,"height":200,"url":"https:\/\/www.naturparkmagazin.de\/vdn\/wp-content\/uploads\/sites\/3\/Final-logo_Conference-2016-18-18-1024x496_Beitrag_Vorschau.png","type":"image\/png"}],"author":"beatrixlosem","twitter_misc":{"Verfasst von":"beatrixlosem","Gesch\u00e4tzte Lesezeit":"1\u00a0Minute"},"schema":{"@context":"https:\/\/schema.org","@graph":[{"@type":"WebPage","@id":"https:\/\/www.naturparkmagazin.de\/vdn\/we-are-parcs-vdn-auf-der-konferenz-von-europarc-federation\/","url":"https:\/\/www.naturparkmagazin.de\/vdn\/we-are-parcs-vdn-auf-der-konferenz-von-europarc-federation\/","name":"\u201eWe are parcs\u201c \u2013 VDN auf der Konferenz von \u201eEUROPARC Federation\u201c","isPartOf":{"@id":"https:\/\/www.naturparkmagazin.de\/vdn\/#website"},"datePublished":"2016-10-16T10:00:49+00:00","dateModified":"2016-10-27T10:18:44+00:00","author":{"@id":"https:\/\/www.naturparkmagazin.de\/vdn\/#\/schema\/person\/d71357578c318b6db03be60b1f60396b"},"description":"Unter dem Motto \"We are parcs\", kamen \u00fcber 400 Teilnehmer aus 36 europ\u00e4ischen L\u00e4ndern im Oktober im Parc Jura Vaudois in der Schweiz zusammen.","breadcrumb":{"@id":"https:\/\/www.naturparkmagazin.de\/vdn\/we-are-parcs-vdn-auf-der-konferenz-von-europarc-federation\/#breadcrumb"},"inLanguage":"de","potentialAction":[{"@type":"ReadAction","target":["https:\/\/www.naturparkmagazin.de\/vdn\/we-are-parcs-vdn-auf-der-konferenz-von-europarc-federation\/"]}]},{"@type":"BreadcrumbList","@id":"https:\/\/www.naturparkmagazin.de\/vdn\/we-are-parcs-vdn-auf-der-konferenz-von-europarc-federation\/#breadcrumb","itemListElement":[{"@type":"ListItem","position":1,"name":"Home","item":"https:\/\/www.naturparkmagazin.de\/vdn\/"},{"@type":"ListItem","position":2,"name":"\u201eWe are parcs\u201c \u2013 VDN auf der Konferenz von \u201eEUROPARC Federation\u201c"}]},{"@type":"WebSite","@id":"https:\/\/www.naturparkmagazin.de\/vdn\/#website","url":"https:\/\/www.naturparkmagazin.de\/vdn\/","name":"Verband Deutscher Naturparke","description":"Eine weitere Naturparkmagazin.de Netzwerk Seite","potentialAction":[{"@type":"SearchAction","target":{"@type":"EntryPoint","urlTemplate":"https:\/\/www.naturparkmagazin.de\/vdn\/?s={search_term_string}"},"query-input":"required name=search_term_string"}],"inLanguage":"de"},{"@type":"Person","@id":"https:\/\/www.naturparkmagazin.de\/vdn\/#\/schema\/person\/d71357578c318b6db03be60b1f60396b","name":"beatrixlosem","url":"https:\/\/www.naturparkmagazin.de\/vdn\/author\/beatrixlosem\/"}]}},"_links":{"self":[{"href":"https:\/\/www.naturparkmagazin.de\/vdn\/wp-json\/wp\/v2\/posts\/7859"}],"collection":[{"href":"https:\/\/www.naturparkmagazin.de\/vdn\/wp-json\/wp\/v2\/posts"}],"about":[{"href":"https:\/\/www.naturparkmagazin.de\/vdn\/wp-json\/wp\/v2\/types\/post"}],"author":[{"embeddable":true,"href":"https:\/\/www.naturparkmagazin.de\/vdn\/wp-json\/wp\/v2\/users\/51"}],"replies":[{"embeddable":true,"href":"https:\/\/www.naturparkmagazin.de\/vdn\/wp-json\/wp\/v2\/comments?post=7859"}],"version-history":[{"count":5,"href":"https:\/\/www.naturparkmagazin.de\/vdn\/wp-json\/wp\/v2\/posts\/7859\/revisions"}],"predecessor-version":[{"id":7934,"href":"https:\/\/www.naturparkmagazin.de\/vdn\/wp-json\/wp\/v2\/posts\/7859\/revisions\/7934"}],"wp:featuredmedia":[{"embeddable":true,"href":"https:\/\/www.naturparkmagazin.de\/vdn\/wp-json\/wp\/v2\/media\/7884"}],"wp:attachment":[{"href":"https:\/\/www.naturparkmagazin.de\/vdn\/wp-json\/wp\/v2\/media?parent=7859"}],"wp:term":[{"taxonomy":"category","embeddable":true,"href":"https:\/\/www.naturparkmagazin.de\/vdn\/wp-json\/wp\/v2\/categories?post=7859"},{"taxonomy":"post_tag","embeddable":true,"href":"https:\/\/www.naturparkmagazin.de\/vdn\/wp-json\/wp\/v2\/tags?post=7859"}],"curies":[{"name":"wp","href":"https:\/\/api.w.org\/{rel}","templated":true}]}}