{"id":7980,"date":"2016-11-11T13:12:13","date_gmt":"2016-11-11T12:12:13","guid":{"rendered":"http:\/\/www.naturparkmagazin.de\/vdn\/?p=7980"},"modified":"2016-11-17T11:50:12","modified_gmt":"2016-11-17T10:50:12","slug":"nun-ziehen-sie-wieder-kraniche-und-gaense-im-anflug","status":"publish","type":"post","link":"https:\/\/www.naturparkmagazin.de\/vdn\/nun-ziehen-sie-wieder-kraniche-und-gaense-im-anflug\/","title":{"rendered":"Nun ziehen sie wieder \u2013 Kraniche und G\u00e4nse im Anflug"},"content":{"rendered":"<div id=\"attachment_7985\" style=\"width: 510px\" class=\"wp-caption aligncenter\"><a href=\"https:\/\/www.naturparkmagazin.de\/vdn\/wp-content\/uploads\/sites\/3\/Tanz-der-Kranich-b.jpeg\"><img aria-describedby=\"caption-attachment-7985\" decoding=\"async\" loading=\"lazy\" class=\"size-full wp-image-7985\" src=\"https:\/\/www.naturparkmagazin.de\/vdn\/wp-content\/uploads\/sites\/3\/Tanz-der-Kranich-b.jpeg\" alt=\"Tanz der Kraniche\u00a9VDN\/Gernot Blum\" width=\"500\" height=\"300\" srcset=\"https:\/\/www.naturparkmagazin.de\/vdn\/wp-content\/uploads\/sites\/3\/Tanz-der-Kranich-b.jpeg 500w, https:\/\/www.naturparkmagazin.de\/vdn\/wp-content\/uploads\/sites\/3\/Tanz-der-Kranich-b-300x180.jpeg 300w, https:\/\/www.naturparkmagazin.de\/vdn\/wp-content\/uploads\/sites\/3\/Tanz-der-Kranich-b-200x120.jpeg 200w\" sizes=\"(max-width: 500px) 100vw, 500px\" \/><\/a><p id=\"caption-attachment-7985\" class=\"wp-caption-text\">Tanz der Kraniche\u00a9VDN\/Gernot Blum<\/p><\/div>\n<p>Ende Oktober sammelten sich im Nordosten Deutschlands bis zu zweihunderttausend Kraniche. Anfang November begann die gro\u00dfe Reise f\u00fcr die Kraniche in Richtung Frankreich und Spanien. Bei den Zwischenstopps in der R\u00fcgen-Bock-Region, den Linumer Teichen nordwestlich von Berlin, der Diepholzer Moorniederung im Naturpark D\u00fcmmer (Niedersachsen) und im Naturpark D\u00fcbener Heide tanken die Kraniche Kraft f\u00fcr den Weiterflug in w\u00e4rmere Gefilde. So starteten Anfang November u.a. von diesen Rastpl\u00e4tzen mehr als 110.000 Kraniche, die meisten Nonstop nach Frankreich auf engen Flugrouten von S\u00fcdniedersachen \u00fcber den Raum Frankfurt a.M. Richtung Saarland.<\/p>\n<div id=\"attachment_7982\" style=\"width: 510px\" class=\"wp-caption aligncenter\"><a href=\"https:\/\/www.naturparkmagazin.de\/vdn\/wp-content\/uploads\/sites\/3\/20160207-dmmer-2016-254-b.jpg\"><img aria-describedby=\"caption-attachment-7982\" decoding=\"async\" loading=\"lazy\" class=\"size-full wp-image-7982\" src=\"https:\/\/www.naturparkmagazin.de\/vdn\/wp-content\/uploads\/sites\/3\/20160207-dmmer-2016-254-b.jpg\" alt=\"Aufbruch \u00a9 VDN\/Hanni10\" width=\"500\" height=\"300\" srcset=\"https:\/\/www.naturparkmagazin.de\/vdn\/wp-content\/uploads\/sites\/3\/20160207-dmmer-2016-254-b.jpg 500w, https:\/\/www.naturparkmagazin.de\/vdn\/wp-content\/uploads\/sites\/3\/20160207-dmmer-2016-254-b-300x180.jpg 300w, https:\/\/www.naturparkmagazin.de\/vdn\/wp-content\/uploads\/sites\/3\/20160207-dmmer-2016-254-b-200x120.jpg 200w\" sizes=\"(max-width: 500px) 100vw, 500px\" \/><\/a><p id=\"caption-attachment-7982\" class=\"wp-caption-text\">Aufbruch \u00a9 VDN\/Hanni10<\/p><\/div>\n<p>Einige hatten in Niedersachsen einen weiteren Zwischenstopp eingelegt \u2013 in der Diepholzer Moorniederung im Naturpark D\u00fcmmer stiegen die Rastzahlen zeitweise auf 56.000. Zeitweise hielten sich dort die meisten Kraniche auf deutschem Boden auf, wie Ornithologen festgestellt hatten. Das ist ein Spektakel, das nicht nur Vogelkenner gerne beobachten. In kleineren Trupps lassen sich Kraniche den gesamten Winter \u00fcber in Norddeutschland beobachten. Immer mehr der V\u00f6gel bleiben hier, solange es zu keinem schweren K\u00e4lte- und Schnee-Einbruch kommt.<\/p>\n<div id=\"attachment_7981\" style=\"width: 510px\" class=\"wp-caption aligncenter\"><a href=\"https:\/\/www.naturparkmagazin.de\/vdn\/wp-content\/uploads\/sites\/3\/15f6584-2-wildgnse-1100x-b.jpg\"><img aria-describedby=\"caption-attachment-7981\" decoding=\"async\" loading=\"lazy\" class=\"size-full wp-image-7981\" src=\"https:\/\/www.naturparkmagazin.de\/vdn\/wp-content\/uploads\/sites\/3\/15f6584-2-wildgnse-1100x-b.jpg\" alt=\"Wildg\u00e4nse\u00a9 VDN\/ Wiedholt\" width=\"500\" height=\"300\" srcset=\"https:\/\/www.naturparkmagazin.de\/vdn\/wp-content\/uploads\/sites\/3\/15f6584-2-wildgnse-1100x-b.jpg 500w, https:\/\/www.naturparkmagazin.de\/vdn\/wp-content\/uploads\/sites\/3\/15f6584-2-wildgnse-1100x-b-300x180.jpg 300w, https:\/\/www.naturparkmagazin.de\/vdn\/wp-content\/uploads\/sites\/3\/15f6584-2-wildgnse-1100x-b-200x120.jpg 200w\" sizes=\"(max-width: 500px) 100vw, 500px\" \/><\/a><p id=\"caption-attachment-7981\" class=\"wp-caption-text\">Wildg\u00e4nse\u00a9 VDN\/ Wiedholt<\/p><\/div>\n<p>Aber nicht nur die Kraniche lassen sich in ausgedehnten Feucht und Gr\u00fcnlandfl\u00e4chen im Winter bei uns in Massen beobachten, sondern auch die nordischen G\u00e4nse. Bl\u00e4ss-, Saat-, Nonnen-, Ringel-, Kurzschnabel- und die sehr seltene Zwerggans erfreuen die Vogelliebhaber, aber nicht unbedingt die Bauern, auf deren Feldern die oft in Zentausenden auftretenden G\u00e4nse u.a. das junge Getreide fressen. H\u00e4ufig gibt es daf\u00fcr aber einen finanziellen Ausgleich. Wichtige G\u00e4nserastgebiete liegen an den K\u00fcsten in Schleswig-Holstein und Niedersachen und am Unteren Niederrhein in Nordrhein-Westfalen.<\/p>\n<div id=\"attachment_7983\" style=\"width: 510px\" class=\"wp-caption aligncenter\"><a href=\"https:\/\/www.naturparkmagazin.de\/vdn\/wp-content\/uploads\/sites\/3\/graugnse-nnn-18mar-baumann-b.jpg\"><img aria-describedby=\"caption-attachment-7983\" decoding=\"async\" loading=\"lazy\" class=\"size-full wp-image-7983\" src=\"https:\/\/www.naturparkmagazin.de\/vdn\/wp-content\/uploads\/sites\/3\/graugnse-nnn-18mar-baumann-b.jpg\" alt=\"Graug\u00e4nse\u00a9VDN\/Eckhard Baumann\" width=\"500\" height=\"300\" srcset=\"https:\/\/www.naturparkmagazin.de\/vdn\/wp-content\/uploads\/sites\/3\/graugnse-nnn-18mar-baumann-b.jpg 500w, https:\/\/www.naturparkmagazin.de\/vdn\/wp-content\/uploads\/sites\/3\/graugnse-nnn-18mar-baumann-b-300x180.jpg 300w, https:\/\/www.naturparkmagazin.de\/vdn\/wp-content\/uploads\/sites\/3\/graugnse-nnn-18mar-baumann-b-200x120.jpg 200w\" sizes=\"(max-width: 500px) 100vw, 500px\" \/><\/a><p id=\"caption-attachment-7983\" class=\"wp-caption-text\">Graug\u00e4nse\u00a9VDN\/Eckhard Baumann<\/p><\/div>\n<p>&nbsp;<\/p>\n","protected":false},"excerpt":{"rendered":"<p>Ende Oktober sammelten sich im Nordosten Deutschlands bis zu zweihunderttausend Kraniche. Sie tanken hier Kraft f\u00fcr den Weiterflug in w\u00e4rmere Gefilde.<\/p>\n","protected":false},"author":51,"featured_media":7984,"comment_status":"open","ping_status":"open","sticky":false,"template":"","format":"standard","meta":{"_links_to":"","_links_to_target":""},"categories":[51],"tags":[508,458,176,775,3155,81,772,3154,785,41,501,784,783],"yoast_head":"<!-- This site is optimized with the Yoast SEO plugin v19.10 - https:\/\/yoast.com\/wordpress\/plugins\/seo\/ -->\n<title>Nun ziehen sie wieder \u2013 Kraniche und G\u00e4nse im Anflug<\/title>\n<meta name=\"description\" content=\"Ende Oktober sammelten sich im Nordosten Deutschlands bis zu zweihunderttausend Kraniche. Sie tanken hier Kraft f\u00fcr den Weiterflug in w\u00e4rmere Gefilde.\" \/>\n<meta name=\"robots\" content=\"index, follow, max-snippet:-1, max-image-preview:large, max-video-preview:-1\" \/>\n<link rel=\"canonical\" href=\"https:\/\/www.naturparkmagazin.de\/vdn\/nun-ziehen-sie-wieder-kraniche-und-gaense-im-anflug\/\" \/>\n<meta property=\"og:locale\" content=\"de_DE\" \/>\n<meta property=\"og:type\" content=\"article\" \/>\n<meta property=\"og:title\" content=\"Nun ziehen sie wieder \u2013 Kraniche und G\u00e4nse im Anflug\" \/>\n<meta property=\"og:description\" content=\"Ende Oktober sammelten sich im Nordosten Deutschlands bis zu zweihunderttausend Kraniche. Sie tanken hier Kraft f\u00fcr den Weiterflug in w\u00e4rmere Gefilde.\" \/>\n<meta property=\"og:url\" content=\"https:\/\/www.naturparkmagazin.de\/vdn\/nun-ziehen-sie-wieder-kraniche-und-gaense-im-anflug\/\" \/>\n<meta property=\"og:site_name\" content=\"Verband Deutscher Naturparke\" \/>\n<meta property=\"article:published_time\" content=\"2016-11-11T12:12:13+00:00\" \/>\n<meta property=\"article:modified_time\" content=\"2016-11-17T10:50:12+00:00\" \/>\n<meta property=\"og:image\" content=\"https:\/\/www.naturparkmagazin.de\/vdn\/wp-content\/uploads\/sites\/3\/Tanz-der-Kraniche.jpeg\" \/>\n\t<meta property=\"og:image:width\" content=\"200\" \/>\n\t<meta property=\"og:image:height\" content=\"200\" \/>\n\t<meta property=\"og:image:type\" content=\"image\/jpeg\" \/>\n<meta name=\"author\" content=\"beatrixlosem\" \/>\n<meta name=\"twitter:label1\" content=\"Verfasst von\" \/>\n\t<meta name=\"twitter:data1\" content=\"beatrixlosem\" \/>\n\t<meta name=\"twitter:label2\" content=\"Gesch\u00e4tzte Lesezeit\" \/>\n\t<meta name=\"twitter:data2\" content=\"2\u00a0Minuten\" \/>\n<script type=\"application\/ld+json\" class=\"yoast-schema-graph\">{\"@context\":\"https:\/\/schema.org\",\"@graph\":[{\"@type\":\"WebPage\",\"@id\":\"https:\/\/www.naturparkmagazin.de\/vdn\/nun-ziehen-sie-wieder-kraniche-und-gaense-im-anflug\/\",\"url\":\"https:\/\/www.naturparkmagazin.de\/vdn\/nun-ziehen-sie-wieder-kraniche-und-gaense-im-anflug\/\",\"name\":\"Nun ziehen sie wieder \u2013 Kraniche und G\u00e4nse im Anflug\",\"isPartOf\":{\"@id\":\"https:\/\/www.naturparkmagazin.de\/vdn\/#website\"},\"datePublished\":\"2016-11-11T12:12:13+00:00\",\"dateModified\":\"2016-11-17T10:50:12+00:00\",\"author\":{\"@id\":\"https:\/\/www.naturparkmagazin.de\/vdn\/#\/schema\/person\/d71357578c318b6db03be60b1f60396b\"},\"description\":\"Ende Oktober sammelten sich im Nordosten Deutschlands bis zu zweihunderttausend Kraniche. Sie tanken hier Kraft f\u00fcr den Weiterflug in w\u00e4rmere Gefilde.\",\"breadcrumb\":{\"@id\":\"https:\/\/www.naturparkmagazin.de\/vdn\/nun-ziehen-sie-wieder-kraniche-und-gaense-im-anflug\/#breadcrumb\"},\"inLanguage\":\"de\",\"potentialAction\":[{\"@type\":\"ReadAction\",\"target\":[\"https:\/\/www.naturparkmagazin.de\/vdn\/nun-ziehen-sie-wieder-kraniche-und-gaense-im-anflug\/\"]}]},{\"@type\":\"BreadcrumbList\",\"@id\":\"https:\/\/www.naturparkmagazin.de\/vdn\/nun-ziehen-sie-wieder-kraniche-und-gaense-im-anflug\/#breadcrumb\",\"itemListElement\":[{\"@type\":\"ListItem\",\"position\":1,\"name\":\"Home\",\"item\":\"https:\/\/www.naturparkmagazin.de\/vdn\/\"},{\"@type\":\"ListItem\",\"position\":2,\"name\":\"Nun ziehen sie wieder \u2013 Kraniche und G\u00e4nse im Anflug\"}]},{\"@type\":\"WebSite\",\"@id\":\"https:\/\/www.naturparkmagazin.de\/vdn\/#website\",\"url\":\"https:\/\/www.naturparkmagazin.de\/vdn\/\",\"name\":\"Verband Deutscher Naturparke\",\"description\":\"Eine weitere Naturparkmagazin.de Netzwerk Seite\",\"potentialAction\":[{\"@type\":\"SearchAction\",\"target\":{\"@type\":\"EntryPoint\",\"urlTemplate\":\"https:\/\/www.naturparkmagazin.de\/vdn\/?s={search_term_string}\"},\"query-input\":\"required name=search_term_string\"}],\"inLanguage\":\"de\"},{\"@type\":\"Person\",\"@id\":\"https:\/\/www.naturparkmagazin.de\/vdn\/#\/schema\/person\/d71357578c318b6db03be60b1f60396b\",\"name\":\"beatrixlosem\",\"url\":\"https:\/\/www.naturparkmagazin.de\/vdn\/author\/beatrixlosem\/\"}]}<\/script>\n<!-- \/ Yoast SEO plugin. -->","yoast_head_json":{"title":"Nun ziehen sie wieder \u2013 Kraniche und G\u00e4nse im Anflug","description":"Ende Oktober sammelten sich im Nordosten Deutschlands bis zu zweihunderttausend Kraniche. Sie tanken hier Kraft f\u00fcr den Weiterflug in w\u00e4rmere Gefilde.","robots":{"index":"index","follow":"follow","max-snippet":"max-snippet:-1","max-image-preview":"max-image-preview:large","max-video-preview":"max-video-preview:-1"},"canonical":"https:\/\/www.naturparkmagazin.de\/vdn\/nun-ziehen-sie-wieder-kraniche-und-gaense-im-anflug\/","og_locale":"de_DE","og_type":"article","og_title":"Nun ziehen sie wieder \u2013 Kraniche und G\u00e4nse im Anflug","og_description":"Ende Oktober sammelten sich im Nordosten Deutschlands bis zu zweihunderttausend Kraniche. Sie tanken hier Kraft f\u00fcr den Weiterflug in w\u00e4rmere Gefilde.","og_url":"https:\/\/www.naturparkmagazin.de\/vdn\/nun-ziehen-sie-wieder-kraniche-und-gaense-im-anflug\/","og_site_name":"Verband Deutscher Naturparke","article_published_time":"2016-11-11T12:12:13+00:00","article_modified_time":"2016-11-17T10:50:12+00:00","og_image":[{"width":200,"height":200,"url":"https:\/\/www.naturparkmagazin.de\/vdn\/wp-content\/uploads\/sites\/3\/Tanz-der-Kraniche.jpeg","type":"image\/jpeg"}],"author":"beatrixlosem","twitter_misc":{"Verfasst von":"beatrixlosem","Gesch\u00e4tzte Lesezeit":"2\u00a0Minuten"},"schema":{"@context":"https:\/\/schema.org","@graph":[{"@type":"WebPage","@id":"https:\/\/www.naturparkmagazin.de\/vdn\/nun-ziehen-sie-wieder-kraniche-und-gaense-im-anflug\/","url":"https:\/\/www.naturparkmagazin.de\/vdn\/nun-ziehen-sie-wieder-kraniche-und-gaense-im-anflug\/","name":"Nun ziehen sie wieder \u2013 Kraniche und G\u00e4nse im Anflug","isPartOf":{"@id":"https:\/\/www.naturparkmagazin.de\/vdn\/#website"},"datePublished":"2016-11-11T12:12:13+00:00","dateModified":"2016-11-17T10:50:12+00:00","author":{"@id":"https:\/\/www.naturparkmagazin.de\/vdn\/#\/schema\/person\/d71357578c318b6db03be60b1f60396b"},"description":"Ende Oktober sammelten sich im Nordosten Deutschlands bis zu zweihunderttausend Kraniche. Sie tanken hier Kraft f\u00fcr den Weiterflug in w\u00e4rmere Gefilde.","breadcrumb":{"@id":"https:\/\/www.naturparkmagazin.de\/vdn\/nun-ziehen-sie-wieder-kraniche-und-gaense-im-anflug\/#breadcrumb"},"inLanguage":"de","potentialAction":[{"@type":"ReadAction","target":["https:\/\/www.naturparkmagazin.de\/vdn\/nun-ziehen-sie-wieder-kraniche-und-gaense-im-anflug\/"]}]},{"@type":"BreadcrumbList","@id":"https:\/\/www.naturparkmagazin.de\/vdn\/nun-ziehen-sie-wieder-kraniche-und-gaense-im-anflug\/#breadcrumb","itemListElement":[{"@type":"ListItem","position":1,"name":"Home","item":"https:\/\/www.naturparkmagazin.de\/vdn\/"},{"@type":"ListItem","position":2,"name":"Nun ziehen sie wieder \u2013 Kraniche und G\u00e4nse im Anflug"}]},{"@type":"WebSite","@id":"https:\/\/www.naturparkmagazin.de\/vdn\/#website","url":"https:\/\/www.naturparkmagazin.de\/vdn\/","name":"Verband Deutscher Naturparke","description":"Eine weitere Naturparkmagazin.de Netzwerk Seite","potentialAction":[{"@type":"SearchAction","target":{"@type":"EntryPoint","urlTemplate":"https:\/\/www.naturparkmagazin.de\/vdn\/?s={search_term_string}"},"query-input":"required name=search_term_string"}],"inLanguage":"de"},{"@type":"Person","@id":"https:\/\/www.naturparkmagazin.de\/vdn\/#\/schema\/person\/d71357578c318b6db03be60b1f60396b","name":"beatrixlosem","url":"https:\/\/www.naturparkmagazin.de\/vdn\/author\/beatrixlosem\/"}]}},"_links":{"self":[{"href":"https:\/\/www.naturparkmagazin.de\/vdn\/wp-json\/wp\/v2\/posts\/7980"}],"collection":[{"href":"https:\/\/www.naturparkmagazin.de\/vdn\/wp-json\/wp\/v2\/posts"}],"about":[{"href":"https:\/\/www.naturparkmagazin.de\/vdn\/wp-json\/wp\/v2\/types\/post"}],"author":[{"embeddable":true,"href":"https:\/\/www.naturparkmagazin.de\/vdn\/wp-json\/wp\/v2\/users\/51"}],"replies":[{"embeddable":true,"href":"https:\/\/www.naturparkmagazin.de\/vdn\/wp-json\/wp\/v2\/comments?post=7980"}],"version-history":[{"count":3,"href":"https:\/\/www.naturparkmagazin.de\/vdn\/wp-json\/wp\/v2\/posts\/7980\/revisions"}],"predecessor-version":[{"id":8037,"href":"https:\/\/www.naturparkmagazin.de\/vdn\/wp-json\/wp\/v2\/posts\/7980\/revisions\/8037"}],"wp:featuredmedia":[{"embeddable":true,"href":"https:\/\/www.naturparkmagazin.de\/vdn\/wp-json\/wp\/v2\/media\/7984"}],"wp:attachment":[{"href":"https:\/\/www.naturparkmagazin.de\/vdn\/wp-json\/wp\/v2\/media?parent=7980"}],"wp:term":[{"taxonomy":"category","embeddable":true,"href":"https:\/\/www.naturparkmagazin.de\/vdn\/wp-json\/wp\/v2\/categories?post=7980"},{"taxonomy":"post_tag","embeddable":true,"href":"https:\/\/www.naturparkmagazin.de\/vdn\/wp-json\/wp\/v2\/tags?post=7980"}],"curies":[{"name":"wp","href":"https:\/\/api.w.org\/{rel}","templated":true}]}}