{"id":8002,"date":"2016-11-11T14:37:27","date_gmt":"2016-11-11T13:37:27","guid":{"rendered":"http:\/\/www.naturparkmagazin.de\/vdn\/?p=8002"},"modified":"2016-11-25T11:15:10","modified_gmt":"2016-11-25T10:15:10","slug":"alle-jahre-wieder-weihnachtsbaum-fuer-den-deutschen-bundestag","status":"publish","type":"post","link":"https:\/\/www.naturparkmagazin.de\/vdn\/alle-jahre-wieder-weihnachtsbaum-fuer-den-deutschen-bundestag\/","title":{"rendered":"\u201eAlle Jahre wieder\u201c \u2013 Weihnachtsbaum f\u00fcr den Deutschen Bundestag"},"content":{"rendered":"<div id=\"attachment_8062\" style=\"width: 510px\" class=\"wp-caption aligncenter\"><a href=\"https:\/\/www.naturparkmagazin.de\/vdn\/wp-content\/uploads\/sites\/3\/Gruppenbild_feierliche\u00dcbergabe1_beitrag.jpg\"><img aria-describedby=\"caption-attachment-8062\" decoding=\"async\" loading=\"lazy\" class=\"size-full wp-image-8062\" src=\"https:\/\/www.naturparkmagazin.de\/vdn\/wp-content\/uploads\/sites\/3\/Gruppenbild_feierliche\u00dcbergabe1_beitrag.jpg\" alt=\"Feierliche \u00dcbergabe des Weihnachtsbaumes an den Deutschen Bundestag - Copyright: Naturpark Barnim\/A. Brodersen\" width=\"500\" height=\"300\" srcset=\"https:\/\/www.naturparkmagazin.de\/vdn\/wp-content\/uploads\/sites\/3\/Gruppenbild_feierliche\u00dcbergabe1_beitrag.jpg 500w, https:\/\/www.naturparkmagazin.de\/vdn\/wp-content\/uploads\/sites\/3\/Gruppenbild_feierliche\u00dcbergabe1_beitrag-300x180.jpg 300w, https:\/\/www.naturparkmagazin.de\/vdn\/wp-content\/uploads\/sites\/3\/Gruppenbild_feierliche\u00dcbergabe1_beitrag-200x120.jpg 200w\" sizes=\"(max-width: 500px) 100vw, 500px\" \/><\/a><p id=\"caption-attachment-8062\" class=\"wp-caption-text\">Feierliche \u00dcbergabe des Weihnachtsbaumes an den Deutschen Bundestag &#8211; Copyright: Naturpark Barnim\/A. Brodersen<\/p><\/div>\n<p>Einen ganz besonderen Weihnachtsgru\u00df \u00fcberbrachte heute Mittag der Naturpark Barnim dem Deutschen Bundestag: einen Weihnachtsbaum. \u00dcberreicht wurde die 5 Meter hohe M\u00e4rkische Kiefer an die Vizepr\u00e4sidentin des Deutschen Bundestages, Dr. Edelgard Buhlman, vom Leiter des Naturparks Barnim, Dr. Peter G\u00e4rtner, Elmar Lakenberg, Leiter der Berliner Forsten und dem Direktor der \u201eDrau\u00dfenschule\u201c Lichterfelde Herrn Hans-Dieter Wei\u00df.<\/p>\n<p>Gestiftet wurde der diesj\u00e4hrige Baum \u2013 eine besonders sch\u00f6ne Kiefer aus der Heidepflege im Naturschutzgebiet Sch\u00f6nower Heide \u2013 von den Berliner Forsten. Es ist ein echter \u00d6kobaum: er tr\u00e4gt die Zertifikate des Forest Stewardship Council (FSC) und des Naturlandverbandes.<\/p>\n<div id=\"attachment_8065\" style=\"width: 510px\" class=\"wp-caption aligncenter\"><a href=\"https:\/\/www.naturparkmagazin.de\/vdn\/wp-content\/uploads\/sites\/3\/IMG_0007_beitrag.jpg\"><img aria-describedby=\"caption-attachment-8065\" decoding=\"async\" loading=\"lazy\" class=\"size-full wp-image-8065\" src=\"https:\/\/www.naturparkmagazin.de\/vdn\/wp-content\/uploads\/sites\/3\/IMG_0007_beitrag.jpg\" alt=\"Feierliche \u00dcbergabe des Weihnachtsbaumes an den Deutschen Bundestag - Copyright: Naturpark Barnim\/A. Brodersen\" width=\"500\" height=\"300\" srcset=\"https:\/\/www.naturparkmagazin.de\/vdn\/wp-content\/uploads\/sites\/3\/IMG_0007_beitrag.jpg 500w, https:\/\/www.naturparkmagazin.de\/vdn\/wp-content\/uploads\/sites\/3\/IMG_0007_beitrag-300x180.jpg 300w, https:\/\/www.naturparkmagazin.de\/vdn\/wp-content\/uploads\/sites\/3\/IMG_0007_beitrag-200x120.jpg 200w\" sizes=\"(max-width: 500px) 100vw, 500px\" \/><\/a><p id=\"caption-attachment-8065\" class=\"wp-caption-text\">Copyright: Naturpark Barnim\/A. Brodersen<\/p><\/div>\n<p>Sch\u00fclerinnen und Sch\u00fcler der Lichterfelder \u201eDrau\u00dfenschule\u201c haben mit selbst gebasteltem Baumbehang dem diesj\u00e4hrigen Weihnachtsbaum im Bundestag ein buntes Kleid verpasst und ein weihnachtliches Programm einstudiert.<\/p>\n<p><a href=\"http:\/\/www.naturparke.de\/system\/articledownloads\/490\/original\/PM_11-2016-2_Pressemitteilung_Weihnachtsbaum_2016_final.pdf?1479983990\" target=\"_blank\">&gt;&gt; Hier k\u00f6nnen Sie die Pressemitteilung anschauen<\/a><\/p>\n<p>&nbsp;<\/p>\n","protected":false},"excerpt":{"rendered":"<p>Eine M\u00e4rkische Kiefer aus dem Naturpark Barnim schm\u00fcckt im Paul-L\u00f6be-Haus in der Adventszeit den Deutschen Bundestag.<\/p>\n","protected":false},"author":51,"featured_media":8062,"comment_status":"open","ping_status":"open","sticky":false,"template":"","format":"standard","meta":{"_links_to":"","_links_to_target":""},"categories":[7],"tags":[508,793,787,788,791,792,789,790,81,691,3154,41,501,302,786],"yoast_head":"<!-- This site is optimized with the Yoast SEO plugin v19.10 - https:\/\/yoast.com\/wordpress\/plugins\/seo\/ -->\n<title>\u201eAlle Jahre wieder\u201c \u2013 Weihnachtsbaum f\u00fcr den Deutschen Bundestag<\/title>\n<meta name=\"description\" content=\"Eine M\u00e4rkische Kiefer aus dem Naturpark Barnim schm\u00fcckt im Paul-L\u00f6be-Haus in der Adventszeit den Deutschen Bundestag.\" \/>\n<meta name=\"robots\" content=\"index, follow, max-snippet:-1, max-image-preview:large, max-video-preview:-1\" \/>\n<link rel=\"canonical\" href=\"https:\/\/www.naturparkmagazin.de\/vdn\/alle-jahre-wieder-weihnachtsbaum-fuer-den-deutschen-bundestag\/\" \/>\n<meta property=\"og:locale\" content=\"de_DE\" \/>\n<meta property=\"og:type\" content=\"article\" \/>\n<meta property=\"og:title\" content=\"\u201eAlle Jahre wieder\u201c \u2013 Weihnachtsbaum f\u00fcr den Deutschen Bundestag\" \/>\n<meta property=\"og:description\" content=\"Eine M\u00e4rkische Kiefer aus dem Naturpark Barnim schm\u00fcckt im Paul-L\u00f6be-Haus in der Adventszeit den Deutschen Bundestag.\" \/>\n<meta property=\"og:url\" content=\"https:\/\/www.naturparkmagazin.de\/vdn\/alle-jahre-wieder-weihnachtsbaum-fuer-den-deutschen-bundestag\/\" \/>\n<meta property=\"og:site_name\" content=\"Verband Deutscher Naturparke\" \/>\n<meta property=\"article:published_time\" content=\"2016-11-11T13:37:27+00:00\" \/>\n<meta property=\"article:modified_time\" content=\"2016-11-25T10:15:10+00:00\" \/>\n<meta property=\"og:image\" content=\"https:\/\/www.naturparkmagazin.de\/vdn\/wp-content\/uploads\/sites\/3\/Gruppenbild_feierliche\u00dcbergabe1_beitrag.jpg\" \/>\n\t<meta property=\"og:image:width\" content=\"500\" \/>\n\t<meta property=\"og:image:height\" content=\"300\" \/>\n\t<meta property=\"og:image:type\" content=\"image\/jpeg\" \/>\n<meta name=\"author\" content=\"beatrixlosem\" \/>\n<meta name=\"twitter:label1\" content=\"Verfasst von\" \/>\n\t<meta name=\"twitter:data1\" content=\"beatrixlosem\" \/>\n\t<meta name=\"twitter:label2\" content=\"Gesch\u00e4tzte Lesezeit\" \/>\n\t<meta name=\"twitter:data2\" content=\"1\u00a0Minute\" \/>\n<script type=\"application\/ld+json\" class=\"yoast-schema-graph\">{\"@context\":\"https:\/\/schema.org\",\"@graph\":[{\"@type\":\"WebPage\",\"@id\":\"https:\/\/www.naturparkmagazin.de\/vdn\/alle-jahre-wieder-weihnachtsbaum-fuer-den-deutschen-bundestag\/\",\"url\":\"https:\/\/www.naturparkmagazin.de\/vdn\/alle-jahre-wieder-weihnachtsbaum-fuer-den-deutschen-bundestag\/\",\"name\":\"\u201eAlle Jahre wieder\u201c \u2013 Weihnachtsbaum f\u00fcr den Deutschen Bundestag\",\"isPartOf\":{\"@id\":\"https:\/\/www.naturparkmagazin.de\/vdn\/#website\"},\"datePublished\":\"2016-11-11T13:37:27+00:00\",\"dateModified\":\"2016-11-25T10:15:10+00:00\",\"author\":{\"@id\":\"https:\/\/www.naturparkmagazin.de\/vdn\/#\/schema\/person\/d71357578c318b6db03be60b1f60396b\"},\"description\":\"Eine M\u00e4rkische Kiefer aus dem Naturpark Barnim schm\u00fcckt im Paul-L\u00f6be-Haus in der Adventszeit den Deutschen Bundestag.\",\"breadcrumb\":{\"@id\":\"https:\/\/www.naturparkmagazin.de\/vdn\/alle-jahre-wieder-weihnachtsbaum-fuer-den-deutschen-bundestag\/#breadcrumb\"},\"inLanguage\":\"de\",\"potentialAction\":[{\"@type\":\"ReadAction\",\"target\":[\"https:\/\/www.naturparkmagazin.de\/vdn\/alle-jahre-wieder-weihnachtsbaum-fuer-den-deutschen-bundestag\/\"]}]},{\"@type\":\"BreadcrumbList\",\"@id\":\"https:\/\/www.naturparkmagazin.de\/vdn\/alle-jahre-wieder-weihnachtsbaum-fuer-den-deutschen-bundestag\/#breadcrumb\",\"itemListElement\":[{\"@type\":\"ListItem\",\"position\":1,\"name\":\"Home\",\"item\":\"https:\/\/www.naturparkmagazin.de\/vdn\/\"},{\"@type\":\"ListItem\",\"position\":2,\"name\":\"\u201eAlle Jahre wieder\u201c \u2013 Weihnachtsbaum f\u00fcr den Deutschen Bundestag\"}]},{\"@type\":\"WebSite\",\"@id\":\"https:\/\/www.naturparkmagazin.de\/vdn\/#website\",\"url\":\"https:\/\/www.naturparkmagazin.de\/vdn\/\",\"name\":\"Verband Deutscher Naturparke\",\"description\":\"Eine weitere Naturparkmagazin.de Netzwerk Seite\",\"potentialAction\":[{\"@type\":\"SearchAction\",\"target\":{\"@type\":\"EntryPoint\",\"urlTemplate\":\"https:\/\/www.naturparkmagazin.de\/vdn\/?s={search_term_string}\"},\"query-input\":\"required name=search_term_string\"}],\"inLanguage\":\"de\"},{\"@type\":\"Person\",\"@id\":\"https:\/\/www.naturparkmagazin.de\/vdn\/#\/schema\/person\/d71357578c318b6db03be60b1f60396b\",\"name\":\"beatrixlosem\",\"url\":\"https:\/\/www.naturparkmagazin.de\/vdn\/author\/beatrixlosem\/\"}]}<\/script>\n<!-- \/ Yoast SEO plugin. -->","yoast_head_json":{"title":"\u201eAlle Jahre wieder\u201c \u2013 Weihnachtsbaum f\u00fcr den Deutschen Bundestag","description":"Eine M\u00e4rkische Kiefer aus dem Naturpark Barnim schm\u00fcckt im Paul-L\u00f6be-Haus in der Adventszeit den Deutschen Bundestag.","robots":{"index":"index","follow":"follow","max-snippet":"max-snippet:-1","max-image-preview":"max-image-preview:large","max-video-preview":"max-video-preview:-1"},"canonical":"https:\/\/www.naturparkmagazin.de\/vdn\/alle-jahre-wieder-weihnachtsbaum-fuer-den-deutschen-bundestag\/","og_locale":"de_DE","og_type":"article","og_title":"\u201eAlle Jahre wieder\u201c \u2013 Weihnachtsbaum f\u00fcr den Deutschen Bundestag","og_description":"Eine M\u00e4rkische Kiefer aus dem Naturpark Barnim schm\u00fcckt im Paul-L\u00f6be-Haus in der Adventszeit den Deutschen Bundestag.","og_url":"https:\/\/www.naturparkmagazin.de\/vdn\/alle-jahre-wieder-weihnachtsbaum-fuer-den-deutschen-bundestag\/","og_site_name":"Verband Deutscher Naturparke","article_published_time":"2016-11-11T13:37:27+00:00","article_modified_time":"2016-11-25T10:15:10+00:00","og_image":[{"width":500,"height":300,"url":"https:\/\/www.naturparkmagazin.de\/vdn\/wp-content\/uploads\/sites\/3\/Gruppenbild_feierliche\u00dcbergabe1_beitrag.jpg","type":"image\/jpeg"}],"author":"beatrixlosem","twitter_misc":{"Verfasst von":"beatrixlosem","Gesch\u00e4tzte Lesezeit":"1\u00a0Minute"},"schema":{"@context":"https:\/\/schema.org","@graph":[{"@type":"WebPage","@id":"https:\/\/www.naturparkmagazin.de\/vdn\/alle-jahre-wieder-weihnachtsbaum-fuer-den-deutschen-bundestag\/","url":"https:\/\/www.naturparkmagazin.de\/vdn\/alle-jahre-wieder-weihnachtsbaum-fuer-den-deutschen-bundestag\/","name":"\u201eAlle Jahre wieder\u201c \u2013 Weihnachtsbaum f\u00fcr den Deutschen Bundestag","isPartOf":{"@id":"https:\/\/www.naturparkmagazin.de\/vdn\/#website"},"datePublished":"2016-11-11T13:37:27+00:00","dateModified":"2016-11-25T10:15:10+00:00","author":{"@id":"https:\/\/www.naturparkmagazin.de\/vdn\/#\/schema\/person\/d71357578c318b6db03be60b1f60396b"},"description":"Eine M\u00e4rkische Kiefer aus dem Naturpark Barnim schm\u00fcckt im Paul-L\u00f6be-Haus in der Adventszeit den Deutschen Bundestag.","breadcrumb":{"@id":"https:\/\/www.naturparkmagazin.de\/vdn\/alle-jahre-wieder-weihnachtsbaum-fuer-den-deutschen-bundestag\/#breadcrumb"},"inLanguage":"de","potentialAction":[{"@type":"ReadAction","target":["https:\/\/www.naturparkmagazin.de\/vdn\/alle-jahre-wieder-weihnachtsbaum-fuer-den-deutschen-bundestag\/"]}]},{"@type":"BreadcrumbList","@id":"https:\/\/www.naturparkmagazin.de\/vdn\/alle-jahre-wieder-weihnachtsbaum-fuer-den-deutschen-bundestag\/#breadcrumb","itemListElement":[{"@type":"ListItem","position":1,"name":"Home","item":"https:\/\/www.naturparkmagazin.de\/vdn\/"},{"@type":"ListItem","position":2,"name":"\u201eAlle Jahre wieder\u201c \u2013 Weihnachtsbaum f\u00fcr den Deutschen Bundestag"}]},{"@type":"WebSite","@id":"https:\/\/www.naturparkmagazin.de\/vdn\/#website","url":"https:\/\/www.naturparkmagazin.de\/vdn\/","name":"Verband Deutscher Naturparke","description":"Eine weitere Naturparkmagazin.de Netzwerk Seite","potentialAction":[{"@type":"SearchAction","target":{"@type":"EntryPoint","urlTemplate":"https:\/\/www.naturparkmagazin.de\/vdn\/?s={search_term_string}"},"query-input":"required name=search_term_string"}],"inLanguage":"de"},{"@type":"Person","@id":"https:\/\/www.naturparkmagazin.de\/vdn\/#\/schema\/person\/d71357578c318b6db03be60b1f60396b","name":"beatrixlosem","url":"https:\/\/www.naturparkmagazin.de\/vdn\/author\/beatrixlosem\/"}]}},"_links":{"self":[{"href":"https:\/\/www.naturparkmagazin.de\/vdn\/wp-json\/wp\/v2\/posts\/8002"}],"collection":[{"href":"https:\/\/www.naturparkmagazin.de\/vdn\/wp-json\/wp\/v2\/posts"}],"about":[{"href":"https:\/\/www.naturparkmagazin.de\/vdn\/wp-json\/wp\/v2\/types\/post"}],"author":[{"embeddable":true,"href":"https:\/\/www.naturparkmagazin.de\/vdn\/wp-json\/wp\/v2\/users\/51"}],"replies":[{"embeddable":true,"href":"https:\/\/www.naturparkmagazin.de\/vdn\/wp-json\/wp\/v2\/comments?post=8002"}],"version-history":[{"count":6,"href":"https:\/\/www.naturparkmagazin.de\/vdn\/wp-json\/wp\/v2\/posts\/8002\/revisions"}],"predecessor-version":[{"id":8067,"href":"https:\/\/www.naturparkmagazin.de\/vdn\/wp-json\/wp\/v2\/posts\/8002\/revisions\/8067"}],"wp:featuredmedia":[{"embeddable":true,"href":"https:\/\/www.naturparkmagazin.de\/vdn\/wp-json\/wp\/v2\/media\/8062"}],"wp:attachment":[{"href":"https:\/\/www.naturparkmagazin.de\/vdn\/wp-json\/wp\/v2\/media?parent=8002"}],"wp:term":[{"taxonomy":"category","embeddable":true,"href":"https:\/\/www.naturparkmagazin.de\/vdn\/wp-json\/wp\/v2\/categories?post=8002"},{"taxonomy":"post_tag","embeddable":true,"href":"https:\/\/www.naturparkmagazin.de\/vdn\/wp-json\/wp\/v2\/tags?post=8002"}],"curies":[{"name":"wp","href":"https:\/\/api.w.org\/{rel}","templated":true}]}}