{"id":8008,"date":"2016-11-11T12:44:52","date_gmt":"2016-11-11T11:44:52","guid":{"rendered":"http:\/\/www.naturparkmagazin.de\/vdn\/?p=8008"},"modified":"2016-11-24T11:40:25","modified_gmt":"2016-11-24T10:40:25","slug":"erfolgreiche-bilanz-erlebnis-umwelt-tour-2016","status":"publish","type":"post","link":"https:\/\/www.naturparkmagazin.de\/vdn\/erfolgreiche-bilanz-erlebnis-umwelt-tour-2016\/","title":{"rendered":"\u201eErfolgreiche Bilanz\u201c \u2013 Erlebnis Umwelt-Tour 2016"},"content":{"rendered":"<div id=\"attachment_8013\" style=\"width: 510px\" class=\"wp-caption aligncenter\"><a href=\"https:\/\/www.naturparkmagazin.de\/vdn\/wp-content\/uploads\/sites\/3\/Umweltmobil112b.jpg\"><img aria-describedby=\"caption-attachment-8013\" decoding=\"async\" loading=\"lazy\" class=\"size-full wp-image-8013\" src=\"https:\/\/www.naturparkmagazin.de\/vdn\/wp-content\/uploads\/sites\/3\/Umweltmobil112b.jpg\" alt=\"Umweltmobil\u00a9Kaufland Stiftung &amp; Co. KG\" width=\"500\" height=\"300\" srcset=\"https:\/\/www.naturparkmagazin.de\/vdn\/wp-content\/uploads\/sites\/3\/Umweltmobil112b.jpg 500w, https:\/\/www.naturparkmagazin.de\/vdn\/wp-content\/uploads\/sites\/3\/Umweltmobil112b-300x180.jpg 300w, https:\/\/www.naturparkmagazin.de\/vdn\/wp-content\/uploads\/sites\/3\/Umweltmobil112b-200x120.jpg 200w\" sizes=\"(max-width: 500px) 100vw, 500px\" \/><\/a><p id=\"caption-attachment-8013\" class=\"wp-caption-text\">Umweltmobil\u00a9Kaufland Stiftung &amp; Co. KG<\/p><\/div>\n<p>Von April bis Oktober 2016 besuchte das Kaufland-Umweltmobil auf seiner Tour \u00a019 Naturparke in Deutschland. Rund 20.000 Kinder nahmen am Umweltp\u00e4dagogikprogramm \u201eErlebnis Umwelt\u201c teil. Den Abschluss der \u201eErlebnis Umwelt\u201c-Tour bildete ein Stopp auf dem \u201eFest der Regionen\u201c im Naturpark Lahn-Dill-Bergland. Umweltexperte Albrecht Trenz konnte den kleinen und gro\u00dfen Besuchern viel Interessantes \u00fcber die heimischen Tiere und Pflanzen erz\u00e4hlen und zeigte, wie jeder einen Beitrag zum Schutz von Umwelt und Klima leisten kann. Das \u201eErlebnis Umwelt\u201c-Programm findet seit 2004 j\u00e4hrlich statt und ist Teil des breit angelegten Umweltengagements von Kaufland und der Partnerschaft mit dem Verband Deutscher Naturparke (VDN). \u201eErlebnis Umwelt\u201c wurde von der Deutschen UNESCO-Kommission im Rahmen der UN-Dekade \u201eBildung f\u00fcr nachhaltige Entwicklung\u201c als offizielles UN-Dekade-Projekt 2009\/2010 ausgezeichnet.<\/p>\n<p>&gt;&gt; <a href=\"http:\/\/www.naturparke.de\/system\/articledownloads\/488\/original\/PM_VDN_Erlebnis-Umwelt-2016_Abschluss_final.pdf?1479980252\" target=\"_blank\">Hier k\u00f6nnen Sie die Pressemitteilung anschauen<\/a><\/p>\n<p>&gt;&gt; <a href=\"https:\/\/unternehmen.kaufland.de\/mensch-und-umwelt\/gesellschaftliches-engagement\/erlebnis-umwelt-fuer-kinder.html\" target=\"_blank\">Hier<\/a> k\u00f6nnen Sie sich \u00fcber \u201eErlebnis Umwelt\u201c informieren<\/p>\n<p>&nbsp;<\/p>\n","protected":false},"excerpt":{"rendered":"<p>Zum Abschluss der \u201eErlebnis Umwelt\u201c-Tour besuchte das Kaufland-Umweltmobil als 19ten Naturparkstopp in diesem Jahr den Naturpark Lahn-Dill-Bergland.   <\/p>\n","protected":false},"author":51,"featured_media":8012,"comment_status":"open","ping_status":"open","sticky":false,"template":"","format":"standard","meta":{"_links_to":"","_links_to_target":""},"categories":[7],"tags":[508,663,794,81,795,41,501],"yoast_head":"<!-- This site is optimized with the Yoast SEO plugin v19.10 - https:\/\/yoast.com\/wordpress\/plugins\/seo\/ -->\n<title>\u201eErfolgreiche Bilanz\u201c \u2013 Erlebnis Umwelt-Tour 2016<\/title>\n<meta name=\"description\" content=\"Zum Abschluss der \u201eErlebnis Umwelt\u201c-Tour besuchte das Kaufland-Umweltmobil als 19ten Naturparkstopp in diesem Jahr den Naturpark Lahn-Dill-Bergland.\" \/>\n<meta name=\"robots\" content=\"index, follow, max-snippet:-1, max-image-preview:large, max-video-preview:-1\" \/>\n<link rel=\"canonical\" href=\"https:\/\/www.naturparkmagazin.de\/vdn\/erfolgreiche-bilanz-erlebnis-umwelt-tour-2016\/\" \/>\n<meta property=\"og:locale\" content=\"de_DE\" \/>\n<meta property=\"og:type\" content=\"article\" \/>\n<meta property=\"og:title\" content=\"\u201eErfolgreiche Bilanz\u201c \u2013 Erlebnis Umwelt-Tour 2016\" \/>\n<meta property=\"og:description\" content=\"Zum Abschluss der \u201eErlebnis Umwelt\u201c-Tour besuchte das Kaufland-Umweltmobil als 19ten Naturparkstopp in diesem Jahr den Naturpark Lahn-Dill-Bergland.\" \/>\n<meta property=\"og:url\" content=\"https:\/\/www.naturparkmagazin.de\/vdn\/erfolgreiche-bilanz-erlebnis-umwelt-tour-2016\/\" \/>\n<meta property=\"og:site_name\" content=\"Verband Deutscher Naturparke\" \/>\n<meta property=\"article:published_time\" content=\"2016-11-11T11:44:52+00:00\" \/>\n<meta property=\"article:modified_time\" content=\"2016-11-24T10:40:25+00:00\" \/>\n<meta property=\"og:image\" content=\"https:\/\/www.naturparkmagazin.de\/vdn\/wp-content\/uploads\/sites\/3\/Umweltmobil112bf.jpg\" \/>\n\t<meta property=\"og:image:width\" content=\"200\" \/>\n\t<meta property=\"og:image:height\" content=\"200\" \/>\n\t<meta property=\"og:image:type\" content=\"image\/jpeg\" \/>\n<meta name=\"author\" content=\"beatrixlosem\" \/>\n<meta name=\"twitter:label1\" content=\"Verfasst von\" \/>\n\t<meta name=\"twitter:data1\" content=\"beatrixlosem\" \/>\n\t<meta name=\"twitter:label2\" content=\"Gesch\u00e4tzte Lesezeit\" \/>\n\t<meta name=\"twitter:data2\" content=\"1\u00a0Minute\" \/>\n<script type=\"application\/ld+json\" class=\"yoast-schema-graph\">{\"@context\":\"https:\/\/schema.org\",\"@graph\":[{\"@type\":\"WebPage\",\"@id\":\"https:\/\/www.naturparkmagazin.de\/vdn\/erfolgreiche-bilanz-erlebnis-umwelt-tour-2016\/\",\"url\":\"https:\/\/www.naturparkmagazin.de\/vdn\/erfolgreiche-bilanz-erlebnis-umwelt-tour-2016\/\",\"name\":\"\u201eErfolgreiche Bilanz\u201c \u2013 Erlebnis Umwelt-Tour 2016\",\"isPartOf\":{\"@id\":\"https:\/\/www.naturparkmagazin.de\/vdn\/#website\"},\"datePublished\":\"2016-11-11T11:44:52+00:00\",\"dateModified\":\"2016-11-24T10:40:25+00:00\",\"author\":{\"@id\":\"https:\/\/www.naturparkmagazin.de\/vdn\/#\/schema\/person\/d71357578c318b6db03be60b1f60396b\"},\"description\":\"Zum Abschluss der \u201eErlebnis Umwelt\u201c-Tour besuchte das Kaufland-Umweltmobil als 19ten Naturparkstopp in diesem Jahr den Naturpark Lahn-Dill-Bergland.\",\"breadcrumb\":{\"@id\":\"https:\/\/www.naturparkmagazin.de\/vdn\/erfolgreiche-bilanz-erlebnis-umwelt-tour-2016\/#breadcrumb\"},\"inLanguage\":\"de\",\"potentialAction\":[{\"@type\":\"ReadAction\",\"target\":[\"https:\/\/www.naturparkmagazin.de\/vdn\/erfolgreiche-bilanz-erlebnis-umwelt-tour-2016\/\"]}]},{\"@type\":\"BreadcrumbList\",\"@id\":\"https:\/\/www.naturparkmagazin.de\/vdn\/erfolgreiche-bilanz-erlebnis-umwelt-tour-2016\/#breadcrumb\",\"itemListElement\":[{\"@type\":\"ListItem\",\"position\":1,\"name\":\"Home\",\"item\":\"https:\/\/www.naturparkmagazin.de\/vdn\/\"},{\"@type\":\"ListItem\",\"position\":2,\"name\":\"\u201eErfolgreiche Bilanz\u201c \u2013 Erlebnis Umwelt-Tour 2016\"}]},{\"@type\":\"WebSite\",\"@id\":\"https:\/\/www.naturparkmagazin.de\/vdn\/#website\",\"url\":\"https:\/\/www.naturparkmagazin.de\/vdn\/\",\"name\":\"Verband Deutscher Naturparke\",\"description\":\"Eine weitere Naturparkmagazin.de Netzwerk Seite\",\"potentialAction\":[{\"@type\":\"SearchAction\",\"target\":{\"@type\":\"EntryPoint\",\"urlTemplate\":\"https:\/\/www.naturparkmagazin.de\/vdn\/?s={search_term_string}\"},\"query-input\":\"required name=search_term_string\"}],\"inLanguage\":\"de\"},{\"@type\":\"Person\",\"@id\":\"https:\/\/www.naturparkmagazin.de\/vdn\/#\/schema\/person\/d71357578c318b6db03be60b1f60396b\",\"name\":\"beatrixlosem\",\"url\":\"https:\/\/www.naturparkmagazin.de\/vdn\/author\/beatrixlosem\/\"}]}<\/script>\n<!-- \/ Yoast SEO plugin. -->","yoast_head_json":{"title":"\u201eErfolgreiche Bilanz\u201c \u2013 Erlebnis Umwelt-Tour 2016","description":"Zum Abschluss der \u201eErlebnis Umwelt\u201c-Tour besuchte das Kaufland-Umweltmobil als 19ten Naturparkstopp in diesem Jahr den Naturpark Lahn-Dill-Bergland.","robots":{"index":"index","follow":"follow","max-snippet":"max-snippet:-1","max-image-preview":"max-image-preview:large","max-video-preview":"max-video-preview:-1"},"canonical":"https:\/\/www.naturparkmagazin.de\/vdn\/erfolgreiche-bilanz-erlebnis-umwelt-tour-2016\/","og_locale":"de_DE","og_type":"article","og_title":"\u201eErfolgreiche Bilanz\u201c \u2013 Erlebnis Umwelt-Tour 2016","og_description":"Zum Abschluss der \u201eErlebnis Umwelt\u201c-Tour besuchte das Kaufland-Umweltmobil als 19ten Naturparkstopp in diesem Jahr den Naturpark Lahn-Dill-Bergland.","og_url":"https:\/\/www.naturparkmagazin.de\/vdn\/erfolgreiche-bilanz-erlebnis-umwelt-tour-2016\/","og_site_name":"Verband Deutscher Naturparke","article_published_time":"2016-11-11T11:44:52+00:00","article_modified_time":"2016-11-24T10:40:25+00:00","og_image":[{"width":200,"height":200,"url":"https:\/\/www.naturparkmagazin.de\/vdn\/wp-content\/uploads\/sites\/3\/Umweltmobil112bf.jpg","type":"image\/jpeg"}],"author":"beatrixlosem","twitter_misc":{"Verfasst von":"beatrixlosem","Gesch\u00e4tzte Lesezeit":"1\u00a0Minute"},"schema":{"@context":"https:\/\/schema.org","@graph":[{"@type":"WebPage","@id":"https:\/\/www.naturparkmagazin.de\/vdn\/erfolgreiche-bilanz-erlebnis-umwelt-tour-2016\/","url":"https:\/\/www.naturparkmagazin.de\/vdn\/erfolgreiche-bilanz-erlebnis-umwelt-tour-2016\/","name":"\u201eErfolgreiche Bilanz\u201c \u2013 Erlebnis Umwelt-Tour 2016","isPartOf":{"@id":"https:\/\/www.naturparkmagazin.de\/vdn\/#website"},"datePublished":"2016-11-11T11:44:52+00:00","dateModified":"2016-11-24T10:40:25+00:00","author":{"@id":"https:\/\/www.naturparkmagazin.de\/vdn\/#\/schema\/person\/d71357578c318b6db03be60b1f60396b"},"description":"Zum Abschluss der \u201eErlebnis Umwelt\u201c-Tour besuchte das Kaufland-Umweltmobil als 19ten Naturparkstopp in diesem Jahr den Naturpark Lahn-Dill-Bergland.","breadcrumb":{"@id":"https:\/\/www.naturparkmagazin.de\/vdn\/erfolgreiche-bilanz-erlebnis-umwelt-tour-2016\/#breadcrumb"},"inLanguage":"de","potentialAction":[{"@type":"ReadAction","target":["https:\/\/www.naturparkmagazin.de\/vdn\/erfolgreiche-bilanz-erlebnis-umwelt-tour-2016\/"]}]},{"@type":"BreadcrumbList","@id":"https:\/\/www.naturparkmagazin.de\/vdn\/erfolgreiche-bilanz-erlebnis-umwelt-tour-2016\/#breadcrumb","itemListElement":[{"@type":"ListItem","position":1,"name":"Home","item":"https:\/\/www.naturparkmagazin.de\/vdn\/"},{"@type":"ListItem","position":2,"name":"\u201eErfolgreiche Bilanz\u201c \u2013 Erlebnis Umwelt-Tour 2016"}]},{"@type":"WebSite","@id":"https:\/\/www.naturparkmagazin.de\/vdn\/#website","url":"https:\/\/www.naturparkmagazin.de\/vdn\/","name":"Verband Deutscher Naturparke","description":"Eine weitere Naturparkmagazin.de Netzwerk Seite","potentialAction":[{"@type":"SearchAction","target":{"@type":"EntryPoint","urlTemplate":"https:\/\/www.naturparkmagazin.de\/vdn\/?s={search_term_string}"},"query-input":"required name=search_term_string"}],"inLanguage":"de"},{"@type":"Person","@id":"https:\/\/www.naturparkmagazin.de\/vdn\/#\/schema\/person\/d71357578c318b6db03be60b1f60396b","name":"beatrixlosem","url":"https:\/\/www.naturparkmagazin.de\/vdn\/author\/beatrixlosem\/"}]}},"_links":{"self":[{"href":"https:\/\/www.naturparkmagazin.de\/vdn\/wp-json\/wp\/v2\/posts\/8008"}],"collection":[{"href":"https:\/\/www.naturparkmagazin.de\/vdn\/wp-json\/wp\/v2\/posts"}],"about":[{"href":"https:\/\/www.naturparkmagazin.de\/vdn\/wp-json\/wp\/v2\/types\/post"}],"author":[{"embeddable":true,"href":"https:\/\/www.naturparkmagazin.de\/vdn\/wp-json\/wp\/v2\/users\/51"}],"replies":[{"embeddable":true,"href":"https:\/\/www.naturparkmagazin.de\/vdn\/wp-json\/wp\/v2\/comments?post=8008"}],"version-history":[{"count":6,"href":"https:\/\/www.naturparkmagazin.de\/vdn\/wp-json\/wp\/v2\/posts\/8008\/revisions"}],"predecessor-version":[{"id":8059,"href":"https:\/\/www.naturparkmagazin.de\/vdn\/wp-json\/wp\/v2\/posts\/8008\/revisions\/8059"}],"wp:featuredmedia":[{"embeddable":true,"href":"https:\/\/www.naturparkmagazin.de\/vdn\/wp-json\/wp\/v2\/media\/8012"}],"wp:attachment":[{"href":"https:\/\/www.naturparkmagazin.de\/vdn\/wp-json\/wp\/v2\/media?parent=8008"}],"wp:term":[{"taxonomy":"category","embeddable":true,"href":"https:\/\/www.naturparkmagazin.de\/vdn\/wp-json\/wp\/v2\/categories?post=8008"},{"taxonomy":"post_tag","embeddable":true,"href":"https:\/\/www.naturparkmagazin.de\/vdn\/wp-json\/wp\/v2\/tags?post=8008"}],"curies":[{"name":"wp","href":"https:\/\/api.w.org\/{rel}","templated":true}]}}