{"id":8010,"date":"2016-12-11T14:49:37","date_gmt":"2016-12-11T13:49:37","guid":{"rendered":"http:\/\/www.naturparkmagazin.de\/vdn\/?p=8010"},"modified":"2016-12-22T10:31:20","modified_gmt":"2016-12-22T09:31:20","slug":"gutes-beispiel-kaufland-und-unilever-unterstuetzen-gewaesserschutzprojekte-in-naturparken","status":"publish","type":"post","link":"https:\/\/www.naturparkmagazin.de\/vdn\/gutes-beispiel-kaufland-und-unilever-unterstuetzen-gewaesserschutzprojekte-in-naturparken\/","title":{"rendered":"\u201eGutes Beispiel\u201c \u2013 Kaufland und Unilever unterst\u00fctzen Gew\u00e4sserschutzprojekte in Naturparken"},"content":{"rendered":"<div id=\"attachment_8040\" style=\"width: 510px\" class=\"wp-caption aligncenter\"><a href=\"https:\/\/www.naturparkmagazin.de\/vdn\/wp-content\/uploads\/sites\/3\/Kleinen_Arbersee_Brigitte-Deus-Neumann_beitrag.jpg\"><img aria-describedby=\"caption-attachment-8040\" decoding=\"async\" loading=\"lazy\" class=\"size-full wp-image-8040\" src=\"https:\/\/www.naturparkmagazin.de\/vdn\/wp-content\/uploads\/sites\/3\/Kleinen_Arbersee_Brigitte-Deus-Neumann_beitrag.jpg\" alt=\"Kleiner Arbersee - Copyright: VDN\/Brigitte Deus-Neumann\" width=\"500\" height=\"300\" srcset=\"https:\/\/www.naturparkmagazin.de\/vdn\/wp-content\/uploads\/sites\/3\/Kleinen_Arbersee_Brigitte-Deus-Neumann_beitrag.jpg 500w, https:\/\/www.naturparkmagazin.de\/vdn\/wp-content\/uploads\/sites\/3\/Kleinen_Arbersee_Brigitte-Deus-Neumann_beitrag-300x180.jpg 300w, https:\/\/www.naturparkmagazin.de\/vdn\/wp-content\/uploads\/sites\/3\/Kleinen_Arbersee_Brigitte-Deus-Neumann_beitrag-200x120.jpg 200w\" sizes=\"(max-width: 500px) 100vw, 500px\" \/><\/a><p id=\"caption-attachment-8040\" class=\"wp-caption-text\">Kleiner Arbersee &#8211; Copyright: VDN\/Brigitte Deus-Neumann<\/p><\/div>\n<p>In zwei Naturparken in Deutschland beginnen im Gew\u00e4sserschutz gute Zeiten. Die Unternehmen Kaufland und Unilever unterst\u00fctzen in den Jahren 2016 bis 2018 ein Projekt zum Natur- und Gew\u00e4sserschutz des Verbandes Deutscher Naturparke, das in den Naturparken Oberer Bayerischer Wald in Bayern und Sternberger Seenland in Mecklenburg-Vorpommern durchgef\u00fchrt wird. Ziel des Projektes ist es, zum Erhalt der Biologischen Vielfalt und zur Renaturierung von Gew\u00e4ssern beizutragen.<\/p>\n<p>\u201eWir freuen uns sehr, dass Unilever und Kaufland mit der Unterst\u00fctzung unseres Gew\u00e4sserschutzprojektes einen wichtigen Beitrag zum Erhalt der Biologischen Vielfalt sowie auch zum Klimaschutz und zum Schutz gegen Hochwasser leisten\u201c, so Dr. Michael Arndt, Pr\u00e4sident des Verbandes Deutscher Naturparke.<\/p>\n<p><a href=\"http:\/\/www.naturparke.de\/system\/articledownloads\/491\/original\/PM_12-2016-01_Gew%C3%A4serschutzprojekt_final.pdf?1481196204\" target=\"_blank\">&gt;&gt; Hier k\u00f6nnen Sie die Pressemitteilung anschauen<\/a><\/p>\n<p>&nbsp;<\/p>\n","protected":false},"excerpt":{"rendered":"<p>In zwei Naturparken unterst\u00fctzen jetzt die Unternehmen Kaufland und Unilever Projekte zum Gew\u00e4sserschutz. <\/p>\n","protected":false},"author":51,"featured_media":8041,"comment_status":"open","ping_status":"open","sticky":false,"template":"","format":"standard","meta":{"_links_to":"","_links_to_target":""},"categories":[7],"tags":[508,87,800,522,735,799,797,81,383,798,3154,796,41,501],"yoast_head":"<!-- This site is optimized with the Yoast SEO plugin v19.10 - https:\/\/yoast.com\/wordpress\/plugins\/seo\/ -->\n<title>\u201eGutes Beispiel\u201c \u2013 Kaufland und Unilever unterst\u00fctzen Gew\u00e4sserschutzprojekte in Naturparken<\/title>\n<meta name=\"description\" content=\"In zwei Naturparken unterst\u00fctzen jetzt die Unternehmen Kaufland und Unilever Projekte zum Gew\u00e4sserschutz.\" \/>\n<meta name=\"robots\" content=\"index, follow, max-snippet:-1, max-image-preview:large, max-video-preview:-1\" \/>\n<link rel=\"canonical\" href=\"https:\/\/www.naturparkmagazin.de\/vdn\/gutes-beispiel-kaufland-und-unilever-unterstuetzen-gewaesserschutzprojekte-in-naturparken\/\" \/>\n<meta property=\"og:locale\" content=\"de_DE\" \/>\n<meta property=\"og:type\" content=\"article\" \/>\n<meta property=\"og:title\" content=\"\u201eGutes Beispiel\u201c \u2013 Kaufland und Unilever unterst\u00fctzen Gew\u00e4sserschutzprojekte in Naturparken\" \/>\n<meta property=\"og:description\" content=\"In zwei Naturparken unterst\u00fctzen jetzt die Unternehmen Kaufland und Unilever Projekte zum Gew\u00e4sserschutz.\" \/>\n<meta property=\"og:url\" content=\"https:\/\/www.naturparkmagazin.de\/vdn\/gutes-beispiel-kaufland-und-unilever-unterstuetzen-gewaesserschutzprojekte-in-naturparken\/\" \/>\n<meta property=\"og:site_name\" content=\"Verband Deutscher Naturparke\" \/>\n<meta property=\"article:published_time\" content=\"2016-12-11T13:49:37+00:00\" \/>\n<meta property=\"article:modified_time\" content=\"2016-12-22T09:31:20+00:00\" \/>\n<meta property=\"og:image\" content=\"https:\/\/www.naturparkmagazin.de\/vdn\/wp-content\/uploads\/sites\/3\/Kleinen_Arbersee_Brigitte-Deus-Neumann_beitragsbild.jpg\" \/>\n\t<meta property=\"og:image:width\" content=\"200\" \/>\n\t<meta property=\"og:image:height\" content=\"200\" \/>\n\t<meta property=\"og:image:type\" content=\"image\/jpeg\" \/>\n<meta name=\"author\" content=\"beatrixlosem\" \/>\n<meta name=\"twitter:label1\" content=\"Verfasst von\" \/>\n\t<meta name=\"twitter:data1\" content=\"beatrixlosem\" \/>\n\t<meta name=\"twitter:label2\" content=\"Gesch\u00e4tzte Lesezeit\" \/>\n\t<meta name=\"twitter:data2\" content=\"1\u00a0Minute\" \/>\n<script type=\"application\/ld+json\" class=\"yoast-schema-graph\">{\"@context\":\"https:\/\/schema.org\",\"@graph\":[{\"@type\":\"WebPage\",\"@id\":\"https:\/\/www.naturparkmagazin.de\/vdn\/gutes-beispiel-kaufland-und-unilever-unterstuetzen-gewaesserschutzprojekte-in-naturparken\/\",\"url\":\"https:\/\/www.naturparkmagazin.de\/vdn\/gutes-beispiel-kaufland-und-unilever-unterstuetzen-gewaesserschutzprojekte-in-naturparken\/\",\"name\":\"\u201eGutes Beispiel\u201c \u2013 Kaufland und Unilever unterst\u00fctzen Gew\u00e4sserschutzprojekte in Naturparken\",\"isPartOf\":{\"@id\":\"https:\/\/www.naturparkmagazin.de\/vdn\/#website\"},\"datePublished\":\"2016-12-11T13:49:37+00:00\",\"dateModified\":\"2016-12-22T09:31:20+00:00\",\"author\":{\"@id\":\"https:\/\/www.naturparkmagazin.de\/vdn\/#\/schema\/person\/d71357578c318b6db03be60b1f60396b\"},\"description\":\"In zwei Naturparken unterst\u00fctzen jetzt die Unternehmen Kaufland und Unilever Projekte zum Gew\u00e4sserschutz.\",\"breadcrumb\":{\"@id\":\"https:\/\/www.naturparkmagazin.de\/vdn\/gutes-beispiel-kaufland-und-unilever-unterstuetzen-gewaesserschutzprojekte-in-naturparken\/#breadcrumb\"},\"inLanguage\":\"de\",\"potentialAction\":[{\"@type\":\"ReadAction\",\"target\":[\"https:\/\/www.naturparkmagazin.de\/vdn\/gutes-beispiel-kaufland-und-unilever-unterstuetzen-gewaesserschutzprojekte-in-naturparken\/\"]}]},{\"@type\":\"BreadcrumbList\",\"@id\":\"https:\/\/www.naturparkmagazin.de\/vdn\/gutes-beispiel-kaufland-und-unilever-unterstuetzen-gewaesserschutzprojekte-in-naturparken\/#breadcrumb\",\"itemListElement\":[{\"@type\":\"ListItem\",\"position\":1,\"name\":\"Home\",\"item\":\"https:\/\/www.naturparkmagazin.de\/vdn\/\"},{\"@type\":\"ListItem\",\"position\":2,\"name\":\"\u201eGutes Beispiel\u201c \u2013 Kaufland und Unilever unterst\u00fctzen Gew\u00e4sserschutzprojekte in Naturparken\"}]},{\"@type\":\"WebSite\",\"@id\":\"https:\/\/www.naturparkmagazin.de\/vdn\/#website\",\"url\":\"https:\/\/www.naturparkmagazin.de\/vdn\/\",\"name\":\"Verband Deutscher Naturparke\",\"description\":\"Eine weitere Naturparkmagazin.de Netzwerk Seite\",\"potentialAction\":[{\"@type\":\"SearchAction\",\"target\":{\"@type\":\"EntryPoint\",\"urlTemplate\":\"https:\/\/www.naturparkmagazin.de\/vdn\/?s={search_term_string}\"},\"query-input\":\"required name=search_term_string\"}],\"inLanguage\":\"de\"},{\"@type\":\"Person\",\"@id\":\"https:\/\/www.naturparkmagazin.de\/vdn\/#\/schema\/person\/d71357578c318b6db03be60b1f60396b\",\"name\":\"beatrixlosem\",\"url\":\"https:\/\/www.naturparkmagazin.de\/vdn\/author\/beatrixlosem\/\"}]}<\/script>\n<!-- \/ Yoast SEO plugin. -->","yoast_head_json":{"title":"\u201eGutes Beispiel\u201c \u2013 Kaufland und Unilever unterst\u00fctzen Gew\u00e4sserschutzprojekte in Naturparken","description":"In zwei Naturparken unterst\u00fctzen jetzt die Unternehmen Kaufland und Unilever Projekte zum Gew\u00e4sserschutz.","robots":{"index":"index","follow":"follow","max-snippet":"max-snippet:-1","max-image-preview":"max-image-preview:large","max-video-preview":"max-video-preview:-1"},"canonical":"https:\/\/www.naturparkmagazin.de\/vdn\/gutes-beispiel-kaufland-und-unilever-unterstuetzen-gewaesserschutzprojekte-in-naturparken\/","og_locale":"de_DE","og_type":"article","og_title":"\u201eGutes Beispiel\u201c \u2013 Kaufland und Unilever unterst\u00fctzen Gew\u00e4sserschutzprojekte in Naturparken","og_description":"In zwei Naturparken unterst\u00fctzen jetzt die Unternehmen Kaufland und Unilever Projekte zum Gew\u00e4sserschutz.","og_url":"https:\/\/www.naturparkmagazin.de\/vdn\/gutes-beispiel-kaufland-und-unilever-unterstuetzen-gewaesserschutzprojekte-in-naturparken\/","og_site_name":"Verband Deutscher Naturparke","article_published_time":"2016-12-11T13:49:37+00:00","article_modified_time":"2016-12-22T09:31:20+00:00","og_image":[{"width":200,"height":200,"url":"https:\/\/www.naturparkmagazin.de\/vdn\/wp-content\/uploads\/sites\/3\/Kleinen_Arbersee_Brigitte-Deus-Neumann_beitragsbild.jpg","type":"image\/jpeg"}],"author":"beatrixlosem","twitter_misc":{"Verfasst von":"beatrixlosem","Gesch\u00e4tzte Lesezeit":"1\u00a0Minute"},"schema":{"@context":"https:\/\/schema.org","@graph":[{"@type":"WebPage","@id":"https:\/\/www.naturparkmagazin.de\/vdn\/gutes-beispiel-kaufland-und-unilever-unterstuetzen-gewaesserschutzprojekte-in-naturparken\/","url":"https:\/\/www.naturparkmagazin.de\/vdn\/gutes-beispiel-kaufland-und-unilever-unterstuetzen-gewaesserschutzprojekte-in-naturparken\/","name":"\u201eGutes Beispiel\u201c \u2013 Kaufland und Unilever unterst\u00fctzen Gew\u00e4sserschutzprojekte in Naturparken","isPartOf":{"@id":"https:\/\/www.naturparkmagazin.de\/vdn\/#website"},"datePublished":"2016-12-11T13:49:37+00:00","dateModified":"2016-12-22T09:31:20+00:00","author":{"@id":"https:\/\/www.naturparkmagazin.de\/vdn\/#\/schema\/person\/d71357578c318b6db03be60b1f60396b"},"description":"In zwei Naturparken unterst\u00fctzen jetzt die Unternehmen Kaufland und Unilever Projekte zum Gew\u00e4sserschutz.","breadcrumb":{"@id":"https:\/\/www.naturparkmagazin.de\/vdn\/gutes-beispiel-kaufland-und-unilever-unterstuetzen-gewaesserschutzprojekte-in-naturparken\/#breadcrumb"},"inLanguage":"de","potentialAction":[{"@type":"ReadAction","target":["https:\/\/www.naturparkmagazin.de\/vdn\/gutes-beispiel-kaufland-und-unilever-unterstuetzen-gewaesserschutzprojekte-in-naturparken\/"]}]},{"@type":"BreadcrumbList","@id":"https:\/\/www.naturparkmagazin.de\/vdn\/gutes-beispiel-kaufland-und-unilever-unterstuetzen-gewaesserschutzprojekte-in-naturparken\/#breadcrumb","itemListElement":[{"@type":"ListItem","position":1,"name":"Home","item":"https:\/\/www.naturparkmagazin.de\/vdn\/"},{"@type":"ListItem","position":2,"name":"\u201eGutes Beispiel\u201c \u2013 Kaufland und Unilever unterst\u00fctzen Gew\u00e4sserschutzprojekte in Naturparken"}]},{"@type":"WebSite","@id":"https:\/\/www.naturparkmagazin.de\/vdn\/#website","url":"https:\/\/www.naturparkmagazin.de\/vdn\/","name":"Verband Deutscher Naturparke","description":"Eine weitere Naturparkmagazin.de Netzwerk Seite","potentialAction":[{"@type":"SearchAction","target":{"@type":"EntryPoint","urlTemplate":"https:\/\/www.naturparkmagazin.de\/vdn\/?s={search_term_string}"},"query-input":"required name=search_term_string"}],"inLanguage":"de"},{"@type":"Person","@id":"https:\/\/www.naturparkmagazin.de\/vdn\/#\/schema\/person\/d71357578c318b6db03be60b1f60396b","name":"beatrixlosem","url":"https:\/\/www.naturparkmagazin.de\/vdn\/author\/beatrixlosem\/"}]}},"_links":{"self":[{"href":"https:\/\/www.naturparkmagazin.de\/vdn\/wp-json\/wp\/v2\/posts\/8010"}],"collection":[{"href":"https:\/\/www.naturparkmagazin.de\/vdn\/wp-json\/wp\/v2\/posts"}],"about":[{"href":"https:\/\/www.naturparkmagazin.de\/vdn\/wp-json\/wp\/v2\/types\/post"}],"author":[{"embeddable":true,"href":"https:\/\/www.naturparkmagazin.de\/vdn\/wp-json\/wp\/v2\/users\/51"}],"replies":[{"embeddable":true,"href":"https:\/\/www.naturparkmagazin.de\/vdn\/wp-json\/wp\/v2\/comments?post=8010"}],"version-history":[{"count":7,"href":"https:\/\/www.naturparkmagazin.de\/vdn\/wp-json\/wp\/v2\/posts\/8010\/revisions"}],"predecessor-version":[{"id":8190,"href":"https:\/\/www.naturparkmagazin.de\/vdn\/wp-json\/wp\/v2\/posts\/8010\/revisions\/8190"}],"wp:featuredmedia":[{"embeddable":true,"href":"https:\/\/www.naturparkmagazin.de\/vdn\/wp-json\/wp\/v2\/media\/8041"}],"wp:attachment":[{"href":"https:\/\/www.naturparkmagazin.de\/vdn\/wp-json\/wp\/v2\/media?parent=8010"}],"wp:term":[{"taxonomy":"category","embeddable":true,"href":"https:\/\/www.naturparkmagazin.de\/vdn\/wp-json\/wp\/v2\/categories?post=8010"},{"taxonomy":"post_tag","embeddable":true,"href":"https:\/\/www.naturparkmagazin.de\/vdn\/wp-json\/wp\/v2\/tags?post=8010"}],"curies":[{"name":"wp","href":"https:\/\/api.w.org\/{rel}","templated":true}]}}