{"id":8085,"date":"2016-12-11T12:59:58","date_gmt":"2016-12-11T11:59:58","guid":{"rendered":"http:\/\/www.naturparkmagazin.de\/vdn\/?p=8085"},"modified":"2016-12-15T14:00:13","modified_gmt":"2016-12-15T13:00:13","slug":"ueberflug-von-guenther-linderer","status":"publish","type":"post","link":"https:\/\/www.naturparkmagazin.de\/vdn\/ueberflug-von-guenther-linderer\/","title":{"rendered":"\u201e\u00dcberflug\u201c von G\u00fcnther Linderer"},"content":{"rendered":"<div id=\"attachment_8088\" style=\"width: 510px\" class=\"wp-caption aligncenter\"><a href=\"https:\/\/www.naturparkmagazin.de\/vdn\/wp-content\/uploads\/sites\/3\/flyaway_beitrag.jpg\"><img aria-describedby=\"caption-attachment-8088\" decoding=\"async\" loading=\"lazy\" class=\"size-full wp-image-8088\" src=\"https:\/\/www.naturparkmagazin.de\/vdn\/wp-content\/uploads\/sites\/3\/flyaway_beitrag.jpg\" alt=\"\u00dcberflug \u00a9 VDN \/ G\u00fcnter Linderer\" width=\"500\" height=\"300\" srcset=\"https:\/\/www.naturparkmagazin.de\/vdn\/wp-content\/uploads\/sites\/3\/flyaway_beitrag.jpg 500w, https:\/\/www.naturparkmagazin.de\/vdn\/wp-content\/uploads\/sites\/3\/flyaway_beitrag-300x180.jpg 300w, https:\/\/www.naturparkmagazin.de\/vdn\/wp-content\/uploads\/sites\/3\/flyaway_beitrag-200x120.jpg 200w\" sizes=\"(max-width: 500px) 100vw, 500px\" \/><\/a><p id=\"caption-attachment-8088\" class=\"wp-caption-text\">\u00dcberflug \u00a9 VDN \/ G\u00fcnter Linderer<\/p><\/div>\n<p>\u201eTierspuren im Naturpark\u201c war das letzte Monatsthema im Fotowettbewerb \u201eAugenblick Natur\u201c 2016. Mit seinem Motiv \u201e\u00dcberflug\u201c aus dem Naturpark Schwarzwald Mitte\/Nord wurde G\u00fcnther Linderer Monatssieger im Oktober.<\/p>\n<p>In Ihrer Laudatio schreibt die Jury: \u201eDie Aufnahme \u201e\u00dcberflug&#8220; ist ein gelungenes Beispiel daf\u00fcr, wie durch Reduktion auf das Wesentliche und die Darstellung eines kleinen Bereiches der Wirklichkeit ein spannungsvolles Bild entstehen kann. Das Schwarz-Wei\u00df-Bild besteht aus drei Elementen: Die dunkle, fast schwarze Oberfl\u00e4che eines gefrorenen Gew\u00e4ssers, eine d\u00fcnne, wei\u00dfe Schneeschicht und die Fu\u00dfspuren von zwei V\u00f6geln, die ihre Abdr\u00fccke im Schnee hinterlassen haben. Zus\u00e4tzlich ergibt sich eine zweite Lesart des Bildes. Die dunklen und hellen Stellen wirken wie die Zeichnung einer Landkarte, die Fu\u00dfabdr\u00fccke wie Flugrouten, die Punkte auf dem Festland verbinden, ein Werbeplakat eines Reiseb\u00fcros der 40er Jahre&#8230;\u201c<\/p>\n<p>Alle Monatssieger im Fotowettbewerb \u201eAugenblick Natur\u201c 2016 und weitere tolle Fotos aus Naturparken in Deutschland finden Sie unter <a href=\"http:\/\/www.naturparkfotos.de\" target=\"_blank\">www.naturparkfotos.de<\/a><\/p>\n<p>&nbsp;<\/p>\n<p>&nbsp;<\/p>\n","protected":false},"excerpt":{"rendered":"<p>\u201eTierspuren im Naturpark\u201c war das letzte Monatsthema im Fotowettbewerb \u201eAugenblick Natur\u201c 2016. Mit seinem Motiv \u201e\u00dcberflug\u201c aus dem Naturpark Schwarzwald Mitte\/Nord wurde G\u00fcnther Linderer Monatssieger im Oktober.<\/p>\n","protected":false},"author":51,"featured_media":8089,"comment_status":"open","ping_status":"open","sticky":false,"template":"","format":"standard","meta":{"_links_to":"","_links_to_target":""},"categories":[10],"tags":[508,686,3150,654,88,806,35,3155,231,81,94,41,501],"yoast_head":"<!-- This site is optimized with the Yoast SEO plugin v19.10 - https:\/\/yoast.com\/wordpress\/plugins\/seo\/ -->\n<title>\u201e\u00dcberflug\u201c von G\u00fcnther Linderer<\/title>\n<meta name=\"description\" content=\"\u201eTierspuren im Naturpark\u201c lautete ein Thema im Fotowettbewerb \u201eAugenblick Natur\u201c 2016. Mit seinem Motiv \u201e\u00dcberflug\u201c wurde G\u00fcnther Linderer Monatssieger.\" \/>\n<meta name=\"robots\" content=\"index, follow, max-snippet:-1, max-image-preview:large, max-video-preview:-1\" \/>\n<link rel=\"canonical\" href=\"https:\/\/www.naturparkmagazin.de\/vdn\/ueberflug-von-guenther-linderer\/\" \/>\n<meta property=\"og:locale\" content=\"de_DE\" \/>\n<meta property=\"og:type\" content=\"article\" \/>\n<meta property=\"og:title\" content=\"\u201e\u00dcberflug\u201c von G\u00fcnther Linderer\" \/>\n<meta property=\"og:description\" content=\"\u201eTierspuren im Naturpark\u201c lautete ein Thema im Fotowettbewerb \u201eAugenblick Natur\u201c 2016. Mit seinem Motiv \u201e\u00dcberflug\u201c wurde G\u00fcnther Linderer Monatssieger.\" \/>\n<meta property=\"og:url\" content=\"https:\/\/www.naturparkmagazin.de\/vdn\/ueberflug-von-guenther-linderer\/\" \/>\n<meta property=\"og:site_name\" content=\"Verband Deutscher Naturparke\" \/>\n<meta property=\"article:published_time\" content=\"2016-12-11T11:59:58+00:00\" \/>\n<meta property=\"article:modified_time\" content=\"2016-12-15T13:00:13+00:00\" \/>\n<meta property=\"og:image\" content=\"https:\/\/www.naturparkmagazin.de\/vdn\/wp-content\/uploads\/sites\/3\/flyaway_beitragsbild.jpg\" \/>\n\t<meta property=\"og:image:width\" content=\"200\" \/>\n\t<meta property=\"og:image:height\" content=\"200\" \/>\n\t<meta property=\"og:image:type\" content=\"image\/jpeg\" \/>\n<meta name=\"author\" content=\"beatrixlosem\" \/>\n<meta name=\"twitter:label1\" content=\"Verfasst von\" \/>\n\t<meta name=\"twitter:data1\" content=\"beatrixlosem\" \/>\n\t<meta name=\"twitter:label2\" content=\"Gesch\u00e4tzte Lesezeit\" \/>\n\t<meta name=\"twitter:data2\" content=\"1\u00a0Minute\" \/>\n<script type=\"application\/ld+json\" class=\"yoast-schema-graph\">{\"@context\":\"https:\/\/schema.org\",\"@graph\":[{\"@type\":\"WebPage\",\"@id\":\"https:\/\/www.naturparkmagazin.de\/vdn\/ueberflug-von-guenther-linderer\/\",\"url\":\"https:\/\/www.naturparkmagazin.de\/vdn\/ueberflug-von-guenther-linderer\/\",\"name\":\"\u201e\u00dcberflug\u201c von G\u00fcnther Linderer\",\"isPartOf\":{\"@id\":\"https:\/\/www.naturparkmagazin.de\/vdn\/#website\"},\"datePublished\":\"2016-12-11T11:59:58+00:00\",\"dateModified\":\"2016-12-15T13:00:13+00:00\",\"author\":{\"@id\":\"https:\/\/www.naturparkmagazin.de\/vdn\/#\/schema\/person\/d71357578c318b6db03be60b1f60396b\"},\"description\":\"\u201eTierspuren im Naturpark\u201c lautete ein Thema im Fotowettbewerb \u201eAugenblick Natur\u201c 2016. Mit seinem Motiv \u201e\u00dcberflug\u201c wurde G\u00fcnther Linderer Monatssieger.\",\"breadcrumb\":{\"@id\":\"https:\/\/www.naturparkmagazin.de\/vdn\/ueberflug-von-guenther-linderer\/#breadcrumb\"},\"inLanguage\":\"de\",\"potentialAction\":[{\"@type\":\"ReadAction\",\"target\":[\"https:\/\/www.naturparkmagazin.de\/vdn\/ueberflug-von-guenther-linderer\/\"]}]},{\"@type\":\"BreadcrumbList\",\"@id\":\"https:\/\/www.naturparkmagazin.de\/vdn\/ueberflug-von-guenther-linderer\/#breadcrumb\",\"itemListElement\":[{\"@type\":\"ListItem\",\"position\":1,\"name\":\"Home\",\"item\":\"https:\/\/www.naturparkmagazin.de\/vdn\/\"},{\"@type\":\"ListItem\",\"position\":2,\"name\":\"\u201e\u00dcberflug\u201c von G\u00fcnther Linderer\"}]},{\"@type\":\"WebSite\",\"@id\":\"https:\/\/www.naturparkmagazin.de\/vdn\/#website\",\"url\":\"https:\/\/www.naturparkmagazin.de\/vdn\/\",\"name\":\"Verband Deutscher Naturparke\",\"description\":\"Eine weitere Naturparkmagazin.de Netzwerk Seite\",\"potentialAction\":[{\"@type\":\"SearchAction\",\"target\":{\"@type\":\"EntryPoint\",\"urlTemplate\":\"https:\/\/www.naturparkmagazin.de\/vdn\/?s={search_term_string}\"},\"query-input\":\"required name=search_term_string\"}],\"inLanguage\":\"de\"},{\"@type\":\"Person\",\"@id\":\"https:\/\/www.naturparkmagazin.de\/vdn\/#\/schema\/person\/d71357578c318b6db03be60b1f60396b\",\"name\":\"beatrixlosem\",\"url\":\"https:\/\/www.naturparkmagazin.de\/vdn\/author\/beatrixlosem\/\"}]}<\/script>\n<!-- \/ Yoast SEO plugin. -->","yoast_head_json":{"title":"\u201e\u00dcberflug\u201c von G\u00fcnther Linderer","description":"\u201eTierspuren im Naturpark\u201c lautete ein Thema im Fotowettbewerb \u201eAugenblick Natur\u201c 2016. Mit seinem Motiv \u201e\u00dcberflug\u201c wurde G\u00fcnther Linderer Monatssieger.","robots":{"index":"index","follow":"follow","max-snippet":"max-snippet:-1","max-image-preview":"max-image-preview:large","max-video-preview":"max-video-preview:-1"},"canonical":"https:\/\/www.naturparkmagazin.de\/vdn\/ueberflug-von-guenther-linderer\/","og_locale":"de_DE","og_type":"article","og_title":"\u201e\u00dcberflug\u201c von G\u00fcnther Linderer","og_description":"\u201eTierspuren im Naturpark\u201c lautete ein Thema im Fotowettbewerb \u201eAugenblick Natur\u201c 2016. Mit seinem Motiv \u201e\u00dcberflug\u201c wurde G\u00fcnther Linderer Monatssieger.","og_url":"https:\/\/www.naturparkmagazin.de\/vdn\/ueberflug-von-guenther-linderer\/","og_site_name":"Verband Deutscher Naturparke","article_published_time":"2016-12-11T11:59:58+00:00","article_modified_time":"2016-12-15T13:00:13+00:00","og_image":[{"width":200,"height":200,"url":"https:\/\/www.naturparkmagazin.de\/vdn\/wp-content\/uploads\/sites\/3\/flyaway_beitragsbild.jpg","type":"image\/jpeg"}],"author":"beatrixlosem","twitter_misc":{"Verfasst von":"beatrixlosem","Gesch\u00e4tzte Lesezeit":"1\u00a0Minute"},"schema":{"@context":"https:\/\/schema.org","@graph":[{"@type":"WebPage","@id":"https:\/\/www.naturparkmagazin.de\/vdn\/ueberflug-von-guenther-linderer\/","url":"https:\/\/www.naturparkmagazin.de\/vdn\/ueberflug-von-guenther-linderer\/","name":"\u201e\u00dcberflug\u201c von G\u00fcnther Linderer","isPartOf":{"@id":"https:\/\/www.naturparkmagazin.de\/vdn\/#website"},"datePublished":"2016-12-11T11:59:58+00:00","dateModified":"2016-12-15T13:00:13+00:00","author":{"@id":"https:\/\/www.naturparkmagazin.de\/vdn\/#\/schema\/person\/d71357578c318b6db03be60b1f60396b"},"description":"\u201eTierspuren im Naturpark\u201c lautete ein Thema im Fotowettbewerb \u201eAugenblick Natur\u201c 2016. Mit seinem Motiv \u201e\u00dcberflug\u201c wurde G\u00fcnther Linderer Monatssieger.","breadcrumb":{"@id":"https:\/\/www.naturparkmagazin.de\/vdn\/ueberflug-von-guenther-linderer\/#breadcrumb"},"inLanguage":"de","potentialAction":[{"@type":"ReadAction","target":["https:\/\/www.naturparkmagazin.de\/vdn\/ueberflug-von-guenther-linderer\/"]}]},{"@type":"BreadcrumbList","@id":"https:\/\/www.naturparkmagazin.de\/vdn\/ueberflug-von-guenther-linderer\/#breadcrumb","itemListElement":[{"@type":"ListItem","position":1,"name":"Home","item":"https:\/\/www.naturparkmagazin.de\/vdn\/"},{"@type":"ListItem","position":2,"name":"\u201e\u00dcberflug\u201c von G\u00fcnther Linderer"}]},{"@type":"WebSite","@id":"https:\/\/www.naturparkmagazin.de\/vdn\/#website","url":"https:\/\/www.naturparkmagazin.de\/vdn\/","name":"Verband Deutscher Naturparke","description":"Eine weitere Naturparkmagazin.de Netzwerk Seite","potentialAction":[{"@type":"SearchAction","target":{"@type":"EntryPoint","urlTemplate":"https:\/\/www.naturparkmagazin.de\/vdn\/?s={search_term_string}"},"query-input":"required name=search_term_string"}],"inLanguage":"de"},{"@type":"Person","@id":"https:\/\/www.naturparkmagazin.de\/vdn\/#\/schema\/person\/d71357578c318b6db03be60b1f60396b","name":"beatrixlosem","url":"https:\/\/www.naturparkmagazin.de\/vdn\/author\/beatrixlosem\/"}]}},"_links":{"self":[{"href":"https:\/\/www.naturparkmagazin.de\/vdn\/wp-json\/wp\/v2\/posts\/8085"}],"collection":[{"href":"https:\/\/www.naturparkmagazin.de\/vdn\/wp-json\/wp\/v2\/posts"}],"about":[{"href":"https:\/\/www.naturparkmagazin.de\/vdn\/wp-json\/wp\/v2\/types\/post"}],"author":[{"embeddable":true,"href":"https:\/\/www.naturparkmagazin.de\/vdn\/wp-json\/wp\/v2\/users\/51"}],"replies":[{"embeddable":true,"href":"https:\/\/www.naturparkmagazin.de\/vdn\/wp-json\/wp\/v2\/comments?post=8085"}],"version-history":[{"count":6,"href":"https:\/\/www.naturparkmagazin.de\/vdn\/wp-json\/wp\/v2\/posts\/8085\/revisions"}],"predecessor-version":[{"id":8175,"href":"https:\/\/www.naturparkmagazin.de\/vdn\/wp-json\/wp\/v2\/posts\/8085\/revisions\/8175"}],"wp:featuredmedia":[{"embeddable":true,"href":"https:\/\/www.naturparkmagazin.de\/vdn\/wp-json\/wp\/v2\/media\/8089"}],"wp:attachment":[{"href":"https:\/\/www.naturparkmagazin.de\/vdn\/wp-json\/wp\/v2\/media?parent=8085"}],"wp:term":[{"taxonomy":"category","embeddable":true,"href":"https:\/\/www.naturparkmagazin.de\/vdn\/wp-json\/wp\/v2\/categories?post=8085"},{"taxonomy":"post_tag","embeddable":true,"href":"https:\/\/www.naturparkmagazin.de\/vdn\/wp-json\/wp\/v2\/tags?post=8085"}],"curies":[{"name":"wp","href":"https:\/\/api.w.org\/{rel}","templated":true}]}}