{"id":809,"date":"2013-05-08T10:00:00","date_gmt":"2013-05-08T08:00:00","guid":{"rendered":"http:\/\/www.naturparkmagazin.de\/vdn\/?p=809"},"modified":"2013-05-08T17:32:41","modified_gmt":"2013-05-08T15:32:41","slug":"kuerbis-knabberkerne-aus-dem-naturpark-nuthe-nieplitz","status":"publish","type":"post","link":"https:\/\/www.naturparkmagazin.de\/vdn\/kuerbis-knabberkerne-aus-dem-naturpark-nuthe-nieplitz\/","title":{"rendered":"K\u00fcrbis-Knabberkerne aus dem Naturpark Nuthe-Nieplitz"},"content":{"rendered":"<p>&nbsp;<\/p>\n<p><a href=\"https:\/\/www.naturparkmagazin.de\/vdn\/wp-content\/uploads\/sites\/3\/syring-Pallette.jpg\"><img decoding=\"async\" loading=\"lazy\" class=\"alignnone size-medium wp-image-810\" alt=\"syring-Pallette\" src=\"https:\/\/www.naturparkmagazin.de\/vdn\/wp-content\/uploads\/sites\/3\/syring-Pallette-620x805.jpg\" width=\"310\" height=\"401\" \/><\/a><\/p>\n<p>Seit 2004 bewirtschaftet ein kleines Team um Thomas Syring im brandenburgischen Naturpark Nuthe-Nieplitz auf dem K\u00fcrbishof-Syring eine ca. 100 Hektar gro\u00dfe Fl\u00e4che. Neben den klassischen Speisek\u00fcrbissen, wie Muskat und dem Hokkaido, wird vornehmlich der Steirische \u00d6lk\u00fcrbis f\u00fcr die Gewinnung von K\u00fcrbiskern\u00f6l angebaut. Die produzierten Spezialit\u00e4ten, wie das Beelitzer K\u00fcrbiskern\u00f6l und K\u00fcrbis-Knabberkerne sind biozertifiziert.<\/p>\n<p>Die K\u00fcrbis-Knabberkerne sowie viele weitere Spezialit\u00e4ten aus den Naturparken k\u00f6nnen Sie im Naturparke-Spezialit\u00e4ten-Shop <a title=\"Naturparke-Spezialit\u00e4ten-Shop\" href=\"http:\/\/www.naturpark-spezialitaeten.de\/pg\/produkt-des-monats\" target=\"_blank\">bestellen<\/a>.<\/p>\n<p><a title=\"Produkt des Monats\" href=\"http:\/\/www.naturpark-spezialitaeten.de\/pg\/produkt-des-monats\" target=\"_blank\">\u00a0<\/a><\/p>\n<p>&nbsp;<\/p>\n","protected":false},"excerpt":{"rendered":"<p>Seit 2004 bewirtschaftet ein kleines Team um Thomas Syring im brandenburgischen Naturpark Nuthe-Nieplitz auf dem K\u00fcrbishof-Syring eine ca. 100 Hektar gro\u00dfe Fl\u00e4che. Neben den klassischen &#8230;<\/p>\n","protected":false},"author":14,"featured_media":810,"comment_status":"open","ping_status":"open","sticky":false,"template":"","format":"standard","meta":{"_links_to":"","_links_to_target":""},"categories":[13],"tags":[],"yoast_head":"<!-- This site is optimized with the Yoast SEO plugin v19.10 - https:\/\/yoast.com\/wordpress\/plugins\/seo\/ -->\n<title>K\u00fcrbis-Knabberkerne aus dem Naturpark Nuthe-Nieplitz<\/title>\n<meta name=\"description\" content=\"Seit 2004 bewirtschaftet ein kleines Team um Thomas Syring im brandenburgischen Naturpark Nuthe-Nieplitz auf dem K\u00fcrbishof-Syring eine ca. 100 Hektar gro\u00dfe Fl\u00e4che. Neben den klassischen ...\" \/>\n<meta name=\"robots\" content=\"index, follow, max-snippet:-1, max-image-preview:large, max-video-preview:-1\" \/>\n<link rel=\"canonical\" href=\"https:\/\/www.naturparkmagazin.de\/vdn\/kuerbis-knabberkerne-aus-dem-naturpark-nuthe-nieplitz\/\" \/>\n<meta property=\"og:locale\" content=\"de_DE\" \/>\n<meta property=\"og:type\" content=\"article\" \/>\n<meta property=\"og:title\" content=\"K\u00fcrbis-Knabberkerne aus dem Naturpark Nuthe-Nieplitz\" \/>\n<meta property=\"og:description\" content=\"Seit 2004 bewirtschaftet ein kleines Team um Thomas Syring im brandenburgischen Naturpark Nuthe-Nieplitz auf dem K\u00fcrbishof-Syring eine ca. 100 Hektar gro\u00dfe Fl\u00e4che. Neben den klassischen ...\" \/>\n<meta property=\"og:url\" content=\"https:\/\/www.naturparkmagazin.de\/vdn\/kuerbis-knabberkerne-aus-dem-naturpark-nuthe-nieplitz\/\" \/>\n<meta property=\"og:site_name\" content=\"Verband Deutscher Naturparke\" \/>\n<meta property=\"article:published_time\" content=\"2013-05-08T08:00:00+00:00\" \/>\n<meta property=\"article:modified_time\" content=\"2013-05-08T15:32:41+00:00\" \/>\n<meta property=\"og:image\" content=\"https:\/\/www.naturparkmagazin.de\/vdn\/wp-content\/uploads\/sites\/3\/syring-Pallette.jpg\" \/>\n\t<meta property=\"og:image:width\" content=\"1428\" \/>\n\t<meta property=\"og:image:height\" content=\"1856\" \/>\n\t<meta property=\"og:image:type\" content=\"image\/jpeg\" \/>\n<meta name=\"author\" content=\"vdnnational\" \/>\n<meta name=\"twitter:label1\" content=\"Verfasst von\" \/>\n\t<meta name=\"twitter:data1\" content=\"vdnnational\" \/>\n<script type=\"application\/ld+json\" class=\"yoast-schema-graph\">{\"@context\":\"https:\/\/schema.org\",\"@graph\":[{\"@type\":\"WebPage\",\"@id\":\"https:\/\/www.naturparkmagazin.de\/vdn\/kuerbis-knabberkerne-aus-dem-naturpark-nuthe-nieplitz\/\",\"url\":\"https:\/\/www.naturparkmagazin.de\/vdn\/kuerbis-knabberkerne-aus-dem-naturpark-nuthe-nieplitz\/\",\"name\":\"K\u00fcrbis-Knabberkerne aus dem Naturpark Nuthe-Nieplitz\",\"isPartOf\":{\"@id\":\"https:\/\/www.naturparkmagazin.de\/vdn\/#website\"},\"datePublished\":\"2013-05-08T08:00:00+00:00\",\"dateModified\":\"2013-05-08T15:32:41+00:00\",\"author\":{\"@id\":\"https:\/\/www.naturparkmagazin.de\/vdn\/#\/schema\/person\/e28d931df83318a48d52ae72b08d2bfb\"},\"description\":\"Seit 2004 bewirtschaftet ein kleines Team um Thomas Syring im brandenburgischen Naturpark Nuthe-Nieplitz auf dem K\u00fcrbishof-Syring eine ca. 100 Hektar gro\u00dfe Fl\u00e4che. Neben den klassischen ...\",\"breadcrumb\":{\"@id\":\"https:\/\/www.naturparkmagazin.de\/vdn\/kuerbis-knabberkerne-aus-dem-naturpark-nuthe-nieplitz\/#breadcrumb\"},\"inLanguage\":\"de\",\"potentialAction\":[{\"@type\":\"ReadAction\",\"target\":[\"https:\/\/www.naturparkmagazin.de\/vdn\/kuerbis-knabberkerne-aus-dem-naturpark-nuthe-nieplitz\/\"]}]},{\"@type\":\"BreadcrumbList\",\"@id\":\"https:\/\/www.naturparkmagazin.de\/vdn\/kuerbis-knabberkerne-aus-dem-naturpark-nuthe-nieplitz\/#breadcrumb\",\"itemListElement\":[{\"@type\":\"ListItem\",\"position\":1,\"name\":\"Home\",\"item\":\"https:\/\/www.naturparkmagazin.de\/vdn\/\"},{\"@type\":\"ListItem\",\"position\":2,\"name\":\"K\u00fcrbis-Knabberkerne aus dem Naturpark Nuthe-Nieplitz\"}]},{\"@type\":\"WebSite\",\"@id\":\"https:\/\/www.naturparkmagazin.de\/vdn\/#website\",\"url\":\"https:\/\/www.naturparkmagazin.de\/vdn\/\",\"name\":\"Verband Deutscher Naturparke\",\"description\":\"Eine weitere Naturparkmagazin.de Netzwerk Seite\",\"potentialAction\":[{\"@type\":\"SearchAction\",\"target\":{\"@type\":\"EntryPoint\",\"urlTemplate\":\"https:\/\/www.naturparkmagazin.de\/vdn\/?s={search_term_string}\"},\"query-input\":\"required name=search_term_string\"}],\"inLanguage\":\"de\"},{\"@type\":\"Person\",\"@id\":\"https:\/\/www.naturparkmagazin.de\/vdn\/#\/schema\/person\/e28d931df83318a48d52ae72b08d2bfb\",\"name\":\"vdnnational\",\"url\":\"https:\/\/www.naturparkmagazin.de\/vdn\/author\/vdnnational\/\"}]}<\/script>\n<!-- \/ Yoast SEO plugin. -->","yoast_head_json":{"title":"K\u00fcrbis-Knabberkerne aus dem Naturpark Nuthe-Nieplitz","description":"Seit 2004 bewirtschaftet ein kleines Team um Thomas Syring im brandenburgischen Naturpark Nuthe-Nieplitz auf dem K\u00fcrbishof-Syring eine ca. 100 Hektar gro\u00dfe Fl\u00e4che. Neben den klassischen ...","robots":{"index":"index","follow":"follow","max-snippet":"max-snippet:-1","max-image-preview":"max-image-preview:large","max-video-preview":"max-video-preview:-1"},"canonical":"https:\/\/www.naturparkmagazin.de\/vdn\/kuerbis-knabberkerne-aus-dem-naturpark-nuthe-nieplitz\/","og_locale":"de_DE","og_type":"article","og_title":"K\u00fcrbis-Knabberkerne aus dem Naturpark Nuthe-Nieplitz","og_description":"Seit 2004 bewirtschaftet ein kleines Team um Thomas Syring im brandenburgischen Naturpark Nuthe-Nieplitz auf dem K\u00fcrbishof-Syring eine ca. 100 Hektar gro\u00dfe Fl\u00e4che. Neben den klassischen ...","og_url":"https:\/\/www.naturparkmagazin.de\/vdn\/kuerbis-knabberkerne-aus-dem-naturpark-nuthe-nieplitz\/","og_site_name":"Verband Deutscher Naturparke","article_published_time":"2013-05-08T08:00:00+00:00","article_modified_time":"2013-05-08T15:32:41+00:00","og_image":[{"width":1428,"height":1856,"url":"https:\/\/www.naturparkmagazin.de\/vdn\/wp-content\/uploads\/sites\/3\/syring-Pallette.jpg","type":"image\/jpeg"}],"author":"vdnnational","twitter_misc":{"Verfasst von":"vdnnational"},"schema":{"@context":"https:\/\/schema.org","@graph":[{"@type":"WebPage","@id":"https:\/\/www.naturparkmagazin.de\/vdn\/kuerbis-knabberkerne-aus-dem-naturpark-nuthe-nieplitz\/","url":"https:\/\/www.naturparkmagazin.de\/vdn\/kuerbis-knabberkerne-aus-dem-naturpark-nuthe-nieplitz\/","name":"K\u00fcrbis-Knabberkerne aus dem Naturpark Nuthe-Nieplitz","isPartOf":{"@id":"https:\/\/www.naturparkmagazin.de\/vdn\/#website"},"datePublished":"2013-05-08T08:00:00+00:00","dateModified":"2013-05-08T15:32:41+00:00","author":{"@id":"https:\/\/www.naturparkmagazin.de\/vdn\/#\/schema\/person\/e28d931df83318a48d52ae72b08d2bfb"},"description":"Seit 2004 bewirtschaftet ein kleines Team um Thomas Syring im brandenburgischen Naturpark Nuthe-Nieplitz auf dem K\u00fcrbishof-Syring eine ca. 100 Hektar gro\u00dfe Fl\u00e4che. Neben den klassischen ...","breadcrumb":{"@id":"https:\/\/www.naturparkmagazin.de\/vdn\/kuerbis-knabberkerne-aus-dem-naturpark-nuthe-nieplitz\/#breadcrumb"},"inLanguage":"de","potentialAction":[{"@type":"ReadAction","target":["https:\/\/www.naturparkmagazin.de\/vdn\/kuerbis-knabberkerne-aus-dem-naturpark-nuthe-nieplitz\/"]}]},{"@type":"BreadcrumbList","@id":"https:\/\/www.naturparkmagazin.de\/vdn\/kuerbis-knabberkerne-aus-dem-naturpark-nuthe-nieplitz\/#breadcrumb","itemListElement":[{"@type":"ListItem","position":1,"name":"Home","item":"https:\/\/www.naturparkmagazin.de\/vdn\/"},{"@type":"ListItem","position":2,"name":"K\u00fcrbis-Knabberkerne aus dem Naturpark Nuthe-Nieplitz"}]},{"@type":"WebSite","@id":"https:\/\/www.naturparkmagazin.de\/vdn\/#website","url":"https:\/\/www.naturparkmagazin.de\/vdn\/","name":"Verband Deutscher Naturparke","description":"Eine weitere Naturparkmagazin.de Netzwerk Seite","potentialAction":[{"@type":"SearchAction","target":{"@type":"EntryPoint","urlTemplate":"https:\/\/www.naturparkmagazin.de\/vdn\/?s={search_term_string}"},"query-input":"required name=search_term_string"}],"inLanguage":"de"},{"@type":"Person","@id":"https:\/\/www.naturparkmagazin.de\/vdn\/#\/schema\/person\/e28d931df83318a48d52ae72b08d2bfb","name":"vdnnational","url":"https:\/\/www.naturparkmagazin.de\/vdn\/author\/vdnnational\/"}]}},"_links":{"self":[{"href":"https:\/\/www.naturparkmagazin.de\/vdn\/wp-json\/wp\/v2\/posts\/809"}],"collection":[{"href":"https:\/\/www.naturparkmagazin.de\/vdn\/wp-json\/wp\/v2\/posts"}],"about":[{"href":"https:\/\/www.naturparkmagazin.de\/vdn\/wp-json\/wp\/v2\/types\/post"}],"author":[{"embeddable":true,"href":"https:\/\/www.naturparkmagazin.de\/vdn\/wp-json\/wp\/v2\/users\/14"}],"replies":[{"embeddable":true,"href":"https:\/\/www.naturparkmagazin.de\/vdn\/wp-json\/wp\/v2\/comments?post=809"}],"version-history":[{"count":10,"href":"https:\/\/www.naturparkmagazin.de\/vdn\/wp-json\/wp\/v2\/posts\/809\/revisions"}],"predecessor-version":[{"id":1068,"href":"https:\/\/www.naturparkmagazin.de\/vdn\/wp-json\/wp\/v2\/posts\/809\/revisions\/1068"}],"wp:featuredmedia":[{"embeddable":true,"href":"https:\/\/www.naturparkmagazin.de\/vdn\/wp-json\/wp\/v2\/media\/810"}],"wp:attachment":[{"href":"https:\/\/www.naturparkmagazin.de\/vdn\/wp-json\/wp\/v2\/media?parent=809"}],"wp:term":[{"taxonomy":"category","embeddable":true,"href":"https:\/\/www.naturparkmagazin.de\/vdn\/wp-json\/wp\/v2\/categories?post=809"},{"taxonomy":"post_tag","embeddable":true,"href":"https:\/\/www.naturparkmagazin.de\/vdn\/wp-json\/wp\/v2\/tags?post=809"}],"curies":[{"name":"wp","href":"https:\/\/api.w.org\/{rel}","templated":true}]}}