{"id":8097,"date":"2016-12-11T15:59:18","date_gmt":"2016-12-11T14:59:18","guid":{"rendered":"http:\/\/www.naturparkmagazin.de\/vdn\/?p=8097"},"modified":"2016-12-22T10:30:35","modified_gmt":"2016-12-22T09:30:35","slug":"augenblick-natur-jahressieger-2016-im-fotowettbewerb-ermittelt","status":"publish","type":"post","link":"https:\/\/www.naturparkmagazin.de\/vdn\/augenblick-natur-jahressieger-2016-im-fotowettbewerb-ermittelt\/","title":{"rendered":"\u201eAugenblick Natur!\u201c \u2013 Jahressieger 2016 im Fotowettbewerb ermittelt"},"content":{"rendered":"<div id=\"attachment_8098\" style=\"width: 510px\" class=\"wp-caption aligncenter\"><a href=\"https:\/\/www.naturparkmagazin.de\/vdn\/wp-content\/uploads\/sites\/3\/Berg-OybinBeitrag.jpg\"><img aria-describedby=\"caption-attachment-8098\" decoding=\"async\" loading=\"lazy\" class=\"wp-image-8098 size-full\" src=\"https:\/\/www.naturparkmagazin.de\/vdn\/wp-content\/uploads\/sites\/3\/Berg-OybinBeitrag.jpg\" alt=\"Berg Oybin \u00a9 VDN \/ Cindy\" width=\"500\" height=\"300\" srcset=\"https:\/\/www.naturparkmagazin.de\/vdn\/wp-content\/uploads\/sites\/3\/Berg-OybinBeitrag.jpg 500w, https:\/\/www.naturparkmagazin.de\/vdn\/wp-content\/uploads\/sites\/3\/Berg-OybinBeitrag-300x180.jpg 300w, https:\/\/www.naturparkmagazin.de\/vdn\/wp-content\/uploads\/sites\/3\/Berg-OybinBeitrag-200x120.jpg 200w\" sizes=\"(max-width: 500px) 100vw, 500px\" \/><\/a><p id=\"caption-attachment-8098\" class=\"wp-caption-text\">Berg Oybin \u00a9 VDN \/ Cindy<\/p><\/div>\n<p>In ihrem schwarz-wei\u00df-Motiv aus dem Naturpark Zittauer Gebirge hatte die Naturfotografin Marila Paul die Burg- und Klosterruine Oybin im Nebel \u00fcber den W\u00e4ldern des Berges au\u00dfergew\u00f6hnlich in Szene gesetzt. Umk\u00e4mpft im Mittelalter, von Naturkatastrophen und Br\u00e4nden heimgesucht, wurden die Geb\u00e4ude schon vor Jahrhunderten aufgegeben. Das resultierende Szenario des Zerfalls brachte Sagen hervor und dient seit dem 18. Jahrhundert Malern wie Caspar David Friedrich und Carl Blechen als Motiv. Jetzt wurde Paul mit dieser \u201e\u00c4sthetik in schwarz-weiss\u201c Jahressiegerin im Fotowettbewerb \u201eAugenblick Natur!\u201c 2016.<\/p>\n<p>In Ihrer Laudatio schreibt die Jury: \u201eDie Bildautorin n\u00e4hert sich der Kloster- und Burgruine mittels einer \u00c4sthetik, die die Mystik der verfallenen Anlage akzentuiert und dem Betrachter eine Projektionsfl\u00e4che f\u00fcr die an Dramen reiche Historie des Ortes liefert. Die Wahl einer eher bedrohlich wirkenden Wettersituation, eine Reduktion auf kontrastarme Grauwerte sowie der \u00dcbersicht gew\u00e4hrende Kamerastandpunkt arbeiten \u00fcberzeugend zusammen, um ein &#8222;Gef\u00fchl f\u00fcr schauerlichsch\u00f6ne Natur&#8220; zu erzeugen, wie es der Schriftsteller Christian August Peschek formulierte. Neben der hohen k\u00fcnstlerischen Qualit\u00e4t sehen wir die Arbeit auch deshalb als Jahressieger, weil sie, ob intendiert oder nicht, dazu anregt, die Interaktionsr\u00e4ume von Mensch und Natur kritisch zu beobachten.\u201c<\/p>\n<p>Die Motive des Fotowettbewerbs \u201eAugenblick Natur\u201c 2016 und viele weitere tolle Fotos aus Naturparken in Deutschland finden Sie auf <a href=\"http:\/\/www.naturparkfotos.de\" target=\"_blank\">www.naturparkfotos.de<\/a>.<\/p>\n<p><a href=\"http:\/\/www.naturparke.de\/system\/articledownloads\/492\/original\/PM_Fotowettbewerb_Jahressieger_2016_final.pdf?1481806089\" target=\"_blank\">&gt;&gt; Hier k\u00f6nnen Sie die Pressemitteilung anschauen <\/a><\/p>\n<p>&nbsp;<\/p>\n","protected":false},"excerpt":{"rendered":"<p>Schon bei der Wahl des Monatssiegers im August war klar, dass das Motiv &#8222;Berg Oybin&#8220; von Marila Paul etwas Besonderes ist. Jetzt wurde sie auch Jahressiegerin im Fotowettbewerb \u201eAugenblick Natur!\u201c 2016.<\/p>\n","protected":false},"author":51,"featured_media":8099,"comment_status":"open","ping_status":"open","sticky":false,"template":"","format":"standard","meta":{"_links_to":"","_links_to_target":""},"categories":[7],"tags":[654,807,88,806,3154,94,41,501],"yoast_head":"<!-- This site is optimized with the Yoast SEO plugin v19.10 - https:\/\/yoast.com\/wordpress\/plugins\/seo\/ -->\n<title>\u201eAugenblick Natur!\u201c \u2013 Jahressieger 2016 im Fotowettbewerb ermittelt<\/title>\n<meta name=\"description\" content=\"Schon bei der Wahl des Monatssiegers im August war klar, dass das Motiv &quot;Berg Oybin&quot; von Marila Paul etwas Besonderes ist. Jetzt wurde sie auch Jahressiegerin im Fotowettbewerb \u201eAugenblick Natur!\u201c 2016.\" \/>\n<meta name=\"robots\" content=\"index, follow, max-snippet:-1, max-image-preview:large, max-video-preview:-1\" \/>\n<link rel=\"canonical\" href=\"https:\/\/www.naturparkmagazin.de\/vdn\/augenblick-natur-jahressieger-2016-im-fotowettbewerb-ermittelt\/\" \/>\n<meta property=\"og:locale\" content=\"de_DE\" \/>\n<meta property=\"og:type\" content=\"article\" \/>\n<meta property=\"og:title\" content=\"\u201eAugenblick Natur!\u201c \u2013 Jahressieger 2016 im Fotowettbewerb ermittelt\" \/>\n<meta property=\"og:description\" content=\"Schon bei der Wahl des Monatssiegers im August war klar, dass das Motiv &quot;Berg Oybin&quot; von Marila Paul etwas Besonderes ist. Jetzt wurde sie auch Jahressiegerin im Fotowettbewerb \u201eAugenblick Natur!\u201c 2016.\" \/>\n<meta property=\"og:url\" content=\"https:\/\/www.naturparkmagazin.de\/vdn\/augenblick-natur-jahressieger-2016-im-fotowettbewerb-ermittelt\/\" \/>\n<meta property=\"og:site_name\" content=\"Verband Deutscher Naturparke\" \/>\n<meta property=\"article:published_time\" content=\"2016-12-11T14:59:18+00:00\" \/>\n<meta property=\"article:modified_time\" content=\"2016-12-22T09:30:35+00:00\" \/>\n<meta property=\"og:image\" content=\"https:\/\/www.naturparkmagazin.de\/vdn\/wp-content\/uploads\/sites\/3\/Berg-OybinBeitrags.jpg\" \/>\n\t<meta property=\"og:image:width\" content=\"200\" \/>\n\t<meta property=\"og:image:height\" content=\"200\" \/>\n\t<meta property=\"og:image:type\" content=\"image\/jpeg\" \/>\n<meta name=\"author\" content=\"beatrixlosem\" \/>\n<meta name=\"twitter:label1\" content=\"Verfasst von\" \/>\n\t<meta name=\"twitter:data1\" content=\"beatrixlosem\" \/>\n\t<meta name=\"twitter:label2\" content=\"Gesch\u00e4tzte Lesezeit\" \/>\n\t<meta name=\"twitter:data2\" content=\"1\u00a0Minute\" \/>\n<script type=\"application\/ld+json\" class=\"yoast-schema-graph\">{\"@context\":\"https:\/\/schema.org\",\"@graph\":[{\"@type\":\"WebPage\",\"@id\":\"https:\/\/www.naturparkmagazin.de\/vdn\/augenblick-natur-jahressieger-2016-im-fotowettbewerb-ermittelt\/\",\"url\":\"https:\/\/www.naturparkmagazin.de\/vdn\/augenblick-natur-jahressieger-2016-im-fotowettbewerb-ermittelt\/\",\"name\":\"\u201eAugenblick Natur!\u201c \u2013 Jahressieger 2016 im Fotowettbewerb ermittelt\",\"isPartOf\":{\"@id\":\"https:\/\/www.naturparkmagazin.de\/vdn\/#website\"},\"datePublished\":\"2016-12-11T14:59:18+00:00\",\"dateModified\":\"2016-12-22T09:30:35+00:00\",\"author\":{\"@id\":\"https:\/\/www.naturparkmagazin.de\/vdn\/#\/schema\/person\/d71357578c318b6db03be60b1f60396b\"},\"description\":\"Schon bei der Wahl des Monatssiegers im August war klar, dass das Motiv \\\"Berg Oybin\\\" von Marila Paul etwas Besonderes ist. Jetzt wurde sie auch Jahressiegerin im Fotowettbewerb \u201eAugenblick Natur!\u201c 2016.\",\"breadcrumb\":{\"@id\":\"https:\/\/www.naturparkmagazin.de\/vdn\/augenblick-natur-jahressieger-2016-im-fotowettbewerb-ermittelt\/#breadcrumb\"},\"inLanguage\":\"de\",\"potentialAction\":[{\"@type\":\"ReadAction\",\"target\":[\"https:\/\/www.naturparkmagazin.de\/vdn\/augenblick-natur-jahressieger-2016-im-fotowettbewerb-ermittelt\/\"]}]},{\"@type\":\"BreadcrumbList\",\"@id\":\"https:\/\/www.naturparkmagazin.de\/vdn\/augenblick-natur-jahressieger-2016-im-fotowettbewerb-ermittelt\/#breadcrumb\",\"itemListElement\":[{\"@type\":\"ListItem\",\"position\":1,\"name\":\"Home\",\"item\":\"https:\/\/www.naturparkmagazin.de\/vdn\/\"},{\"@type\":\"ListItem\",\"position\":2,\"name\":\"\u201eAugenblick Natur!\u201c \u2013 Jahressieger 2016 im Fotowettbewerb ermittelt\"}]},{\"@type\":\"WebSite\",\"@id\":\"https:\/\/www.naturparkmagazin.de\/vdn\/#website\",\"url\":\"https:\/\/www.naturparkmagazin.de\/vdn\/\",\"name\":\"Verband Deutscher Naturparke\",\"description\":\"Eine weitere Naturparkmagazin.de Netzwerk Seite\",\"potentialAction\":[{\"@type\":\"SearchAction\",\"target\":{\"@type\":\"EntryPoint\",\"urlTemplate\":\"https:\/\/www.naturparkmagazin.de\/vdn\/?s={search_term_string}\"},\"query-input\":\"required name=search_term_string\"}],\"inLanguage\":\"de\"},{\"@type\":\"Person\",\"@id\":\"https:\/\/www.naturparkmagazin.de\/vdn\/#\/schema\/person\/d71357578c318b6db03be60b1f60396b\",\"name\":\"beatrixlosem\",\"url\":\"https:\/\/www.naturparkmagazin.de\/vdn\/author\/beatrixlosem\/\"}]}<\/script>\n<!-- \/ Yoast SEO plugin. -->","yoast_head_json":{"title":"\u201eAugenblick Natur!\u201c \u2013 Jahressieger 2016 im Fotowettbewerb ermittelt","description":"Schon bei der Wahl des Monatssiegers im August war klar, dass das Motiv \"Berg Oybin\" von Marila Paul etwas Besonderes ist. Jetzt wurde sie auch Jahressiegerin im Fotowettbewerb \u201eAugenblick Natur!\u201c 2016.","robots":{"index":"index","follow":"follow","max-snippet":"max-snippet:-1","max-image-preview":"max-image-preview:large","max-video-preview":"max-video-preview:-1"},"canonical":"https:\/\/www.naturparkmagazin.de\/vdn\/augenblick-natur-jahressieger-2016-im-fotowettbewerb-ermittelt\/","og_locale":"de_DE","og_type":"article","og_title":"\u201eAugenblick Natur!\u201c \u2013 Jahressieger 2016 im Fotowettbewerb ermittelt","og_description":"Schon bei der Wahl des Monatssiegers im August war klar, dass das Motiv \"Berg Oybin\" von Marila Paul etwas Besonderes ist. Jetzt wurde sie auch Jahressiegerin im Fotowettbewerb \u201eAugenblick Natur!\u201c 2016.","og_url":"https:\/\/www.naturparkmagazin.de\/vdn\/augenblick-natur-jahressieger-2016-im-fotowettbewerb-ermittelt\/","og_site_name":"Verband Deutscher Naturparke","article_published_time":"2016-12-11T14:59:18+00:00","article_modified_time":"2016-12-22T09:30:35+00:00","og_image":[{"width":200,"height":200,"url":"https:\/\/www.naturparkmagazin.de\/vdn\/wp-content\/uploads\/sites\/3\/Berg-OybinBeitrags.jpg","type":"image\/jpeg"}],"author":"beatrixlosem","twitter_misc":{"Verfasst von":"beatrixlosem","Gesch\u00e4tzte Lesezeit":"1\u00a0Minute"},"schema":{"@context":"https:\/\/schema.org","@graph":[{"@type":"WebPage","@id":"https:\/\/www.naturparkmagazin.de\/vdn\/augenblick-natur-jahressieger-2016-im-fotowettbewerb-ermittelt\/","url":"https:\/\/www.naturparkmagazin.de\/vdn\/augenblick-natur-jahressieger-2016-im-fotowettbewerb-ermittelt\/","name":"\u201eAugenblick Natur!\u201c \u2013 Jahressieger 2016 im Fotowettbewerb ermittelt","isPartOf":{"@id":"https:\/\/www.naturparkmagazin.de\/vdn\/#website"},"datePublished":"2016-12-11T14:59:18+00:00","dateModified":"2016-12-22T09:30:35+00:00","author":{"@id":"https:\/\/www.naturparkmagazin.de\/vdn\/#\/schema\/person\/d71357578c318b6db03be60b1f60396b"},"description":"Schon bei der Wahl des Monatssiegers im August war klar, dass das Motiv \"Berg Oybin\" von Marila Paul etwas Besonderes ist. Jetzt wurde sie auch Jahressiegerin im Fotowettbewerb \u201eAugenblick Natur!\u201c 2016.","breadcrumb":{"@id":"https:\/\/www.naturparkmagazin.de\/vdn\/augenblick-natur-jahressieger-2016-im-fotowettbewerb-ermittelt\/#breadcrumb"},"inLanguage":"de","potentialAction":[{"@type":"ReadAction","target":["https:\/\/www.naturparkmagazin.de\/vdn\/augenblick-natur-jahressieger-2016-im-fotowettbewerb-ermittelt\/"]}]},{"@type":"BreadcrumbList","@id":"https:\/\/www.naturparkmagazin.de\/vdn\/augenblick-natur-jahressieger-2016-im-fotowettbewerb-ermittelt\/#breadcrumb","itemListElement":[{"@type":"ListItem","position":1,"name":"Home","item":"https:\/\/www.naturparkmagazin.de\/vdn\/"},{"@type":"ListItem","position":2,"name":"\u201eAugenblick Natur!\u201c \u2013 Jahressieger 2016 im Fotowettbewerb ermittelt"}]},{"@type":"WebSite","@id":"https:\/\/www.naturparkmagazin.de\/vdn\/#website","url":"https:\/\/www.naturparkmagazin.de\/vdn\/","name":"Verband Deutscher Naturparke","description":"Eine weitere Naturparkmagazin.de Netzwerk Seite","potentialAction":[{"@type":"SearchAction","target":{"@type":"EntryPoint","urlTemplate":"https:\/\/www.naturparkmagazin.de\/vdn\/?s={search_term_string}"},"query-input":"required name=search_term_string"}],"inLanguage":"de"},{"@type":"Person","@id":"https:\/\/www.naturparkmagazin.de\/vdn\/#\/schema\/person\/d71357578c318b6db03be60b1f60396b","name":"beatrixlosem","url":"https:\/\/www.naturparkmagazin.de\/vdn\/author\/beatrixlosem\/"}]}},"_links":{"self":[{"href":"https:\/\/www.naturparkmagazin.de\/vdn\/wp-json\/wp\/v2\/posts\/8097"}],"collection":[{"href":"https:\/\/www.naturparkmagazin.de\/vdn\/wp-json\/wp\/v2\/posts"}],"about":[{"href":"https:\/\/www.naturparkmagazin.de\/vdn\/wp-json\/wp\/v2\/types\/post"}],"author":[{"embeddable":true,"href":"https:\/\/www.naturparkmagazin.de\/vdn\/wp-json\/wp\/v2\/users\/51"}],"replies":[{"embeddable":true,"href":"https:\/\/www.naturparkmagazin.de\/vdn\/wp-json\/wp\/v2\/comments?post=8097"}],"version-history":[{"count":5,"href":"https:\/\/www.naturparkmagazin.de\/vdn\/wp-json\/wp\/v2\/posts\/8097\/revisions"}],"predecessor-version":[{"id":8189,"href":"https:\/\/www.naturparkmagazin.de\/vdn\/wp-json\/wp\/v2\/posts\/8097\/revisions\/8189"}],"wp:featuredmedia":[{"embeddable":true,"href":"https:\/\/www.naturparkmagazin.de\/vdn\/wp-json\/wp\/v2\/media\/8099"}],"wp:attachment":[{"href":"https:\/\/www.naturparkmagazin.de\/vdn\/wp-json\/wp\/v2\/media?parent=8097"}],"wp:term":[{"taxonomy":"category","embeddable":true,"href":"https:\/\/www.naturparkmagazin.de\/vdn\/wp-json\/wp\/v2\/categories?post=8097"},{"taxonomy":"post_tag","embeddable":true,"href":"https:\/\/www.naturparkmagazin.de\/vdn\/wp-json\/wp\/v2\/tags?post=8097"}],"curies":[{"name":"wp","href":"https:\/\/api.w.org\/{rel}","templated":true}]}}