{"id":8112,"date":"2016-12-11T12:54:02","date_gmt":"2016-12-11T11:54:02","guid":{"rendered":"http:\/\/www.naturparkmagazin.de\/vdn\/?p=8112"},"modified":"2016-12-15T14:04:02","modified_gmt":"2016-12-15T13:04:02","slug":"naturparkwelten-im-grenzbahnhof-bayerisch-eisenstein","status":"publish","type":"post","link":"https:\/\/www.naturparkmagazin.de\/vdn\/naturparkwelten-im-grenzbahnhof-bayerisch-eisenstein\/","title":{"rendered":"NaturparkWelten im Grenzbahnhof Bayerisch Eisenstein"},"content":{"rendered":"<div id=\"attachment_8113\" style=\"width: 510px\" class=\"wp-caption aligncenter\"><a href=\"https:\/\/www.naturparkmagazin.de\/vdn\/wp-content\/uploads\/sites\/3\/Die-NaturparkWelten-im-Grenzbahnhof-Bayerisch-Eisensteinb.jpg\"><img aria-describedby=\"caption-attachment-8113\" decoding=\"async\" loading=\"lazy\" class=\"size-full wp-image-8113\" src=\"https:\/\/www.naturparkmagazin.de\/vdn\/wp-content\/uploads\/sites\/3\/Die-NaturparkWelten-im-Grenzbahnhof-Bayerisch-Eisensteinb.jpg\" alt=\"Die NaturparkWelten im Grenzbahnhof Bayerisch Eisenstein \u00a9 Naturpark Bayerischer Wald\" width=\"500\" height=\"300\" srcset=\"https:\/\/www.naturparkmagazin.de\/vdn\/wp-content\/uploads\/sites\/3\/Die-NaturparkWelten-im-Grenzbahnhof-Bayerisch-Eisensteinb.jpg 500w, https:\/\/www.naturparkmagazin.de\/vdn\/wp-content\/uploads\/sites\/3\/Die-NaturparkWelten-im-Grenzbahnhof-Bayerisch-Eisensteinb-300x180.jpg 300w, https:\/\/www.naturparkmagazin.de\/vdn\/wp-content\/uploads\/sites\/3\/Die-NaturparkWelten-im-Grenzbahnhof-Bayerisch-Eisensteinb-200x120.jpg 200w\" sizes=\"(max-width: 500px) 100vw, 500px\" \/><\/a><p id=\"caption-attachment-8113\" class=\"wp-caption-text\">Die NaturparkWelten im Grenzbahnhof Bayerisch Eisenstein \u00a9 Naturpark Bayerischer Wald<\/p><\/div>\n<p>&nbsp;<\/p>\n<p>Die NaturparkWelten im Grenzbahnhof Bayerisch Eisenstein beherbergen f\u00fcnf verschiedene Ausstellungsebenen, die die Vielfalt des Naturparks Bayerischer Wald informativ, eindrucksvoll und spannend veranschaulichen. Alle Ausstellungen sind barrierefrei angelegt.<\/p>\n<div id=\"attachment_8114\" style=\"width: 510px\" class=\"wp-caption aligncenter\"><a href=\"https:\/\/www.naturparkmagazin.de\/vdn\/wp-content\/uploads\/sites\/3\/Modelleisenbahnwelt-in-den-NaturparkWeltenb.jpg\"><img aria-describedby=\"caption-attachment-8114\" decoding=\"async\" loading=\"lazy\" class=\"size-full wp-image-8114\" src=\"https:\/\/www.naturparkmagazin.de\/vdn\/wp-content\/uploads\/sites\/3\/Modelleisenbahnwelt-in-den-NaturparkWeltenb.jpg\" alt=\"Die NaturparkWelten im Grenzbahnhof Bayerisch Eisenstein \u00a9 Naturpark Bayerischer Wald\" width=\"500\" height=\"300\" srcset=\"https:\/\/www.naturparkmagazin.de\/vdn\/wp-content\/uploads\/sites\/3\/Modelleisenbahnwelt-in-den-NaturparkWeltenb.jpg 500w, https:\/\/www.naturparkmagazin.de\/vdn\/wp-content\/uploads\/sites\/3\/Modelleisenbahnwelt-in-den-NaturparkWeltenb-300x180.jpg 300w, https:\/\/www.naturparkmagazin.de\/vdn\/wp-content\/uploads\/sites\/3\/Modelleisenbahnwelt-in-den-NaturparkWeltenb-200x120.jpg 200w\" sizes=\"(max-width: 500px) 100vw, 500px\" \/><\/a><p id=\"caption-attachment-8114\" class=\"wp-caption-text\">Die NaturparkWelten im Grenzbahnhof Bayerisch Eisenstein \u00a9 Naturpark Bayerischer Wald<\/p><\/div>\n<p>Im Dachgescho\u00df der NaturparkWelten befindet sich eine 260 m\u00b2 gro\u00dfe Modelleisenbahnwelt im Aufbau. 30 Prozent der Anlage sind bereits fertig. Hier wird das \u201eGr\u00fcne Dach Europas\u201c im Ma\u00dfstab 1 : 87 nachgebaut. Die Anlage wird die gr\u00f6\u00dfte Modelleisenbahnwelt in Ostbayern.<\/p>\n<div id=\"attachment_8115\" style=\"width: 510px\" class=\"wp-caption aligncenter\"><a href=\"https:\/\/www.naturparkmagazin.de\/vdn\/wp-content\/uploads\/sites\/3\/H\u00f6chste-Eisenbahnb.jpg\"><img aria-describedby=\"caption-attachment-8115\" decoding=\"async\" loading=\"lazy\" class=\"size-full wp-image-8115\" src=\"https:\/\/www.naturparkmagazin.de\/vdn\/wp-content\/uploads\/sites\/3\/H\u00f6chste-Eisenbahnb.jpg\" alt=\"H\u00f6chste Eisenbahn \u00a9 Die NaturparkWelten im Grenzbahnhof Bayerisch Eisenstein \u00a9 Naturpark Bayerischer Wald\" width=\"500\" height=\"300\" srcset=\"https:\/\/www.naturparkmagazin.de\/vdn\/wp-content\/uploads\/sites\/3\/H\u00f6chste-Eisenbahnb.jpg 500w, https:\/\/www.naturparkmagazin.de\/vdn\/wp-content\/uploads\/sites\/3\/H\u00f6chste-Eisenbahnb-300x180.jpg 300w, https:\/\/www.naturparkmagazin.de\/vdn\/wp-content\/uploads\/sites\/3\/H\u00f6chste-Eisenbahnb-200x120.jpg 200w\" sizes=\"(max-width: 500px) 100vw, 500px\" \/><\/a><p id=\"caption-attachment-8115\" class=\"wp-caption-text\">H\u00f6chste Eisenbahn \u00a9 Die NaturparkWelten im Grenzbahnhof Bayerisch Eisenstein \u00a9 Naturpark Bayerischer Wald<\/p><\/div>\n<p>Im 2. Obergeschoss der NaturparkWelten erleben Sie hautnah die Geschichte des Eisenbahnbaus in den Jahren 1872 bis 1877. Es erwarten Sie spannende Informationen zum Bau der damals k\u00fcrzesten Bahnverbindung von M\u00fcnchen nach Prag. Das Bahnzeitalter brachte enorme Umw\u00e4lzungen und Ver\u00e4nderungen f\u00fcr den Bayerischer Wald.<\/p>\n<div id=\"attachment_8116\" style=\"width: 510px\" class=\"wp-caption aligncenter\"><a href=\"https:\/\/www.naturparkmagazin.de\/vdn\/wp-content\/uploads\/sites\/3\/Skimuseum-f\u00fcr-Gro\u00df-und-Klein-ein-Erlebnisb.jpg\"><img aria-describedby=\"caption-attachment-8116\" decoding=\"async\" loading=\"lazy\" class=\"size-full wp-image-8116\" src=\"https:\/\/www.naturparkmagazin.de\/vdn\/wp-content\/uploads\/sites\/3\/Skimuseum-f\u00fcr-Gro\u00df-und-Klein-ein-Erlebnisb.jpg\" alt=\"Skimuseum f\u00fcr Gro\u00df und Klein ein Erlebnis \u00a9 H\u00f6chste Eisenbahn \u00a9 Die NaturparkWelten im Grenzbahnhof Bayerisch Eisenstein \u00a9 Naturpark Bayerischer Wald\" width=\"500\" height=\"300\" srcset=\"https:\/\/www.naturparkmagazin.de\/vdn\/wp-content\/uploads\/sites\/3\/Skimuseum-f\u00fcr-Gro\u00df-und-Klein-ein-Erlebnisb.jpg 500w, https:\/\/www.naturparkmagazin.de\/vdn\/wp-content\/uploads\/sites\/3\/Skimuseum-f\u00fcr-Gro\u00df-und-Klein-ein-Erlebnisb-300x180.jpg 300w, https:\/\/www.naturparkmagazin.de\/vdn\/wp-content\/uploads\/sites\/3\/Skimuseum-f\u00fcr-Gro\u00df-und-Klein-ein-Erlebnisb-200x120.jpg 200w\" sizes=\"(max-width: 500px) 100vw, 500px\" \/><\/a><p id=\"caption-attachment-8116\" class=\"wp-caption-text\">Skimuseum f\u00fcr Gro\u00df und Klein ein Erlebnis \u00a9 H\u00f6chste Eisenbahn \u00a9 Die NaturparkWelten im Grenzbahnhof Bayerisch Eisenstein \u00a9 Naturpark Bayerischer Wald<\/p><\/div>\n<p>Im 1. Obergescho\u00df erwartet Sie das Skimuseum mit der Geschichte des Skilaufes von den Anf\u00e4ngen bis zur heutigen Skitechnik. Spannung verspricht der Skisimulator!<\/p>\n<div id=\"attachment_8117\" style=\"width: 510px\" class=\"wp-caption aligncenter\"><a href=\"https:\/\/www.naturparkmagazin.de\/vdn\/wp-content\/uploads\/sites\/3\/K\u00f6nig-Arber_Interaktive-Ausstellungb.jpg\"><img aria-describedby=\"caption-attachment-8117\" decoding=\"async\" loading=\"lazy\" class=\"size-full wp-image-8117\" src=\"https:\/\/www.naturparkmagazin.de\/vdn\/wp-content\/uploads\/sites\/3\/K\u00f6nig-Arber_Interaktive-Ausstellungb.jpg\" alt=\"K\u00f6nig Arber-Interaktive Ausstellung \u00a9 Skimuseum f\u00fcr Gro\u00df und Klein ein Erlebnis \u00a9 H\u00f6chste Eisenbahn \u00a9 Die NaturparkWelten im Grenzbahnhof Bayerisch Eisenstein \u00a9 Naturpark Bayerischer Wald\" width=\"500\" height=\"300\" srcset=\"https:\/\/www.naturparkmagazin.de\/vdn\/wp-content\/uploads\/sites\/3\/K\u00f6nig-Arber_Interaktive-Ausstellungb.jpg 500w, https:\/\/www.naturparkmagazin.de\/vdn\/wp-content\/uploads\/sites\/3\/K\u00f6nig-Arber_Interaktive-Ausstellungb-300x180.jpg 300w, https:\/\/www.naturparkmagazin.de\/vdn\/wp-content\/uploads\/sites\/3\/K\u00f6nig-Arber_Interaktive-Ausstellungb-200x120.jpg 200w\" sizes=\"(max-width: 500px) 100vw, 500px\" \/><\/a><p id=\"caption-attachment-8117\" class=\"wp-caption-text\">K\u00f6nig Arber-Interaktive Ausstellung \u00a9 Skimuseum f\u00fcr Gro\u00df und Klein ein Erlebnis \u00a9 H\u00f6chste Eisenbahn \u00a9 Die NaturparkWelten im Grenzbahnhof Bayerisch Eisenstein \u00a9 Naturpark Bayerischer Wald<\/p><\/div>\n<p>In der interaktiven Ausstellung zum \u201eK\u00f6nig Arber\u201c im Erdgeschoss erfahren Sie mehr \u00fcber den h\u00f6chsten Berg des Bayerischen Waldes, seine Geologie, das Klima, die Vegetation und die Tier- und Pflanzenwelt.<\/p>\n<div id=\"attachment_8118\" style=\"width: 510px\" class=\"wp-caption aligncenter\"><a href=\"https:\/\/www.naturparkmagazin.de\/vdn\/wp-content\/uploads\/sites\/3\/Die-Spannende-Welt-der-Flederm\u00e4useb.jpg\"><img aria-describedby=\"caption-attachment-8118\" decoding=\"async\" loading=\"lazy\" class=\"size-full wp-image-8118\" src=\"https:\/\/www.naturparkmagazin.de\/vdn\/wp-content\/uploads\/sites\/3\/Die-Spannende-Welt-der-Flederm\u00e4useb.jpg\" alt=\"Die Spannende Welt der Flederm\u00e4use \u00a9 K\u00f6nig Arber-Interaktive Ausstellung \u00a9 Skimuseum f\u00fcr Gro\u00df und Klein ein Erlebnis \u00a9 H\u00f6chste Eisenbahn \u00a9 Die NaturparkWelten im Grenzbahnhof Bayerisch Eisenstein \u00a9 Naturpark Bayerischer Wald\" width=\"500\" height=\"300\" srcset=\"https:\/\/www.naturparkmagazin.de\/vdn\/wp-content\/uploads\/sites\/3\/Die-Spannende-Welt-der-Flederm\u00e4useb.jpg 500w, https:\/\/www.naturparkmagazin.de\/vdn\/wp-content\/uploads\/sites\/3\/Die-Spannende-Welt-der-Flederm\u00e4useb-300x180.jpg 300w, https:\/\/www.naturparkmagazin.de\/vdn\/wp-content\/uploads\/sites\/3\/Die-Spannende-Welt-der-Flederm\u00e4useb-200x120.jpg 200w\" sizes=\"(max-width: 500px) 100vw, 500px\" \/><\/a><p id=\"caption-attachment-8118\" class=\"wp-caption-text\">Die Spannende Welt der Flederm\u00e4use \u00a9 K\u00f6nig Arber-Interaktive Ausstellung \u00a9 Skimuseum f\u00fcr Gro\u00df und Klein ein Erlebnis \u00a9 H\u00f6chste Eisenbahn \u00a9 Die NaturparkWelten im Grenzbahnhof Bayerisch Eisenstein \u00a9 Naturpark Bayerischer Wald<\/p><\/div>\n<p>Im Europ\u00e4ischen Fledermauszentrum im Untergeschoss der NaturparkWelten erleben Sie die geheimnisvolle Welt der \u201eKleinen Schatten in der Nacht\u201c. In der interaktiven Fledermausausstellung werden all Ihre Sinne angesprochen. Die Fledermaus \u201eFranzi\u201c f\u00fchrt die jungen Besucher auf der \u201eKinderlinie\u201c durch die Ausstellung.<\/p>\n<p>Mehr Informationen unter: <a href=\"http:\/\/www.naturparkwelten.de\" target=\"_blank\">www.naturparkwelten.de<\/a><\/p>\n<p>&nbsp;<\/p>\n","protected":false},"excerpt":{"rendered":"<p>Die NaturparkWelten im Grenzbahnhof Bayerisch Eisenstein veranschaulichen die Vielfalt des Naturparks Bayerischer Wald informativ, eindrucksvoll und spannend. Die Ausstellungen sind barrierefrei angelegt.<\/p>\n","protected":false},"author":73,"featured_media":8169,"comment_status":"open","ping_status":"open","sticky":false,"template":"","format":"standard","meta":{"_links_to":"","_links_to_target":""},"categories":[617],"tags":[686,263,262,35,3155,370,539,347,208,81,812,3154,82,41,501],"yoast_head":"<!-- This site is optimized with the Yoast SEO plugin v19.10 - https:\/\/yoast.com\/wordpress\/plugins\/seo\/ -->\n<title>NaturparkWelten im Grenzbahnhof Bayerisch Eisenstein<\/title>\n<meta name=\"description\" content=\"Die barrierefreien NaturparkWelten im Grenzbahnhof veranschaulichen die Vielfalt des Naturparks Bayerischer Wald informativ, eindrucksvoll und spannend.\" \/>\n<meta name=\"robots\" content=\"index, follow, max-snippet:-1, max-image-preview:large, max-video-preview:-1\" \/>\n<link rel=\"canonical\" href=\"https:\/\/www.naturparkmagazin.de\/vdn\/naturparkwelten-im-grenzbahnhof-bayerisch-eisenstein\/\" \/>\n<meta property=\"og:locale\" content=\"de_DE\" \/>\n<meta property=\"og:type\" content=\"article\" \/>\n<meta property=\"og:title\" content=\"NaturparkWelten im Grenzbahnhof Bayerisch Eisenstein\" \/>\n<meta property=\"og:description\" content=\"Die barrierefreien NaturparkWelten im Grenzbahnhof veranschaulichen die Vielfalt des Naturparks Bayerischer Wald informativ, eindrucksvoll und spannend.\" \/>\n<meta property=\"og:url\" content=\"https:\/\/www.naturparkmagazin.de\/vdn\/naturparkwelten-im-grenzbahnhof-bayerisch-eisenstein\/\" \/>\n<meta property=\"og:site_name\" content=\"Verband Deutscher Naturparke\" \/>\n<meta property=\"article:published_time\" content=\"2016-12-11T11:54:02+00:00\" \/>\n<meta property=\"article:modified_time\" content=\"2016-12-15T13:04:02+00:00\" \/>\n<meta property=\"og:image\" content=\"https:\/\/www.naturparkmagazin.de\/vdn\/wp-content\/uploads\/sites\/3\/Skimuseum-f\u00fcr-Gro\u00df-und-Klein-ein-Erlebnisbf.jpg\" \/>\n\t<meta property=\"og:image:width\" content=\"200\" \/>\n\t<meta property=\"og:image:height\" content=\"200\" \/>\n\t<meta property=\"og:image:type\" content=\"image\/jpeg\" \/>\n<meta name=\"author\" content=\"manuelamerz\" \/>\n<meta name=\"twitter:label1\" content=\"Verfasst von\" \/>\n\t<meta name=\"twitter:data1\" content=\"manuelamerz\" \/>\n\t<meta name=\"twitter:label2\" content=\"Gesch\u00e4tzte Lesezeit\" \/>\n\t<meta name=\"twitter:data2\" content=\"2\u00a0Minuten\" \/>\n<script type=\"application\/ld+json\" class=\"yoast-schema-graph\">{\"@context\":\"https:\/\/schema.org\",\"@graph\":[{\"@type\":\"WebPage\",\"@id\":\"https:\/\/www.naturparkmagazin.de\/vdn\/naturparkwelten-im-grenzbahnhof-bayerisch-eisenstein\/\",\"url\":\"https:\/\/www.naturparkmagazin.de\/vdn\/naturparkwelten-im-grenzbahnhof-bayerisch-eisenstein\/\",\"name\":\"NaturparkWelten im Grenzbahnhof Bayerisch Eisenstein\",\"isPartOf\":{\"@id\":\"https:\/\/www.naturparkmagazin.de\/vdn\/#website\"},\"datePublished\":\"2016-12-11T11:54:02+00:00\",\"dateModified\":\"2016-12-15T13:04:02+00:00\",\"author\":{\"@id\":\"https:\/\/www.naturparkmagazin.de\/vdn\/#\/schema\/person\/3cff9b8773ed55f0189255fa9adfd57c\"},\"description\":\"Die barrierefreien NaturparkWelten im Grenzbahnhof veranschaulichen die Vielfalt des Naturparks Bayerischer Wald informativ, eindrucksvoll und spannend.\",\"breadcrumb\":{\"@id\":\"https:\/\/www.naturparkmagazin.de\/vdn\/naturparkwelten-im-grenzbahnhof-bayerisch-eisenstein\/#breadcrumb\"},\"inLanguage\":\"de\",\"potentialAction\":[{\"@type\":\"ReadAction\",\"target\":[\"https:\/\/www.naturparkmagazin.de\/vdn\/naturparkwelten-im-grenzbahnhof-bayerisch-eisenstein\/\"]}]},{\"@type\":\"BreadcrumbList\",\"@id\":\"https:\/\/www.naturparkmagazin.de\/vdn\/naturparkwelten-im-grenzbahnhof-bayerisch-eisenstein\/#breadcrumb\",\"itemListElement\":[{\"@type\":\"ListItem\",\"position\":1,\"name\":\"Home\",\"item\":\"https:\/\/www.naturparkmagazin.de\/vdn\/\"},{\"@type\":\"ListItem\",\"position\":2,\"name\":\"NaturparkWelten im Grenzbahnhof Bayerisch Eisenstein\"}]},{\"@type\":\"WebSite\",\"@id\":\"https:\/\/www.naturparkmagazin.de\/vdn\/#website\",\"url\":\"https:\/\/www.naturparkmagazin.de\/vdn\/\",\"name\":\"Verband Deutscher Naturparke\",\"description\":\"Eine weitere Naturparkmagazin.de Netzwerk Seite\",\"potentialAction\":[{\"@type\":\"SearchAction\",\"target\":{\"@type\":\"EntryPoint\",\"urlTemplate\":\"https:\/\/www.naturparkmagazin.de\/vdn\/?s={search_term_string}\"},\"query-input\":\"required name=search_term_string\"}],\"inLanguage\":\"de\"},{\"@type\":\"Person\",\"@id\":\"https:\/\/www.naturparkmagazin.de\/vdn\/#\/schema\/person\/3cff9b8773ed55f0189255fa9adfd57c\",\"name\":\"manuelamerz\",\"url\":\"https:\/\/www.naturparkmagazin.de\/vdn\/author\/manuelamerz\/\"}]}<\/script>\n<!-- \/ Yoast SEO plugin. -->","yoast_head_json":{"title":"NaturparkWelten im Grenzbahnhof Bayerisch Eisenstein","description":"Die barrierefreien NaturparkWelten im Grenzbahnhof veranschaulichen die Vielfalt des Naturparks Bayerischer Wald informativ, eindrucksvoll und spannend.","robots":{"index":"index","follow":"follow","max-snippet":"max-snippet:-1","max-image-preview":"max-image-preview:large","max-video-preview":"max-video-preview:-1"},"canonical":"https:\/\/www.naturparkmagazin.de\/vdn\/naturparkwelten-im-grenzbahnhof-bayerisch-eisenstein\/","og_locale":"de_DE","og_type":"article","og_title":"NaturparkWelten im Grenzbahnhof Bayerisch Eisenstein","og_description":"Die barrierefreien NaturparkWelten im Grenzbahnhof veranschaulichen die Vielfalt des Naturparks Bayerischer Wald informativ, eindrucksvoll und spannend.","og_url":"https:\/\/www.naturparkmagazin.de\/vdn\/naturparkwelten-im-grenzbahnhof-bayerisch-eisenstein\/","og_site_name":"Verband Deutscher Naturparke","article_published_time":"2016-12-11T11:54:02+00:00","article_modified_time":"2016-12-15T13:04:02+00:00","og_image":[{"width":200,"height":200,"url":"https:\/\/www.naturparkmagazin.de\/vdn\/wp-content\/uploads\/sites\/3\/Skimuseum-f\u00fcr-Gro\u00df-und-Klein-ein-Erlebnisbf.jpg","type":"image\/jpeg"}],"author":"manuelamerz","twitter_misc":{"Verfasst von":"manuelamerz","Gesch\u00e4tzte Lesezeit":"2\u00a0Minuten"},"schema":{"@context":"https:\/\/schema.org","@graph":[{"@type":"WebPage","@id":"https:\/\/www.naturparkmagazin.de\/vdn\/naturparkwelten-im-grenzbahnhof-bayerisch-eisenstein\/","url":"https:\/\/www.naturparkmagazin.de\/vdn\/naturparkwelten-im-grenzbahnhof-bayerisch-eisenstein\/","name":"NaturparkWelten im Grenzbahnhof Bayerisch Eisenstein","isPartOf":{"@id":"https:\/\/www.naturparkmagazin.de\/vdn\/#website"},"datePublished":"2016-12-11T11:54:02+00:00","dateModified":"2016-12-15T13:04:02+00:00","author":{"@id":"https:\/\/www.naturparkmagazin.de\/vdn\/#\/schema\/person\/3cff9b8773ed55f0189255fa9adfd57c"},"description":"Die barrierefreien NaturparkWelten im Grenzbahnhof veranschaulichen die Vielfalt des Naturparks Bayerischer Wald informativ, eindrucksvoll und spannend.","breadcrumb":{"@id":"https:\/\/www.naturparkmagazin.de\/vdn\/naturparkwelten-im-grenzbahnhof-bayerisch-eisenstein\/#breadcrumb"},"inLanguage":"de","potentialAction":[{"@type":"ReadAction","target":["https:\/\/www.naturparkmagazin.de\/vdn\/naturparkwelten-im-grenzbahnhof-bayerisch-eisenstein\/"]}]},{"@type":"BreadcrumbList","@id":"https:\/\/www.naturparkmagazin.de\/vdn\/naturparkwelten-im-grenzbahnhof-bayerisch-eisenstein\/#breadcrumb","itemListElement":[{"@type":"ListItem","position":1,"name":"Home","item":"https:\/\/www.naturparkmagazin.de\/vdn\/"},{"@type":"ListItem","position":2,"name":"NaturparkWelten im Grenzbahnhof Bayerisch Eisenstein"}]},{"@type":"WebSite","@id":"https:\/\/www.naturparkmagazin.de\/vdn\/#website","url":"https:\/\/www.naturparkmagazin.de\/vdn\/","name":"Verband Deutscher Naturparke","description":"Eine weitere Naturparkmagazin.de Netzwerk Seite","potentialAction":[{"@type":"SearchAction","target":{"@type":"EntryPoint","urlTemplate":"https:\/\/www.naturparkmagazin.de\/vdn\/?s={search_term_string}"},"query-input":"required name=search_term_string"}],"inLanguage":"de"},{"@type":"Person","@id":"https:\/\/www.naturparkmagazin.de\/vdn\/#\/schema\/person\/3cff9b8773ed55f0189255fa9adfd57c","name":"manuelamerz","url":"https:\/\/www.naturparkmagazin.de\/vdn\/author\/manuelamerz\/"}]}},"_links":{"self":[{"href":"https:\/\/www.naturparkmagazin.de\/vdn\/wp-json\/wp\/v2\/posts\/8112"}],"collection":[{"href":"https:\/\/www.naturparkmagazin.de\/vdn\/wp-json\/wp\/v2\/posts"}],"about":[{"href":"https:\/\/www.naturparkmagazin.de\/vdn\/wp-json\/wp\/v2\/types\/post"}],"author":[{"embeddable":true,"href":"https:\/\/www.naturparkmagazin.de\/vdn\/wp-json\/wp\/v2\/users\/73"}],"replies":[{"embeddable":true,"href":"https:\/\/www.naturparkmagazin.de\/vdn\/wp-json\/wp\/v2\/comments?post=8112"}],"version-history":[{"count":1,"href":"https:\/\/www.naturparkmagazin.de\/vdn\/wp-json\/wp\/v2\/posts\/8112\/revisions"}],"predecessor-version":[{"id":8120,"href":"https:\/\/www.naturparkmagazin.de\/vdn\/wp-json\/wp\/v2\/posts\/8112\/revisions\/8120"}],"wp:featuredmedia":[{"embeddable":true,"href":"https:\/\/www.naturparkmagazin.de\/vdn\/wp-json\/wp\/v2\/media\/8169"}],"wp:attachment":[{"href":"https:\/\/www.naturparkmagazin.de\/vdn\/wp-json\/wp\/v2\/media?parent=8112"}],"wp:term":[{"taxonomy":"category","embeddable":true,"href":"https:\/\/www.naturparkmagazin.de\/vdn\/wp-json\/wp\/v2\/categories?post=8112"},{"taxonomy":"post_tag","embeddable":true,"href":"https:\/\/www.naturparkmagazin.de\/vdn\/wp-json\/wp\/v2\/tags?post=8112"}],"curies":[{"name":"wp","href":"https:\/\/api.w.org\/{rel}","templated":true}]}}