{"id":8124,"date":"2016-12-11T10:03:30","date_gmt":"2016-12-11T09:03:30","guid":{"rendered":"http:\/\/www.naturparkmagazin.de\/vdn\/?p=8124"},"modified":"2016-12-14T13:36:55","modified_gmt":"2016-12-14T12:36:55","slug":"helmut-brunner","status":"publish","type":"post","link":"https:\/\/www.naturparkmagazin.de\/vdn\/helmut-brunner\/","title":{"rendered":"Helmut Brunner"},"content":{"rendered":"<div id=\"attachment_8125\" style=\"width: 310px\" class=\"wp-caption aligncenter\"><a href=\"https:\/\/www.naturparkmagazin.de\/vdn\/wp-content\/uploads\/sites\/3\/Helmut_BrunnerBe.jpg\"><img aria-describedby=\"caption-attachment-8125\" decoding=\"async\" loading=\"lazy\" class=\"size-full wp-image-8125\" src=\"https:\/\/www.naturparkmagazin.de\/vdn\/wp-content\/uploads\/sites\/3\/Helmut_BrunnerBe.jpg\" alt=\"\u00a9 Helmut Brunner\" width=\"300\" height=\"500\" srcset=\"https:\/\/www.naturparkmagazin.de\/vdn\/wp-content\/uploads\/sites\/3\/Helmut_BrunnerBe.jpg 300w, https:\/\/www.naturparkmagazin.de\/vdn\/wp-content\/uploads\/sites\/3\/Helmut_BrunnerBe-200x333.jpg 200w\" sizes=\"(max-width: 300px) 100vw, 300px\" \/><\/a><p id=\"caption-attachment-8125\" class=\"wp-caption-text\">\u00a9 Helmut Brunner<\/p><\/div>\n<p>\u201eIch bin stolz auf meine Heimat und die Menschen im Naturpark Bayerischer Wald. Sie sind ein bodenst\u00e4ndiger und gleichzeitig innovativ und kreativ in die Zukunft denkender Menschenschlag. Der Naturpark hat bereits 2002 mit seinem <a href=\"http:\/\/www.naturpark-bayer-wald.de\/sonnenhaus.html\" target=\"_blank\">Naturparkhaus in Zwiesel,<\/a> ein Nullernergiehaus aus einheimischen Holz erbaut, &#8211; also schon weit vor der Energiewende &#8211; gezeigt, was energietechnisch alles m\u00f6glich ist.<\/p>\n<div id=\"attachment_8126\" style=\"width: 510px\" class=\"wp-caption aligncenter\"><a href=\"https:\/\/www.naturparkmagazin.de\/vdn\/wp-content\/uploads\/sites\/3\/Wei\u00dfenstein-und-Gl\u00e4sener-Wald_Lieblingsort-Brunnerb.jpg\"><img aria-describedby=\"caption-attachment-8126\" decoding=\"async\" loading=\"lazy\" class=\"size-full wp-image-8126\" src=\"https:\/\/www.naturparkmagazin.de\/vdn\/wp-content\/uploads\/sites\/3\/Wei\u00dfenstein-und-Gl\u00e4sener-Wald_Lieblingsort-Brunnerb.jpg\" alt=\"Wei\u00dfenstein und Gl\u00e4sener Wald \u00a9 Naturpark Bayerischer Wald\" width=\"500\" height=\"300\" srcset=\"https:\/\/www.naturparkmagazin.de\/vdn\/wp-content\/uploads\/sites\/3\/Wei\u00dfenstein-und-Gl\u00e4sener-Wald_Lieblingsort-Brunnerb.jpg 500w, https:\/\/www.naturparkmagazin.de\/vdn\/wp-content\/uploads\/sites\/3\/Wei\u00dfenstein-und-Gl\u00e4sener-Wald_Lieblingsort-Brunnerb-300x180.jpg 300w, https:\/\/www.naturparkmagazin.de\/vdn\/wp-content\/uploads\/sites\/3\/Wei\u00dfenstein-und-Gl\u00e4sener-Wald_Lieblingsort-Brunnerb-200x120.jpg 200w\" sizes=\"(max-width: 500px) 100vw, 500px\" \/><\/a><p id=\"caption-attachment-8126\" class=\"wp-caption-text\">Wei\u00dfenstein und Gl\u00e4sener Wald \u00a9 Naturpark Bayerischer Wald<\/p><\/div>\n<p>Mein Lieblingsort im Naturpark ist die <a href=\"https:\/\/www.bayerischer-wald.de\/Media\/Attraktionen\/Burgruine-Weissenstein\" target=\"_blank\">Burg Wei\u00dfenstein.<\/a> Sie befindet sich im Ortsteil Wei\u00dfenstein der Stadt Regen im Landkreis Regen und ihre Mauern sind schon von Weiten zu sehen. Denn als die Grafen von Bogen um 1100 die Burg bauten, w\u00e4hlten sie den Ort geschickt. Die Burg thront auf rund 750 Meter H\u00f6he direkt auf dem wei\u00dfen Quarzfelsen des Pfahls, der sich kilometerlang durch den Bayerischen Wald zieht und in Wei\u00dfenstein einen seiner h\u00f6chsten Punkte erreicht. Viele Jahre hatte die Burg einst Angriffen standgehalten. Noch heute z\u00e4hlt die Burgruine Wei\u00dfenstein zu den bedeutendsten Burganlagen in Ostbayern.\u201c<\/p>\n<p>Das Naturschutzgebiet Pfahl bei der Ruine Wei\u00dfenstein wurde im Jahr 1940 ausgewiesen. Es ist 6 ha gro\u00df und erstreckt sich \u00fcber das Felsengebiet mit der Ruine. Es gedeihen hier Bergahorn, Holunder, Birken und Eschen.<\/p>\n<p><strong>Die Sage von Burg Wei\u00dfenstein<\/strong>\nEiner Sage nach wollte die Frau eines Ritters ihre neugeborenen Siebenlinge ertr\u00e4nken lassen. Der heimkehrende Ritter verhinderte das und lie\u00df seine Kinder im Kloster Rinchnach aufziehen, erz\u00e4hlte seiner Frau jedoch nichts. Als erwachsene M\u00e4nner kehrten die Kinder zur\u00fcck auf die Burg. Auf die Frage des Burgherrn, was mit einem Menschen geschehen solle, der die eigenen Kinder umbringen l\u00e4sst, antwortet seine Frau, man solle die Person lebendig einmauern. Daraufhin wurde sie eingemauert und soll noch heute als \u201ewei\u00dfe Frau\u201c in der Ruine zu sehen sein.<\/p>\n<p>&nbsp;<\/p>\n<p>&nbsp;<\/p>\n","protected":false},"excerpt":{"rendered":"<p>ist bayerischer Staatsminister f\u00fcr Ern\u00e4hrung, Landwirtschaft und Forsten und Naturpark-Botschafter im Naturpark Bayerischer Wald. Warum ihn seine Heimat mit Stolz erf\u00fcllt, verr\u00e4t er uns gerne.<\/p>\n","protected":false},"author":73,"featured_media":8128,"comment_status":"open","ping_status":"open","sticky":false,"template":"","format":"standard","meta":{"_links_to":"","_links_to_target":""},"categories":[8],"tags":[686,814,813,3155,81,812,479,3154,815,41,501],"yoast_head":"<!-- This site is optimized with the Yoast SEO plugin v19.10 - https:\/\/yoast.com\/wordpress\/plugins\/seo\/ -->\n<title>Helmut Brunner<\/title>\n<meta name=\"description\" content=\"ist bayerischer Staatsminister f\u00fcr Ern\u00e4hrung, Landwirtschaft und Forsten und Naturpark-Botschafter im Naturpark Bayerischer Wald. Warum ihn seine Heimat mit Stolz erf\u00fcllt, verr\u00e4t er uns gerne.\" \/>\n<meta name=\"robots\" content=\"index, follow, max-snippet:-1, max-image-preview:large, max-video-preview:-1\" \/>\n<link rel=\"canonical\" href=\"https:\/\/www.naturparkmagazin.de\/vdn\/helmut-brunner\/\" \/>\n<meta property=\"og:locale\" content=\"de_DE\" \/>\n<meta property=\"og:type\" content=\"article\" \/>\n<meta property=\"og:title\" content=\"Helmut Brunner\" \/>\n<meta property=\"og:description\" content=\"ist bayerischer Staatsminister f\u00fcr Ern\u00e4hrung, Landwirtschaft und Forsten und Naturpark-Botschafter im Naturpark Bayerischer Wald. Warum ihn seine Heimat mit Stolz erf\u00fcllt, verr\u00e4t er uns gerne.\" \/>\n<meta property=\"og:url\" content=\"https:\/\/www.naturparkmagazin.de\/vdn\/helmut-brunner\/\" \/>\n<meta property=\"og:site_name\" content=\"Verband Deutscher Naturparke\" \/>\n<meta property=\"article:published_time\" content=\"2016-12-11T09:03:30+00:00\" \/>\n<meta property=\"article:modified_time\" content=\"2016-12-14T12:36:55+00:00\" \/>\n<meta property=\"og:image\" content=\"https:\/\/www.naturparkmagazin.de\/vdn\/wp-content\/uploads\/sites\/3\/Helmut_Brunnerb.jpg\" \/>\n\t<meta property=\"og:image:width\" content=\"200\" \/>\n\t<meta property=\"og:image:height\" content=\"200\" \/>\n\t<meta property=\"og:image:type\" content=\"image\/jpeg\" \/>\n<meta name=\"author\" content=\"manuelamerz\" \/>\n<meta name=\"twitter:label1\" content=\"Verfasst von\" \/>\n\t<meta name=\"twitter:data1\" content=\"manuelamerz\" \/>\n\t<meta name=\"twitter:label2\" content=\"Gesch\u00e4tzte Lesezeit\" \/>\n\t<meta name=\"twitter:data2\" content=\"2\u00a0Minuten\" \/>\n<script type=\"application\/ld+json\" class=\"yoast-schema-graph\">{\"@context\":\"https:\/\/schema.org\",\"@graph\":[{\"@type\":\"WebPage\",\"@id\":\"https:\/\/www.naturparkmagazin.de\/vdn\/helmut-brunner\/\",\"url\":\"https:\/\/www.naturparkmagazin.de\/vdn\/helmut-brunner\/\",\"name\":\"Helmut Brunner\",\"isPartOf\":{\"@id\":\"https:\/\/www.naturparkmagazin.de\/vdn\/#website\"},\"datePublished\":\"2016-12-11T09:03:30+00:00\",\"dateModified\":\"2016-12-14T12:36:55+00:00\",\"author\":{\"@id\":\"https:\/\/www.naturparkmagazin.de\/vdn\/#\/schema\/person\/3cff9b8773ed55f0189255fa9adfd57c\"},\"description\":\"ist bayerischer Staatsminister f\u00fcr Ern\u00e4hrung, Landwirtschaft und Forsten und Naturpark-Botschafter im Naturpark Bayerischer Wald. Warum ihn seine Heimat mit Stolz erf\u00fcllt, verr\u00e4t er uns gerne.\",\"breadcrumb\":{\"@id\":\"https:\/\/www.naturparkmagazin.de\/vdn\/helmut-brunner\/#breadcrumb\"},\"inLanguage\":\"de\",\"potentialAction\":[{\"@type\":\"ReadAction\",\"target\":[\"https:\/\/www.naturparkmagazin.de\/vdn\/helmut-brunner\/\"]}]},{\"@type\":\"BreadcrumbList\",\"@id\":\"https:\/\/www.naturparkmagazin.de\/vdn\/helmut-brunner\/#breadcrumb\",\"itemListElement\":[{\"@type\":\"ListItem\",\"position\":1,\"name\":\"Home\",\"item\":\"https:\/\/www.naturparkmagazin.de\/vdn\/\"},{\"@type\":\"ListItem\",\"position\":2,\"name\":\"Helmut Brunner\"}]},{\"@type\":\"WebSite\",\"@id\":\"https:\/\/www.naturparkmagazin.de\/vdn\/#website\",\"url\":\"https:\/\/www.naturparkmagazin.de\/vdn\/\",\"name\":\"Verband Deutscher Naturparke\",\"description\":\"Eine weitere Naturparkmagazin.de Netzwerk Seite\",\"potentialAction\":[{\"@type\":\"SearchAction\",\"target\":{\"@type\":\"EntryPoint\",\"urlTemplate\":\"https:\/\/www.naturparkmagazin.de\/vdn\/?s={search_term_string}\"},\"query-input\":\"required name=search_term_string\"}],\"inLanguage\":\"de\"},{\"@type\":\"Person\",\"@id\":\"https:\/\/www.naturparkmagazin.de\/vdn\/#\/schema\/person\/3cff9b8773ed55f0189255fa9adfd57c\",\"name\":\"manuelamerz\",\"url\":\"https:\/\/www.naturparkmagazin.de\/vdn\/author\/manuelamerz\/\"}]}<\/script>\n<!-- \/ Yoast SEO plugin. -->","yoast_head_json":{"title":"Helmut Brunner","description":"ist bayerischer Staatsminister f\u00fcr Ern\u00e4hrung, Landwirtschaft und Forsten und Naturpark-Botschafter im Naturpark Bayerischer Wald. Warum ihn seine Heimat mit Stolz erf\u00fcllt, verr\u00e4t er uns gerne.","robots":{"index":"index","follow":"follow","max-snippet":"max-snippet:-1","max-image-preview":"max-image-preview:large","max-video-preview":"max-video-preview:-1"},"canonical":"https:\/\/www.naturparkmagazin.de\/vdn\/helmut-brunner\/","og_locale":"de_DE","og_type":"article","og_title":"Helmut Brunner","og_description":"ist bayerischer Staatsminister f\u00fcr Ern\u00e4hrung, Landwirtschaft und Forsten und Naturpark-Botschafter im Naturpark Bayerischer Wald. Warum ihn seine Heimat mit Stolz erf\u00fcllt, verr\u00e4t er uns gerne.","og_url":"https:\/\/www.naturparkmagazin.de\/vdn\/helmut-brunner\/","og_site_name":"Verband Deutscher Naturparke","article_published_time":"2016-12-11T09:03:30+00:00","article_modified_time":"2016-12-14T12:36:55+00:00","og_image":[{"width":200,"height":200,"url":"https:\/\/www.naturparkmagazin.de\/vdn\/wp-content\/uploads\/sites\/3\/Helmut_Brunnerb.jpg","type":"image\/jpeg"}],"author":"manuelamerz","twitter_misc":{"Verfasst von":"manuelamerz","Gesch\u00e4tzte Lesezeit":"2\u00a0Minuten"},"schema":{"@context":"https:\/\/schema.org","@graph":[{"@type":"WebPage","@id":"https:\/\/www.naturparkmagazin.de\/vdn\/helmut-brunner\/","url":"https:\/\/www.naturparkmagazin.de\/vdn\/helmut-brunner\/","name":"Helmut Brunner","isPartOf":{"@id":"https:\/\/www.naturparkmagazin.de\/vdn\/#website"},"datePublished":"2016-12-11T09:03:30+00:00","dateModified":"2016-12-14T12:36:55+00:00","author":{"@id":"https:\/\/www.naturparkmagazin.de\/vdn\/#\/schema\/person\/3cff9b8773ed55f0189255fa9adfd57c"},"description":"ist bayerischer Staatsminister f\u00fcr Ern\u00e4hrung, Landwirtschaft und Forsten und Naturpark-Botschafter im Naturpark Bayerischer Wald. Warum ihn seine Heimat mit Stolz erf\u00fcllt, verr\u00e4t er uns gerne.","breadcrumb":{"@id":"https:\/\/www.naturparkmagazin.de\/vdn\/helmut-brunner\/#breadcrumb"},"inLanguage":"de","potentialAction":[{"@type":"ReadAction","target":["https:\/\/www.naturparkmagazin.de\/vdn\/helmut-brunner\/"]}]},{"@type":"BreadcrumbList","@id":"https:\/\/www.naturparkmagazin.de\/vdn\/helmut-brunner\/#breadcrumb","itemListElement":[{"@type":"ListItem","position":1,"name":"Home","item":"https:\/\/www.naturparkmagazin.de\/vdn\/"},{"@type":"ListItem","position":2,"name":"Helmut Brunner"}]},{"@type":"WebSite","@id":"https:\/\/www.naturparkmagazin.de\/vdn\/#website","url":"https:\/\/www.naturparkmagazin.de\/vdn\/","name":"Verband Deutscher Naturparke","description":"Eine weitere Naturparkmagazin.de Netzwerk Seite","potentialAction":[{"@type":"SearchAction","target":{"@type":"EntryPoint","urlTemplate":"https:\/\/www.naturparkmagazin.de\/vdn\/?s={search_term_string}"},"query-input":"required name=search_term_string"}],"inLanguage":"de"},{"@type":"Person","@id":"https:\/\/www.naturparkmagazin.de\/vdn\/#\/schema\/person\/3cff9b8773ed55f0189255fa9adfd57c","name":"manuelamerz","url":"https:\/\/www.naturparkmagazin.de\/vdn\/author\/manuelamerz\/"}]}},"_links":{"self":[{"href":"https:\/\/www.naturparkmagazin.de\/vdn\/wp-json\/wp\/v2\/posts\/8124"}],"collection":[{"href":"https:\/\/www.naturparkmagazin.de\/vdn\/wp-json\/wp\/v2\/posts"}],"about":[{"href":"https:\/\/www.naturparkmagazin.de\/vdn\/wp-json\/wp\/v2\/types\/post"}],"author":[{"embeddable":true,"href":"https:\/\/www.naturparkmagazin.de\/vdn\/wp-json\/wp\/v2\/users\/73"}],"replies":[{"embeddable":true,"href":"https:\/\/www.naturparkmagazin.de\/vdn\/wp-json\/wp\/v2\/comments?post=8124"}],"version-history":[{"count":4,"href":"https:\/\/www.naturparkmagazin.de\/vdn\/wp-json\/wp\/v2\/posts\/8124\/revisions"}],"predecessor-version":[{"id":8176,"href":"https:\/\/www.naturparkmagazin.de\/vdn\/wp-json\/wp\/v2\/posts\/8124\/revisions\/8176"}],"wp:featuredmedia":[{"embeddable":true,"href":"https:\/\/www.naturparkmagazin.de\/vdn\/wp-json\/wp\/v2\/media\/8128"}],"wp:attachment":[{"href":"https:\/\/www.naturparkmagazin.de\/vdn\/wp-json\/wp\/v2\/media?parent=8124"}],"wp:term":[{"taxonomy":"category","embeddable":true,"href":"https:\/\/www.naturparkmagazin.de\/vdn\/wp-json\/wp\/v2\/categories?post=8124"},{"taxonomy":"post_tag","embeddable":true,"href":"https:\/\/www.naturparkmagazin.de\/vdn\/wp-json\/wp\/v2\/tags?post=8124"}],"curies":[{"name":"wp","href":"https:\/\/api.w.org\/{rel}","templated":true}]}}