{"id":8131,"date":"2016-12-11T11:02:43","date_gmt":"2016-12-11T10:02:43","guid":{"rendered":"http:\/\/www.naturparkmagazin.de\/vdn\/?p=8131"},"modified":"2016-12-08T11:54:36","modified_gmt":"2016-12-08T10:54:36","slug":"der-natur-auf-der-spur-naturpark-bayerischer-wald","status":"publish","type":"post","link":"https:\/\/www.naturparkmagazin.de\/vdn\/der-natur-auf-der-spur-naturpark-bayerischer-wald\/","title":{"rendered":"Der Natur auf der Spur \u2013 Naturpark Bayerischer Wald"},"content":{"rendered":"<div id=\"attachment_8133\" style=\"width: 510px\" class=\"wp-caption aligncenter\"><a href=\"https:\/\/www.naturparkmagazin.de\/vdn\/wp-content\/uploads\/sites\/3\/Naturpark-Bayerischer-Waldb.jpg\"><img aria-describedby=\"caption-attachment-8133\" decoding=\"async\" loading=\"lazy\" class=\"size-full wp-image-8133\" src=\"https:\/\/www.naturparkmagazin.de\/vdn\/wp-content\/uploads\/sites\/3\/Naturpark-Bayerischer-Waldb.jpg\" alt=\"\u00a9 Naturpark Bayerischer Wald\" width=\"500\" height=\"300\" srcset=\"https:\/\/www.naturparkmagazin.de\/vdn\/wp-content\/uploads\/sites\/3\/Naturpark-Bayerischer-Waldb.jpg 500w, https:\/\/www.naturparkmagazin.de\/vdn\/wp-content\/uploads\/sites\/3\/Naturpark-Bayerischer-Waldb-300x180.jpg 300w, https:\/\/www.naturparkmagazin.de\/vdn\/wp-content\/uploads\/sites\/3\/Naturpark-Bayerischer-Waldb-200x120.jpg 200w\" sizes=\"(max-width: 500px) 100vw, 500px\" \/><\/a><p id=\"caption-attachment-8133\" class=\"wp-caption-text\">\u00a9 Naturpark Bayerischer Wald<\/p><\/div>\n<p>Im S\u00fcdosten der Bundesrepublik, zwischen der Donau und den Hochlagen entlang der bayerisch-b\u00f6hmischen Grenze liegt der Naturpark Bayerischer Wald. Er geh\u00f6rt zu den gr\u00f6\u00dften Naturparken Deutschlands und ist Teil des gr\u00f6\u00dften zusammenh\u00e4ngenden Waldgebietes Mitteleuropas. Mit einem Anteil von etwa 50 Prozent der Wald das bestimmende Landschaftselement. Die h\u00f6chste Erhebung ist mit 1456 m der Gro\u00dfe Arber.<\/p>\n<div id=\"attachment_8134\" style=\"width: 510px\" class=\"wp-caption aligncenter\"><a href=\"https:\/\/www.naturparkmagazin.de\/vdn\/wp-content\/uploads\/sites\/3\/Arbermanndlnb.jpg\"><img aria-describedby=\"caption-attachment-8134\" decoding=\"async\" loading=\"lazy\" class=\"size-full wp-image-8134\" src=\"https:\/\/www.naturparkmagazin.de\/vdn\/wp-content\/uploads\/sites\/3\/Arbermanndlnb.jpg\" alt=\"Arbermanndln \u00a9 Naturpark Bayerischer Wald\" width=\"500\" height=\"300\" srcset=\"https:\/\/www.naturparkmagazin.de\/vdn\/wp-content\/uploads\/sites\/3\/Arbermanndlnb.jpg 500w, https:\/\/www.naturparkmagazin.de\/vdn\/wp-content\/uploads\/sites\/3\/Arbermanndlnb-300x180.jpg 300w, https:\/\/www.naturparkmagazin.de\/vdn\/wp-content\/uploads\/sites\/3\/Arbermanndlnb-200x120.jpg 200w\" sizes=\"(max-width: 500px) 100vw, 500px\" \/><\/a><p id=\"caption-attachment-8134\" class=\"wp-caption-text\">Arbermanndln \u00a9 Naturpark Bayerischer Wald<\/p><\/div>\n<p>Kaum ein anderer Naturpark kann vom Naturhaushalt her eine \u00e4hnliche Vielfalt bieten: von den Donauauen bis hin zu den Hochlagen-Fichtenw\u00e4ldern und den Hochmooren im bayerisch-b\u00f6hmischen Grenzgebirge. Die naturnahen und st\u00f6rungsarmen W\u00e4lder in der Grenzregion zu sch\u00fctzen und die attraktive und historisch gewachsene Kulturlandschaft des \u00fcbrigen Naturparkgebietes zu erhalten, ist Aufgabe des Naturparks Bayerischer Wald.<\/p>\n<div id=\"attachment_8135\" style=\"width: 510px\" class=\"wp-caption aligncenter\"><a href=\"https:\/\/www.naturparkmagazin.de\/vdn\/wp-content\/uploads\/sites\/3\/Kulturlandschaft-im-Naturpark-Bayerischer-Waldb.jpg\"><img aria-describedby=\"caption-attachment-8135\" decoding=\"async\" loading=\"lazy\" class=\"size-full wp-image-8135\" src=\"https:\/\/www.naturparkmagazin.de\/vdn\/wp-content\/uploads\/sites\/3\/Kulturlandschaft-im-Naturpark-Bayerischer-Waldb.jpg\" alt=\"Kulturlandschaft im Naturpark Bayerischer Wald \u00a9 Naturpark Bayerischer Wald\" width=\"500\" height=\"300\" srcset=\"https:\/\/www.naturparkmagazin.de\/vdn\/wp-content\/uploads\/sites\/3\/Kulturlandschaft-im-Naturpark-Bayerischer-Waldb.jpg 500w, https:\/\/www.naturparkmagazin.de\/vdn\/wp-content\/uploads\/sites\/3\/Kulturlandschaft-im-Naturpark-Bayerischer-Waldb-300x180.jpg 300w, https:\/\/www.naturparkmagazin.de\/vdn\/wp-content\/uploads\/sites\/3\/Kulturlandschaft-im-Naturpark-Bayerischer-Waldb-200x120.jpg 200w\" sizes=\"(max-width: 500px) 100vw, 500px\" \/><\/a><p id=\"caption-attachment-8135\" class=\"wp-caption-text\">Kulturlandschaft im Naturpark Bayerischer Wald \u00a9 Naturpark Bayerischer Wald<\/p><\/div>\n<p>Tier- und Pflanzenarten, die im \u00fcbrigen Bundesgebiet schon \u00e4u\u00dferst selten oder bereits ausgestorben sind finden hier letzte R\u00fcckzugsgebiete. So leben hier z. B. noch Auerhuhn, Luchs, Fischotter, der Wachtelk\u00f6nig und die Flussperlmuschel. Auch die Naturparkflora enth\u00e4lt etliche Kostbarkeiten wie z. B. Hollunderorchis oder Arnika. Da es sich bei diesen Arten um sogenannte \u201eLeitarten\u201c handelt, also Arten mit sehr hohen Anspr\u00fcchen an die Qualit\u00e4t ihrer Lebensr\u00e4ume, werden im Rahmen von speziellen Schutzkonzepten und Landschaftspflegema\u00dfnahmen f\u00fcr diese Leitarten auch eine Vielzahl weiterer seltener Arten und deren Lebensr\u00e4ume gepflegt und gesch\u00fctzt.<\/p>\n<div id=\"attachment_8137\" style=\"width: 510px\" class=\"wp-caption aligncenter\"><a href=\"https:\/\/www.naturparkmagazin.de\/vdn\/wp-content\/uploads\/sites\/3\/Weitblick-Natursch\u00f6nheitBeitrag.jpg\"><img aria-describedby=\"caption-attachment-8137\" decoding=\"async\" loading=\"lazy\" class=\"size-full wp-image-8137\" src=\"https:\/\/www.naturparkmagazin.de\/vdn\/wp-content\/uploads\/sites\/3\/Weitblick-Natursch\u00f6nheitBeitrag.jpg\" alt=\"Weitblick Natursch\u00f6nheit \u00a9 VDN\/Christine R. Sigl\" width=\"500\" height=\"300\" srcset=\"https:\/\/www.naturparkmagazin.de\/vdn\/wp-content\/uploads\/sites\/3\/Weitblick-Natursch\u00f6nheitBeitrag.jpg 500w, https:\/\/www.naturparkmagazin.de\/vdn\/wp-content\/uploads\/sites\/3\/Weitblick-Natursch\u00f6nheitBeitrag-300x180.jpg 300w, https:\/\/www.naturparkmagazin.de\/vdn\/wp-content\/uploads\/sites\/3\/Weitblick-Natursch\u00f6nheitBeitrag-200x120.jpg 200w\" sizes=\"(max-width: 500px) 100vw, 500px\" \/><\/a><p id=\"caption-attachment-8137\" class=\"wp-caption-text\">Weitblick Natursch\u00f6nheit \u00a9 VDN\/Christine R. Sigl<\/p><\/div>\n<p>Gemeinsam mit den 89 Mitgliedsgemeinden, vier Landkreisen und anderen \u00f6rtlichen Tr\u00e4gern betreut der Naturpark ein weit verzweigtes Netz von Infozentren, Pavillons, Lehrpfaden, Naturerlebnispfaden und Themenwegen, die interessante kulturlandschaftliche oder \u00f6kologische Themen der Region erl\u00e4utern. Ein ausgedehntes Wanderwegenetz mit etwa 7.000 km markierter Wege begleitet Erholungssuchende durch den Naturpark. Damit will der Naturpark Bayerischer Wald Besuchern sowie Einheimischen Erholungs- und Erlebnism\u00f6glichkeiten bieten, ohne dass die Landschaft darunter zu leiden hat.<\/p>\n<div id=\"attachment_8136\" style=\"width: 510px\" class=\"wp-caption aligncenter\"><a href=\"https:\/\/www.naturparkmagazin.de\/vdn\/wp-content\/uploads\/sites\/3\/Sonnenhaus_Naturpark-Infozentrum-Zwieselb.jpg\"><img aria-describedby=\"caption-attachment-8136\" decoding=\"async\" loading=\"lazy\" class=\"size-full wp-image-8136\" src=\"https:\/\/www.naturparkmagazin.de\/vdn\/wp-content\/uploads\/sites\/3\/Sonnenhaus_Naturpark-Infozentrum-Zwieselb.jpg\" alt=\"Sonnenhaus Naturpark-Infozentrum Zwiesel \u00a9 Naturpark Bayerischer Wald\" width=\"500\" height=\"300\" srcset=\"https:\/\/www.naturparkmagazin.de\/vdn\/wp-content\/uploads\/sites\/3\/Sonnenhaus_Naturpark-Infozentrum-Zwieselb.jpg 500w, https:\/\/www.naturparkmagazin.de\/vdn\/wp-content\/uploads\/sites\/3\/Sonnenhaus_Naturpark-Infozentrum-Zwieselb-300x180.jpg 300w, https:\/\/www.naturparkmagazin.de\/vdn\/wp-content\/uploads\/sites\/3\/Sonnenhaus_Naturpark-Infozentrum-Zwieselb-200x120.jpg 200w\" sizes=\"(max-width: 500px) 100vw, 500px\" \/><\/a><p id=\"caption-attachment-8136\" class=\"wp-caption-text\">Sonnenhaus Naturpark-Infozentrum Zwiesel \u00a9 Naturpark Bayerischer Wald<\/p><\/div>\n<p>Weitere Informationen: <a href=\"http:\/\/www.naturpark-bayer-wald.de\" target=\"_blank\">www.naturpark-bayer-wald.de<\/a> und <a href=\"http:\/\/www.naturparkwelten.de\" target=\"_blank\">www.naturparkwelten.de<\/a><\/p>\n<p>&nbsp;<\/p>\n","protected":false},"excerpt":{"rendered":"<p>Im S\u00fcdosten der Bundesrepublik, zwischen der Donau und den Hochlagen entlang der bayerisch-b\u00f6hmischen Grenze liegt der Naturpark Bayerischer Wald. Er geh\u00f6rt zu den gr\u00f6\u00dften und \u00e4ltesten Naturparken Deutschlands und ist Teil des gr\u00f6\u00dften zusammenh\u00e4ngenden Waldgebietes Mitteleuropas. Sechs Naturparkinfostellen und \u00fcber 35 Naturerlebnispfade geben vor Ort Auskunft \u00fcber \u00f6kologische Zusammenh\u00e4nge und erm\u00f6glichen \u00fcber das Erleben mit allen Sinnen einen neuen Zugang zur Natur. <\/p>\n","protected":false},"author":73,"featured_media":8132,"comment_status":"open","ping_status":"open","sticky":false,"template":"","format":"standard","meta":{"_links_to":"","_links_to_target":""},"categories":[15],"tags":[686,3155,91,370,231,422,86,81,812,3154,82,41,501],"yoast_head":"<!-- This site is optimized with the Yoast SEO plugin v19.10 - https:\/\/yoast.com\/wordpress\/plugins\/seo\/ -->\n<title>Der Natur auf der Spur \u2013 Naturpark Bayerischer Wald<\/title>\n<meta name=\"description\" content=\"Im S\u00fcdosten der Bundesrepublik, zwischen der Donau und den Hochlagen entlang der bayerisch-b\u00f6hmischen Grenze liegt der Naturpark Bayerischer Wald. Er geh\u00f6rt zu den gr\u00f6\u00dften und \u00e4ltesten Naturparken Deutschlands und ist Teil des gr\u00f6\u00dften zusammenh\u00e4ngenden Waldgebietes Mitteleuropas. Sechs Naturparkinfostellen und \u00fcber 35 Naturerlebnispfade geben vor Ort Auskunft \u00fcber \u00f6kologische Zusammenh\u00e4nge und erm\u00f6glichen \u00fcber das Erleben mit allen Sinnen einen neuen Zugang zur Natur.\" \/>\n<meta name=\"robots\" content=\"index, follow, max-snippet:-1, max-image-preview:large, max-video-preview:-1\" \/>\n<link rel=\"canonical\" href=\"https:\/\/www.naturparkmagazin.de\/vdn\/der-natur-auf-der-spur-naturpark-bayerischer-wald\/\" \/>\n<meta property=\"og:locale\" content=\"de_DE\" \/>\n<meta property=\"og:type\" content=\"article\" \/>\n<meta property=\"og:title\" content=\"Der Natur auf der Spur \u2013 Naturpark Bayerischer Wald\" \/>\n<meta property=\"og:description\" content=\"Im S\u00fcdosten der Bundesrepublik, zwischen der Donau und den Hochlagen entlang der bayerisch-b\u00f6hmischen Grenze liegt der Naturpark Bayerischer Wald. Er geh\u00f6rt zu den gr\u00f6\u00dften und \u00e4ltesten Naturparken Deutschlands und ist Teil des gr\u00f6\u00dften zusammenh\u00e4ngenden Waldgebietes Mitteleuropas. Sechs Naturparkinfostellen und \u00fcber 35 Naturerlebnispfade geben vor Ort Auskunft \u00fcber \u00f6kologische Zusammenh\u00e4nge und erm\u00f6glichen \u00fcber das Erleben mit allen Sinnen einen neuen Zugang zur Natur.\" \/>\n<meta property=\"og:url\" content=\"https:\/\/www.naturparkmagazin.de\/vdn\/der-natur-auf-der-spur-naturpark-bayerischer-wald\/\" \/>\n<meta property=\"og:site_name\" content=\"Verband Deutscher Naturparke\" \/>\n<meta property=\"article:published_time\" content=\"2016-12-11T10:02:43+00:00\" \/>\n<meta property=\"article:modified_time\" content=\"2016-12-08T10:54:36+00:00\" \/>\n<meta property=\"og:image\" content=\"https:\/\/www.naturparkmagazin.de\/vdn\/wp-content\/uploads\/sites\/3\/Naturpark-Bayerischer-Waldbf.jpg\" \/>\n\t<meta property=\"og:image:width\" content=\"200\" \/>\n\t<meta property=\"og:image:height\" content=\"200\" \/>\n\t<meta property=\"og:image:type\" content=\"image\/jpeg\" \/>\n<meta name=\"author\" content=\"manuelamerz\" \/>\n<meta name=\"twitter:label1\" content=\"Verfasst von\" \/>\n\t<meta name=\"twitter:data1\" content=\"manuelamerz\" \/>\n\t<meta name=\"twitter:label2\" content=\"Gesch\u00e4tzte Lesezeit\" \/>\n\t<meta name=\"twitter:data2\" content=\"3\u00a0Minuten\" \/>\n<script type=\"application\/ld+json\" class=\"yoast-schema-graph\">{\"@context\":\"https:\/\/schema.org\",\"@graph\":[{\"@type\":\"WebPage\",\"@id\":\"https:\/\/www.naturparkmagazin.de\/vdn\/der-natur-auf-der-spur-naturpark-bayerischer-wald\/\",\"url\":\"https:\/\/www.naturparkmagazin.de\/vdn\/der-natur-auf-der-spur-naturpark-bayerischer-wald\/\",\"name\":\"Der Natur auf der Spur \u2013 Naturpark Bayerischer Wald\",\"isPartOf\":{\"@id\":\"https:\/\/www.naturparkmagazin.de\/vdn\/#website\"},\"datePublished\":\"2016-12-11T10:02:43+00:00\",\"dateModified\":\"2016-12-08T10:54:36+00:00\",\"author\":{\"@id\":\"https:\/\/www.naturparkmagazin.de\/vdn\/#\/schema\/person\/3cff9b8773ed55f0189255fa9adfd57c\"},\"description\":\"Im S\u00fcdosten der Bundesrepublik, zwischen der Donau und den Hochlagen entlang der bayerisch-b\u00f6hmischen Grenze liegt der Naturpark Bayerischer Wald. Er geh\u00f6rt zu den gr\u00f6\u00dften und \u00e4ltesten Naturparken Deutschlands und ist Teil des gr\u00f6\u00dften zusammenh\u00e4ngenden Waldgebietes Mitteleuropas. Sechs Naturparkinfostellen und \u00fcber 35 Naturerlebnispfade geben vor Ort Auskunft \u00fcber \u00f6kologische Zusammenh\u00e4nge und erm\u00f6glichen \u00fcber das Erleben mit allen Sinnen einen neuen Zugang zur Natur.\",\"breadcrumb\":{\"@id\":\"https:\/\/www.naturparkmagazin.de\/vdn\/der-natur-auf-der-spur-naturpark-bayerischer-wald\/#breadcrumb\"},\"inLanguage\":\"de\",\"potentialAction\":[{\"@type\":\"ReadAction\",\"target\":[\"https:\/\/www.naturparkmagazin.de\/vdn\/der-natur-auf-der-spur-naturpark-bayerischer-wald\/\"]}]},{\"@type\":\"BreadcrumbList\",\"@id\":\"https:\/\/www.naturparkmagazin.de\/vdn\/der-natur-auf-der-spur-naturpark-bayerischer-wald\/#breadcrumb\",\"itemListElement\":[{\"@type\":\"ListItem\",\"position\":1,\"name\":\"Home\",\"item\":\"https:\/\/www.naturparkmagazin.de\/vdn\/\"},{\"@type\":\"ListItem\",\"position\":2,\"name\":\"Der Natur auf der Spur \u2013 Naturpark Bayerischer Wald\"}]},{\"@type\":\"WebSite\",\"@id\":\"https:\/\/www.naturparkmagazin.de\/vdn\/#website\",\"url\":\"https:\/\/www.naturparkmagazin.de\/vdn\/\",\"name\":\"Verband Deutscher Naturparke\",\"description\":\"Eine weitere Naturparkmagazin.de Netzwerk Seite\",\"potentialAction\":[{\"@type\":\"SearchAction\",\"target\":{\"@type\":\"EntryPoint\",\"urlTemplate\":\"https:\/\/www.naturparkmagazin.de\/vdn\/?s={search_term_string}\"},\"query-input\":\"required name=search_term_string\"}],\"inLanguage\":\"de\"},{\"@type\":\"Person\",\"@id\":\"https:\/\/www.naturparkmagazin.de\/vdn\/#\/schema\/person\/3cff9b8773ed55f0189255fa9adfd57c\",\"name\":\"manuelamerz\",\"url\":\"https:\/\/www.naturparkmagazin.de\/vdn\/author\/manuelamerz\/\"}]}<\/script>\n<!-- \/ Yoast SEO plugin. -->","yoast_head_json":{"title":"Der Natur auf der Spur \u2013 Naturpark Bayerischer Wald","description":"Im S\u00fcdosten der Bundesrepublik, zwischen der Donau und den Hochlagen entlang der bayerisch-b\u00f6hmischen Grenze liegt der Naturpark Bayerischer Wald. Er geh\u00f6rt zu den gr\u00f6\u00dften und \u00e4ltesten Naturparken Deutschlands und ist Teil des gr\u00f6\u00dften zusammenh\u00e4ngenden Waldgebietes Mitteleuropas. Sechs Naturparkinfostellen und \u00fcber 35 Naturerlebnispfade geben vor Ort Auskunft \u00fcber \u00f6kologische Zusammenh\u00e4nge und erm\u00f6glichen \u00fcber das Erleben mit allen Sinnen einen neuen Zugang zur Natur.","robots":{"index":"index","follow":"follow","max-snippet":"max-snippet:-1","max-image-preview":"max-image-preview:large","max-video-preview":"max-video-preview:-1"},"canonical":"https:\/\/www.naturparkmagazin.de\/vdn\/der-natur-auf-der-spur-naturpark-bayerischer-wald\/","og_locale":"de_DE","og_type":"article","og_title":"Der Natur auf der Spur \u2013 Naturpark Bayerischer Wald","og_description":"Im S\u00fcdosten der Bundesrepublik, zwischen der Donau und den Hochlagen entlang der bayerisch-b\u00f6hmischen Grenze liegt der Naturpark Bayerischer Wald. Er geh\u00f6rt zu den gr\u00f6\u00dften und \u00e4ltesten Naturparken Deutschlands und ist Teil des gr\u00f6\u00dften zusammenh\u00e4ngenden Waldgebietes Mitteleuropas. Sechs Naturparkinfostellen und \u00fcber 35 Naturerlebnispfade geben vor Ort Auskunft \u00fcber \u00f6kologische Zusammenh\u00e4nge und erm\u00f6glichen \u00fcber das Erleben mit allen Sinnen einen neuen Zugang zur Natur.","og_url":"https:\/\/www.naturparkmagazin.de\/vdn\/der-natur-auf-der-spur-naturpark-bayerischer-wald\/","og_site_name":"Verband Deutscher Naturparke","article_published_time":"2016-12-11T10:02:43+00:00","article_modified_time":"2016-12-08T10:54:36+00:00","og_image":[{"width":200,"height":200,"url":"https:\/\/www.naturparkmagazin.de\/vdn\/wp-content\/uploads\/sites\/3\/Naturpark-Bayerischer-Waldbf.jpg","type":"image\/jpeg"}],"author":"manuelamerz","twitter_misc":{"Verfasst von":"manuelamerz","Gesch\u00e4tzte Lesezeit":"3\u00a0Minuten"},"schema":{"@context":"https:\/\/schema.org","@graph":[{"@type":"WebPage","@id":"https:\/\/www.naturparkmagazin.de\/vdn\/der-natur-auf-der-spur-naturpark-bayerischer-wald\/","url":"https:\/\/www.naturparkmagazin.de\/vdn\/der-natur-auf-der-spur-naturpark-bayerischer-wald\/","name":"Der Natur auf der Spur \u2013 Naturpark Bayerischer Wald","isPartOf":{"@id":"https:\/\/www.naturparkmagazin.de\/vdn\/#website"},"datePublished":"2016-12-11T10:02:43+00:00","dateModified":"2016-12-08T10:54:36+00:00","author":{"@id":"https:\/\/www.naturparkmagazin.de\/vdn\/#\/schema\/person\/3cff9b8773ed55f0189255fa9adfd57c"},"description":"Im S\u00fcdosten der Bundesrepublik, zwischen der Donau und den Hochlagen entlang der bayerisch-b\u00f6hmischen Grenze liegt der Naturpark Bayerischer Wald. Er geh\u00f6rt zu den gr\u00f6\u00dften und \u00e4ltesten Naturparken Deutschlands und ist Teil des gr\u00f6\u00dften zusammenh\u00e4ngenden Waldgebietes Mitteleuropas. Sechs Naturparkinfostellen und \u00fcber 35 Naturerlebnispfade geben vor Ort Auskunft \u00fcber \u00f6kologische Zusammenh\u00e4nge und erm\u00f6glichen \u00fcber das Erleben mit allen Sinnen einen neuen Zugang zur Natur.","breadcrumb":{"@id":"https:\/\/www.naturparkmagazin.de\/vdn\/der-natur-auf-der-spur-naturpark-bayerischer-wald\/#breadcrumb"},"inLanguage":"de","potentialAction":[{"@type":"ReadAction","target":["https:\/\/www.naturparkmagazin.de\/vdn\/der-natur-auf-der-spur-naturpark-bayerischer-wald\/"]}]},{"@type":"BreadcrumbList","@id":"https:\/\/www.naturparkmagazin.de\/vdn\/der-natur-auf-der-spur-naturpark-bayerischer-wald\/#breadcrumb","itemListElement":[{"@type":"ListItem","position":1,"name":"Home","item":"https:\/\/www.naturparkmagazin.de\/vdn\/"},{"@type":"ListItem","position":2,"name":"Der Natur auf der Spur \u2013 Naturpark Bayerischer Wald"}]},{"@type":"WebSite","@id":"https:\/\/www.naturparkmagazin.de\/vdn\/#website","url":"https:\/\/www.naturparkmagazin.de\/vdn\/","name":"Verband Deutscher Naturparke","description":"Eine weitere Naturparkmagazin.de Netzwerk Seite","potentialAction":[{"@type":"SearchAction","target":{"@type":"EntryPoint","urlTemplate":"https:\/\/www.naturparkmagazin.de\/vdn\/?s={search_term_string}"},"query-input":"required name=search_term_string"}],"inLanguage":"de"},{"@type":"Person","@id":"https:\/\/www.naturparkmagazin.de\/vdn\/#\/schema\/person\/3cff9b8773ed55f0189255fa9adfd57c","name":"manuelamerz","url":"https:\/\/www.naturparkmagazin.de\/vdn\/author\/manuelamerz\/"}]}},"_links":{"self":[{"href":"https:\/\/www.naturparkmagazin.de\/vdn\/wp-json\/wp\/v2\/posts\/8131"}],"collection":[{"href":"https:\/\/www.naturparkmagazin.de\/vdn\/wp-json\/wp\/v2\/posts"}],"about":[{"href":"https:\/\/www.naturparkmagazin.de\/vdn\/wp-json\/wp\/v2\/types\/post"}],"author":[{"embeddable":true,"href":"https:\/\/www.naturparkmagazin.de\/vdn\/wp-json\/wp\/v2\/users\/73"}],"replies":[{"embeddable":true,"href":"https:\/\/www.naturparkmagazin.de\/vdn\/wp-json\/wp\/v2\/comments?post=8131"}],"version-history":[{"count":2,"href":"https:\/\/www.naturparkmagazin.de\/vdn\/wp-json\/wp\/v2\/posts\/8131\/revisions"}],"predecessor-version":[{"id":17650,"href":"https:\/\/www.naturparkmagazin.de\/vdn\/wp-json\/wp\/v2\/posts\/8131\/revisions\/17650"}],"wp:featuredmedia":[{"embeddable":true,"href":"https:\/\/www.naturparkmagazin.de\/vdn\/wp-json\/wp\/v2\/media\/8132"}],"wp:attachment":[{"href":"https:\/\/www.naturparkmagazin.de\/vdn\/wp-json\/wp\/v2\/media?parent=8131"}],"wp:term":[{"taxonomy":"category","embeddable":true,"href":"https:\/\/www.naturparkmagazin.de\/vdn\/wp-json\/wp\/v2\/categories?post=8131"},{"taxonomy":"post_tag","embeddable":true,"href":"https:\/\/www.naturparkmagazin.de\/vdn\/wp-json\/wp\/v2\/tags?post=8131"}],"curies":[{"name":"wp","href":"https:\/\/api.w.org\/{rel}","templated":true}]}}