{"id":8139,"date":"2016-12-11T12:20:13","date_gmt":"2016-12-11T11:20:13","guid":{"rendered":"http:\/\/www.naturparkmagazin.de\/vdn\/?p=8139"},"modified":"2016-12-13T14:27:32","modified_gmt":"2016-12-13T13:27:32","slug":"pichelsteiner-eintopf-deftig-und-fein-nicht-nur-an-wintertagen","status":"publish","type":"post","link":"https:\/\/www.naturparkmagazin.de\/vdn\/pichelsteiner-eintopf-deftig-und-fein-nicht-nur-an-wintertagen\/","title":{"rendered":"Pichelsteiner Eintopf &#8211; Deftig und fein nicht nur an Wintertagen!"},"content":{"rendered":"<div id=\"attachment_8172\" style=\"width: 510px\" class=\"wp-caption aligncenter\"><a href=\"https:\/\/www.naturparkmagazin.de\/vdn\/wp-content\/uploads\/sites\/3\/Pichelsteiner-Eintopf_Bild-Amt-f\u00fcr-Ern\u00e4hrung-Landwirtschaft-und-Forsten-Beitrag.jpg\"><img aria-describedby=\"caption-attachment-8172\" decoding=\"async\" loading=\"lazy\" class=\"size-full wp-image-8172\" src=\"https:\/\/www.naturparkmagazin.de\/vdn\/wp-content\/uploads\/sites\/3\/Pichelsteiner-Eintopf_Bild-Amt-f\u00fcr-Ern\u00e4hrung-Landwirtschaft-und-Forsten-Beitrag.jpg\" alt=\"Pichelsteiner-Eintopf \u00a9 Amt f\u00fcr Ern\u00e4hrung Landwirtschaft und Forsten\" width=\"500\" height=\"300\" srcset=\"https:\/\/www.naturparkmagazin.de\/vdn\/wp-content\/uploads\/sites\/3\/Pichelsteiner-Eintopf_Bild-Amt-f\u00fcr-Ern\u00e4hrung-Landwirtschaft-und-Forsten-Beitrag.jpg 500w, https:\/\/www.naturparkmagazin.de\/vdn\/wp-content\/uploads\/sites\/3\/Pichelsteiner-Eintopf_Bild-Amt-f\u00fcr-Ern\u00e4hrung-Landwirtschaft-und-Forsten-Beitrag-300x180.jpg 300w, https:\/\/www.naturparkmagazin.de\/vdn\/wp-content\/uploads\/sites\/3\/Pichelsteiner-Eintopf_Bild-Amt-f\u00fcr-Ern\u00e4hrung-Landwirtschaft-und-Forsten-Beitrag-200x120.jpg 200w\" sizes=\"(max-width: 500px) 100vw, 500px\" \/><\/a><p id=\"caption-attachment-8172\" class=\"wp-caption-text\">Pichelsteiner-Eintopf \u00a9 Amt f\u00fcr Ern\u00e4hrung Landwirtschaft und Forsten<\/p><\/div>\n<p>Der ber\u00fchmte Pichlsteiner-Eintopf wurde im Bayerischen Wald erfunden. In der Ortschaft Grattersdorf betrieb in der Mitte des 19. Jahrhunderts die Wirtin Auguste Winkler ein Wirtshaus. Ihr Eintopf wurde vermutlich nach dem nahegelegenen B\u00fcchelstein benannt, wo auf einer Waldwiese das \u201eB\u00fcchelsteiner Fest\u201c gefeiert wurde. Das schnell zubereitete, warme Gericht erfreute sich dort allgemeiner Beliebtheit. Ab dem Jahr 1874 trafen sich die B\u00fcrger von Regen traditionell am Kirchweihmontag zum \u201ePichelsteiner Essen\u201c, das bis heute als \u201ePichelsteiner Fest\u201c gefeiert wird.<\/p>\n<p>&nbsp;<\/p>\n<p><strong>Rezept f\u00fcr 4 Personen<\/strong><\/p>\n<p><strong>\u00a0<\/strong><\/p>\n<p><strong>Zutaten:<\/strong><\/p>\n<p>160 g Rindergulasch aus der Keule\n160 g Schweinegulasch aus der Keule\n80 g Kalbgulasch aus der Keule<\/p>\n<p>200 g Zwiebeln (in Streifen)\n260 g Karotten (in Scheiben)\n130 g Sellerie (in W\u00fcrfel)\n260 g Lauch (in Streifen)\n600 g Kartoffeln (in W\u00fcrfel)\nca. 100 g gehackte Petersilie\n2 Ltr. Fleischbr\u00fche\nGew\u00fcrze: Salz, Pfeffer, Paprika edels\u00fc\u00df<\/p>\n<p>&nbsp;<\/p>\n<p><strong>Zubereitung:<\/strong><\/p>\n<p>Zwiebeln mit etwas Fett ein einem Topf glasig and\u00fcnsten. Rindergulasch dazugeben und etwas mit anschwitzen, ca. 1 ltr. Fleischbr\u00fche angie\u00dfen und ca. 40 Min. bei schwacher Hitze k\u00f6cheln lassen.<\/p>\n<p>Als n\u00e4chstes das Schweinegulasch und Kalbsgulasch dazugeben und weitere 40 Min. k\u00f6cheln lassen. Dann kommen die Kartoffeln auf das Fleisch f\u00fcr ca. 10 Min. Karotten, Lauch, Sellerie dazugeben und weitere ca. 10 Min. k\u00f6cheln lassen.<\/p>\n<p>Zum Schluss wird mit Salz, Pfeffer und Paprika gew\u00fcrzt. Der Pichelsteiner-Eintopf sollte leicht s\u00e4mig sein. Als letztes die gehackte Petersilie unterr\u00fchren und servieren.<\/p>\n<p><strong>Wir w\u00fcnschen viel Freude beim Nachkochen oder lassen Sie sich den Pichelsteiner Eintopf im <a href=\"http:\/\/www.naturparkwelten.de\/restaurantimgrenzbahnhof.html\" target=\"_blank\">Restaurant Grenzbahnhof in Bayerisch Eisenstein<\/a> schmecken. Genie\u00dfen Sie die deftige Speise bei besonderer Atmosph\u00e4re im historischen Wartesaal I. Klasse aus dem Jahre 1877.<\/strong><\/p>\n<div id=\"attachment_8143\" style=\"width: 437px\" class=\"wp-caption aligncenter\"><a href=\"https:\/\/www.naturparkmagazin.de\/vdn\/wp-content\/uploads\/sites\/3\/Restaurant-Grenzbahnhof-bietet-eine-besondere-Atmosph\u00e4re.jpg\"><img aria-describedby=\"caption-attachment-8143\" decoding=\"async\" loading=\"lazy\" class=\"wp-image-8143 size-full\" src=\"https:\/\/www.naturparkmagazin.de\/vdn\/wp-content\/uploads\/sites\/3\/Restaurant-Grenzbahnhof-bietet-eine-besondere-Atmosph\u00e4re.jpg\" alt=\"http:\/\/www.naturparkwelten.de\/restaurantimgrenzbahnhof.html\" width=\"427\" height=\"667\" srcset=\"https:\/\/www.naturparkmagazin.de\/vdn\/wp-content\/uploads\/sites\/3\/Restaurant-Grenzbahnhof-bietet-eine-besondere-Atmosph\u00e4re.jpg 427w, https:\/\/www.naturparkmagazin.de\/vdn\/wp-content\/uploads\/sites\/3\/Restaurant-Grenzbahnhof-bietet-eine-besondere-Atmosph\u00e4re-300x469.jpg 300w, https:\/\/www.naturparkmagazin.de\/vdn\/wp-content\/uploads\/sites\/3\/Restaurant-Grenzbahnhof-bietet-eine-besondere-Atmosph\u00e4re-200x312.jpg 200w\" sizes=\"(max-width: 427px) 100vw, 427px\" \/><\/a><p id=\"caption-attachment-8143\" class=\"wp-caption-text\">Restaurant im Grenzbahnhof \u00a9 Naturpark Bayerischer Wald<\/p><\/div>\n<p><strong>\u00a0<\/strong><\/p>\n","protected":false},"excerpt":{"rendered":"<p>Der ber\u00fchmte Pichlsteiner-Eintopf wurde im Bayerischen Wald erfunden. In der Ortschaft Grattersdorf betrieb in der Mitte des 19. Jahrhunderts die Wirtin Auguste Winkler ein Wirtshaus. Ihr Eintopf wurde vermutlich nach dem nahegelegenen B\u00fcchelstein benannt, wo auf einer Waldwiese das \u201eB\u00fcchelsteiner Fest\u201c gefeiert wurde. Das schnell zubereitete, warme Gericht erfreute sich dort allgemeiner Beliebtheit. Ab dem Jahr 1874 trafen sich die B\u00fcrger von Regen traditionell am Kirchweihmontag zum \u201ePichelsteiner Essen\u201c, das bis heute als \u201ePichelsteiner Fest\u201c gefeiert wird.<\/p>\n","protected":false},"author":73,"featured_media":8171,"comment_status":"open","ping_status":"open","sticky":false,"template":"","format":"standard","meta":{"_links_to":"","_links_to_target":""},"categories":[14],"tags":[822,818,819,812,229,582,816,821,820,823,817,110,3152,501],"yoast_head":"<!-- This site is optimized with the Yoast SEO plugin v19.10 - https:\/\/yoast.com\/wordpress\/plugins\/seo\/ -->\n<title>Pichelsteiner Eintopf - Deftig und fein nicht nur an Wintertagen!<\/title>\n<meta name=\"description\" content=\"Der ber\u00fchmte Pichlsteiner-Eintopf wurde im Bayerischen Wald erfunden. In der Ortschaft Grattersdorf betrieb in der Mitte des 19. Jahrhunderts die Wirtin Auguste Winkler ein Wirtshaus. Ihr Eintopf wurde vermutlich nach dem nahegelegenen B\u00fcchelstein benannt, wo auf einer Waldwiese das \u201eB\u00fcchelsteiner Fest\u201c gefeiert wurde. Das schnell zubereitete, warme Gericht erfreute sich dort allgemeiner Beliebtheit. Ab dem Jahr 1874 trafen sich die B\u00fcrger von Regen traditionell am Kirchweihmontag zum \u201ePichelsteiner Essen\u201c, das bis heute als \u201ePichelsteiner Fest\u201c gefeiert wird.\" \/>\n<meta name=\"robots\" content=\"index, follow, max-snippet:-1, max-image-preview:large, max-video-preview:-1\" \/>\n<link rel=\"canonical\" href=\"https:\/\/www.naturparkmagazin.de\/vdn\/pichelsteiner-eintopf-deftig-und-fein-nicht-nur-an-wintertagen\/\" \/>\n<meta property=\"og:locale\" content=\"de_DE\" \/>\n<meta property=\"og:type\" content=\"article\" \/>\n<meta property=\"og:title\" content=\"Pichelsteiner Eintopf - Deftig und fein nicht nur an Wintertagen!\" \/>\n<meta property=\"og:description\" content=\"Der ber\u00fchmte Pichlsteiner-Eintopf wurde im Bayerischen Wald erfunden. In der Ortschaft Grattersdorf betrieb in der Mitte des 19. Jahrhunderts die Wirtin Auguste Winkler ein Wirtshaus. Ihr Eintopf wurde vermutlich nach dem nahegelegenen B\u00fcchelstein benannt, wo auf einer Waldwiese das \u201eB\u00fcchelsteiner Fest\u201c gefeiert wurde. Das schnell zubereitete, warme Gericht erfreute sich dort allgemeiner Beliebtheit. Ab dem Jahr 1874 trafen sich die B\u00fcrger von Regen traditionell am Kirchweihmontag zum \u201ePichelsteiner Essen\u201c, das bis heute als \u201ePichelsteiner Fest\u201c gefeiert wird.\" \/>\n<meta property=\"og:url\" content=\"https:\/\/www.naturparkmagazin.de\/vdn\/pichelsteiner-eintopf-deftig-und-fein-nicht-nur-an-wintertagen\/\" \/>\n<meta property=\"og:site_name\" content=\"Verband Deutscher Naturparke\" \/>\n<meta property=\"article:published_time\" content=\"2016-12-11T11:20:13+00:00\" \/>\n<meta property=\"article:modified_time\" content=\"2016-12-13T13:27:32+00:00\" \/>\n<meta property=\"og:image\" content=\"https:\/\/www.naturparkmagazin.de\/vdn\/wp-content\/uploads\/sites\/3\/Pichelsteiner-Eintopf_Bild-Amt-f\u00fcr-Ern\u00e4hrung-Landwirtschaft-und-Forsten-Beitrags.jpg\" \/>\n\t<meta property=\"og:image:width\" content=\"200\" \/>\n\t<meta property=\"og:image:height\" content=\"200\" \/>\n\t<meta property=\"og:image:type\" content=\"image\/jpeg\" \/>\n<meta name=\"author\" content=\"manuelamerz\" \/>\n<meta name=\"twitter:label1\" content=\"Verfasst von\" \/>\n\t<meta name=\"twitter:data1\" content=\"manuelamerz\" \/>\n\t<meta name=\"twitter:label2\" content=\"Gesch\u00e4tzte Lesezeit\" \/>\n\t<meta name=\"twitter:data2\" content=\"1\u00a0Minute\" \/>\n<script type=\"application\/ld+json\" class=\"yoast-schema-graph\">{\"@context\":\"https:\/\/schema.org\",\"@graph\":[{\"@type\":\"WebPage\",\"@id\":\"https:\/\/www.naturparkmagazin.de\/vdn\/pichelsteiner-eintopf-deftig-und-fein-nicht-nur-an-wintertagen\/\",\"url\":\"https:\/\/www.naturparkmagazin.de\/vdn\/pichelsteiner-eintopf-deftig-und-fein-nicht-nur-an-wintertagen\/\",\"name\":\"Pichelsteiner Eintopf - Deftig und fein nicht nur an Wintertagen!\",\"isPartOf\":{\"@id\":\"https:\/\/www.naturparkmagazin.de\/vdn\/#website\"},\"datePublished\":\"2016-12-11T11:20:13+00:00\",\"dateModified\":\"2016-12-13T13:27:32+00:00\",\"author\":{\"@id\":\"https:\/\/www.naturparkmagazin.de\/vdn\/#\/schema\/person\/3cff9b8773ed55f0189255fa9adfd57c\"},\"description\":\"Der ber\u00fchmte Pichlsteiner-Eintopf wurde im Bayerischen Wald erfunden. In der Ortschaft Grattersdorf betrieb in der Mitte des 19. Jahrhunderts die Wirtin Auguste Winkler ein Wirtshaus. Ihr Eintopf wurde vermutlich nach dem nahegelegenen B\u00fcchelstein benannt, wo auf einer Waldwiese das \u201eB\u00fcchelsteiner Fest\u201c gefeiert wurde. Das schnell zubereitete, warme Gericht erfreute sich dort allgemeiner Beliebtheit. Ab dem Jahr 1874 trafen sich die B\u00fcrger von Regen traditionell am Kirchweihmontag zum \u201ePichelsteiner Essen\u201c, das bis heute als \u201ePichelsteiner Fest\u201c gefeiert wird.\",\"breadcrumb\":{\"@id\":\"https:\/\/www.naturparkmagazin.de\/vdn\/pichelsteiner-eintopf-deftig-und-fein-nicht-nur-an-wintertagen\/#breadcrumb\"},\"inLanguage\":\"de\",\"potentialAction\":[{\"@type\":\"ReadAction\",\"target\":[\"https:\/\/www.naturparkmagazin.de\/vdn\/pichelsteiner-eintopf-deftig-und-fein-nicht-nur-an-wintertagen\/\"]}]},{\"@type\":\"BreadcrumbList\",\"@id\":\"https:\/\/www.naturparkmagazin.de\/vdn\/pichelsteiner-eintopf-deftig-und-fein-nicht-nur-an-wintertagen\/#breadcrumb\",\"itemListElement\":[{\"@type\":\"ListItem\",\"position\":1,\"name\":\"Home\",\"item\":\"https:\/\/www.naturparkmagazin.de\/vdn\/\"},{\"@type\":\"ListItem\",\"position\":2,\"name\":\"Pichelsteiner Eintopf &#8211; Deftig und fein nicht nur an Wintertagen!\"}]},{\"@type\":\"WebSite\",\"@id\":\"https:\/\/www.naturparkmagazin.de\/vdn\/#website\",\"url\":\"https:\/\/www.naturparkmagazin.de\/vdn\/\",\"name\":\"Verband Deutscher Naturparke\",\"description\":\"Eine weitere Naturparkmagazin.de Netzwerk Seite\",\"potentialAction\":[{\"@type\":\"SearchAction\",\"target\":{\"@type\":\"EntryPoint\",\"urlTemplate\":\"https:\/\/www.naturparkmagazin.de\/vdn\/?s={search_term_string}\"},\"query-input\":\"required name=search_term_string\"}],\"inLanguage\":\"de\"},{\"@type\":\"Person\",\"@id\":\"https:\/\/www.naturparkmagazin.de\/vdn\/#\/schema\/person\/3cff9b8773ed55f0189255fa9adfd57c\",\"name\":\"manuelamerz\",\"url\":\"https:\/\/www.naturparkmagazin.de\/vdn\/author\/manuelamerz\/\"}]}<\/script>\n<!-- \/ Yoast SEO plugin. -->","yoast_head_json":{"title":"Pichelsteiner Eintopf - Deftig und fein nicht nur an Wintertagen!","description":"Der ber\u00fchmte Pichlsteiner-Eintopf wurde im Bayerischen Wald erfunden. In der Ortschaft Grattersdorf betrieb in der Mitte des 19. Jahrhunderts die Wirtin Auguste Winkler ein Wirtshaus. Ihr Eintopf wurde vermutlich nach dem nahegelegenen B\u00fcchelstein benannt, wo auf einer Waldwiese das \u201eB\u00fcchelsteiner Fest\u201c gefeiert wurde. Das schnell zubereitete, warme Gericht erfreute sich dort allgemeiner Beliebtheit. Ab dem Jahr 1874 trafen sich die B\u00fcrger von Regen traditionell am Kirchweihmontag zum \u201ePichelsteiner Essen\u201c, das bis heute als \u201ePichelsteiner Fest\u201c gefeiert wird.","robots":{"index":"index","follow":"follow","max-snippet":"max-snippet:-1","max-image-preview":"max-image-preview:large","max-video-preview":"max-video-preview:-1"},"canonical":"https:\/\/www.naturparkmagazin.de\/vdn\/pichelsteiner-eintopf-deftig-und-fein-nicht-nur-an-wintertagen\/","og_locale":"de_DE","og_type":"article","og_title":"Pichelsteiner Eintopf - Deftig und fein nicht nur an Wintertagen!","og_description":"Der ber\u00fchmte Pichlsteiner-Eintopf wurde im Bayerischen Wald erfunden. In der Ortschaft Grattersdorf betrieb in der Mitte des 19. Jahrhunderts die Wirtin Auguste Winkler ein Wirtshaus. Ihr Eintopf wurde vermutlich nach dem nahegelegenen B\u00fcchelstein benannt, wo auf einer Waldwiese das \u201eB\u00fcchelsteiner Fest\u201c gefeiert wurde. Das schnell zubereitete, warme Gericht erfreute sich dort allgemeiner Beliebtheit. Ab dem Jahr 1874 trafen sich die B\u00fcrger von Regen traditionell am Kirchweihmontag zum \u201ePichelsteiner Essen\u201c, das bis heute als \u201ePichelsteiner Fest\u201c gefeiert wird.","og_url":"https:\/\/www.naturparkmagazin.de\/vdn\/pichelsteiner-eintopf-deftig-und-fein-nicht-nur-an-wintertagen\/","og_site_name":"Verband Deutscher Naturparke","article_published_time":"2016-12-11T11:20:13+00:00","article_modified_time":"2016-12-13T13:27:32+00:00","og_image":[{"width":200,"height":200,"url":"https:\/\/www.naturparkmagazin.de\/vdn\/wp-content\/uploads\/sites\/3\/Pichelsteiner-Eintopf_Bild-Amt-f\u00fcr-Ern\u00e4hrung-Landwirtschaft-und-Forsten-Beitrags.jpg","type":"image\/jpeg"}],"author":"manuelamerz","twitter_misc":{"Verfasst von":"manuelamerz","Gesch\u00e4tzte Lesezeit":"1\u00a0Minute"},"schema":{"@context":"https:\/\/schema.org","@graph":[{"@type":"WebPage","@id":"https:\/\/www.naturparkmagazin.de\/vdn\/pichelsteiner-eintopf-deftig-und-fein-nicht-nur-an-wintertagen\/","url":"https:\/\/www.naturparkmagazin.de\/vdn\/pichelsteiner-eintopf-deftig-und-fein-nicht-nur-an-wintertagen\/","name":"Pichelsteiner Eintopf - Deftig und fein nicht nur an Wintertagen!","isPartOf":{"@id":"https:\/\/www.naturparkmagazin.de\/vdn\/#website"},"datePublished":"2016-12-11T11:20:13+00:00","dateModified":"2016-12-13T13:27:32+00:00","author":{"@id":"https:\/\/www.naturparkmagazin.de\/vdn\/#\/schema\/person\/3cff9b8773ed55f0189255fa9adfd57c"},"description":"Der ber\u00fchmte Pichlsteiner-Eintopf wurde im Bayerischen Wald erfunden. In der Ortschaft Grattersdorf betrieb in der Mitte des 19. Jahrhunderts die Wirtin Auguste Winkler ein Wirtshaus. Ihr Eintopf wurde vermutlich nach dem nahegelegenen B\u00fcchelstein benannt, wo auf einer Waldwiese das \u201eB\u00fcchelsteiner Fest\u201c gefeiert wurde. Das schnell zubereitete, warme Gericht erfreute sich dort allgemeiner Beliebtheit. Ab dem Jahr 1874 trafen sich die B\u00fcrger von Regen traditionell am Kirchweihmontag zum \u201ePichelsteiner Essen\u201c, das bis heute als \u201ePichelsteiner Fest\u201c gefeiert wird.","breadcrumb":{"@id":"https:\/\/www.naturparkmagazin.de\/vdn\/pichelsteiner-eintopf-deftig-und-fein-nicht-nur-an-wintertagen\/#breadcrumb"},"inLanguage":"de","potentialAction":[{"@type":"ReadAction","target":["https:\/\/www.naturparkmagazin.de\/vdn\/pichelsteiner-eintopf-deftig-und-fein-nicht-nur-an-wintertagen\/"]}]},{"@type":"BreadcrumbList","@id":"https:\/\/www.naturparkmagazin.de\/vdn\/pichelsteiner-eintopf-deftig-und-fein-nicht-nur-an-wintertagen\/#breadcrumb","itemListElement":[{"@type":"ListItem","position":1,"name":"Home","item":"https:\/\/www.naturparkmagazin.de\/vdn\/"},{"@type":"ListItem","position":2,"name":"Pichelsteiner Eintopf &#8211; Deftig und fein nicht nur an Wintertagen!"}]},{"@type":"WebSite","@id":"https:\/\/www.naturparkmagazin.de\/vdn\/#website","url":"https:\/\/www.naturparkmagazin.de\/vdn\/","name":"Verband Deutscher Naturparke","description":"Eine weitere Naturparkmagazin.de Netzwerk Seite","potentialAction":[{"@type":"SearchAction","target":{"@type":"EntryPoint","urlTemplate":"https:\/\/www.naturparkmagazin.de\/vdn\/?s={search_term_string}"},"query-input":"required name=search_term_string"}],"inLanguage":"de"},{"@type":"Person","@id":"https:\/\/www.naturparkmagazin.de\/vdn\/#\/schema\/person\/3cff9b8773ed55f0189255fa9adfd57c","name":"manuelamerz","url":"https:\/\/www.naturparkmagazin.de\/vdn\/author\/manuelamerz\/"}]}},"_links":{"self":[{"href":"https:\/\/www.naturparkmagazin.de\/vdn\/wp-json\/wp\/v2\/posts\/8139"}],"collection":[{"href":"https:\/\/www.naturparkmagazin.de\/vdn\/wp-json\/wp\/v2\/posts"}],"about":[{"href":"https:\/\/www.naturparkmagazin.de\/vdn\/wp-json\/wp\/v2\/types\/post"}],"author":[{"embeddable":true,"href":"https:\/\/www.naturparkmagazin.de\/vdn\/wp-json\/wp\/v2\/users\/73"}],"replies":[{"embeddable":true,"href":"https:\/\/www.naturparkmagazin.de\/vdn\/wp-json\/wp\/v2\/comments?post=8139"}],"version-history":[{"count":5,"href":"https:\/\/www.naturparkmagazin.de\/vdn\/wp-json\/wp\/v2\/posts\/8139\/revisions"}],"predecessor-version":[{"id":8173,"href":"https:\/\/www.naturparkmagazin.de\/vdn\/wp-json\/wp\/v2\/posts\/8139\/revisions\/8173"}],"wp:featuredmedia":[{"embeddable":true,"href":"https:\/\/www.naturparkmagazin.de\/vdn\/wp-json\/wp\/v2\/media\/8171"}],"wp:attachment":[{"href":"https:\/\/www.naturparkmagazin.de\/vdn\/wp-json\/wp\/v2\/media?parent=8139"}],"wp:term":[{"taxonomy":"category","embeddable":true,"href":"https:\/\/www.naturparkmagazin.de\/vdn\/wp-json\/wp\/v2\/categories?post=8139"},{"taxonomy":"post_tag","embeddable":true,"href":"https:\/\/www.naturparkmagazin.de\/vdn\/wp-json\/wp\/v2\/tags?post=8139"}],"curies":[{"name":"wp","href":"https:\/\/api.w.org\/{rel}","templated":true}]}}