{"id":8145,"date":"2016-12-11T12:41:01","date_gmt":"2016-12-11T11:41:01","guid":{"rendered":"http:\/\/www.naturparkmagazin.de\/vdn\/?p=8145"},"modified":"2016-12-22T10:25:24","modified_gmt":"2016-12-22T09:25:24","slug":"nur-die-liebe-zaehlt-aus-dem-liebesleben-der-wildtiere","status":"publish","type":"post","link":"https:\/\/www.naturparkmagazin.de\/vdn\/nur-die-liebe-zaehlt-aus-dem-liebesleben-der-wildtiere\/","title":{"rendered":"\u201eNur die Liebe z\u00e4hlt\u201c \u2013 Aus dem Liebesleben der Wildtiere"},"content":{"rendered":"<p>&nbsp;<\/p>\n<p>Die stillen Wintermonate z\u00e4hlen bei manchen Wildtieren und V\u00f6geln zur Paarungszeit. Dies ist Anlass f\u00fcr uns, das Paarungsverhalten und die Fortpflanzungsbiologie bei einigen Tierarten im Jahresverlauf und die einschl\u00e4gigen Fachw\u00f6rter wie Balz- und Blattzeit, Brunft und Ranz vorzustellen.<\/p>\n<div id=\"attachment_8152\" style=\"width: 510px\" class=\"wp-caption aligncenter\"><a href=\"https:\/\/www.naturparkmagazin.de\/vdn\/wp-content\/uploads\/sites\/3\/dsc1929b.jpg\"><img aria-describedby=\"caption-attachment-8152\" decoding=\"async\" loading=\"lazy\" class=\"size-full wp-image-8152\" src=\"https:\/\/www.naturparkmagazin.de\/vdn\/wp-content\/uploads\/sites\/3\/dsc1929b.jpg\" alt=\"Im Gegenlicht \u00a9 VDN \/ Hellwig\" width=\"500\" height=\"300\" srcset=\"https:\/\/www.naturparkmagazin.de\/vdn\/wp-content\/uploads\/sites\/3\/dsc1929b.jpg 500w, https:\/\/www.naturparkmagazin.de\/vdn\/wp-content\/uploads\/sites\/3\/dsc1929b-300x180.jpg 300w, https:\/\/www.naturparkmagazin.de\/vdn\/wp-content\/uploads\/sites\/3\/dsc1929b-200x120.jpg 200w\" sizes=\"(max-width: 500px) 100vw, 500px\" \/><\/a><p id=\"caption-attachment-8152\" class=\"wp-caption-text\">Im Gegenlicht \u00a9 VDN \/ Hellwig<\/p><\/div>\n<p>Die Paarungszeit der Hasen liegt bei g\u00fcnstigem Wetter von Januar bis in den August, was drei oder vier S\u00e4tze Nachwuchs mit 2 bis 4 Jungen im Jahr zur Folge hat. Hasen sind polygam. Um den Nachwuchs k\u00fcmmert sich die H\u00e4sin alleine.<\/p>\n<div id=\"attachment_8155\" style=\"width: 510px\" class=\"wp-caption aligncenter\"><a href=\"https:\/\/www.naturparkmagazin.de\/vdn\/wp-content\/uploads\/sites\/3\/rotfuchs-2b.jpg\"><img aria-describedby=\"caption-attachment-8155\" decoding=\"async\" loading=\"lazy\" class=\"wp-image-8155 size-full\" src=\"https:\/\/www.naturparkmagazin.de\/vdn\/wp-content\/uploads\/sites\/3\/rotfuchs-2b.jpg\" alt=\"rotfuchs-2b\" width=\"500\" height=\"300\" srcset=\"https:\/\/www.naturparkmagazin.de\/vdn\/wp-content\/uploads\/sites\/3\/rotfuchs-2b.jpg 500w, https:\/\/www.naturparkmagazin.de\/vdn\/wp-content\/uploads\/sites\/3\/rotfuchs-2b-300x180.jpg 300w, https:\/\/www.naturparkmagazin.de\/vdn\/wp-content\/uploads\/sites\/3\/rotfuchs-2b-200x120.jpg 200w\" sizes=\"(max-width: 500px) 100vw, 500px\" \/><\/a><p id=\"caption-attachment-8155\" class=\"wp-caption-text\">Rotfuchs \u00a9 VDN \/ Matze<\/p><\/div>\n<p>F\u00fcchse sind etwa mit zehn Monaten erwachsen. Die Ranz- oder Rollzeit beginnt Ende Dezember, erreicht im Januar den H\u00f6hepunkt und endet im Februar. Die Ranz wird durch die Ranzwitterung der hitzigen F\u00e4he ausgel\u00f6st. Beginn und Verlauf der Ranz sind aber auch von den Witterungsverh\u00e4ltnissen abh\u00e4ngig. Der intensive Ranzgeruch wird von den Afterdr\u00fcsen der F\u00e4he abgegeben. Eine F\u00e4he wird h\u00e4ufig von mehreren R\u00fcden gedeckt. Wie bei den Hunden k\u00f6nnen daher die Welpen eines Wurfes von mehreren R\u00fcden stammen.<\/p>\n<div id=\"attachment_8150\" style=\"width: 510px\" class=\"wp-caption aligncenter\"><a href=\"https:\/\/www.naturparkmagazin.de\/vdn\/wp-content\/uploads\/sites\/3\/Beitrag_dsc0370.jpg\"><img aria-describedby=\"caption-attachment-8150\" decoding=\"async\" loading=\"lazy\" class=\"size-full wp-image-8150\" src=\"https:\/\/www.naturparkmagazin.de\/vdn\/wp-content\/uploads\/sites\/3\/Beitrag_dsc0370.jpg\" alt=\"Fr\u00fchlingsgef\u00fchle \u00a9 VDN \/ Thomas Braun\" width=\"500\" height=\"300\" srcset=\"https:\/\/www.naturparkmagazin.de\/vdn\/wp-content\/uploads\/sites\/3\/Beitrag_dsc0370.jpg 500w, https:\/\/www.naturparkmagazin.de\/vdn\/wp-content\/uploads\/sites\/3\/Beitrag_dsc0370-300x180.jpg 300w, https:\/\/www.naturparkmagazin.de\/vdn\/wp-content\/uploads\/sites\/3\/Beitrag_dsc0370-200x120.jpg 200w\" sizes=\"(max-width: 500px) 100vw, 500px\" \/><\/a><p id=\"caption-attachment-8150\" class=\"wp-caption-text\">Fr\u00fchlingsgef\u00fchle \u00a9 VDN \/ Thomas Braun<\/p><\/div>\n<p>Luchs-P\u00e4rchen finden nur zur Paarungszeit zwischen Februar und April zusammen. Weibchen beteiligen sich gew\u00f6hnlich das erste Mal in ihrem zweiten Winter an der Ranz, m\u00e4nnliche Tiere in ihrem dritten Winter. Die sonst einzelg\u00e4ngerisch lebenden Tiere markieren in dieser Zeit mit ihrem stark riechenden Urin das Kerngebiet ihrer Reviere besonders intensiv. Die Markierungen werden bevorzugt auf Nasenh\u00f6he der Luchse an Wurzelst\u00f6cken oder Steinen abgesetzt. Auch die lauten Ranzrufe, die einem lang gezogenen \u201eOuh\u201c gleichen, sind in dieser Zeit h\u00e4ufig zu h\u00f6ren. Die Luchsin wirft Ende Mai bis Anfang Juni 2 bis 5 Junge, die sie \u00fcberaus f\u00fcrsorglich betreut.<\/p>\n<div id=\"attachment_8159\" style=\"width: 510px\" class=\"wp-caption aligncenter\"><a href=\"https:\/\/www.naturparkmagazin.de\/vdn\/wp-content\/uploads\/sites\/3\/Auerhahnb.jpg\"><img aria-describedby=\"caption-attachment-8159\" decoding=\"async\" loading=\"lazy\" class=\"size-full wp-image-8159\" src=\"https:\/\/www.naturparkmagazin.de\/vdn\/wp-content\/uploads\/sites\/3\/Auerhahnb.jpg\" alt=\"Auerhahn \u00a9 VDN \/ Ullrich Kaiser\" width=\"500\" height=\"300\" srcset=\"https:\/\/www.naturparkmagazin.de\/vdn\/wp-content\/uploads\/sites\/3\/Auerhahnb.jpg 500w, https:\/\/www.naturparkmagazin.de\/vdn\/wp-content\/uploads\/sites\/3\/Auerhahnb-300x180.jpg 300w, https:\/\/www.naturparkmagazin.de\/vdn\/wp-content\/uploads\/sites\/3\/Auerhahnb-200x120.jpg 200w\" sizes=\"(max-width: 500px) 100vw, 500px\" \/><\/a><p id=\"caption-attachment-8159\" class=\"wp-caption-text\">Auerhahn \u00a9 VDN \/ Ullrich Kaiser<\/p><\/div>\n<p>Die Balzzeit des Auerwildes beginnt je nach Witterungsverlauf, Vegetation und H\u00f6henlage im M\u00e4rz und dauert etwa bis Anfang Juni. Dabei findet zu Beginn der Morgend\u00e4mmerung die \u201eBaumbalz\u201c auf einem aussichtsreichen Baum statt. Auffallend ist dabei die Haltung des Auerhahns \u2013 gef\u00e4cherter, steil aufgerichteter Schwanz und hochgereckter Kopf \u2013 und der Balzgesang, eine Strophe von etwa sechs Sekunden aus dem sogenannten \u201eKnappen\u201c mit dem Schnabel, dem \u201eTrillern\u201c und schlie\u00dflich dem \u201eWetzen\u201c, das laufend wiederholt wird. Nach Sonnenaufgang balzt der Hahn auf dem Boden weiter. W\u00e4hrend der Bodenbalz werden auch die Hennen befruchtet. 4 Wochen nach der Befruchtung schl\u00fcpfen die K\u00fcken, die noch bis Ende August \/ Anfang September bei der Henne bleiben.<\/p>\n<div id=\"attachment_8157\" style=\"width: 510px\" class=\"wp-caption aligncenter\"><a href=\"https:\/\/www.naturparkmagazin.de\/vdn\/wp-content\/uploads\/sites\/3\/1vdnb.jpg\"><img aria-describedby=\"caption-attachment-8157\" decoding=\"async\" loading=\"lazy\" class=\"wp-image-8157 size-full\" src=\"https:\/\/www.naturparkmagazin.de\/vdn\/wp-content\/uploads\/sites\/3\/1vdnb.jpg\" alt=\"1vdnb\" width=\"500\" height=\"300\" srcset=\"https:\/\/www.naturparkmagazin.de\/vdn\/wp-content\/uploads\/sites\/3\/1vdnb.jpg 500w, https:\/\/www.naturparkmagazin.de\/vdn\/wp-content\/uploads\/sites\/3\/1vdnb-300x180.jpg 300w, https:\/\/www.naturparkmagazin.de\/vdn\/wp-content\/uploads\/sites\/3\/1vdnb-200x120.jpg 200w\" sizes=\"(max-width: 500px) 100vw, 500px\" \/><\/a><p id=\"caption-attachment-8157\" class=\"wp-caption-text\">Der Trieb zur Fortpflanzung \u00a9 VDN \/ Gernot Blum<\/p><\/div>\n<p>Die Blattzeit der Rehe ist von Mitte Juli bis Mitte August. Der Brunftbetrieb wird durch einen speziellen Duftstoff, den das weibliche Rehwild absondert, ausgel\u00f6st. Dabei verfolgen, \u00e4hnlich wie ein Schwei\u00dfhund mit tiefer Nase, die B\u00f6cke die F\u00e4hrte einer brunftigen Ricke (weibliches Reh). Ber\u00fchren B\u00f6cke dabei die Reviere anderer, so kann es bei gleicher St\u00e4rke unter Umst\u00e4nden zu heftigen Auseinandersetzungen kommen. Bei Ann\u00e4herung des Bockes fl\u00fcchtet in der Regel die Ricke, so dass es zu einer Hetzjagd kommt, dem sog. Treiben. Dieses Treiben kann \u00fcber mehrere Kilometer gehen. Je mehr B\u00f6cke im Revier sind und je hei\u00dfer die Tage, desto reger ist der Brunftbetrieb. Das \u201eSetzen\u201c der Kitze erfolgen durch die verl\u00e4ngerte Tragzeit der Ricke in einer Zeit voller Vegetation und damit in einer Zeit optimaler \u00e4u\u00dferer Bedingungen.<\/p>\n<div id=\"attachment_8156\" style=\"width: 510px\" class=\"wp-caption aligncenter\"><a href=\"https:\/\/www.naturparkmagazin.de\/vdn\/wp-content\/uploads\/sites\/3\/Rotwild-Kuschelt_0869b.jpg\"><img aria-describedby=\"caption-attachment-8156\" decoding=\"async\" loading=\"lazy\" class=\"size-full wp-image-8156\" src=\"https:\/\/www.naturparkmagazin.de\/vdn\/wp-content\/uploads\/sites\/3\/Rotwild-Kuschelt_0869b.jpg\" alt=\"Rotwild verschmust \u00a9 VDN \/ Sven Z\u00fcchner\" width=\"500\" height=\"300\" srcset=\"https:\/\/www.naturparkmagazin.de\/vdn\/wp-content\/uploads\/sites\/3\/Rotwild-Kuschelt_0869b.jpg 500w, https:\/\/www.naturparkmagazin.de\/vdn\/wp-content\/uploads\/sites\/3\/Rotwild-Kuschelt_0869b-300x180.jpg 300w, https:\/\/www.naturparkmagazin.de\/vdn\/wp-content\/uploads\/sites\/3\/Rotwild-Kuschelt_0869b-200x120.jpg 200w\" sizes=\"(max-width: 500px) 100vw, 500px\" \/><\/a><p id=\"caption-attachment-8156\" class=\"wp-caption-text\">Rotwild verschmust \u00a9 VDN \/ Sven Z\u00fcchner<\/p><\/div>\n<p>Jedes Jahr ab Ende August, wenn die Geweihe der m\u00e4nnlichen Rothirsche fertig ausgebildet sind und der Hormonspiegel steigt, wird jeder andere Hirsch zum Konkurrenten. Die lockeren Rudelverb\u00e4nde der m\u00e4nnlichen Hirsche l\u00f6sen sich auf, denn sie wollen nun zu den weiblichen Tieren. Sind die Platzhirsche wieder bei ihrem Rudel, r\u00f6hren sie lautstark, um ihren Anspruch auf die Hirschk\u00fche zu zeigen und Konkurrenten abzuschrecken. Manchmal kommt es auch zu spektakul\u00e4ren K\u00e4mpfen, wobei die Geweihe lautstark aufeinander krachen. Fortpflanzungserfolge haben fast nur die starken acht- bis zehnj\u00e4hrigen Tiere. In dieser Zeit wird die Nahrungsaufnahme f\u00fcr die m\u00e4nnlichen Hirsche zur Nebensache, die Paarung mit den weiblichen Tieren und die Verteidigung des Rudels nimmt die ganze Kraft und Zeit in Anspruch.<\/p>\n<div id=\"attachment_8158\" style=\"width: 510px\" class=\"wp-caption aligncenter\"><a href=\"https:\/\/www.naturparkmagazin.de\/vdn\/wp-content\/uploads\/sites\/3\/wildschwein-dsc3696b.jpg\"><img aria-describedby=\"caption-attachment-8158\" decoding=\"async\" loading=\"lazy\" class=\"size-full wp-image-8158\" src=\"https:\/\/www.naturparkmagazin.de\/vdn\/wp-content\/uploads\/sites\/3\/wildschwein-dsc3696b.jpg\" alt=\"Wildschwein \u00a9 VDN \/ Frank Hans\" width=\"500\" height=\"300\" srcset=\"https:\/\/www.naturparkmagazin.de\/vdn\/wp-content\/uploads\/sites\/3\/wildschwein-dsc3696b.jpg 500w, https:\/\/www.naturparkmagazin.de\/vdn\/wp-content\/uploads\/sites\/3\/wildschwein-dsc3696b-300x180.jpg 300w, https:\/\/www.naturparkmagazin.de\/vdn\/wp-content\/uploads\/sites\/3\/wildschwein-dsc3696b-200x120.jpg 200w\" sizes=\"(max-width: 500px) 100vw, 500px\" \/><\/a><p id=\"caption-attachment-8158\" class=\"wp-caption-text\">Wildschwein \u00a9 VDN \/ Frank Hans<\/p><\/div>\n<p>Bachen, die weiblichen Wildschweine, k\u00f6nnen \u2013 sofern ihnen ausreichend Nahrung zur Verf\u00fcgung steht \u2013 bereits nach 8 bis 10 Monaten geschlechtsreif werden. Keiler, die m\u00e4nnlichen Wildschweine, sind in der Regel erst im zweiten Lebensjahr fortpflanzungsf\u00e4hig. Der Beginn der Paarungszeit wird von den Bachen bestimmt. Die Paarungszeit nennt der J\u00e4ger Rauschzeit. Keiler sind ganzj\u00e4hrig begattungs- und besamungsf\u00e4hig. Bachen k\u00f6nnen das ganze Jahr \u00fcber empf\u00e4ngnisbereit sein. Bei guter Nahrungsversorgung kann es dazu kommen, dass sich einj\u00e4hrige Wildschweine, sogenannte \u00dcberl\u00e4ufer oder noch j\u00fcngere Tiere an der Fortpflanzung beteiligen. Hierdurch kann es zu einer unkontrollierten Vermehrung kommen.\nMehr Infos:\n<a href=\"http:\/\/www.jagd.it\/wildkunde\/ranz-brunftzeit.htm\" target=\"_blank\">www.jagd.it\/wildkunde\/ranz-brunftzeit<\/a>\n<a href=\"https:\/\/de.wikipedia.org\/wiki\/Auerhuhn\" target=\"_blank\">wikipedia.org\/wiki\/Auerhuhn<\/a><\/p>\n","protected":false},"excerpt":{"rendered":"<p>Wenn der Winter der Natur eine Pause beschert, werden viele Wildtiere erst recht aktiv. Erfahren Sie mehr \u00fcber die Balz- und Blattzeit, Brunft und Ranz.<\/p>\n","protected":false},"author":73,"featured_media":8147,"comment_status":"open","ping_status":"open","sticky":false,"template":"","format":"standard","meta":{"_links_to":"","_links_to_target":""},"categories":[51],"tags":[833,824,831,832,825,830,835,3155,91,370,231,81,827,826,828,829,834,501,836],"yoast_head":"<!-- This site is optimized with the Yoast SEO plugin v19.10 - https:\/\/yoast.com\/wordpress\/plugins\/seo\/ -->\n<title>\u201eNur die Liebe z\u00e4hlt\u201c \u2013 Aus dem Liebesleben der Wildtiere<\/title>\n<meta name=\"description\" content=\"Wenn der Winter der Natur eine Pause beschert, werden viele Wildtiere erst recht aktiv. Erfahren Sie mehr \u00fcber die Balz- und Blattzeit, Brunft und Ranz.\" \/>\n<meta name=\"robots\" content=\"index, follow, max-snippet:-1, max-image-preview:large, max-video-preview:-1\" \/>\n<link rel=\"canonical\" href=\"https:\/\/www.naturparkmagazin.de\/vdn\/nur-die-liebe-zaehlt-aus-dem-liebesleben-der-wildtiere\/\" \/>\n<meta property=\"og:locale\" content=\"de_DE\" \/>\n<meta property=\"og:type\" content=\"article\" \/>\n<meta property=\"og:title\" content=\"\u201eNur die Liebe z\u00e4hlt\u201c \u2013 Aus dem Liebesleben der Wildtiere\" \/>\n<meta property=\"og:description\" content=\"Wenn der Winter der Natur eine Pause beschert, werden viele Wildtiere erst recht aktiv. Erfahren Sie mehr \u00fcber die Balz- und Blattzeit, Brunft und Ranz.\" \/>\n<meta property=\"og:url\" content=\"https:\/\/www.naturparkmagazin.de\/vdn\/nur-die-liebe-zaehlt-aus-dem-liebesleben-der-wildtiere\/\" \/>\n<meta property=\"og:site_name\" content=\"Verband Deutscher Naturparke\" \/>\n<meta property=\"article:published_time\" content=\"2016-12-11T11:41:01+00:00\" \/>\n<meta property=\"article:modified_time\" content=\"2016-12-22T09:25:24+00:00\" \/>\n<meta property=\"og:image\" content=\"https:\/\/www.naturparkmagazin.de\/vdn\/wp-content\/uploads\/sites\/3\/Beitragsbild_dsc0370.jpg\" \/>\n\t<meta property=\"og:image:width\" content=\"200\" \/>\n\t<meta property=\"og:image:height\" content=\"200\" \/>\n\t<meta property=\"og:image:type\" content=\"image\/jpeg\" \/>\n<meta name=\"author\" content=\"manuelamerz\" \/>\n<meta name=\"twitter:label1\" content=\"Verfasst von\" \/>\n\t<meta name=\"twitter:data1\" content=\"manuelamerz\" \/>\n\t<meta name=\"twitter:label2\" content=\"Gesch\u00e4tzte Lesezeit\" \/>\n\t<meta name=\"twitter:data2\" content=\"4\u00a0Minuten\" \/>\n<script type=\"application\/ld+json\" class=\"yoast-schema-graph\">{\"@context\":\"https:\/\/schema.org\",\"@graph\":[{\"@type\":\"WebPage\",\"@id\":\"https:\/\/www.naturparkmagazin.de\/vdn\/nur-die-liebe-zaehlt-aus-dem-liebesleben-der-wildtiere\/\",\"url\":\"https:\/\/www.naturparkmagazin.de\/vdn\/nur-die-liebe-zaehlt-aus-dem-liebesleben-der-wildtiere\/\",\"name\":\"\u201eNur die Liebe z\u00e4hlt\u201c \u2013 Aus dem Liebesleben der Wildtiere\",\"isPartOf\":{\"@id\":\"https:\/\/www.naturparkmagazin.de\/vdn\/#website\"},\"datePublished\":\"2016-12-11T11:41:01+00:00\",\"dateModified\":\"2016-12-22T09:25:24+00:00\",\"author\":{\"@id\":\"https:\/\/www.naturparkmagazin.de\/vdn\/#\/schema\/person\/3cff9b8773ed55f0189255fa9adfd57c\"},\"description\":\"Wenn der Winter der Natur eine Pause beschert, werden viele Wildtiere erst recht aktiv. Erfahren Sie mehr \u00fcber die Balz- und Blattzeit, Brunft und Ranz.\",\"breadcrumb\":{\"@id\":\"https:\/\/www.naturparkmagazin.de\/vdn\/nur-die-liebe-zaehlt-aus-dem-liebesleben-der-wildtiere\/#breadcrumb\"},\"inLanguage\":\"de\",\"potentialAction\":[{\"@type\":\"ReadAction\",\"target\":[\"https:\/\/www.naturparkmagazin.de\/vdn\/nur-die-liebe-zaehlt-aus-dem-liebesleben-der-wildtiere\/\"]}]},{\"@type\":\"BreadcrumbList\",\"@id\":\"https:\/\/www.naturparkmagazin.de\/vdn\/nur-die-liebe-zaehlt-aus-dem-liebesleben-der-wildtiere\/#breadcrumb\",\"itemListElement\":[{\"@type\":\"ListItem\",\"position\":1,\"name\":\"Home\",\"item\":\"https:\/\/www.naturparkmagazin.de\/vdn\/\"},{\"@type\":\"ListItem\",\"position\":2,\"name\":\"\u201eNur die Liebe z\u00e4hlt\u201c \u2013 Aus dem Liebesleben der Wildtiere\"}]},{\"@type\":\"WebSite\",\"@id\":\"https:\/\/www.naturparkmagazin.de\/vdn\/#website\",\"url\":\"https:\/\/www.naturparkmagazin.de\/vdn\/\",\"name\":\"Verband Deutscher Naturparke\",\"description\":\"Eine weitere Naturparkmagazin.de Netzwerk Seite\",\"potentialAction\":[{\"@type\":\"SearchAction\",\"target\":{\"@type\":\"EntryPoint\",\"urlTemplate\":\"https:\/\/www.naturparkmagazin.de\/vdn\/?s={search_term_string}\"},\"query-input\":\"required name=search_term_string\"}],\"inLanguage\":\"de\"},{\"@type\":\"Person\",\"@id\":\"https:\/\/www.naturparkmagazin.de\/vdn\/#\/schema\/person\/3cff9b8773ed55f0189255fa9adfd57c\",\"name\":\"manuelamerz\",\"url\":\"https:\/\/www.naturparkmagazin.de\/vdn\/author\/manuelamerz\/\"}]}<\/script>\n<!-- \/ Yoast SEO plugin. -->","yoast_head_json":{"title":"\u201eNur die Liebe z\u00e4hlt\u201c \u2013 Aus dem Liebesleben der Wildtiere","description":"Wenn der Winter der Natur eine Pause beschert, werden viele Wildtiere erst recht aktiv. Erfahren Sie mehr \u00fcber die Balz- und Blattzeit, Brunft und Ranz.","robots":{"index":"index","follow":"follow","max-snippet":"max-snippet:-1","max-image-preview":"max-image-preview:large","max-video-preview":"max-video-preview:-1"},"canonical":"https:\/\/www.naturparkmagazin.de\/vdn\/nur-die-liebe-zaehlt-aus-dem-liebesleben-der-wildtiere\/","og_locale":"de_DE","og_type":"article","og_title":"\u201eNur die Liebe z\u00e4hlt\u201c \u2013 Aus dem Liebesleben der Wildtiere","og_description":"Wenn der Winter der Natur eine Pause beschert, werden viele Wildtiere erst recht aktiv. Erfahren Sie mehr \u00fcber die Balz- und Blattzeit, Brunft und Ranz.","og_url":"https:\/\/www.naturparkmagazin.de\/vdn\/nur-die-liebe-zaehlt-aus-dem-liebesleben-der-wildtiere\/","og_site_name":"Verband Deutscher Naturparke","article_published_time":"2016-12-11T11:41:01+00:00","article_modified_time":"2016-12-22T09:25:24+00:00","og_image":[{"width":200,"height":200,"url":"https:\/\/www.naturparkmagazin.de\/vdn\/wp-content\/uploads\/sites\/3\/Beitragsbild_dsc0370.jpg","type":"image\/jpeg"}],"author":"manuelamerz","twitter_misc":{"Verfasst von":"manuelamerz","Gesch\u00e4tzte Lesezeit":"4\u00a0Minuten"},"schema":{"@context":"https:\/\/schema.org","@graph":[{"@type":"WebPage","@id":"https:\/\/www.naturparkmagazin.de\/vdn\/nur-die-liebe-zaehlt-aus-dem-liebesleben-der-wildtiere\/","url":"https:\/\/www.naturparkmagazin.de\/vdn\/nur-die-liebe-zaehlt-aus-dem-liebesleben-der-wildtiere\/","name":"\u201eNur die Liebe z\u00e4hlt\u201c \u2013 Aus dem Liebesleben der Wildtiere","isPartOf":{"@id":"https:\/\/www.naturparkmagazin.de\/vdn\/#website"},"datePublished":"2016-12-11T11:41:01+00:00","dateModified":"2016-12-22T09:25:24+00:00","author":{"@id":"https:\/\/www.naturparkmagazin.de\/vdn\/#\/schema\/person\/3cff9b8773ed55f0189255fa9adfd57c"},"description":"Wenn der Winter der Natur eine Pause beschert, werden viele Wildtiere erst recht aktiv. Erfahren Sie mehr \u00fcber die Balz- und Blattzeit, Brunft und Ranz.","breadcrumb":{"@id":"https:\/\/www.naturparkmagazin.de\/vdn\/nur-die-liebe-zaehlt-aus-dem-liebesleben-der-wildtiere\/#breadcrumb"},"inLanguage":"de","potentialAction":[{"@type":"ReadAction","target":["https:\/\/www.naturparkmagazin.de\/vdn\/nur-die-liebe-zaehlt-aus-dem-liebesleben-der-wildtiere\/"]}]},{"@type":"BreadcrumbList","@id":"https:\/\/www.naturparkmagazin.de\/vdn\/nur-die-liebe-zaehlt-aus-dem-liebesleben-der-wildtiere\/#breadcrumb","itemListElement":[{"@type":"ListItem","position":1,"name":"Home","item":"https:\/\/www.naturparkmagazin.de\/vdn\/"},{"@type":"ListItem","position":2,"name":"\u201eNur die Liebe z\u00e4hlt\u201c \u2013 Aus dem Liebesleben der Wildtiere"}]},{"@type":"WebSite","@id":"https:\/\/www.naturparkmagazin.de\/vdn\/#website","url":"https:\/\/www.naturparkmagazin.de\/vdn\/","name":"Verband Deutscher Naturparke","description":"Eine weitere Naturparkmagazin.de Netzwerk Seite","potentialAction":[{"@type":"SearchAction","target":{"@type":"EntryPoint","urlTemplate":"https:\/\/www.naturparkmagazin.de\/vdn\/?s={search_term_string}"},"query-input":"required name=search_term_string"}],"inLanguage":"de"},{"@type":"Person","@id":"https:\/\/www.naturparkmagazin.de\/vdn\/#\/schema\/person\/3cff9b8773ed55f0189255fa9adfd57c","name":"manuelamerz","url":"https:\/\/www.naturparkmagazin.de\/vdn\/author\/manuelamerz\/"}]}},"_links":{"self":[{"href":"https:\/\/www.naturparkmagazin.de\/vdn\/wp-json\/wp\/v2\/posts\/8145"}],"collection":[{"href":"https:\/\/www.naturparkmagazin.de\/vdn\/wp-json\/wp\/v2\/posts"}],"about":[{"href":"https:\/\/www.naturparkmagazin.de\/vdn\/wp-json\/wp\/v2\/types\/post"}],"author":[{"embeddable":true,"href":"https:\/\/www.naturparkmagazin.de\/vdn\/wp-json\/wp\/v2\/users\/73"}],"replies":[{"embeddable":true,"href":"https:\/\/www.naturparkmagazin.de\/vdn\/wp-json\/wp\/v2\/comments?post=8145"}],"version-history":[{"count":9,"href":"https:\/\/www.naturparkmagazin.de\/vdn\/wp-json\/wp\/v2\/posts\/8145\/revisions"}],"predecessor-version":[{"id":8187,"href":"https:\/\/www.naturparkmagazin.de\/vdn\/wp-json\/wp\/v2\/posts\/8145\/revisions\/8187"}],"wp:featuredmedia":[{"embeddable":true,"href":"https:\/\/www.naturparkmagazin.de\/vdn\/wp-json\/wp\/v2\/media\/8147"}],"wp:attachment":[{"href":"https:\/\/www.naturparkmagazin.de\/vdn\/wp-json\/wp\/v2\/media?parent=8145"}],"wp:term":[{"taxonomy":"category","embeddable":true,"href":"https:\/\/www.naturparkmagazin.de\/vdn\/wp-json\/wp\/v2\/categories?post=8145"},{"taxonomy":"post_tag","embeddable":true,"href":"https:\/\/www.naturparkmagazin.de\/vdn\/wp-json\/wp\/v2\/tags?post=8145"}],"curies":[{"name":"wp","href":"https:\/\/api.w.org\/{rel}","templated":true}]}}