{"id":8205,"date":"2017-01-16T12:12:13","date_gmt":"2017-01-16T11:12:13","guid":{"rendered":"http:\/\/www.naturparkmagazin.de\/vdn\/?p=8205"},"modified":"2017-01-24T10:32:59","modified_gmt":"2017-01-24T09:32:59","slug":"karl-heinz-charly-koerbel","status":"publish","type":"post","link":"https:\/\/www.naturparkmagazin.de\/vdn\/karl-heinz-charly-koerbel\/","title":{"rendered":"Karl Heinz &#8222;Charly&#8220; K\u00f6rbel"},"content":{"rendered":"<div id=\"attachment_8211\" style=\"width: 310px\" class=\"wp-caption aligncenter\"><a href=\"https:\/\/www.naturparkmagazin.de\/vdn\/wp-content\/uploads\/sites\/3\/Karl-Heinz-K\u00f6rbel.jpeg\"><img aria-describedby=\"caption-attachment-8211\" decoding=\"async\" loading=\"lazy\" class=\"size-full wp-image-8211\" src=\"https:\/\/www.naturparkmagazin.de\/vdn\/wp-content\/uploads\/sites\/3\/Karl-Heinz-K\u00f6rbel.jpeg\" alt=\"\u00a9 Karl-Heinz K\u00f6rbel \" width=\"300\" height=\"500\" srcset=\"https:\/\/www.naturparkmagazin.de\/vdn\/wp-content\/uploads\/sites\/3\/Karl-Heinz-K\u00f6rbel.jpeg 300w, https:\/\/www.naturparkmagazin.de\/vdn\/wp-content\/uploads\/sites\/3\/Karl-Heinz-K\u00f6rbel-200x333.jpeg 200w\" sizes=\"(max-width: 300px) 100vw, 300px\" \/><\/a><p id=\"caption-attachment-8211\" class=\"wp-caption-text\">\u00a9 Karl-Heinz K\u00f6rbel<\/p><\/div>\n<p>Der ehemalige Bundesligaspieler der Eintracht Frankfurt Karl Heinz \u201eCharly\u201c K\u00f6rbel ist seit 2014 Naturpark-Botschafter des Naturparks Taunus. Charly K\u00f6rbel h\u00e4lt bis heute mit 602 Spielen den Rekord f\u00fcr die meisten Bundesligaeins\u00e4tze, dabei blieb er immer stets der Eintracht Frankfurt treu und wechselte nie den Verein.<\/p>\n<p>Als Naturpark-Botschafter will K\u00f6rbel vor allem den jungen Leuten die Natur und den Taunus n\u00e4her bringen. Denn er sieht die Natur als wichtigen Gegenpol zur hektischen Zeit, in der wir heute leben.<\/p>\n<p>Nat\u00fcrlich spielt der ehemalige Fu\u00dfballprofi immer noch gerne Fu\u00dfball, weshalb der Familienwandertag inzwischen ein fester Bestandteil im Programm des Naturpark Taunus ist. Dabei gehen die Teilnehmer zuerst gemeinsam wandern geht, bevor sie die M\u00f6glichkeit haben,\u00a0 ein Benefizspiel zwischen dem Traditionsteam der Eintracht Frankfurt und einer Auswahlmannschaft des Naturpark Taunus zu verfolgen.<\/p>\n<p>&nbsp;<\/p>\n","protected":false},"excerpt":{"rendered":"<p>Der ehemalige Bundesligaspieler der Eintracht Frankfurt  Karl Heinz \u201eCharly\u201c K\u00f6rbel ist seit 2014 Naturpark-Botschafter des Naturparks Taunus. <\/p>\n","protected":false},"author":73,"featured_media":8212,"comment_status":"open","ping_status":"open","sticky":false,"template":"","format":"standard","meta":{"_links_to":"","_links_to_target":""},"categories":[8],"tags":[468,27,852,35,853,3155,370,231,86,539,347,81,854,479,3154,855,41,501],"yoast_head":"<!-- This site is optimized with the Yoast SEO plugin v19.10 - https:\/\/yoast.com\/wordpress\/plugins\/seo\/ -->\n<title>Karl Heinz &quot;Charly&quot; K\u00f6rbel<\/title>\n<meta name=\"description\" content=\"Der ehemalige Bundesligaspieler der Eintracht Frankfurt Karl Heinz \u201eCharly\u201c K\u00f6rbel ist seit 2014 Naturpark-Botschafter des Naturparks Taunus.\" \/>\n<meta name=\"robots\" content=\"index, follow, max-snippet:-1, max-image-preview:large, max-video-preview:-1\" \/>\n<link rel=\"canonical\" href=\"https:\/\/www.naturparkmagazin.de\/vdn\/karl-heinz-charly-koerbel\/\" \/>\n<meta property=\"og:locale\" content=\"de_DE\" \/>\n<meta property=\"og:type\" content=\"article\" \/>\n<meta property=\"og:title\" content=\"Karl Heinz &quot;Charly&quot; K\u00f6rbel\" \/>\n<meta property=\"og:description\" content=\"Der ehemalige Bundesligaspieler der Eintracht Frankfurt Karl Heinz \u201eCharly\u201c K\u00f6rbel ist seit 2014 Naturpark-Botschafter des Naturparks Taunus.\" \/>\n<meta property=\"og:url\" content=\"https:\/\/www.naturparkmagazin.de\/vdn\/karl-heinz-charly-koerbel\/\" \/>\n<meta property=\"og:site_name\" content=\"Verband Deutscher Naturparke\" \/>\n<meta property=\"article:published_time\" content=\"2017-01-16T11:12:13+00:00\" \/>\n<meta property=\"article:modified_time\" content=\"2017-01-24T09:32:59+00:00\" \/>\n<meta property=\"og:image\" content=\"https:\/\/www.naturparkmagazin.de\/vdn\/wp-content\/uploads\/sites\/3\/Karl-Heinz-K\u00f6rbel-Beitrags.jpeg\" \/>\n\t<meta property=\"og:image:width\" content=\"200\" \/>\n\t<meta property=\"og:image:height\" content=\"200\" \/>\n\t<meta property=\"og:image:type\" content=\"image\/jpeg\" \/>\n<meta name=\"author\" content=\"manuelamerz\" \/>\n<meta name=\"twitter:label1\" content=\"Verfasst von\" \/>\n\t<meta name=\"twitter:data1\" content=\"manuelamerz\" \/>\n\t<meta name=\"twitter:label2\" content=\"Gesch\u00e4tzte Lesezeit\" \/>\n\t<meta name=\"twitter:data2\" content=\"1\u00a0Minute\" \/>\n<script type=\"application\/ld+json\" class=\"yoast-schema-graph\">{\"@context\":\"https:\/\/schema.org\",\"@graph\":[{\"@type\":\"WebPage\",\"@id\":\"https:\/\/www.naturparkmagazin.de\/vdn\/karl-heinz-charly-koerbel\/\",\"url\":\"https:\/\/www.naturparkmagazin.de\/vdn\/karl-heinz-charly-koerbel\/\",\"name\":\"Karl Heinz \\\"Charly\\\" K\u00f6rbel\",\"isPartOf\":{\"@id\":\"https:\/\/www.naturparkmagazin.de\/vdn\/#website\"},\"datePublished\":\"2017-01-16T11:12:13+00:00\",\"dateModified\":\"2017-01-24T09:32:59+00:00\",\"author\":{\"@id\":\"https:\/\/www.naturparkmagazin.de\/vdn\/#\/schema\/person\/3cff9b8773ed55f0189255fa9adfd57c\"},\"description\":\"Der ehemalige Bundesligaspieler der Eintracht Frankfurt Karl Heinz \u201eCharly\u201c K\u00f6rbel ist seit 2014 Naturpark-Botschafter des Naturparks Taunus.\",\"breadcrumb\":{\"@id\":\"https:\/\/www.naturparkmagazin.de\/vdn\/karl-heinz-charly-koerbel\/#breadcrumb\"},\"inLanguage\":\"de\",\"potentialAction\":[{\"@type\":\"ReadAction\",\"target\":[\"https:\/\/www.naturparkmagazin.de\/vdn\/karl-heinz-charly-koerbel\/\"]}]},{\"@type\":\"BreadcrumbList\",\"@id\":\"https:\/\/www.naturparkmagazin.de\/vdn\/karl-heinz-charly-koerbel\/#breadcrumb\",\"itemListElement\":[{\"@type\":\"ListItem\",\"position\":1,\"name\":\"Home\",\"item\":\"https:\/\/www.naturparkmagazin.de\/vdn\/\"},{\"@type\":\"ListItem\",\"position\":2,\"name\":\"Karl Heinz &#8222;Charly&#8220; K\u00f6rbel\"}]},{\"@type\":\"WebSite\",\"@id\":\"https:\/\/www.naturparkmagazin.de\/vdn\/#website\",\"url\":\"https:\/\/www.naturparkmagazin.de\/vdn\/\",\"name\":\"Verband Deutscher Naturparke\",\"description\":\"Eine weitere Naturparkmagazin.de Netzwerk Seite\",\"potentialAction\":[{\"@type\":\"SearchAction\",\"target\":{\"@type\":\"EntryPoint\",\"urlTemplate\":\"https:\/\/www.naturparkmagazin.de\/vdn\/?s={search_term_string}\"},\"query-input\":\"required name=search_term_string\"}],\"inLanguage\":\"de\"},{\"@type\":\"Person\",\"@id\":\"https:\/\/www.naturparkmagazin.de\/vdn\/#\/schema\/person\/3cff9b8773ed55f0189255fa9adfd57c\",\"name\":\"manuelamerz\",\"url\":\"https:\/\/www.naturparkmagazin.de\/vdn\/author\/manuelamerz\/\"}]}<\/script>\n<!-- \/ Yoast SEO plugin. -->","yoast_head_json":{"title":"Karl Heinz \"Charly\" K\u00f6rbel","description":"Der ehemalige Bundesligaspieler der Eintracht Frankfurt Karl Heinz \u201eCharly\u201c K\u00f6rbel ist seit 2014 Naturpark-Botschafter des Naturparks Taunus.","robots":{"index":"index","follow":"follow","max-snippet":"max-snippet:-1","max-image-preview":"max-image-preview:large","max-video-preview":"max-video-preview:-1"},"canonical":"https:\/\/www.naturparkmagazin.de\/vdn\/karl-heinz-charly-koerbel\/","og_locale":"de_DE","og_type":"article","og_title":"Karl Heinz \"Charly\" K\u00f6rbel","og_description":"Der ehemalige Bundesligaspieler der Eintracht Frankfurt Karl Heinz \u201eCharly\u201c K\u00f6rbel ist seit 2014 Naturpark-Botschafter des Naturparks Taunus.","og_url":"https:\/\/www.naturparkmagazin.de\/vdn\/karl-heinz-charly-koerbel\/","og_site_name":"Verband Deutscher Naturparke","article_published_time":"2017-01-16T11:12:13+00:00","article_modified_time":"2017-01-24T09:32:59+00:00","og_image":[{"width":200,"height":200,"url":"https:\/\/www.naturparkmagazin.de\/vdn\/wp-content\/uploads\/sites\/3\/Karl-Heinz-K\u00f6rbel-Beitrags.jpeg","type":"image\/jpeg"}],"author":"manuelamerz","twitter_misc":{"Verfasst von":"manuelamerz","Gesch\u00e4tzte Lesezeit":"1\u00a0Minute"},"schema":{"@context":"https:\/\/schema.org","@graph":[{"@type":"WebPage","@id":"https:\/\/www.naturparkmagazin.de\/vdn\/karl-heinz-charly-koerbel\/","url":"https:\/\/www.naturparkmagazin.de\/vdn\/karl-heinz-charly-koerbel\/","name":"Karl Heinz \"Charly\" K\u00f6rbel","isPartOf":{"@id":"https:\/\/www.naturparkmagazin.de\/vdn\/#website"},"datePublished":"2017-01-16T11:12:13+00:00","dateModified":"2017-01-24T09:32:59+00:00","author":{"@id":"https:\/\/www.naturparkmagazin.de\/vdn\/#\/schema\/person\/3cff9b8773ed55f0189255fa9adfd57c"},"description":"Der ehemalige Bundesligaspieler der Eintracht Frankfurt Karl Heinz \u201eCharly\u201c K\u00f6rbel ist seit 2014 Naturpark-Botschafter des Naturparks Taunus.","breadcrumb":{"@id":"https:\/\/www.naturparkmagazin.de\/vdn\/karl-heinz-charly-koerbel\/#breadcrumb"},"inLanguage":"de","potentialAction":[{"@type":"ReadAction","target":["https:\/\/www.naturparkmagazin.de\/vdn\/karl-heinz-charly-koerbel\/"]}]},{"@type":"BreadcrumbList","@id":"https:\/\/www.naturparkmagazin.de\/vdn\/karl-heinz-charly-koerbel\/#breadcrumb","itemListElement":[{"@type":"ListItem","position":1,"name":"Home","item":"https:\/\/www.naturparkmagazin.de\/vdn\/"},{"@type":"ListItem","position":2,"name":"Karl Heinz &#8222;Charly&#8220; K\u00f6rbel"}]},{"@type":"WebSite","@id":"https:\/\/www.naturparkmagazin.de\/vdn\/#website","url":"https:\/\/www.naturparkmagazin.de\/vdn\/","name":"Verband Deutscher Naturparke","description":"Eine weitere Naturparkmagazin.de Netzwerk Seite","potentialAction":[{"@type":"SearchAction","target":{"@type":"EntryPoint","urlTemplate":"https:\/\/www.naturparkmagazin.de\/vdn\/?s={search_term_string}"},"query-input":"required name=search_term_string"}],"inLanguage":"de"},{"@type":"Person","@id":"https:\/\/www.naturparkmagazin.de\/vdn\/#\/schema\/person\/3cff9b8773ed55f0189255fa9adfd57c","name":"manuelamerz","url":"https:\/\/www.naturparkmagazin.de\/vdn\/author\/manuelamerz\/"}]}},"_links":{"self":[{"href":"https:\/\/www.naturparkmagazin.de\/vdn\/wp-json\/wp\/v2\/posts\/8205"}],"collection":[{"href":"https:\/\/www.naturparkmagazin.de\/vdn\/wp-json\/wp\/v2\/posts"}],"about":[{"href":"https:\/\/www.naturparkmagazin.de\/vdn\/wp-json\/wp\/v2\/types\/post"}],"author":[{"embeddable":true,"href":"https:\/\/www.naturparkmagazin.de\/vdn\/wp-json\/wp\/v2\/users\/73"}],"replies":[{"embeddable":true,"href":"https:\/\/www.naturparkmagazin.de\/vdn\/wp-json\/wp\/v2\/comments?post=8205"}],"version-history":[{"count":6,"href":"https:\/\/www.naturparkmagazin.de\/vdn\/wp-json\/wp\/v2\/posts\/8205\/revisions"}],"predecessor-version":[{"id":8272,"href":"https:\/\/www.naturparkmagazin.de\/vdn\/wp-json\/wp\/v2\/posts\/8205\/revisions\/8272"}],"wp:featuredmedia":[{"embeddable":true,"href":"https:\/\/www.naturparkmagazin.de\/vdn\/wp-json\/wp\/v2\/media\/8212"}],"wp:attachment":[{"href":"https:\/\/www.naturparkmagazin.de\/vdn\/wp-json\/wp\/v2\/media?parent=8205"}],"wp:term":[{"taxonomy":"category","embeddable":true,"href":"https:\/\/www.naturparkmagazin.de\/vdn\/wp-json\/wp\/v2\/categories?post=8205"},{"taxonomy":"post_tag","embeddable":true,"href":"https:\/\/www.naturparkmagazin.de\/vdn\/wp-json\/wp\/v2\/tags?post=8205"}],"curies":[{"name":"wp","href":"https:\/\/api.w.org\/{rel}","templated":true}]}}