{"id":8226,"date":"2017-01-16T12:54:27","date_gmt":"2017-01-16T11:54:27","guid":{"rendered":"http:\/\/www.naturparkmagazin.de\/vdn\/?p=8226"},"modified":"2017-01-25T13:19:36","modified_gmt":"2017-01-25T12:19:36","slug":"gemeinsam-fuer-den-laendlichen-raum-gruene-woche-2017","status":"publish","type":"post","link":"https:\/\/www.naturparkmagazin.de\/vdn\/gemeinsam-fuer-den-laendlichen-raum-gruene-woche-2017\/","title":{"rendered":"&#8222;Gemeinsam f\u00fcr den l\u00e4ndlichen Raum&#8220; \u2013 Gr\u00fcne Woche 2017"},"content":{"rendered":"<p>&nbsp;<\/p>\n<div id=\"attachment_8292\" style=\"width: 510px\" class=\"wp-caption aligncenter\"><a href=\"https:\/\/www.naturparkmagazin.de\/vdn\/wp-content\/uploads\/sites\/3\/IMG_1994_Beitrag.jpg\"><img aria-describedby=\"caption-attachment-8292\" decoding=\"async\" loading=\"lazy\" class=\"size-full wp-image-8292\" src=\"https:\/\/www.naturparkmagazin.de\/vdn\/wp-content\/uploads\/sites\/3\/IMG_1994_Beitrag.jpg\" alt=\"Gr\u00fcne Woche 2017 - Copyright: Eifel Tourismus\" width=\"500\" height=\"300\" srcset=\"https:\/\/www.naturparkmagazin.de\/vdn\/wp-content\/uploads\/sites\/3\/IMG_1994_Beitrag.jpg 500w, https:\/\/www.naturparkmagazin.de\/vdn\/wp-content\/uploads\/sites\/3\/IMG_1994_Beitrag-300x180.jpg 300w, https:\/\/www.naturparkmagazin.de\/vdn\/wp-content\/uploads\/sites\/3\/IMG_1994_Beitrag-200x120.jpg 200w\" sizes=\"(max-width: 500px) 100vw, 500px\" \/><\/a><p id=\"caption-attachment-8292\" class=\"wp-caption-text\">Gr\u00fcne Woche 2017 &#8211; Copyright: Eifel Tourismus<\/p><\/div>\n<p>Auf der Internationalen Gr\u00fcnen Woche 2017 (IGW) in Berlin vom 20.-29. Januar 2017 ist die \u201eEntwicklung des l\u00e4ndlichen Raumes\u201c ein wichtiges Thema. Am Gemeinschaftsstand des Bundesverbandes Deutscher Mittelgebirge (BDM) und des Verbandes Deutscher Naturparke (VDN) stellen auch Naturparke und Tourismusverb\u00e4nde aus den Deutschen Mittelgebirgen gemeinsam ihre Rolle und ihre Beitr\u00e4ge f\u00fcr die Entwicklung des l\u00e4ndlichen Raums vor.<\/p>\n<div id=\"attachment_8227\" style=\"width: 510px\" class=\"wp-caption aligncenter\"><a href=\"https:\/\/www.naturparkmagazin.de\/vdn\/wp-content\/uploads\/sites\/3\/landleben-rhn_beitrag-4.jpg\"><img aria-describedby=\"caption-attachment-8227\" decoding=\"async\" loading=\"lazy\" class=\"size-full wp-image-8227\" src=\"https:\/\/www.naturparkmagazin.de\/vdn\/wp-content\/uploads\/sites\/3\/landleben-rhn_beitrag-4.jpg\" alt=\"Rh\u00f6ner Landleben - Copyright: VDN\/Ingdi\" width=\"500\" height=\"300\" srcset=\"https:\/\/www.naturparkmagazin.de\/vdn\/wp-content\/uploads\/sites\/3\/landleben-rhn_beitrag-4.jpg 500w, https:\/\/www.naturparkmagazin.de\/vdn\/wp-content\/uploads\/sites\/3\/landleben-rhn_beitrag-4-300x180.jpg 300w, https:\/\/www.naturparkmagazin.de\/vdn\/wp-content\/uploads\/sites\/3\/landleben-rhn_beitrag-4-200x120.jpg 200w\" sizes=\"(max-width: 500px) 100vw, 500px\" \/><\/a><p id=\"caption-attachment-8227\" class=\"wp-caption-text\">Rh\u00f6ner Landleben &#8211; Copyright: VDN\/Ingdi<\/p><\/div>\n<p>Die deutschen Mittelgebirge und Naturparke sind Verb\u00fcndete f\u00fcr die Entwicklung des l\u00e4ndlichen Raums und unterst\u00fctzen diese mit vielen unterschiedlichen Ma\u00dfnahmen wie in den Bereichen nachhaltige Tourismusentwicklung, Regionalmarken und Mobilit\u00e4t.<\/p>\n<p>&gt;&gt; <a href=\"http:\/\/www.naturparke.de\/system\/articledownloads\/496\/original\/PM_01-2017-1_IGW__2017_final.pdf?1484829984\" target=\"_blank\">Hier<\/a> k\u00f6nnen Sie die Pressemitteilung anschauen<\/p>\n<p>&gt;&gt; <a href=\"http:\/\/www.naturparke.de\/system\/librarydownloads\/210\/original\/FlyerGru%CC%88ne_Woche_final.pdf?1485253739\" target=\"_blank\">Hier<\/a> k\u00f6nnen Sie einen Flyer zum Thema downloaden<\/p>\n<p>&nbsp;<\/p>\n","protected":false},"excerpt":{"rendered":"<p>Auf der Internationalen Gr\u00fcnen Woche 2017 in Berlin vom 20.-29. Januar 2017 ist die \u201eEntwicklung des l\u00e4ndlichen Raumes\u201c ein wichtiges Thema. Bundesverbandes Deutscher Mittelgebirge und der VDN stellen dort ihre Arbeit gemeinsam vor.<\/p>\n","protected":false},"author":51,"featured_media":8293,"comment_status":"open","ping_status":"open","sticky":false,"template":"","format":"standard","meta":{"_links_to":"","_links_to_target":""},"categories":[7],"tags":[],"yoast_head":"<!-- This site is optimized with the Yoast SEO plugin v19.10 - https:\/\/yoast.com\/wordpress\/plugins\/seo\/ -->\n<title>&quot;Gemeinsam f\u00fcr den l\u00e4ndlichen Raum&quot; \u2013 Gr\u00fcne Woche 2017<\/title>\n<meta name=\"description\" content=\"Auf der Internationalen Gr\u00fcnen Woche 2017 in Berlin vom 20.-29. Januar 2017 ist die \u201eEntwicklung des l\u00e4ndlichen Raumes\u201c ein wichtiges Thema. Bundesverbandes Deutscher Mittelgebirge und der VDN stellen dort ihre Arbeit gemeinsam vor.\" \/>\n<meta name=\"robots\" content=\"index, follow, max-snippet:-1, max-image-preview:large, max-video-preview:-1\" \/>\n<link rel=\"canonical\" href=\"https:\/\/www.naturparkmagazin.de\/vdn\/gemeinsam-fuer-den-laendlichen-raum-gruene-woche-2017\/\" \/>\n<meta property=\"og:locale\" content=\"de_DE\" \/>\n<meta property=\"og:type\" content=\"article\" \/>\n<meta property=\"og:title\" content=\"&quot;Gemeinsam f\u00fcr den l\u00e4ndlichen Raum&quot; \u2013 Gr\u00fcne Woche 2017\" \/>\n<meta property=\"og:description\" content=\"Auf der Internationalen Gr\u00fcnen Woche 2017 in Berlin vom 20.-29. Januar 2017 ist die \u201eEntwicklung des l\u00e4ndlichen Raumes\u201c ein wichtiges Thema. Bundesverbandes Deutscher Mittelgebirge und der VDN stellen dort ihre Arbeit gemeinsam vor.\" \/>\n<meta property=\"og:url\" content=\"https:\/\/www.naturparkmagazin.de\/vdn\/gemeinsam-fuer-den-laendlichen-raum-gruene-woche-2017\/\" \/>\n<meta property=\"og:site_name\" content=\"Verband Deutscher Naturparke\" \/>\n<meta property=\"article:published_time\" content=\"2017-01-16T11:54:27+00:00\" \/>\n<meta property=\"article:modified_time\" content=\"2017-01-25T12:19:36+00:00\" \/>\n<meta property=\"og:image\" content=\"https:\/\/www.naturparkmagazin.de\/vdn\/wp-content\/uploads\/sites\/3\/IMG_1994_Beitragsbild.jpg\" \/>\n\t<meta property=\"og:image:width\" content=\"200\" \/>\n\t<meta property=\"og:image:height\" content=\"200\" \/>\n\t<meta property=\"og:image:type\" content=\"image\/jpeg\" \/>\n<meta name=\"author\" content=\"beatrixlosem\" \/>\n<meta name=\"twitter:label1\" content=\"Verfasst von\" \/>\n\t<meta name=\"twitter:data1\" content=\"beatrixlosem\" \/>\n\t<meta name=\"twitter:label2\" content=\"Gesch\u00e4tzte Lesezeit\" \/>\n\t<meta name=\"twitter:data2\" content=\"1\u00a0Minute\" \/>\n<script type=\"application\/ld+json\" class=\"yoast-schema-graph\">{\"@context\":\"https:\/\/schema.org\",\"@graph\":[{\"@type\":\"WebPage\",\"@id\":\"https:\/\/www.naturparkmagazin.de\/vdn\/gemeinsam-fuer-den-laendlichen-raum-gruene-woche-2017\/\",\"url\":\"https:\/\/www.naturparkmagazin.de\/vdn\/gemeinsam-fuer-den-laendlichen-raum-gruene-woche-2017\/\",\"name\":\"\\\"Gemeinsam f\u00fcr den l\u00e4ndlichen Raum\\\" \u2013 Gr\u00fcne Woche 2017\",\"isPartOf\":{\"@id\":\"https:\/\/www.naturparkmagazin.de\/vdn\/#website\"},\"datePublished\":\"2017-01-16T11:54:27+00:00\",\"dateModified\":\"2017-01-25T12:19:36+00:00\",\"author\":{\"@id\":\"https:\/\/www.naturparkmagazin.de\/vdn\/#\/schema\/person\/d71357578c318b6db03be60b1f60396b\"},\"description\":\"Auf der Internationalen Gr\u00fcnen Woche 2017 in Berlin vom 20.-29. Januar 2017 ist die \u201eEntwicklung des l\u00e4ndlichen Raumes\u201c ein wichtiges Thema. Bundesverbandes Deutscher Mittelgebirge und der VDN stellen dort ihre Arbeit gemeinsam vor.\",\"breadcrumb\":{\"@id\":\"https:\/\/www.naturparkmagazin.de\/vdn\/gemeinsam-fuer-den-laendlichen-raum-gruene-woche-2017\/#breadcrumb\"},\"inLanguage\":\"de\",\"potentialAction\":[{\"@type\":\"ReadAction\",\"target\":[\"https:\/\/www.naturparkmagazin.de\/vdn\/gemeinsam-fuer-den-laendlichen-raum-gruene-woche-2017\/\"]}]},{\"@type\":\"BreadcrumbList\",\"@id\":\"https:\/\/www.naturparkmagazin.de\/vdn\/gemeinsam-fuer-den-laendlichen-raum-gruene-woche-2017\/#breadcrumb\",\"itemListElement\":[{\"@type\":\"ListItem\",\"position\":1,\"name\":\"Home\",\"item\":\"https:\/\/www.naturparkmagazin.de\/vdn\/\"},{\"@type\":\"ListItem\",\"position\":2,\"name\":\"&#8222;Gemeinsam f\u00fcr den l\u00e4ndlichen Raum&#8220; \u2013 Gr\u00fcne Woche 2017\"}]},{\"@type\":\"WebSite\",\"@id\":\"https:\/\/www.naturparkmagazin.de\/vdn\/#website\",\"url\":\"https:\/\/www.naturparkmagazin.de\/vdn\/\",\"name\":\"Verband Deutscher Naturparke\",\"description\":\"Eine weitere Naturparkmagazin.de Netzwerk Seite\",\"potentialAction\":[{\"@type\":\"SearchAction\",\"target\":{\"@type\":\"EntryPoint\",\"urlTemplate\":\"https:\/\/www.naturparkmagazin.de\/vdn\/?s={search_term_string}\"},\"query-input\":\"required name=search_term_string\"}],\"inLanguage\":\"de\"},{\"@type\":\"Person\",\"@id\":\"https:\/\/www.naturparkmagazin.de\/vdn\/#\/schema\/person\/d71357578c318b6db03be60b1f60396b\",\"name\":\"beatrixlosem\",\"url\":\"https:\/\/www.naturparkmagazin.de\/vdn\/author\/beatrixlosem\/\"}]}<\/script>\n<!-- \/ Yoast SEO plugin. -->","yoast_head_json":{"title":"\"Gemeinsam f\u00fcr den l\u00e4ndlichen Raum\" \u2013 Gr\u00fcne Woche 2017","description":"Auf der Internationalen Gr\u00fcnen Woche 2017 in Berlin vom 20.-29. Januar 2017 ist die \u201eEntwicklung des l\u00e4ndlichen Raumes\u201c ein wichtiges Thema. Bundesverbandes Deutscher Mittelgebirge und der VDN stellen dort ihre Arbeit gemeinsam vor.","robots":{"index":"index","follow":"follow","max-snippet":"max-snippet:-1","max-image-preview":"max-image-preview:large","max-video-preview":"max-video-preview:-1"},"canonical":"https:\/\/www.naturparkmagazin.de\/vdn\/gemeinsam-fuer-den-laendlichen-raum-gruene-woche-2017\/","og_locale":"de_DE","og_type":"article","og_title":"\"Gemeinsam f\u00fcr den l\u00e4ndlichen Raum\" \u2013 Gr\u00fcne Woche 2017","og_description":"Auf der Internationalen Gr\u00fcnen Woche 2017 in Berlin vom 20.-29. Januar 2017 ist die \u201eEntwicklung des l\u00e4ndlichen Raumes\u201c ein wichtiges Thema. Bundesverbandes Deutscher Mittelgebirge und der VDN stellen dort ihre Arbeit gemeinsam vor.","og_url":"https:\/\/www.naturparkmagazin.de\/vdn\/gemeinsam-fuer-den-laendlichen-raum-gruene-woche-2017\/","og_site_name":"Verband Deutscher Naturparke","article_published_time":"2017-01-16T11:54:27+00:00","article_modified_time":"2017-01-25T12:19:36+00:00","og_image":[{"width":200,"height":200,"url":"https:\/\/www.naturparkmagazin.de\/vdn\/wp-content\/uploads\/sites\/3\/IMG_1994_Beitragsbild.jpg","type":"image\/jpeg"}],"author":"beatrixlosem","twitter_misc":{"Verfasst von":"beatrixlosem","Gesch\u00e4tzte Lesezeit":"1\u00a0Minute"},"schema":{"@context":"https:\/\/schema.org","@graph":[{"@type":"WebPage","@id":"https:\/\/www.naturparkmagazin.de\/vdn\/gemeinsam-fuer-den-laendlichen-raum-gruene-woche-2017\/","url":"https:\/\/www.naturparkmagazin.de\/vdn\/gemeinsam-fuer-den-laendlichen-raum-gruene-woche-2017\/","name":"\"Gemeinsam f\u00fcr den l\u00e4ndlichen Raum\" \u2013 Gr\u00fcne Woche 2017","isPartOf":{"@id":"https:\/\/www.naturparkmagazin.de\/vdn\/#website"},"datePublished":"2017-01-16T11:54:27+00:00","dateModified":"2017-01-25T12:19:36+00:00","author":{"@id":"https:\/\/www.naturparkmagazin.de\/vdn\/#\/schema\/person\/d71357578c318b6db03be60b1f60396b"},"description":"Auf der Internationalen Gr\u00fcnen Woche 2017 in Berlin vom 20.-29. Januar 2017 ist die \u201eEntwicklung des l\u00e4ndlichen Raumes\u201c ein wichtiges Thema. Bundesverbandes Deutscher Mittelgebirge und der VDN stellen dort ihre Arbeit gemeinsam vor.","breadcrumb":{"@id":"https:\/\/www.naturparkmagazin.de\/vdn\/gemeinsam-fuer-den-laendlichen-raum-gruene-woche-2017\/#breadcrumb"},"inLanguage":"de","potentialAction":[{"@type":"ReadAction","target":["https:\/\/www.naturparkmagazin.de\/vdn\/gemeinsam-fuer-den-laendlichen-raum-gruene-woche-2017\/"]}]},{"@type":"BreadcrumbList","@id":"https:\/\/www.naturparkmagazin.de\/vdn\/gemeinsam-fuer-den-laendlichen-raum-gruene-woche-2017\/#breadcrumb","itemListElement":[{"@type":"ListItem","position":1,"name":"Home","item":"https:\/\/www.naturparkmagazin.de\/vdn\/"},{"@type":"ListItem","position":2,"name":"&#8222;Gemeinsam f\u00fcr den l\u00e4ndlichen Raum&#8220; \u2013 Gr\u00fcne Woche 2017"}]},{"@type":"WebSite","@id":"https:\/\/www.naturparkmagazin.de\/vdn\/#website","url":"https:\/\/www.naturparkmagazin.de\/vdn\/","name":"Verband Deutscher Naturparke","description":"Eine weitere Naturparkmagazin.de Netzwerk Seite","potentialAction":[{"@type":"SearchAction","target":{"@type":"EntryPoint","urlTemplate":"https:\/\/www.naturparkmagazin.de\/vdn\/?s={search_term_string}"},"query-input":"required name=search_term_string"}],"inLanguage":"de"},{"@type":"Person","@id":"https:\/\/www.naturparkmagazin.de\/vdn\/#\/schema\/person\/d71357578c318b6db03be60b1f60396b","name":"beatrixlosem","url":"https:\/\/www.naturparkmagazin.de\/vdn\/author\/beatrixlosem\/"}]}},"_links":{"self":[{"href":"https:\/\/www.naturparkmagazin.de\/vdn\/wp-json\/wp\/v2\/posts\/8226"}],"collection":[{"href":"https:\/\/www.naturparkmagazin.de\/vdn\/wp-json\/wp\/v2\/posts"}],"about":[{"href":"https:\/\/www.naturparkmagazin.de\/vdn\/wp-json\/wp\/v2\/types\/post"}],"author":[{"embeddable":true,"href":"https:\/\/www.naturparkmagazin.de\/vdn\/wp-json\/wp\/v2\/users\/51"}],"replies":[{"embeddable":true,"href":"https:\/\/www.naturparkmagazin.de\/vdn\/wp-json\/wp\/v2\/comments?post=8226"}],"version-history":[{"count":6,"href":"https:\/\/www.naturparkmagazin.de\/vdn\/wp-json\/wp\/v2\/posts\/8226\/revisions"}],"predecessor-version":[{"id":8294,"href":"https:\/\/www.naturparkmagazin.de\/vdn\/wp-json\/wp\/v2\/posts\/8226\/revisions\/8294"}],"wp:featuredmedia":[{"embeddable":true,"href":"https:\/\/www.naturparkmagazin.de\/vdn\/wp-json\/wp\/v2\/media\/8293"}],"wp:attachment":[{"href":"https:\/\/www.naturparkmagazin.de\/vdn\/wp-json\/wp\/v2\/media?parent=8226"}],"wp:term":[{"taxonomy":"category","embeddable":true,"href":"https:\/\/www.naturparkmagazin.de\/vdn\/wp-json\/wp\/v2\/categories?post=8226"},{"taxonomy":"post_tag","embeddable":true,"href":"https:\/\/www.naturparkmagazin.de\/vdn\/wp-json\/wp\/v2\/tags?post=8226"}],"curies":[{"name":"wp","href":"https:\/\/api.w.org\/{rel}","templated":true}]}}