{"id":8234,"date":"2017-01-16T12:48:13","date_gmt":"2017-01-16T11:48:13","guid":{"rendered":"http:\/\/www.naturparkmagazin.de\/vdn\/?p=8234"},"modified":"2017-01-24T12:06:46","modified_gmt":"2017-01-24T11:06:46","slug":"gesund-mit-der-vielfalt-der-natur","status":"publish","type":"post","link":"https:\/\/www.naturparkmagazin.de\/vdn\/gesund-mit-der-vielfalt-der-natur\/","title":{"rendered":"&#8222;Gesund &#8211; Mit der Vielfalt der Natur&#8220;"},"content":{"rendered":"<div id=\"attachment_8268\" style=\"width: 630px\" class=\"wp-caption aligncenter\"><a href=\"https:\/\/www.naturparkmagazin.de\/vdn\/wp-content\/uploads\/sites\/3\/UN-Dekade_Logo_original.jpg\"><img aria-describedby=\"caption-attachment-8268\" decoding=\"async\" loading=\"lazy\" class=\"wp-image-8268 size-medium\" src=\"https:\/\/www.naturparkmagazin.de\/vdn\/wp-content\/uploads\/sites\/3\/UN-Dekade_Logo_original-620x156.jpg\" alt=\"UN-Dekade Logo\" width=\"620\" height=\"156\" srcset=\"https:\/\/www.naturparkmagazin.de\/vdn\/wp-content\/uploads\/sites\/3\/UN-Dekade_Logo_original-620x156.jpg 620w, https:\/\/www.naturparkmagazin.de\/vdn\/wp-content\/uploads\/sites\/3\/UN-Dekade_Logo_original-300x76.jpg 300w, https:\/\/www.naturparkmagazin.de\/vdn\/wp-content\/uploads\/sites\/3\/UN-Dekade_Logo_original-940x237.jpg 940w, https:\/\/www.naturparkmagazin.de\/vdn\/wp-content\/uploads\/sites\/3\/UN-Dekade_Logo_original-670x169.jpg 670w, https:\/\/www.naturparkmagazin.de\/vdn\/wp-content\/uploads\/sites\/3\/UN-Dekade_Logo_original-200x50.jpg 200w, https:\/\/www.naturparkmagazin.de\/vdn\/wp-content\/uploads\/sites\/3\/UN-Dekade_Logo_original.jpg 1025w\" sizes=\"(max-width: 620px) 100vw, 620px\" \/><\/a><p id=\"caption-attachment-8268\" class=\"wp-caption-text\">UN-Dekade Logo<\/p><\/div>\n<p>&nbsp;<\/p>\n<p>Biologische Vielfalt beeinflusst viele Bereiche unseres Lebens und Wirtschaftens \u2013 auch unsere Gesundheit. Vielf\u00e4ltige Landschaften wie man sie auch in den \u00fcber 100 Naturparken in Deutschland noch findet sind Erholungsorte f\u00fcr K\u00f6rper, Geist und Seele. Sie steigern die Lebensqualit\u00e4t \u2013 auch mit touristischen oder therapeutischen Angeboten. Zugleich bildet Naturvielfalt die Basis f\u00fcr viele medizinische Wirkstoffe, von denen stetig neue entdeckt werden: in Pflanzen, Tieren, Pilzen, Mikroorganismen &#8230;. Biodiversit\u00e4t ist aber auch Grundlage f\u00fcr funktionierende \u00d6kosysteme, die f\u00fcr sauberes Wasser, fruchtbare B\u00f6den und gesunde Luft sorgen. Indem wir biologische Vielfalt f\u00f6rdern, tragen wir also wesentlich zu unserem Wohlergehen bei.<\/p>\n<p>Es gibt zahlreiche Verbindungen zwischen biologischer Vielfalt und Gesundheit. F\u00fcr den UN-Dekade-Projektwettbewerb werden in den Jahren 2017\/2018 unter dem Motto &#8222;Gesund &#8211; Mit der Vielfalt der Natur&#8220; die vier Themen \u201eMedizin aus der Natur\u201c, \u201eErholungsorte und Aktivit\u00e4ten in der Natur\u201c, \u201eHeilen mit der Natur\u201c, \u201eNaturressourcen als Grundlage f\u00fcr Gesundheit\u201c besonders herausgestellt.<\/p>\n<p>&nbsp;<\/p>\n<div id=\"attachment_8243\" style=\"width: 510px\" class=\"wp-caption aligncenter\"><a href=\"https:\/\/www.naturparkmagazin.de\/vdn\/wp-content\/uploads\/sites\/3\/Beinwell4beitrag.jpg\"><img aria-describedby=\"caption-attachment-8243\" decoding=\"async\" loading=\"lazy\" class=\"size-full wp-image-8243\" src=\"https:\/\/www.naturparkmagazin.de\/vdn\/wp-content\/uploads\/sites\/3\/Beinwell4beitrag.jpg\" alt=\"Beinwell - Copyright: VDN\/Gerhard M\u00fcller\" width=\"500\" height=\"500\" srcset=\"https:\/\/www.naturparkmagazin.de\/vdn\/wp-content\/uploads\/sites\/3\/Beinwell4beitrag.jpg 500w, https:\/\/www.naturparkmagazin.de\/vdn\/wp-content\/uploads\/sites\/3\/Beinwell4beitrag-300x300.jpg 300w, https:\/\/www.naturparkmagazin.de\/vdn\/wp-content\/uploads\/sites\/3\/Beinwell4beitrag-200x200.jpg 200w, https:\/\/www.naturparkmagazin.de\/vdn\/wp-content\/uploads\/sites\/3\/Beinwell4beitrag-30x30.jpg 30w\" sizes=\"(max-width: 500px) 100vw, 500px\" \/><\/a><p id=\"caption-attachment-8243\" class=\"wp-caption-text\">Beinwell &#8211; Copyright: VDN\/Gerhard M\u00fcller<\/p><\/div>\n<p><strong><span style=\"text-decoration: underline;\">Medizin aus der Natur<\/span><\/strong><\/p>\n<p>Bei diesem Thema geht es um Projekte zu medizinischen Wirkstoffen aus der Natur in Deutschland, die auf den Erhalt der biologischen Vielfalt, eine nachhaltige Nutzung oder deren Vermittlung setzen. Beispiele sind das Gewinnen und Erzeugen von Rohstoffen, ihre Verarbeitung und Produktion oder der Handel. Die Aktivit\u00e4ten k\u00f6nnen auch aus Forschung und Entwicklung oder Information und Beratung stammen.<\/p>\n<p>&nbsp;<\/p>\n<div id=\"attachment_8244\" style=\"width: 510px\" class=\"wp-caption aligncenter\"><a href=\"https:\/\/www.naturparkmagazin.de\/vdn\/wp-content\/uploads\/sites\/3\/nordicwalking_altm\u00fchltal._beitrag.jpg\"><img aria-describedby=\"caption-attachment-8244\" decoding=\"async\" loading=\"lazy\" class=\"size-full wp-image-8244\" src=\"https:\/\/www.naturparkmagazin.de\/vdn\/wp-content\/uploads\/sites\/3\/nordicwalking_altm\u00fchltal._beitrag.jpg\" alt=\"Nordicwalking im Altm\u00fchltal - Copyright: Naturpark Altm\u00fchltal\" width=\"500\" height=\"300\" srcset=\"https:\/\/www.naturparkmagazin.de\/vdn\/wp-content\/uploads\/sites\/3\/nordicwalking_altm\u00fchltal._beitrag.jpg 500w, https:\/\/www.naturparkmagazin.de\/vdn\/wp-content\/uploads\/sites\/3\/nordicwalking_altm\u00fchltal._beitrag-300x180.jpg 300w, https:\/\/www.naturparkmagazin.de\/vdn\/wp-content\/uploads\/sites\/3\/nordicwalking_altm\u00fchltal._beitrag-200x120.jpg 200w\" sizes=\"(max-width: 500px) 100vw, 500px\" \/><\/a><p id=\"caption-attachment-8244\" class=\"wp-caption-text\">Nordicwalking im Altm\u00fchltal &#8211; Copyright: Naturpark Altm\u00fchltal<\/p><\/div>\n<p><span style=\"text-decoration: underline;\"><strong>Erholungsorte und Aktivit\u00e4ten in der Natur<\/strong><\/span><\/p>\n<p>In der Natur aktiv zu sein, ist gesund, macht Freude und tr\u00e4gt dazu bei, Erkrankungen vorzubeugen. Vielf\u00e4ltige Natur steigert die Lebensqualit\u00e4t der Bev\u00f6lkerung und von Erholungssuchenden. Touristen finden Entspannung und attraktive Naturerlebnisse. Sportvereine und Naturschutzeinrichtungen entwickeln vielf\u00e4ltige Angebote. Kurorte, Heilb\u00e4der und Tourismusvereinigungen bieten Besuchern gesunde Urlaubsvergn\u00fcgen in der Natur und verbinden sie mit dem Erhalt der biologischen Vielfalt.<\/p>\n<p>&nbsp;<\/p>\n<div id=\"attachment_8249\" style=\"width: 510px\" class=\"wp-caption aligncenter\"><a href=\"https:\/\/www.naturparkmagazin.de\/vdn\/wp-content\/uploads\/sites\/3\/wassertretanlage_beitrag.jpg\"><img aria-describedby=\"caption-attachment-8249\" decoding=\"async\" loading=\"lazy\" class=\"size-full wp-image-8249\" src=\"https:\/\/www.naturparkmagazin.de\/vdn\/wp-content\/uploads\/sites\/3\/wassertretanlage_beitrag.jpg\" alt=\"Wassertretanlage im Naturpark S\u00fcdschwarzwald - Copyright: VDN\/A.Krause\" width=\"500\" height=\"500\" srcset=\"https:\/\/www.naturparkmagazin.de\/vdn\/wp-content\/uploads\/sites\/3\/wassertretanlage_beitrag.jpg 500w, https:\/\/www.naturparkmagazin.de\/vdn\/wp-content\/uploads\/sites\/3\/wassertretanlage_beitrag-300x300.jpg 300w, https:\/\/www.naturparkmagazin.de\/vdn\/wp-content\/uploads\/sites\/3\/wassertretanlage_beitrag-200x200.jpg 200w, https:\/\/www.naturparkmagazin.de\/vdn\/wp-content\/uploads\/sites\/3\/wassertretanlage_beitrag-30x30.jpg 30w\" sizes=\"(max-width: 500px) 100vw, 500px\" \/><\/a><p id=\"caption-attachment-8249\" class=\"wp-caption-text\">Wassertretanlage im Naturpark S\u00fcdschwarzwald &#8211; Copyright: VDN\/A.Krause<\/p><\/div>\n<p><strong><span style=\"text-decoration: underline;\">Heilen in der Natur\n<\/span><\/strong><\/p>\n<p>Kur- und Rehakliniken befinden sich meist mitten in sch\u00f6nster Natur und bauen in ihren therapeutischen Angeboten oft erg\u00e4nzend auf deren heilsame Wirkung: bei physischen Rehabilitationen ebenso wie bei mentalen Schwierigkeiten wie Burn-out, Essst\u00f6rungen oder Tinnitus. Krankenkassen, Kliniken und \u00c4rzte setzen auf diesen Ansatz, weitergehende Forschungen dazu laufen.<\/p>\n<p>&nbsp;<\/p>\n<div id=\"attachment_8246\" style=\"width: 510px\" class=\"wp-caption aligncenter\"><a href=\"https:\/\/www.naturparkmagazin.de\/vdn\/wp-content\/uploads\/sites\/3\/IMG_8158__w_beitrag.jpg\"><img aria-describedby=\"caption-attachment-8246\" decoding=\"async\" loading=\"lazy\" class=\"size-full wp-image-8246\" src=\"https:\/\/www.naturparkmagazin.de\/vdn\/wp-content\/uploads\/sites\/3\/IMG_8158__w_beitrag.jpg\" alt=\"Kell am See - Copyright: VDN\/Peter Reiter\" width=\"500\" height=\"300\" srcset=\"https:\/\/www.naturparkmagazin.de\/vdn\/wp-content\/uploads\/sites\/3\/IMG_8158__w_beitrag.jpg 500w, https:\/\/www.naturparkmagazin.de\/vdn\/wp-content\/uploads\/sites\/3\/IMG_8158__w_beitrag-300x180.jpg 300w, https:\/\/www.naturparkmagazin.de\/vdn\/wp-content\/uploads\/sites\/3\/IMG_8158__w_beitrag-200x120.jpg 200w\" sizes=\"(max-width: 500px) 100vw, 500px\" \/><\/a><p id=\"caption-attachment-8246\" class=\"wp-caption-text\">Kell am See &#8211; Copyright: VDN\/Peter Reiter<\/p><\/div>\n<p><strong><span style=\"text-decoration: underline;\">Naturressourcen als Grundlage f\u00fcr Gesundheit<\/span><\/strong><\/p>\n<p>Sauberes Wasser, gesunder Boden und klare Luft sind eine wichtige Voraussetzung f\u00fcr unsere Gesundheit. Nur intakte, vielf\u00e4ltige \u00d6kosysteme k\u00f6nnen dies gew\u00e4hrleisten. Naturnahe Gew\u00e4sser- und Auenlandschaften und W\u00e4lder ebenso wie eine hohe Naturvielfalt in der Agrarlandschaft sind dazu wichtig. Vorbildliche Projekte der heimischen Wasserwirtschaft sowie aus Land- und Forstwirtschaft k\u00f6nnen wichtige Modellfunktionen \u00fcbernehmen.<\/p>\n<p>Weitere Informationen erhalten Sie unter <a href=\"http:\/\/www.undekade-biologischevielfalt.de\/service\/newsletter\/rubriken\/article\/\/\/gesund-mit-der-vielfalt-der-natur\/\" target=\"_blank\">www.undekade-biologischevielfalt.de<\/a><\/p>\n<p>&nbsp;<\/p>\n<p>&nbsp;<\/p>\n","protected":false},"excerpt":{"rendered":"<p>Die Vereinten Nationen haben die Jahre 2011 bis 2020 zur UN-Dekade f\u00fcr die biologische Vielfalt erkl\u00e4rt. Beim Schwerpunktthema der UN-Dekade 2017\/2018 dreht sich alles um das Thema &#8222;Gesundheit&#8220;.<\/p>\n","protected":false},"author":51,"featured_media":8251,"comment_status":"open","ping_status":"open","sticky":false,"template":"","format":"standard","meta":{"_links_to":"","_links_to_target":""},"categories":[51],"tags":[],"yoast_head":"<!-- This site is optimized with the Yoast SEO plugin v19.10 - https:\/\/yoast.com\/wordpress\/plugins\/seo\/ -->\n<title>&quot;Gesund - Mit der Vielfalt der Natur&quot;<\/title>\n<meta name=\"description\" content=\"Die Vereinten Nationen haben die Jahre 2011 bis 2020 zur UN-Dekade f\u00fcr die biologische Vielfalt erkl\u00e4rt. Beim Schwerpunktthema der UN-Dekade 2017\/2018 dreht sich alles um das Thema &quot;Gesundheit&quot;.\" \/>\n<meta name=\"robots\" content=\"index, follow, max-snippet:-1, max-image-preview:large, max-video-preview:-1\" \/>\n<link rel=\"canonical\" href=\"https:\/\/www.naturparkmagazin.de\/vdn\/gesund-mit-der-vielfalt-der-natur\/\" \/>\n<meta property=\"og:locale\" content=\"de_DE\" \/>\n<meta property=\"og:type\" content=\"article\" \/>\n<meta property=\"og:title\" content=\"&quot;Gesund - Mit der Vielfalt der Natur&quot;\" \/>\n<meta property=\"og:description\" content=\"Die Vereinten Nationen haben die Jahre 2011 bis 2020 zur UN-Dekade f\u00fcr die biologische Vielfalt erkl\u00e4rt. Beim Schwerpunktthema der UN-Dekade 2017\/2018 dreht sich alles um das Thema &quot;Gesundheit&quot;.\" \/>\n<meta property=\"og:url\" content=\"https:\/\/www.naturparkmagazin.de\/vdn\/gesund-mit-der-vielfalt-der-natur\/\" \/>\n<meta property=\"og:site_name\" content=\"Verband Deutscher Naturparke\" \/>\n<meta property=\"article:published_time\" content=\"2017-01-16T11:48:13+00:00\" \/>\n<meta property=\"article:modified_time\" content=\"2017-01-24T11:06:46+00:00\" \/>\n<meta property=\"og:image\" content=\"https:\/\/www.naturparkmagazin.de\/vdn\/wp-content\/uploads\/sites\/3\/img-2586-kopie_Beitragsbild.jpg\" \/>\n\t<meta property=\"og:image:width\" content=\"200\" \/>\n\t<meta property=\"og:image:height\" content=\"200\" \/>\n\t<meta property=\"og:image:type\" content=\"image\/jpeg\" \/>\n<meta name=\"author\" content=\"beatrixlosem\" \/>\n<meta name=\"twitter:label1\" content=\"Verfasst von\" \/>\n\t<meta name=\"twitter:data1\" content=\"beatrixlosem\" \/>\n\t<meta name=\"twitter:label2\" content=\"Gesch\u00e4tzte Lesezeit\" \/>\n\t<meta name=\"twitter:data2\" content=\"2\u00a0Minuten\" \/>\n<script type=\"application\/ld+json\" class=\"yoast-schema-graph\">{\"@context\":\"https:\/\/schema.org\",\"@graph\":[{\"@type\":\"WebPage\",\"@id\":\"https:\/\/www.naturparkmagazin.de\/vdn\/gesund-mit-der-vielfalt-der-natur\/\",\"url\":\"https:\/\/www.naturparkmagazin.de\/vdn\/gesund-mit-der-vielfalt-der-natur\/\",\"name\":\"\\\"Gesund - Mit der Vielfalt der Natur\\\"\",\"isPartOf\":{\"@id\":\"https:\/\/www.naturparkmagazin.de\/vdn\/#website\"},\"datePublished\":\"2017-01-16T11:48:13+00:00\",\"dateModified\":\"2017-01-24T11:06:46+00:00\",\"author\":{\"@id\":\"https:\/\/www.naturparkmagazin.de\/vdn\/#\/schema\/person\/d71357578c318b6db03be60b1f60396b\"},\"description\":\"Die Vereinten Nationen haben die Jahre 2011 bis 2020 zur UN-Dekade f\u00fcr die biologische Vielfalt erkl\u00e4rt. Beim Schwerpunktthema der UN-Dekade 2017\/2018 dreht sich alles um das Thema \\\"Gesundheit\\\".\",\"breadcrumb\":{\"@id\":\"https:\/\/www.naturparkmagazin.de\/vdn\/gesund-mit-der-vielfalt-der-natur\/#breadcrumb\"},\"inLanguage\":\"de\",\"potentialAction\":[{\"@type\":\"ReadAction\",\"target\":[\"https:\/\/www.naturparkmagazin.de\/vdn\/gesund-mit-der-vielfalt-der-natur\/\"]}]},{\"@type\":\"BreadcrumbList\",\"@id\":\"https:\/\/www.naturparkmagazin.de\/vdn\/gesund-mit-der-vielfalt-der-natur\/#breadcrumb\",\"itemListElement\":[{\"@type\":\"ListItem\",\"position\":1,\"name\":\"Home\",\"item\":\"https:\/\/www.naturparkmagazin.de\/vdn\/\"},{\"@type\":\"ListItem\",\"position\":2,\"name\":\"&#8222;Gesund &#8211; Mit der Vielfalt der Natur&#8220;\"}]},{\"@type\":\"WebSite\",\"@id\":\"https:\/\/www.naturparkmagazin.de\/vdn\/#website\",\"url\":\"https:\/\/www.naturparkmagazin.de\/vdn\/\",\"name\":\"Verband Deutscher Naturparke\",\"description\":\"Eine weitere Naturparkmagazin.de Netzwerk Seite\",\"potentialAction\":[{\"@type\":\"SearchAction\",\"target\":{\"@type\":\"EntryPoint\",\"urlTemplate\":\"https:\/\/www.naturparkmagazin.de\/vdn\/?s={search_term_string}\"},\"query-input\":\"required name=search_term_string\"}],\"inLanguage\":\"de\"},{\"@type\":\"Person\",\"@id\":\"https:\/\/www.naturparkmagazin.de\/vdn\/#\/schema\/person\/d71357578c318b6db03be60b1f60396b\",\"name\":\"beatrixlosem\",\"url\":\"https:\/\/www.naturparkmagazin.de\/vdn\/author\/beatrixlosem\/\"}]}<\/script>\n<!-- \/ Yoast SEO plugin. -->","yoast_head_json":{"title":"\"Gesund - Mit der Vielfalt der Natur\"","description":"Die Vereinten Nationen haben die Jahre 2011 bis 2020 zur UN-Dekade f\u00fcr die biologische Vielfalt erkl\u00e4rt. Beim Schwerpunktthema der UN-Dekade 2017\/2018 dreht sich alles um das Thema \"Gesundheit\".","robots":{"index":"index","follow":"follow","max-snippet":"max-snippet:-1","max-image-preview":"max-image-preview:large","max-video-preview":"max-video-preview:-1"},"canonical":"https:\/\/www.naturparkmagazin.de\/vdn\/gesund-mit-der-vielfalt-der-natur\/","og_locale":"de_DE","og_type":"article","og_title":"\"Gesund - Mit der Vielfalt der Natur\"","og_description":"Die Vereinten Nationen haben die Jahre 2011 bis 2020 zur UN-Dekade f\u00fcr die biologische Vielfalt erkl\u00e4rt. Beim Schwerpunktthema der UN-Dekade 2017\/2018 dreht sich alles um das Thema \"Gesundheit\".","og_url":"https:\/\/www.naturparkmagazin.de\/vdn\/gesund-mit-der-vielfalt-der-natur\/","og_site_name":"Verband Deutscher Naturparke","article_published_time":"2017-01-16T11:48:13+00:00","article_modified_time":"2017-01-24T11:06:46+00:00","og_image":[{"width":200,"height":200,"url":"https:\/\/www.naturparkmagazin.de\/vdn\/wp-content\/uploads\/sites\/3\/img-2586-kopie_Beitragsbild.jpg","type":"image\/jpeg"}],"author":"beatrixlosem","twitter_misc":{"Verfasst von":"beatrixlosem","Gesch\u00e4tzte Lesezeit":"2\u00a0Minuten"},"schema":{"@context":"https:\/\/schema.org","@graph":[{"@type":"WebPage","@id":"https:\/\/www.naturparkmagazin.de\/vdn\/gesund-mit-der-vielfalt-der-natur\/","url":"https:\/\/www.naturparkmagazin.de\/vdn\/gesund-mit-der-vielfalt-der-natur\/","name":"\"Gesund - Mit der Vielfalt der Natur\"","isPartOf":{"@id":"https:\/\/www.naturparkmagazin.de\/vdn\/#website"},"datePublished":"2017-01-16T11:48:13+00:00","dateModified":"2017-01-24T11:06:46+00:00","author":{"@id":"https:\/\/www.naturparkmagazin.de\/vdn\/#\/schema\/person\/d71357578c318b6db03be60b1f60396b"},"description":"Die Vereinten Nationen haben die Jahre 2011 bis 2020 zur UN-Dekade f\u00fcr die biologische Vielfalt erkl\u00e4rt. Beim Schwerpunktthema der UN-Dekade 2017\/2018 dreht sich alles um das Thema \"Gesundheit\".","breadcrumb":{"@id":"https:\/\/www.naturparkmagazin.de\/vdn\/gesund-mit-der-vielfalt-der-natur\/#breadcrumb"},"inLanguage":"de","potentialAction":[{"@type":"ReadAction","target":["https:\/\/www.naturparkmagazin.de\/vdn\/gesund-mit-der-vielfalt-der-natur\/"]}]},{"@type":"BreadcrumbList","@id":"https:\/\/www.naturparkmagazin.de\/vdn\/gesund-mit-der-vielfalt-der-natur\/#breadcrumb","itemListElement":[{"@type":"ListItem","position":1,"name":"Home","item":"https:\/\/www.naturparkmagazin.de\/vdn\/"},{"@type":"ListItem","position":2,"name":"&#8222;Gesund &#8211; Mit der Vielfalt der Natur&#8220;"}]},{"@type":"WebSite","@id":"https:\/\/www.naturparkmagazin.de\/vdn\/#website","url":"https:\/\/www.naturparkmagazin.de\/vdn\/","name":"Verband Deutscher Naturparke","description":"Eine weitere Naturparkmagazin.de Netzwerk Seite","potentialAction":[{"@type":"SearchAction","target":{"@type":"EntryPoint","urlTemplate":"https:\/\/www.naturparkmagazin.de\/vdn\/?s={search_term_string}"},"query-input":"required name=search_term_string"}],"inLanguage":"de"},{"@type":"Person","@id":"https:\/\/www.naturparkmagazin.de\/vdn\/#\/schema\/person\/d71357578c318b6db03be60b1f60396b","name":"beatrixlosem","url":"https:\/\/www.naturparkmagazin.de\/vdn\/author\/beatrixlosem\/"}]}},"_links":{"self":[{"href":"https:\/\/www.naturparkmagazin.de\/vdn\/wp-json\/wp\/v2\/posts\/8234"}],"collection":[{"href":"https:\/\/www.naturparkmagazin.de\/vdn\/wp-json\/wp\/v2\/posts"}],"about":[{"href":"https:\/\/www.naturparkmagazin.de\/vdn\/wp-json\/wp\/v2\/types\/post"}],"author":[{"embeddable":true,"href":"https:\/\/www.naturparkmagazin.de\/vdn\/wp-json\/wp\/v2\/users\/51"}],"replies":[{"embeddable":true,"href":"https:\/\/www.naturparkmagazin.de\/vdn\/wp-json\/wp\/v2\/comments?post=8234"}],"version-history":[{"count":9,"href":"https:\/\/www.naturparkmagazin.de\/vdn\/wp-json\/wp\/v2\/posts\/8234\/revisions"}],"predecessor-version":[{"id":8290,"href":"https:\/\/www.naturparkmagazin.de\/vdn\/wp-json\/wp\/v2\/posts\/8234\/revisions\/8290"}],"wp:featuredmedia":[{"embeddable":true,"href":"https:\/\/www.naturparkmagazin.de\/vdn\/wp-json\/wp\/v2\/media\/8251"}],"wp:attachment":[{"href":"https:\/\/www.naturparkmagazin.de\/vdn\/wp-json\/wp\/v2\/media?parent=8234"}],"wp:term":[{"taxonomy":"category","embeddable":true,"href":"https:\/\/www.naturparkmagazin.de\/vdn\/wp-json\/wp\/v2\/categories?post=8234"},{"taxonomy":"post_tag","embeddable":true,"href":"https:\/\/www.naturparkmagazin.de\/vdn\/wp-json\/wp\/v2\/tags?post=8234"}],"curies":[{"name":"wp","href":"https:\/\/api.w.org\/{rel}","templated":true}]}}