{"id":832,"date":"2013-05-08T10:00:00","date_gmt":"2013-05-08T08:00:00","guid":{"rendered":"http:\/\/www.naturparkmagazin.de\/vdn\/?p=832"},"modified":"2013-05-08T17:32:51","modified_gmt":"2013-05-08T15:32:51","slug":"naturpark-botschafterin-anja-kohl","status":"publish","type":"post","link":"https:\/\/www.naturparkmagazin.de\/vdn\/naturpark-botschafterin-anja-kohl\/","title":{"rendered":"Naturpark-Botschafterin Anja Kohl"},"content":{"rendered":"<div id=\"attachment_833\" style=\"width: 368px\" class=\"wp-caption alignnone\"><a href=\"https:\/\/www.naturparkmagazin.de\/vdn\/wp-content\/uploads\/sites\/3\/Anja_Kohl_1.jpg\"><img aria-describedby=\"caption-attachment-833\" decoding=\"async\" loading=\"lazy\" class=\"size-medium wp-image-833 \" title=\"\u00a9 Anja Kohl\" alt=\"\" src=\"https:\/\/www.naturparkmagazin.de\/vdn\/wp-content\/uploads\/sites\/3\/Anja_Kohl_1-620x415.jpg\" width=\"358\" height=\"239\" srcset=\"https:\/\/www.naturparkmagazin.de\/vdn\/wp-content\/uploads\/sites\/3\/Anja_Kohl_1-620x415.jpg 620w, https:\/\/www.naturparkmagazin.de\/vdn\/wp-content\/uploads\/sites\/3\/Anja_Kohl_1-300x201.jpg 300w, https:\/\/www.naturparkmagazin.de\/vdn\/wp-content\/uploads\/sites\/3\/Anja_Kohl_1-940x630.jpg 940w, https:\/\/www.naturparkmagazin.de\/vdn\/wp-content\/uploads\/sites\/3\/Anja_Kohl_1-670x449.jpg 670w, https:\/\/www.naturparkmagazin.de\/vdn\/wp-content\/uploads\/sites\/3\/Anja_Kohl_1-200x134.jpg 200w\" sizes=\"(max-width: 358px) 100vw, 358px\" \/><\/a><p id=\"caption-attachment-833\" class=\"wp-caption-text\">Naturpark-Botschafterin Anja Kohl<\/p><\/div>\n<p>Anja Kohl,\u00a0 B\u00f6rsenexpertin der ARD und Journalistin unterst\u00fctzt als prominente Naturpark-Botschafterin die Arbeit des Naturparks Spessart und wirbt f\u00fcr den Spessart:\u00a0 \u201cIch mag den Naturpark Spessart, weil der Dax dort noch vier Beine hat.\u201d<\/p>\n<p>\u00dcber ihren Lieblingsort im Naturpark sagt sie:<\/p>\n<p>&#8222;Mein Lieblingsort im Spessart ist die Lichtenau, ein kleiner Weiler mitten im sch\u00f6nen Hafenlohrtal. Besonders gefallen mir die sich im Tal schl\u00e4ngelnde Hafenlohr und das satte Gr\u00fcn der Wiesen. Hier kann man sich entspannen und dem Alltag entfliehen.<\/p>\n<p>Kurt Tucholsky schrieb \u00fcber diese idyllische Landschaft: \u201eDies ist eine alte Landschaft, die gibt es gar nicht mehr, hier ist die Zeit stehen geblieben; wenn Landschaft Musik macht, dies ist ein deutsches Streichquartett.\u201c Sch\u00f6ner k\u00f6nnte ich es nicht sagen.&#8220;<\/p>\n<p>Zahlreiche Pers\u00f6nlichkeiten engagieren sich als Naturpark-Botschafter f\u00fcr ihren Naturpark. Mehr Informationen hierzu finden Sie <a title=\"Naturpark-Botschafter\" href=\"http:\/\/www.naturparke.de\/mynatureparks\/ambassador\" target=\"_blank\">hier<\/a>.<\/p>\n","protected":false},"excerpt":{"rendered":"<p>Anja Kohl,  B\u00f6rsenexpertin der ARD und Journalistin unterst\u00fctzt als prominente Naturpark-Botschafterin die Arbeit des Naturparks Spessart und &#8230;<\/p>\n","protected":false},"author":14,"featured_media":833,"comment_status":"open","ping_status":"open","sticky":false,"template":"","format":"standard","meta":{"_links_to":"","_links_to_target":""},"categories":[8],"tags":[],"yoast_head":"<!-- This site is optimized with the Yoast SEO plugin v19.10 - https:\/\/yoast.com\/wordpress\/plugins\/seo\/ -->\n<title>Naturpark-Botschafterin Anja Kohl<\/title>\n<meta name=\"description\" content=\"Anja Kohl, B\u00f6rsenexpertin der ARD und Journalistin unterst\u00fctzt als prominente Naturpark-Botschafterin die Arbeit des Naturparks Spessart und ...\" \/>\n<meta name=\"robots\" content=\"index, follow, max-snippet:-1, max-image-preview:large, max-video-preview:-1\" \/>\n<link rel=\"canonical\" href=\"https:\/\/www.naturparkmagazin.de\/vdn\/naturpark-botschafterin-anja-kohl\/\" \/>\n<meta property=\"og:locale\" content=\"de_DE\" \/>\n<meta property=\"og:type\" content=\"article\" \/>\n<meta property=\"og:title\" content=\"Naturpark-Botschafterin Anja Kohl\" \/>\n<meta property=\"og:description\" content=\"Anja Kohl, B\u00f6rsenexpertin der ARD und Journalistin unterst\u00fctzt als prominente Naturpark-Botschafterin die Arbeit des Naturparks Spessart und ...\" \/>\n<meta property=\"og:url\" content=\"https:\/\/www.naturparkmagazin.de\/vdn\/naturpark-botschafterin-anja-kohl\/\" \/>\n<meta property=\"og:site_name\" content=\"Verband Deutscher Naturparke\" \/>\n<meta property=\"article:published_time\" content=\"2013-05-08T08:00:00+00:00\" \/>\n<meta property=\"article:modified_time\" content=\"2013-05-08T15:32:51+00:00\" \/>\n<meta property=\"og:image\" content=\"https:\/\/www.naturparkmagazin.de\/vdn\/wp-content\/uploads\/sites\/3\/Anja_Kohl_1.jpg\" \/>\n\t<meta property=\"og:image:width\" content=\"4711\" \/>\n\t<meta property=\"og:image:height\" content=\"3155\" \/>\n\t<meta property=\"og:image:type\" content=\"image\/jpeg\" \/>\n<meta name=\"author\" content=\"vdnnational\" \/>\n<meta name=\"twitter:label1\" content=\"Verfasst von\" \/>\n\t<meta name=\"twitter:data1\" content=\"vdnnational\" \/>\n\t<meta name=\"twitter:label2\" content=\"Gesch\u00e4tzte Lesezeit\" \/>\n\t<meta name=\"twitter:data2\" content=\"1\u00a0Minute\" \/>\n<script type=\"application\/ld+json\" class=\"yoast-schema-graph\">{\"@context\":\"https:\/\/schema.org\",\"@graph\":[{\"@type\":\"WebPage\",\"@id\":\"https:\/\/www.naturparkmagazin.de\/vdn\/naturpark-botschafterin-anja-kohl\/\",\"url\":\"https:\/\/www.naturparkmagazin.de\/vdn\/naturpark-botschafterin-anja-kohl\/\",\"name\":\"Naturpark-Botschafterin Anja Kohl\",\"isPartOf\":{\"@id\":\"https:\/\/www.naturparkmagazin.de\/vdn\/#website\"},\"datePublished\":\"2013-05-08T08:00:00+00:00\",\"dateModified\":\"2013-05-08T15:32:51+00:00\",\"author\":{\"@id\":\"https:\/\/www.naturparkmagazin.de\/vdn\/#\/schema\/person\/e28d931df83318a48d52ae72b08d2bfb\"},\"description\":\"Anja Kohl, B\u00f6rsenexpertin der ARD und Journalistin unterst\u00fctzt als prominente Naturpark-Botschafterin die Arbeit des Naturparks Spessart und ...\",\"breadcrumb\":{\"@id\":\"https:\/\/www.naturparkmagazin.de\/vdn\/naturpark-botschafterin-anja-kohl\/#breadcrumb\"},\"inLanguage\":\"de\",\"potentialAction\":[{\"@type\":\"ReadAction\",\"target\":[\"https:\/\/www.naturparkmagazin.de\/vdn\/naturpark-botschafterin-anja-kohl\/\"]}]},{\"@type\":\"BreadcrumbList\",\"@id\":\"https:\/\/www.naturparkmagazin.de\/vdn\/naturpark-botschafterin-anja-kohl\/#breadcrumb\",\"itemListElement\":[{\"@type\":\"ListItem\",\"position\":1,\"name\":\"Home\",\"item\":\"https:\/\/www.naturparkmagazin.de\/vdn\/\"},{\"@type\":\"ListItem\",\"position\":2,\"name\":\"Naturpark-Botschafterin Anja Kohl\"}]},{\"@type\":\"WebSite\",\"@id\":\"https:\/\/www.naturparkmagazin.de\/vdn\/#website\",\"url\":\"https:\/\/www.naturparkmagazin.de\/vdn\/\",\"name\":\"Verband Deutscher Naturparke\",\"description\":\"Eine weitere Naturparkmagazin.de Netzwerk Seite\",\"potentialAction\":[{\"@type\":\"SearchAction\",\"target\":{\"@type\":\"EntryPoint\",\"urlTemplate\":\"https:\/\/www.naturparkmagazin.de\/vdn\/?s={search_term_string}\"},\"query-input\":\"required name=search_term_string\"}],\"inLanguage\":\"de\"},{\"@type\":\"Person\",\"@id\":\"https:\/\/www.naturparkmagazin.de\/vdn\/#\/schema\/person\/e28d931df83318a48d52ae72b08d2bfb\",\"name\":\"vdnnational\",\"url\":\"https:\/\/www.naturparkmagazin.de\/vdn\/author\/vdnnational\/\"}]}<\/script>\n<!-- \/ Yoast SEO plugin. -->","yoast_head_json":{"title":"Naturpark-Botschafterin Anja Kohl","description":"Anja Kohl, B\u00f6rsenexpertin der ARD und Journalistin unterst\u00fctzt als prominente Naturpark-Botschafterin die Arbeit des Naturparks Spessart und ...","robots":{"index":"index","follow":"follow","max-snippet":"max-snippet:-1","max-image-preview":"max-image-preview:large","max-video-preview":"max-video-preview:-1"},"canonical":"https:\/\/www.naturparkmagazin.de\/vdn\/naturpark-botschafterin-anja-kohl\/","og_locale":"de_DE","og_type":"article","og_title":"Naturpark-Botschafterin Anja Kohl","og_description":"Anja Kohl, B\u00f6rsenexpertin der ARD und Journalistin unterst\u00fctzt als prominente Naturpark-Botschafterin die Arbeit des Naturparks Spessart und ...","og_url":"https:\/\/www.naturparkmagazin.de\/vdn\/naturpark-botschafterin-anja-kohl\/","og_site_name":"Verband Deutscher Naturparke","article_published_time":"2013-05-08T08:00:00+00:00","article_modified_time":"2013-05-08T15:32:51+00:00","og_image":[{"width":4711,"height":3155,"url":"https:\/\/www.naturparkmagazin.de\/vdn\/wp-content\/uploads\/sites\/3\/Anja_Kohl_1.jpg","type":"image\/jpeg"}],"author":"vdnnational","twitter_misc":{"Verfasst von":"vdnnational","Gesch\u00e4tzte Lesezeit":"1\u00a0Minute"},"schema":{"@context":"https:\/\/schema.org","@graph":[{"@type":"WebPage","@id":"https:\/\/www.naturparkmagazin.de\/vdn\/naturpark-botschafterin-anja-kohl\/","url":"https:\/\/www.naturparkmagazin.de\/vdn\/naturpark-botschafterin-anja-kohl\/","name":"Naturpark-Botschafterin Anja Kohl","isPartOf":{"@id":"https:\/\/www.naturparkmagazin.de\/vdn\/#website"},"datePublished":"2013-05-08T08:00:00+00:00","dateModified":"2013-05-08T15:32:51+00:00","author":{"@id":"https:\/\/www.naturparkmagazin.de\/vdn\/#\/schema\/person\/e28d931df83318a48d52ae72b08d2bfb"},"description":"Anja Kohl, B\u00f6rsenexpertin der ARD und Journalistin unterst\u00fctzt als prominente Naturpark-Botschafterin die Arbeit des Naturparks Spessart und ...","breadcrumb":{"@id":"https:\/\/www.naturparkmagazin.de\/vdn\/naturpark-botschafterin-anja-kohl\/#breadcrumb"},"inLanguage":"de","potentialAction":[{"@type":"ReadAction","target":["https:\/\/www.naturparkmagazin.de\/vdn\/naturpark-botschafterin-anja-kohl\/"]}]},{"@type":"BreadcrumbList","@id":"https:\/\/www.naturparkmagazin.de\/vdn\/naturpark-botschafterin-anja-kohl\/#breadcrumb","itemListElement":[{"@type":"ListItem","position":1,"name":"Home","item":"https:\/\/www.naturparkmagazin.de\/vdn\/"},{"@type":"ListItem","position":2,"name":"Naturpark-Botschafterin Anja Kohl"}]},{"@type":"WebSite","@id":"https:\/\/www.naturparkmagazin.de\/vdn\/#website","url":"https:\/\/www.naturparkmagazin.de\/vdn\/","name":"Verband Deutscher Naturparke","description":"Eine weitere Naturparkmagazin.de Netzwerk Seite","potentialAction":[{"@type":"SearchAction","target":{"@type":"EntryPoint","urlTemplate":"https:\/\/www.naturparkmagazin.de\/vdn\/?s={search_term_string}"},"query-input":"required name=search_term_string"}],"inLanguage":"de"},{"@type":"Person","@id":"https:\/\/www.naturparkmagazin.de\/vdn\/#\/schema\/person\/e28d931df83318a48d52ae72b08d2bfb","name":"vdnnational","url":"https:\/\/www.naturparkmagazin.de\/vdn\/author\/vdnnational\/"}]}},"_links":{"self":[{"href":"https:\/\/www.naturparkmagazin.de\/vdn\/wp-json\/wp\/v2\/posts\/832"}],"collection":[{"href":"https:\/\/www.naturparkmagazin.de\/vdn\/wp-json\/wp\/v2\/posts"}],"about":[{"href":"https:\/\/www.naturparkmagazin.de\/vdn\/wp-json\/wp\/v2\/types\/post"}],"author":[{"embeddable":true,"href":"https:\/\/www.naturparkmagazin.de\/vdn\/wp-json\/wp\/v2\/users\/14"}],"replies":[{"embeddable":true,"href":"https:\/\/www.naturparkmagazin.de\/vdn\/wp-json\/wp\/v2\/comments?post=832"}],"version-history":[{"count":5,"href":"https:\/\/www.naturparkmagazin.de\/vdn\/wp-json\/wp\/v2\/posts\/832\/revisions"}],"predecessor-version":[{"id":1069,"href":"https:\/\/www.naturparkmagazin.de\/vdn\/wp-json\/wp\/v2\/posts\/832\/revisions\/1069"}],"wp:featuredmedia":[{"embeddable":true,"href":"https:\/\/www.naturparkmagazin.de\/vdn\/wp-json\/wp\/v2\/media\/833"}],"wp:attachment":[{"href":"https:\/\/www.naturparkmagazin.de\/vdn\/wp-json\/wp\/v2\/media?parent=832"}],"wp:term":[{"taxonomy":"category","embeddable":true,"href":"https:\/\/www.naturparkmagazin.de\/vdn\/wp-json\/wp\/v2\/categories?post=832"},{"taxonomy":"post_tag","embeddable":true,"href":"https:\/\/www.naturparkmagazin.de\/vdn\/wp-json\/wp\/v2\/tags?post=832"}],"curies":[{"name":"wp","href":"https:\/\/api.w.org\/{rel}","templated":true}]}}