{"id":8349,"date":"2017-02-13T10:41:27","date_gmt":"2017-02-13T09:41:27","guid":{"rendered":"http:\/\/www.naturparkmagazin.de\/vdn\/?p=8349"},"modified":"2017-02-22T11:50:45","modified_gmt":"2017-02-22T10:50:45","slug":"landwirtschaft-mit-zukunft-eu-buerger-befragung-zur-agrarpolitik","status":"publish","type":"post","link":"https:\/\/www.naturparkmagazin.de\/vdn\/landwirtschaft-mit-zukunft-eu-buerger-befragung-zur-agrarpolitik\/","title":{"rendered":"\u201eLandwirtschaft mit Zukunft\u201c \u2013 EU-B\u00fcrger-Befragung zur Agrarpolitik"},"content":{"rendered":"<div id=\"attachment_8351\" style=\"width: 510px\" class=\"wp-caption aligncenter\"><a href=\"https:\/\/www.naturparkmagazin.de\/vdn\/wp-content\/uploads\/sites\/3\/IMG_3360_beitrag.jpg\"><img aria-describedby=\"caption-attachment-8351\" decoding=\"async\" loading=\"lazy\" class=\"size-full wp-image-8351\" src=\"https:\/\/www.naturparkmagazin.de\/vdn\/wp-content\/uploads\/sites\/3\/IMG_3360_beitrag.jpg\" alt=\"Copyright: J\u00f6rg Liesen\" width=\"500\" height=\"300\" srcset=\"https:\/\/www.naturparkmagazin.de\/vdn\/wp-content\/uploads\/sites\/3\/IMG_3360_beitrag.jpg 500w, https:\/\/www.naturparkmagazin.de\/vdn\/wp-content\/uploads\/sites\/3\/IMG_3360_beitrag-300x180.jpg 300w, https:\/\/www.naturparkmagazin.de\/vdn\/wp-content\/uploads\/sites\/3\/IMG_3360_beitrag-200x120.jpg 200w\" sizes=\"(max-width: 500px) 100vw, 500px\" \/><\/a><p id=\"caption-attachment-8351\" class=\"wp-caption-text\">Copyright: J\u00f6rg Liesen<\/p><\/div>\n<p>Anfang Februar wurde von EU-Agrarkommissar Phil Hogan eine umfassende B\u00fcrger-Befragung zur Zukunft der EU-Agrarpolitik nach 2020 gestartet. Bis Anfang Mai haben alle Einwohner der EU die Chance, sich zur zuk\u00fcnftigen Agrarpolitik zu \u00e4u\u00dfern. Die \u00f6ffentliche Befragung der EU-B\u00fcrger wird zw\u00f6lf Wochen dauern und Landwirten, B\u00fcrgern, Organisationen und allen anderen Interessierten die M\u00f6glichkeit geben, ihr Votum abzugeben, wie die derzeit 60 Milliarden Euro Subventionen \u2013 und damit 40 Prozent des EU-Haushalts \u2013 k\u00fcnftig verteilt werden sollen.<\/p>\n<p>Die Ergebnisse der \u00f6ffentlichen Anh\u00f6rung werden im Juli 2017 vorgestellt. Diese sollen in die Vorschl\u00e4ge zur Weiterentwicklung der EU-Agrarpolitik einflie\u00dfen.<\/p>\n<p>Hier geht es zum <a href=\"https:\/\/ec.europa.eu\/eusurvey\/runner\/FutureCAP?surveylanguage=DE\" target=\"_blank\">Fragebogen f\u00fcr EU-B\u00fcrger in deutscher Sprache<\/a><\/p>\n<p>&nbsp;<\/p>\n","protected":false},"excerpt":{"rendered":"<p>Die Europ\u00e4ische Kommission hat im Februar eine dreimonatige \u00f6ffentliche Umfrage zur Zukunft der EU-Agrarpolitik gestartet.<\/p>\n","protected":false},"author":51,"featured_media":8350,"comment_status":"open","ping_status":"open","sticky":false,"template":"","format":"standard","meta":{"_links_to":"","_links_to_target":""},"categories":[7],"tags":[686,897,899,81,3154,41,501,898],"yoast_head":"<!-- This site is optimized with the Yoast SEO plugin v19.10 - https:\/\/yoast.com\/wordpress\/plugins\/seo\/ -->\n<title>\u201eLandwirtschaft mit Zukunft\u201c \u2013 EU-B\u00fcrger-Befragung zur Agrarpolitik<\/title>\n<meta name=\"description\" content=\"Die Europ\u00e4ische Kommission hat im Februar eine dreimonatige \u00f6ffentliche Umfrage zur Zukunft der EU-Agrarpolitik gestartet.\" \/>\n<meta name=\"robots\" content=\"index, follow, max-snippet:-1, max-image-preview:large, max-video-preview:-1\" \/>\n<link rel=\"canonical\" href=\"https:\/\/www.naturparkmagazin.de\/vdn\/landwirtschaft-mit-zukunft-eu-buerger-befragung-zur-agrarpolitik\/\" \/>\n<meta property=\"og:locale\" content=\"de_DE\" \/>\n<meta property=\"og:type\" content=\"article\" \/>\n<meta property=\"og:title\" content=\"\u201eLandwirtschaft mit Zukunft\u201c \u2013 EU-B\u00fcrger-Befragung zur Agrarpolitik\" \/>\n<meta property=\"og:description\" content=\"Die Europ\u00e4ische Kommission hat im Februar eine dreimonatige \u00f6ffentliche Umfrage zur Zukunft der EU-Agrarpolitik gestartet.\" \/>\n<meta property=\"og:url\" content=\"https:\/\/www.naturparkmagazin.de\/vdn\/landwirtschaft-mit-zukunft-eu-buerger-befragung-zur-agrarpolitik\/\" \/>\n<meta property=\"og:site_name\" content=\"Verband Deutscher Naturparke\" \/>\n<meta property=\"article:published_time\" content=\"2017-02-13T09:41:27+00:00\" \/>\n<meta property=\"article:modified_time\" content=\"2017-02-22T10:50:45+00:00\" \/>\n<meta property=\"og:image\" content=\"https:\/\/www.naturparkmagazin.de\/vdn\/wp-content\/uploads\/sites\/3\/IMG_3360_beitragsbild.jpg\" \/>\n\t<meta property=\"og:image:width\" content=\"200\" \/>\n\t<meta property=\"og:image:height\" content=\"200\" \/>\n\t<meta property=\"og:image:type\" content=\"image\/jpeg\" \/>\n<meta name=\"author\" content=\"beatrixlosem\" \/>\n<meta name=\"twitter:label1\" content=\"Verfasst von\" \/>\n\t<meta name=\"twitter:data1\" content=\"beatrixlosem\" \/>\n\t<meta name=\"twitter:label2\" content=\"Gesch\u00e4tzte Lesezeit\" \/>\n\t<meta name=\"twitter:data2\" content=\"1\u00a0Minute\" \/>\n<script type=\"application\/ld+json\" class=\"yoast-schema-graph\">{\"@context\":\"https:\/\/schema.org\",\"@graph\":[{\"@type\":\"WebPage\",\"@id\":\"https:\/\/www.naturparkmagazin.de\/vdn\/landwirtschaft-mit-zukunft-eu-buerger-befragung-zur-agrarpolitik\/\",\"url\":\"https:\/\/www.naturparkmagazin.de\/vdn\/landwirtschaft-mit-zukunft-eu-buerger-befragung-zur-agrarpolitik\/\",\"name\":\"\u201eLandwirtschaft mit Zukunft\u201c \u2013 EU-B\u00fcrger-Befragung zur Agrarpolitik\",\"isPartOf\":{\"@id\":\"https:\/\/www.naturparkmagazin.de\/vdn\/#website\"},\"datePublished\":\"2017-02-13T09:41:27+00:00\",\"dateModified\":\"2017-02-22T10:50:45+00:00\",\"author\":{\"@id\":\"https:\/\/www.naturparkmagazin.de\/vdn\/#\/schema\/person\/d71357578c318b6db03be60b1f60396b\"},\"description\":\"Die Europ\u00e4ische Kommission hat im Februar eine dreimonatige \u00f6ffentliche Umfrage zur Zukunft der EU-Agrarpolitik gestartet.\",\"breadcrumb\":{\"@id\":\"https:\/\/www.naturparkmagazin.de\/vdn\/landwirtschaft-mit-zukunft-eu-buerger-befragung-zur-agrarpolitik\/#breadcrumb\"},\"inLanguage\":\"de\",\"potentialAction\":[{\"@type\":\"ReadAction\",\"target\":[\"https:\/\/www.naturparkmagazin.de\/vdn\/landwirtschaft-mit-zukunft-eu-buerger-befragung-zur-agrarpolitik\/\"]}]},{\"@type\":\"BreadcrumbList\",\"@id\":\"https:\/\/www.naturparkmagazin.de\/vdn\/landwirtschaft-mit-zukunft-eu-buerger-befragung-zur-agrarpolitik\/#breadcrumb\",\"itemListElement\":[{\"@type\":\"ListItem\",\"position\":1,\"name\":\"Home\",\"item\":\"https:\/\/www.naturparkmagazin.de\/vdn\/\"},{\"@type\":\"ListItem\",\"position\":2,\"name\":\"\u201eLandwirtschaft mit Zukunft\u201c \u2013 EU-B\u00fcrger-Befragung zur Agrarpolitik\"}]},{\"@type\":\"WebSite\",\"@id\":\"https:\/\/www.naturparkmagazin.de\/vdn\/#website\",\"url\":\"https:\/\/www.naturparkmagazin.de\/vdn\/\",\"name\":\"Verband Deutscher Naturparke\",\"description\":\"Eine weitere Naturparkmagazin.de Netzwerk Seite\",\"potentialAction\":[{\"@type\":\"SearchAction\",\"target\":{\"@type\":\"EntryPoint\",\"urlTemplate\":\"https:\/\/www.naturparkmagazin.de\/vdn\/?s={search_term_string}\"},\"query-input\":\"required name=search_term_string\"}],\"inLanguage\":\"de\"},{\"@type\":\"Person\",\"@id\":\"https:\/\/www.naturparkmagazin.de\/vdn\/#\/schema\/person\/d71357578c318b6db03be60b1f60396b\",\"name\":\"beatrixlosem\",\"url\":\"https:\/\/www.naturparkmagazin.de\/vdn\/author\/beatrixlosem\/\"}]}<\/script>\n<!-- \/ Yoast SEO plugin. -->","yoast_head_json":{"title":"\u201eLandwirtschaft mit Zukunft\u201c \u2013 EU-B\u00fcrger-Befragung zur Agrarpolitik","description":"Die Europ\u00e4ische Kommission hat im Februar eine dreimonatige \u00f6ffentliche Umfrage zur Zukunft der EU-Agrarpolitik gestartet.","robots":{"index":"index","follow":"follow","max-snippet":"max-snippet:-1","max-image-preview":"max-image-preview:large","max-video-preview":"max-video-preview:-1"},"canonical":"https:\/\/www.naturparkmagazin.de\/vdn\/landwirtschaft-mit-zukunft-eu-buerger-befragung-zur-agrarpolitik\/","og_locale":"de_DE","og_type":"article","og_title":"\u201eLandwirtschaft mit Zukunft\u201c \u2013 EU-B\u00fcrger-Befragung zur Agrarpolitik","og_description":"Die Europ\u00e4ische Kommission hat im Februar eine dreimonatige \u00f6ffentliche Umfrage zur Zukunft der EU-Agrarpolitik gestartet.","og_url":"https:\/\/www.naturparkmagazin.de\/vdn\/landwirtschaft-mit-zukunft-eu-buerger-befragung-zur-agrarpolitik\/","og_site_name":"Verband Deutscher Naturparke","article_published_time":"2017-02-13T09:41:27+00:00","article_modified_time":"2017-02-22T10:50:45+00:00","og_image":[{"width":200,"height":200,"url":"https:\/\/www.naturparkmagazin.de\/vdn\/wp-content\/uploads\/sites\/3\/IMG_3360_beitragsbild.jpg","type":"image\/jpeg"}],"author":"beatrixlosem","twitter_misc":{"Verfasst von":"beatrixlosem","Gesch\u00e4tzte Lesezeit":"1\u00a0Minute"},"schema":{"@context":"https:\/\/schema.org","@graph":[{"@type":"WebPage","@id":"https:\/\/www.naturparkmagazin.de\/vdn\/landwirtschaft-mit-zukunft-eu-buerger-befragung-zur-agrarpolitik\/","url":"https:\/\/www.naturparkmagazin.de\/vdn\/landwirtschaft-mit-zukunft-eu-buerger-befragung-zur-agrarpolitik\/","name":"\u201eLandwirtschaft mit Zukunft\u201c \u2013 EU-B\u00fcrger-Befragung zur Agrarpolitik","isPartOf":{"@id":"https:\/\/www.naturparkmagazin.de\/vdn\/#website"},"datePublished":"2017-02-13T09:41:27+00:00","dateModified":"2017-02-22T10:50:45+00:00","author":{"@id":"https:\/\/www.naturparkmagazin.de\/vdn\/#\/schema\/person\/d71357578c318b6db03be60b1f60396b"},"description":"Die Europ\u00e4ische Kommission hat im Februar eine dreimonatige \u00f6ffentliche Umfrage zur Zukunft der EU-Agrarpolitik gestartet.","breadcrumb":{"@id":"https:\/\/www.naturparkmagazin.de\/vdn\/landwirtschaft-mit-zukunft-eu-buerger-befragung-zur-agrarpolitik\/#breadcrumb"},"inLanguage":"de","potentialAction":[{"@type":"ReadAction","target":["https:\/\/www.naturparkmagazin.de\/vdn\/landwirtschaft-mit-zukunft-eu-buerger-befragung-zur-agrarpolitik\/"]}]},{"@type":"BreadcrumbList","@id":"https:\/\/www.naturparkmagazin.de\/vdn\/landwirtschaft-mit-zukunft-eu-buerger-befragung-zur-agrarpolitik\/#breadcrumb","itemListElement":[{"@type":"ListItem","position":1,"name":"Home","item":"https:\/\/www.naturparkmagazin.de\/vdn\/"},{"@type":"ListItem","position":2,"name":"\u201eLandwirtschaft mit Zukunft\u201c \u2013 EU-B\u00fcrger-Befragung zur Agrarpolitik"}]},{"@type":"WebSite","@id":"https:\/\/www.naturparkmagazin.de\/vdn\/#website","url":"https:\/\/www.naturparkmagazin.de\/vdn\/","name":"Verband Deutscher Naturparke","description":"Eine weitere Naturparkmagazin.de Netzwerk Seite","potentialAction":[{"@type":"SearchAction","target":{"@type":"EntryPoint","urlTemplate":"https:\/\/www.naturparkmagazin.de\/vdn\/?s={search_term_string}"},"query-input":"required name=search_term_string"}],"inLanguage":"de"},{"@type":"Person","@id":"https:\/\/www.naturparkmagazin.de\/vdn\/#\/schema\/person\/d71357578c318b6db03be60b1f60396b","name":"beatrixlosem","url":"https:\/\/www.naturparkmagazin.de\/vdn\/author\/beatrixlosem\/"}]}},"_links":{"self":[{"href":"https:\/\/www.naturparkmagazin.de\/vdn\/wp-json\/wp\/v2\/posts\/8349"}],"collection":[{"href":"https:\/\/www.naturparkmagazin.de\/vdn\/wp-json\/wp\/v2\/posts"}],"about":[{"href":"https:\/\/www.naturparkmagazin.de\/vdn\/wp-json\/wp\/v2\/types\/post"}],"author":[{"embeddable":true,"href":"https:\/\/www.naturparkmagazin.de\/vdn\/wp-json\/wp\/v2\/users\/51"}],"replies":[{"embeddable":true,"href":"https:\/\/www.naturparkmagazin.de\/vdn\/wp-json\/wp\/v2\/comments?post=8349"}],"version-history":[{"count":1,"href":"https:\/\/www.naturparkmagazin.de\/vdn\/wp-json\/wp\/v2\/posts\/8349\/revisions"}],"predecessor-version":[{"id":8352,"href":"https:\/\/www.naturparkmagazin.de\/vdn\/wp-json\/wp\/v2\/posts\/8349\/revisions\/8352"}],"wp:featuredmedia":[{"embeddable":true,"href":"https:\/\/www.naturparkmagazin.de\/vdn\/wp-json\/wp\/v2\/media\/8350"}],"wp:attachment":[{"href":"https:\/\/www.naturparkmagazin.de\/vdn\/wp-json\/wp\/v2\/media?parent=8349"}],"wp:term":[{"taxonomy":"category","embeddable":true,"href":"https:\/\/www.naturparkmagazin.de\/vdn\/wp-json\/wp\/v2\/categories?post=8349"},{"taxonomy":"post_tag","embeddable":true,"href":"https:\/\/www.naturparkmagazin.de\/vdn\/wp-json\/wp\/v2\/tags?post=8349"}],"curies":[{"name":"wp","href":"https:\/\/api.w.org\/{rel}","templated":true}]}}