{"id":8430,"date":"2017-03-19T10:52:33","date_gmt":"2017-03-19T09:52:33","guid":{"rendered":"http:\/\/www.naturparkmagazin.de\/vdn\/?p=8430"},"modified":"2017-06-06T11:42:12","modified_gmt":"2017-06-06T09:42:12","slug":"donauwellen-premiumwege","status":"publish","type":"post","link":"https:\/\/www.naturparkmagazin.de\/vdn\/donauwellen-premiumwege\/","title":{"rendered":"DonauWellen \u2013 Premiumwege"},"content":{"rendered":"<div id=\"attachment_8432\" style=\"width: 510px\" class=\"wp-caption aligncenter\"><a href=\"https:\/\/www.naturparkmagazin.de\/vdn\/wp-content\/uploads\/sites\/3\/Wanderpaar-am-Eichfelsen-gegen\u00fcber-Burg-Wildensteinb.jpg\"><img aria-describedby=\"caption-attachment-8432\" decoding=\"async\" loading=\"lazy\" class=\"wp-image-8432 size-full\" src=\"https:\/\/www.naturparkmagazin.de\/vdn\/wp-content\/uploads\/sites\/3\/Wanderpaar-am-Eichfelsen-gegen\u00fcber-Burg-Wildensteinb.jpg\" alt=\"Wanderpaar am Eichfelsen \u00a9 Donaubergland Tourismus Gmbh \" width=\"500\" height=\"300\" srcset=\"https:\/\/www.naturparkmagazin.de\/vdn\/wp-content\/uploads\/sites\/3\/Wanderpaar-am-Eichfelsen-gegen\u00fcber-Burg-Wildensteinb.jpg 500w, https:\/\/www.naturparkmagazin.de\/vdn\/wp-content\/uploads\/sites\/3\/Wanderpaar-am-Eichfelsen-gegen\u00fcber-Burg-Wildensteinb-300x180.jpg 300w, https:\/\/www.naturparkmagazin.de\/vdn\/wp-content\/uploads\/sites\/3\/Wanderpaar-am-Eichfelsen-gegen\u00fcber-Burg-Wildensteinb-200x120.jpg 200w\" sizes=\"(max-width: 500px) 100vw, 500px\" \/><\/a><p id=\"caption-attachment-8432\" class=\"wp-caption-text\">Wanderpaar am Eichfelsen \u00a9 Donaubergland Tourismus Gmbh<\/p><\/div>\n<p>Haben Sie Appetit auf eine leckere Donauwelle? Auf einen s\u00fc\u00dfen Schoko-Kuchen oder auf eine erlebnisreiche Wanderung? Oder auf beides? Wir laden Sie ein, entdecken Sie bei uns im Donaubergland die Donauwelle neu.\nDie Donauwelle steht f\u00fcr Bewegung, f\u00fcr das sichtbare Auf und Ab der Landschaft und der neuen Premiumwege im Donaubergland. Und sie steht unbestritten f\u00fcr besonderen Genuss.<\/p>\n<div id=\"attachment_8433\" style=\"width: 510px\" class=\"wp-caption aligncenter\"><a href=\"https:\/\/www.naturparkmagazin.de\/vdn\/wp-content\/uploads\/sites\/3\/db_donauwellen_Kuchenb.jpg\"><img aria-describedby=\"caption-attachment-8433\" decoding=\"async\" loading=\"lazy\" class=\"wp-image-8433 size-full\" src=\"https:\/\/www.naturparkmagazin.de\/vdn\/wp-content\/uploads\/sites\/3\/db_donauwellen_Kuchenb.jpg\" alt=\"Donauwelle \u00a9 Donaubergland Tourismus Gmbh \" width=\"500\" height=\"300\" srcset=\"https:\/\/www.naturparkmagazin.de\/vdn\/wp-content\/uploads\/sites\/3\/db_donauwellen_Kuchenb.jpg 500w, https:\/\/www.naturparkmagazin.de\/vdn\/wp-content\/uploads\/sites\/3\/db_donauwellen_Kuchenb-300x180.jpg 300w, https:\/\/www.naturparkmagazin.de\/vdn\/wp-content\/uploads\/sites\/3\/db_donauwellen_Kuchenb-200x120.jpg 200w\" sizes=\"(max-width: 500px) 100vw, 500px\" \/><\/a><p id=\"caption-attachment-8433\" class=\"wp-caption-text\">Donauwelle \u00a9 Donaubergland Tourismus Gmbh<\/p><\/div>\n<p>&nbsp;<\/p>\n<p><strong>Wanderweg: DonauWelle Eichfelsen-Panorama<\/strong>\nEine superleckere \u201eDonauWelle\u201c mit Sahnehaube und dem beliebtesten Premium-Panorama im Oberen Donautal am Eichfelsen. Der Premiumweg startet am Kloster Beuron \u00fcber die historische Holzbr\u00fccke und f\u00fchrt hinauf zu den traumhaften Aussichtsfelsen bei Irndorf, dem Spaltfels, dem Rauhen Stein und dem Eichfelsen mit wechselnden und wahrhaft atemberaubenden Ausblicken auf die Donau, die beeindruckende Klosteranlage der Erzabtei Beuron sowie die Burg Wildenstein und das Schloss Werenwag auf den schroffen Kalkfelsen hoch \u00fcber dem Donautal. Im Wanderheim des Schw\u00e4bischen Albvereins beim Rauhen Stein lohnt sich nach dem Aufstieg auf jeden Fall eine Einkehr.<\/p>\n<div id=\"attachment_8439\" style=\"width: 510px\" class=\"wp-caption aligncenter\"><a href=\"https:\/\/www.naturparkmagazin.de\/vdn\/wp-content\/uploads\/sites\/3\/DonauWelle_Eichfelsen-Panoramab.jpg\"><img aria-describedby=\"caption-attachment-8439\" decoding=\"async\" loading=\"lazy\" class=\"wp-image-8439 size-full\" src=\"https:\/\/www.naturparkmagazin.de\/vdn\/wp-content\/uploads\/sites\/3\/DonauWelle_Eichfelsen-Panoramab.jpg\" alt=\"DonauWelle Eichfelsen Panorama \u00a9 Donaubergland Tourismus Gmbh \" width=\"500\" height=\"300\" srcset=\"https:\/\/www.naturparkmagazin.de\/vdn\/wp-content\/uploads\/sites\/3\/DonauWelle_Eichfelsen-Panoramab.jpg 500w, https:\/\/www.naturparkmagazin.de\/vdn\/wp-content\/uploads\/sites\/3\/DonauWelle_Eichfelsen-Panoramab-300x180.jpg 300w, https:\/\/www.naturparkmagazin.de\/vdn\/wp-content\/uploads\/sites\/3\/DonauWelle_Eichfelsen-Panoramab-200x120.jpg 200w\" sizes=\"(max-width: 500px) 100vw, 500px\" \/><\/a><p id=\"caption-attachment-8439\" class=\"wp-caption-text\">DonauWelle Eichfelsen Panorama \u00a9 Donaubergland Tourismus Gmbh<\/p><\/div>\n<p>Danach f\u00fchrt die Tour hinunter ins Tal an die Donau, bevor es auf der gegen\u00fcber liegenden Seite auf einem Pfad etwas oberhalb der Donau in Richtung Beuron geht. Immer wieder gibt der Wald den Blick frei auf Beuron und das Kloster sowie auf die gegen\u00fcberliegenden Felsen. Keinesfalls auslassen sollte man hier auch die Petersh\u00f6hle, die \u00fcber eine Treppe etwas oberhalb des Premiumweges erschlossen ist. Die Rundtour f\u00fchrt wieder nach Beuron hinein. Ein kleiner Abstecher im Ort ins Haus der Natur, dem Sitz der Naturparkverwaltung, mit seiner Dauerausstellung im Bahnhof sollte ebenso Pflicht sein wie der Besuch der Abteikirche und des Klosterladens.<\/p>\n<p>Eine kostenlose Brosch\u00fcre zu den DonauWellen gibt es bei der:<\/p>\n<p><strong><em>Donaubergland Marketing und Tourismus GmbH<\/em><\/strong>\n<strong><em> Am Seltenbach 1<\/em><\/strong>\n<strong><em> 78532 Tuttlingen<\/em><\/strong>\n<strong><em> Tel. 0049 (0) 7461 &#8211; 7801675<\/em><\/strong>\n<strong><em> info@donaubergland.de<\/em><\/strong>\n<strong><em> <a href=\"http:\/\/www.donaubergland.de\" target=\"_blank\">www.donaubergland.de <\/a><\/em><\/strong>\n<strong><em> <a href=\"http:\/\/www.donau-wellen.de\" target=\"_blank\">www.donau-wellen.de<\/a><\/em><\/strong><\/p>\n<div id=\"attachment_8434\" style=\"width: 510px\" class=\"wp-caption aligncenter\"><a href=\"https:\/\/www.naturparkmagazin.de\/vdn\/wp-content\/uploads\/sites\/3\/Unbenanntb.jpg\"><img aria-describedby=\"caption-attachment-8434\" decoding=\"async\" loading=\"lazy\" class=\"size-full wp-image-8434\" src=\"https:\/\/www.naturparkmagazin.de\/vdn\/wp-content\/uploads\/sites\/3\/Unbenanntb.jpg\" alt=\"Donauwellen Wandergenuss\" width=\"500\" height=\"300\" srcset=\"https:\/\/www.naturparkmagazin.de\/vdn\/wp-content\/uploads\/sites\/3\/Unbenanntb.jpg 500w, https:\/\/www.naturparkmagazin.de\/vdn\/wp-content\/uploads\/sites\/3\/Unbenanntb-300x180.jpg 300w, https:\/\/www.naturparkmagazin.de\/vdn\/wp-content\/uploads\/sites\/3\/Unbenanntb-200x120.jpg 200w\" sizes=\"(max-width: 500px) 100vw, 500px\" \/><\/a><p id=\"caption-attachment-8434\" class=\"wp-caption-text\">Donauwellen Wandergenuss<\/p><\/div>\n<p>&nbsp;<\/p>\n<p>&nbsp;<\/p>\n<p>&nbsp;<\/p>\n","protected":false},"excerpt":{"rendered":"<p>Haben Sie Appetit auf eine leckere Donauwelle? Auf einen s\u00fc\u00dfen Schoko-Kuchen oder auf eine erlebnisreiche Wanderung? Oder auf beides? Wir laden Sie ein, entdecken Sie bei uns im Donaubergland die Donauwelle neu.<\/p>\n","protected":false},"author":73,"featured_media":8431,"comment_status":"open","ping_status":"open","sticky":false,"template":"","format":"standard","meta":{"_links_to":"","_links_to_target":""},"categories":[617],"tags":[458,925,923,915,928,911,922,917,924,262,35,916,919,927,918,3155,370,231,539,347,908,82,914,921,926,920,41,501,95,260],"yoast_head":"<!-- This site is optimized with the Yoast SEO plugin v19.10 - https:\/\/yoast.com\/wordpress\/plugins\/seo\/ -->\n<title>DonauWellen \u2013 Premiumwege<\/title>\n<meta name=\"description\" content=\"Haben Sie Appetit auf eine leckere Donauwelle? Auf einen s\u00fc\u00dfen Schoko-Kuchen oder auf eine erlebnisreiche Wanderung? Oder auf beides? Wir laden Sie ein, entdecken Sie bei uns im Donaubergland die Donauwelle neu.\" \/>\n<meta name=\"robots\" content=\"index, follow, max-snippet:-1, max-image-preview:large, max-video-preview:-1\" \/>\n<link rel=\"canonical\" href=\"https:\/\/www.naturparkmagazin.de\/vdn\/donauwellen-premiumwege\/\" \/>\n<meta property=\"og:locale\" content=\"de_DE\" \/>\n<meta property=\"og:type\" content=\"article\" \/>\n<meta property=\"og:title\" content=\"DonauWellen \u2013 Premiumwege\" \/>\n<meta property=\"og:description\" content=\"Haben Sie Appetit auf eine leckere Donauwelle? Auf einen s\u00fc\u00dfen Schoko-Kuchen oder auf eine erlebnisreiche Wanderung? Oder auf beides? Wir laden Sie ein, entdecken Sie bei uns im Donaubergland die Donauwelle neu.\" \/>\n<meta property=\"og:url\" content=\"https:\/\/www.naturparkmagazin.de\/vdn\/donauwellen-premiumwege\/\" \/>\n<meta property=\"og:site_name\" content=\"Verband Deutscher Naturparke\" \/>\n<meta property=\"article:published_time\" content=\"2017-03-19T09:52:33+00:00\" \/>\n<meta property=\"article:modified_time\" content=\"2017-06-06T09:42:12+00:00\" \/>\n<meta property=\"og:image\" content=\"https:\/\/www.naturparkmagazin.de\/vdn\/wp-content\/uploads\/sites\/3\/Wanderpaar-am-Eichfelsen-gegen\u00fcber-Burg-Wildensteinbf.jpg\" \/>\n\t<meta property=\"og:image:width\" content=\"200\" \/>\n\t<meta property=\"og:image:height\" content=\"200\" \/>\n\t<meta property=\"og:image:type\" content=\"image\/jpeg\" \/>\n<meta name=\"author\" content=\"manuelamerz\" \/>\n<meta name=\"twitter:label1\" content=\"Verfasst von\" \/>\n\t<meta name=\"twitter:data1\" content=\"manuelamerz\" \/>\n\t<meta name=\"twitter:label2\" content=\"Gesch\u00e4tzte Lesezeit\" \/>\n\t<meta name=\"twitter:data2\" content=\"2\u00a0Minuten\" \/>\n<script type=\"application\/ld+json\" class=\"yoast-schema-graph\">{\"@context\":\"https:\/\/schema.org\",\"@graph\":[{\"@type\":\"WebPage\",\"@id\":\"https:\/\/www.naturparkmagazin.de\/vdn\/donauwellen-premiumwege\/\",\"url\":\"https:\/\/www.naturparkmagazin.de\/vdn\/donauwellen-premiumwege\/\",\"name\":\"DonauWellen \u2013 Premiumwege\",\"isPartOf\":{\"@id\":\"https:\/\/www.naturparkmagazin.de\/vdn\/#website\"},\"datePublished\":\"2017-03-19T09:52:33+00:00\",\"dateModified\":\"2017-06-06T09:42:12+00:00\",\"author\":{\"@id\":\"https:\/\/www.naturparkmagazin.de\/vdn\/#\/schema\/person\/3cff9b8773ed55f0189255fa9adfd57c\"},\"description\":\"Haben Sie Appetit auf eine leckere Donauwelle? Auf einen s\u00fc\u00dfen Schoko-Kuchen oder auf eine erlebnisreiche Wanderung? Oder auf beides? Wir laden Sie ein, entdecken Sie bei uns im Donaubergland die Donauwelle neu.\",\"breadcrumb\":{\"@id\":\"https:\/\/www.naturparkmagazin.de\/vdn\/donauwellen-premiumwege\/#breadcrumb\"},\"inLanguage\":\"de\",\"potentialAction\":[{\"@type\":\"ReadAction\",\"target\":[\"https:\/\/www.naturparkmagazin.de\/vdn\/donauwellen-premiumwege\/\"]}]},{\"@type\":\"BreadcrumbList\",\"@id\":\"https:\/\/www.naturparkmagazin.de\/vdn\/donauwellen-premiumwege\/#breadcrumb\",\"itemListElement\":[{\"@type\":\"ListItem\",\"position\":1,\"name\":\"Home\",\"item\":\"https:\/\/www.naturparkmagazin.de\/vdn\/\"},{\"@type\":\"ListItem\",\"position\":2,\"name\":\"DonauWellen \u2013 Premiumwege\"}]},{\"@type\":\"WebSite\",\"@id\":\"https:\/\/www.naturparkmagazin.de\/vdn\/#website\",\"url\":\"https:\/\/www.naturparkmagazin.de\/vdn\/\",\"name\":\"Verband Deutscher Naturparke\",\"description\":\"Eine weitere Naturparkmagazin.de Netzwerk Seite\",\"potentialAction\":[{\"@type\":\"SearchAction\",\"target\":{\"@type\":\"EntryPoint\",\"urlTemplate\":\"https:\/\/www.naturparkmagazin.de\/vdn\/?s={search_term_string}\"},\"query-input\":\"required name=search_term_string\"}],\"inLanguage\":\"de\"},{\"@type\":\"Person\",\"@id\":\"https:\/\/www.naturparkmagazin.de\/vdn\/#\/schema\/person\/3cff9b8773ed55f0189255fa9adfd57c\",\"name\":\"manuelamerz\",\"url\":\"https:\/\/www.naturparkmagazin.de\/vdn\/author\/manuelamerz\/\"}]}<\/script>\n<!-- \/ Yoast SEO plugin. -->","yoast_head_json":{"title":"DonauWellen \u2013 Premiumwege","description":"Haben Sie Appetit auf eine leckere Donauwelle? Auf einen s\u00fc\u00dfen Schoko-Kuchen oder auf eine erlebnisreiche Wanderung? Oder auf beides? Wir laden Sie ein, entdecken Sie bei uns im Donaubergland die Donauwelle neu.","robots":{"index":"index","follow":"follow","max-snippet":"max-snippet:-1","max-image-preview":"max-image-preview:large","max-video-preview":"max-video-preview:-1"},"canonical":"https:\/\/www.naturparkmagazin.de\/vdn\/donauwellen-premiumwege\/","og_locale":"de_DE","og_type":"article","og_title":"DonauWellen \u2013 Premiumwege","og_description":"Haben Sie Appetit auf eine leckere Donauwelle? Auf einen s\u00fc\u00dfen Schoko-Kuchen oder auf eine erlebnisreiche Wanderung? Oder auf beides? Wir laden Sie ein, entdecken Sie bei uns im Donaubergland die Donauwelle neu.","og_url":"https:\/\/www.naturparkmagazin.de\/vdn\/donauwellen-premiumwege\/","og_site_name":"Verband Deutscher Naturparke","article_published_time":"2017-03-19T09:52:33+00:00","article_modified_time":"2017-06-06T09:42:12+00:00","og_image":[{"width":200,"height":200,"url":"https:\/\/www.naturparkmagazin.de\/vdn\/wp-content\/uploads\/sites\/3\/Wanderpaar-am-Eichfelsen-gegen\u00fcber-Burg-Wildensteinbf.jpg","type":"image\/jpeg"}],"author":"manuelamerz","twitter_misc":{"Verfasst von":"manuelamerz","Gesch\u00e4tzte Lesezeit":"2\u00a0Minuten"},"schema":{"@context":"https:\/\/schema.org","@graph":[{"@type":"WebPage","@id":"https:\/\/www.naturparkmagazin.de\/vdn\/donauwellen-premiumwege\/","url":"https:\/\/www.naturparkmagazin.de\/vdn\/donauwellen-premiumwege\/","name":"DonauWellen \u2013 Premiumwege","isPartOf":{"@id":"https:\/\/www.naturparkmagazin.de\/vdn\/#website"},"datePublished":"2017-03-19T09:52:33+00:00","dateModified":"2017-06-06T09:42:12+00:00","author":{"@id":"https:\/\/www.naturparkmagazin.de\/vdn\/#\/schema\/person\/3cff9b8773ed55f0189255fa9adfd57c"},"description":"Haben Sie Appetit auf eine leckere Donauwelle? Auf einen s\u00fc\u00dfen Schoko-Kuchen oder auf eine erlebnisreiche Wanderung? Oder auf beides? Wir laden Sie ein, entdecken Sie bei uns im Donaubergland die Donauwelle neu.","breadcrumb":{"@id":"https:\/\/www.naturparkmagazin.de\/vdn\/donauwellen-premiumwege\/#breadcrumb"},"inLanguage":"de","potentialAction":[{"@type":"ReadAction","target":["https:\/\/www.naturparkmagazin.de\/vdn\/donauwellen-premiumwege\/"]}]},{"@type":"BreadcrumbList","@id":"https:\/\/www.naturparkmagazin.de\/vdn\/donauwellen-premiumwege\/#breadcrumb","itemListElement":[{"@type":"ListItem","position":1,"name":"Home","item":"https:\/\/www.naturparkmagazin.de\/vdn\/"},{"@type":"ListItem","position":2,"name":"DonauWellen \u2013 Premiumwege"}]},{"@type":"WebSite","@id":"https:\/\/www.naturparkmagazin.de\/vdn\/#website","url":"https:\/\/www.naturparkmagazin.de\/vdn\/","name":"Verband Deutscher Naturparke","description":"Eine weitere Naturparkmagazin.de Netzwerk Seite","potentialAction":[{"@type":"SearchAction","target":{"@type":"EntryPoint","urlTemplate":"https:\/\/www.naturparkmagazin.de\/vdn\/?s={search_term_string}"},"query-input":"required name=search_term_string"}],"inLanguage":"de"},{"@type":"Person","@id":"https:\/\/www.naturparkmagazin.de\/vdn\/#\/schema\/person\/3cff9b8773ed55f0189255fa9adfd57c","name":"manuelamerz","url":"https:\/\/www.naturparkmagazin.de\/vdn\/author\/manuelamerz\/"}]}},"_links":{"self":[{"href":"https:\/\/www.naturparkmagazin.de\/vdn\/wp-json\/wp\/v2\/posts\/8430"}],"collection":[{"href":"https:\/\/www.naturparkmagazin.de\/vdn\/wp-json\/wp\/v2\/posts"}],"about":[{"href":"https:\/\/www.naturparkmagazin.de\/vdn\/wp-json\/wp\/v2\/types\/post"}],"author":[{"embeddable":true,"href":"https:\/\/www.naturparkmagazin.de\/vdn\/wp-json\/wp\/v2\/users\/73"}],"replies":[{"embeddable":true,"href":"https:\/\/www.naturparkmagazin.de\/vdn\/wp-json\/wp\/v2\/comments?post=8430"}],"version-history":[{"count":6,"href":"https:\/\/www.naturparkmagazin.de\/vdn\/wp-json\/wp\/v2\/posts\/8430\/revisions"}],"predecessor-version":[{"id":8807,"href":"https:\/\/www.naturparkmagazin.de\/vdn\/wp-json\/wp\/v2\/posts\/8430\/revisions\/8807"}],"wp:featuredmedia":[{"embeddable":true,"href":"https:\/\/www.naturparkmagazin.de\/vdn\/wp-json\/wp\/v2\/media\/8431"}],"wp:attachment":[{"href":"https:\/\/www.naturparkmagazin.de\/vdn\/wp-json\/wp\/v2\/media?parent=8430"}],"wp:term":[{"taxonomy":"category","embeddable":true,"href":"https:\/\/www.naturparkmagazin.de\/vdn\/wp-json\/wp\/v2\/categories?post=8430"},{"taxonomy":"post_tag","embeddable":true,"href":"https:\/\/www.naturparkmagazin.de\/vdn\/wp-json\/wp\/v2\/tags?post=8430"}],"curies":[{"name":"wp","href":"https:\/\/api.w.org\/{rel}","templated":true}]}}