{"id":8442,"date":"2017-03-19T11:57:55","date_gmt":"2017-03-19T10:57:55","guid":{"rendered":"http:\/\/www.naturparkmagazin.de\/vdn\/?p=8442"},"modified":"2017-06-06T11:40:13","modified_gmt":"2017-06-06T09:40:13","slug":"donauwelle","status":"publish","type":"post","link":"https:\/\/www.naturparkmagazin.de\/vdn\/donauwelle\/","title":{"rendered":"Donauwelle"},"content":{"rendered":"<div id=\"attachment_8433\" style=\"width: 510px\" class=\"wp-caption aligncenter\"><a href=\"https:\/\/www.naturparkmagazin.de\/vdn\/wp-content\/uploads\/sites\/3\/db_donauwellen_Kuchenb.jpg\"><img aria-describedby=\"caption-attachment-8433\" decoding=\"async\" loading=\"lazy\" class=\"wp-image-8433 size-full\" src=\"https:\/\/www.naturparkmagazin.de\/vdn\/wp-content\/uploads\/sites\/3\/db_donauwellen_Kuchenb.jpg\" alt=\"Donauwelle \u00a9 Donaubergland Tourismus Gmbh \" width=\"500\" height=\"300\" srcset=\"https:\/\/www.naturparkmagazin.de\/vdn\/wp-content\/uploads\/sites\/3\/db_donauwellen_Kuchenb.jpg 500w, https:\/\/www.naturparkmagazin.de\/vdn\/wp-content\/uploads\/sites\/3\/db_donauwellen_Kuchenb-300x180.jpg 300w, https:\/\/www.naturparkmagazin.de\/vdn\/wp-content\/uploads\/sites\/3\/db_donauwellen_Kuchenb-200x120.jpg 200w\" sizes=\"(max-width: 500px) 100vw, 500px\" \/><\/a><p id=\"caption-attachment-8433\" class=\"wp-caption-text\">Donauwelle \u00a9 Donaubergland Tourismus Gmbh<\/p><\/div>\n<p>Unweit des Donautals, in Langenhart, einem Ortsteil der Stadt Messkirch, werden im Landhotel Brigel-Hof leckere Gerichte mit regionalen Produkten frisch zubereitet und raffiniert abgeschmeckt. Dabei kommen Sie ohne \u201etechnischen Schnickschnack\u201c aus \u2013 eine Mikrowelle oder einen Kombid\u00e4mpfer werden Sie in dieser K\u00fcche vergeblich suchen.<\/p>\n<p><strong><span style=\"color: #800000;\"><em>Zutaten:<\/em><\/span><\/strong>\n<span style=\"color: #800000;\"><em> 250g Butter<\/em><\/span>\n<span style=\"color: #800000;\"><em> 200g Zucker<\/em><\/span>\n<span style=\"color: #800000;\"><em> 1 P\u00e4ckchen Vanillezucker<\/em><\/span>\n<span style=\"color: #800000;\"><em> 1 Prise Salz<\/em><\/span>\n<span style=\"color: #800000;\"><em> 4 Eier<\/em><\/span>\n<span style=\"color: #800000;\"><em> 375g Mehl<\/em><\/span>\n<span style=\"color: #800000;\"><em> 3 gestrichene Teel\u00f6ffel Backpulver<\/em><\/span><\/p>\n<p><span style=\"color: #800000;\"><em>20g Kakaopulver<\/em><\/span>\n<span style=\"color: #800000;\"><em> 1 Essl\u00f6ffel Milch<\/em><\/span>\n<span style=\"color: #800000;\"><em> 1 Essl\u00f6ffel Kirschwasser<\/em><\/span><\/p>\n<p><span style=\"color: #800000;\"><em>2 Gl\u00e4ser Sauerkirschen<\/em><\/span>\n<span style=\"color: #800000;\"><em> 4 Becher Sahne<\/em><\/span>\n<span style=\"color: #800000;\"><em> 3 P\u00e4ckchen Sahnesteif<\/em><\/span>\n<span style=\"color: #800000;\"><em> 3 P\u00e4ckchen Vanillezucker<\/em><\/span>\n<span style=\"color: #800000;\"><em> 1 gestrichener Teel\u00f6ffel Zucker<\/em><\/span>\n<span style=\"color: #800000;\"><em> 250g dunkle Kuvert\u00fcre<\/em><\/span>\n<span style=\"color: #800000;\"><em> 25g Palmin<\/em><\/span>\n<span style=\"color: #800000;\"><em> 2 Essl\u00f6ffel \u00d6l<\/em><\/span><\/p>\n<div id=\"attachment_8444\" style=\"width: 510px\" class=\"wp-caption alignnone\"><a href=\"https:\/\/www.naturparkmagazin.de\/vdn\/wp-content\/uploads\/sites\/3\/Donauwelle_Backen-im-Brigelhof_Gertrud-Brigelb.jpg\"><img aria-describedby=\"caption-attachment-8444\" decoding=\"async\" loading=\"lazy\" class=\"wp-image-8444 size-full\" src=\"https:\/\/www.naturparkmagazin.de\/vdn\/wp-content\/uploads\/sites\/3\/Donauwelle_Backen-im-Brigelhof_Gertrud-Brigelb.jpg\" alt=\"Donauwelle_Backen im Brigelhof_Gertrud Brigel\" width=\"500\" height=\"300\" srcset=\"https:\/\/www.naturparkmagazin.de\/vdn\/wp-content\/uploads\/sites\/3\/Donauwelle_Backen-im-Brigelhof_Gertrud-Brigelb.jpg 500w, https:\/\/www.naturparkmagazin.de\/vdn\/wp-content\/uploads\/sites\/3\/Donauwelle_Backen-im-Brigelhof_Gertrud-Brigelb-300x180.jpg 300w, https:\/\/www.naturparkmagazin.de\/vdn\/wp-content\/uploads\/sites\/3\/Donauwelle_Backen-im-Brigelhof_Gertrud-Brigelb-200x120.jpg 200w\" sizes=\"(max-width: 500px) 100vw, 500px\" \/><\/a><p id=\"caption-attachment-8444\" class=\"wp-caption-text\">Donauwelle &#8211; Backen im Brigelhof: Gertrud Brigel \u00a9 Landhotel Brigelhof<\/p><\/div>\n<p><strong><span style=\"color: #800000;\">Zubereitung:<\/span><\/strong>\n<span style=\"color: #000000;\"> -Sauerkirschen in ein Sieb ableeren und gut abtropfen lassen<\/span>\n<span style=\"color: #000000;\"> &#8211; Butter mit Zucker schaumig r\u00fchren<\/span>\n<span style=\"color: #000000;\"> &#8211; Eier nacheinander zugeben und je eine halbe Minute r\u00fchren<\/span>\n<span style=\"color: #000000;\"> &#8211; Mehl unterr\u00fchren<\/span>\n<span style=\"color: #000000;\"> &#8211; die halbe Masse auf einem gefettetem Blech verteilen<\/span>\n<span style=\"color: #000000;\"> &#8211; der anderen H\u00e4lfte Kakao, Milch und Kirschwasser zugeben und unterr\u00fchren<\/span>\n<span style=\"color: #000000;\"> &#8211; die Masse auf den hellen Teig gleichm\u00e4\u00dfig verteilen<\/span>\n<span style=\"color: #000000;\"> &#8211; Sauerkirschen in Wellenlinien in den Teig dr\u00fccken<\/span>\n<span style=\"color: #000000;\"> &#8211; bei 160\u00b0C Umluft ca. 40 min. backen<\/span><\/p>\n<p><span style=\"color: #000000;\">Kuchen gut ausk\u00fchlen lassen (ca. 3 Stunden)<\/span><\/p>\n<p><span style=\"color: #000000;\">-Kuvert\u00fcre mit \u00d6l und Palmin schmelzen lassen und ausk\u00fchlen lassen<\/span>\n<span style=\"color: #000000;\"> -4 Becher Sahne mit Zucker und Sahnesteif steif schlagen, auf den Kuchen<\/span>\n<span style=\"color: #000000;\"> verteilen und glatt streichen<\/span>\n<span style=\"color: #000000;\"> -abgek\u00fchlte Kuvert\u00fcre auf die Sahne geben und mit Hilfe eines Tortenkamms<\/span>\n<span style=\"color: #000000;\"> in Wellenlinien verstreichen<\/span><\/p>\n<p><em><strong><span style=\"color: #800000;\">Landhotel Brigel-Hof<\/span><\/strong><\/em>\n<em><strong><span style=\"color: #800000;\"> Stephanie Peter<\/span><\/strong><\/em>\n<em><strong><span style=\"color: #800000;\"> Dorfstra\u00dfe 1<\/span><\/strong><\/em>\n<em><strong><span style=\"color: #800000;\"> 88605 Me\u00dfkirch-Langenhart<\/span><\/strong><\/em>\n<em><strong><span style=\"color: #800000;\"> Tel.: 07570 \/ 951545<\/span><\/strong><\/em>\n<em><strong><span style=\"color: #800000;\"> Fax : \/ 951543<\/span><\/strong><\/em>\n<em><strong><span style=\"color: #800000;\"> <a style=\"color: #800000;\" href=\"http:\/\/www.brigel-hof.de\">www.brigel-hof.de<\/a><\/span><\/strong><\/em>\n<em><strong><span style=\"color: #800000;\"> info@brigel-hof.de<\/span><\/strong><\/em><\/p>\n<div id=\"attachment_8445\" style=\"width: 510px\" class=\"wp-caption alignnone\"><a href=\"https:\/\/www.naturparkmagazin.de\/vdn\/wp-content\/uploads\/sites\/3\/Donauwelle_Backkurs-im-Brigelhofb.jpg\"><img aria-describedby=\"caption-attachment-8445\" decoding=\"async\" loading=\"lazy\" class=\"size-full wp-image-8445\" src=\"https:\/\/www.naturparkmagazin.de\/vdn\/wp-content\/uploads\/sites\/3\/Donauwelle_Backkurs-im-Brigelhofb.jpg\" alt=\"Donauwelle - Backkurs im Brigelhof \u00a9 Landhotel Brigelhof\" width=\"500\" height=\"300\" srcset=\"https:\/\/www.naturparkmagazin.de\/vdn\/wp-content\/uploads\/sites\/3\/Donauwelle_Backkurs-im-Brigelhofb.jpg 500w, https:\/\/www.naturparkmagazin.de\/vdn\/wp-content\/uploads\/sites\/3\/Donauwelle_Backkurs-im-Brigelhofb-300x180.jpg 300w, https:\/\/www.naturparkmagazin.de\/vdn\/wp-content\/uploads\/sites\/3\/Donauwelle_Backkurs-im-Brigelhofb-200x120.jpg 200w\" sizes=\"(max-width: 500px) 100vw, 500px\" \/><\/a><p id=\"caption-attachment-8445\" class=\"wp-caption-text\">Donauwelle &#8211; Backkurs im Brigelhof \u00a9 Landhotel Brigelhof<\/p><\/div>\n<p>&nbsp;<\/p>\n","protected":false},"excerpt":{"rendered":"<p>Unweit des Donautals, in Langenhart, einem Ortsteil der Stadt Messkirch, werden im Landhotel Brigel-Hof leckere Gerichte mit regionalen Produkten frisch zubereitet und raffiniert abgeschmeckt. Dabei kommen Sie ohne \u201etechnischen Schnickschnack\u201c aus \u2013 eine Mikrowelle oder einen Kombid\u00e4mpfer werden Sie in dieser K\u00fcche vergeblich suchen. <\/p>\n","protected":false},"author":73,"featured_media":8443,"comment_status":"open","ping_status":"open","sticky":false,"template":"","format":"standard","meta":{"_links_to":"","_links_to_target":""},"categories":[14],"tags":[686,909,911,910,3155,913,908,82,3152,912,41,501],"yoast_head":"<!-- This site is optimized with the Yoast SEO plugin v19.10 - https:\/\/yoast.com\/wordpress\/plugins\/seo\/ -->\n<title>Donauwelle<\/title>\n<meta name=\"description\" content=\"Unweit des Donautals, in Langenhart, einem Ortsteil der Stadt Messkirch, werden im Landhotel Brigel-Hof leckere Gerichte mit regionalen Produkten frisch zubereitet und raffiniert abgeschmeckt. Dabei kommen Sie ohne \u201etechnischen Schnickschnack\u201c aus \u2013 eine Mikrowelle oder einen Kombid\u00e4mpfer werden Sie in dieser K\u00fcche vergeblich suchen.\" \/>\n<meta name=\"robots\" content=\"index, follow, max-snippet:-1, max-image-preview:large, max-video-preview:-1\" \/>\n<link rel=\"canonical\" href=\"https:\/\/www.naturparkmagazin.de\/vdn\/donauwelle\/\" \/>\n<meta property=\"og:locale\" content=\"de_DE\" \/>\n<meta property=\"og:type\" content=\"article\" \/>\n<meta property=\"og:title\" content=\"Donauwelle\" \/>\n<meta property=\"og:description\" content=\"Unweit des Donautals, in Langenhart, einem Ortsteil der Stadt Messkirch, werden im Landhotel Brigel-Hof leckere Gerichte mit regionalen Produkten frisch zubereitet und raffiniert abgeschmeckt. Dabei kommen Sie ohne \u201etechnischen Schnickschnack\u201c aus \u2013 eine Mikrowelle oder einen Kombid\u00e4mpfer werden Sie in dieser K\u00fcche vergeblich suchen.\" \/>\n<meta property=\"og:url\" content=\"https:\/\/www.naturparkmagazin.de\/vdn\/donauwelle\/\" \/>\n<meta property=\"og:site_name\" content=\"Verband Deutscher Naturparke\" \/>\n<meta property=\"article:published_time\" content=\"2017-03-19T10:57:55+00:00\" \/>\n<meta property=\"article:modified_time\" content=\"2017-06-06T09:40:13+00:00\" \/>\n<meta property=\"og:image\" content=\"https:\/\/www.naturparkmagazin.de\/vdn\/wp-content\/uploads\/sites\/3\/Donauwelle-Bf.jpg\" \/>\n\t<meta property=\"og:image:width\" content=\"200\" \/>\n\t<meta property=\"og:image:height\" content=\"200\" \/>\n\t<meta property=\"og:image:type\" content=\"image\/jpeg\" \/>\n<meta name=\"author\" content=\"manuelamerz\" \/>\n<meta name=\"twitter:label1\" content=\"Verfasst von\" \/>\n\t<meta name=\"twitter:data1\" content=\"manuelamerz\" \/>\n\t<meta name=\"twitter:label2\" content=\"Gesch\u00e4tzte Lesezeit\" \/>\n\t<meta name=\"twitter:data2\" content=\"1\u00a0Minute\" \/>\n<script type=\"application\/ld+json\" class=\"yoast-schema-graph\">{\"@context\":\"https:\/\/schema.org\",\"@graph\":[{\"@type\":\"WebPage\",\"@id\":\"https:\/\/www.naturparkmagazin.de\/vdn\/donauwelle\/\",\"url\":\"https:\/\/www.naturparkmagazin.de\/vdn\/donauwelle\/\",\"name\":\"Donauwelle\",\"isPartOf\":{\"@id\":\"https:\/\/www.naturparkmagazin.de\/vdn\/#website\"},\"datePublished\":\"2017-03-19T10:57:55+00:00\",\"dateModified\":\"2017-06-06T09:40:13+00:00\",\"author\":{\"@id\":\"https:\/\/www.naturparkmagazin.de\/vdn\/#\/schema\/person\/3cff9b8773ed55f0189255fa9adfd57c\"},\"description\":\"Unweit des Donautals, in Langenhart, einem Ortsteil der Stadt Messkirch, werden im Landhotel Brigel-Hof leckere Gerichte mit regionalen Produkten frisch zubereitet und raffiniert abgeschmeckt. Dabei kommen Sie ohne \u201etechnischen Schnickschnack\u201c aus \u2013 eine Mikrowelle oder einen Kombid\u00e4mpfer werden Sie in dieser K\u00fcche vergeblich suchen.\",\"breadcrumb\":{\"@id\":\"https:\/\/www.naturparkmagazin.de\/vdn\/donauwelle\/#breadcrumb\"},\"inLanguage\":\"de\",\"potentialAction\":[{\"@type\":\"ReadAction\",\"target\":[\"https:\/\/www.naturparkmagazin.de\/vdn\/donauwelle\/\"]}]},{\"@type\":\"BreadcrumbList\",\"@id\":\"https:\/\/www.naturparkmagazin.de\/vdn\/donauwelle\/#breadcrumb\",\"itemListElement\":[{\"@type\":\"ListItem\",\"position\":1,\"name\":\"Home\",\"item\":\"https:\/\/www.naturparkmagazin.de\/vdn\/\"},{\"@type\":\"ListItem\",\"position\":2,\"name\":\"Donauwelle\"}]},{\"@type\":\"WebSite\",\"@id\":\"https:\/\/www.naturparkmagazin.de\/vdn\/#website\",\"url\":\"https:\/\/www.naturparkmagazin.de\/vdn\/\",\"name\":\"Verband Deutscher Naturparke\",\"description\":\"Eine weitere Naturparkmagazin.de Netzwerk Seite\",\"potentialAction\":[{\"@type\":\"SearchAction\",\"target\":{\"@type\":\"EntryPoint\",\"urlTemplate\":\"https:\/\/www.naturparkmagazin.de\/vdn\/?s={search_term_string}\"},\"query-input\":\"required name=search_term_string\"}],\"inLanguage\":\"de\"},{\"@type\":\"Person\",\"@id\":\"https:\/\/www.naturparkmagazin.de\/vdn\/#\/schema\/person\/3cff9b8773ed55f0189255fa9adfd57c\",\"name\":\"manuelamerz\",\"url\":\"https:\/\/www.naturparkmagazin.de\/vdn\/author\/manuelamerz\/\"}]}<\/script>\n<!-- \/ Yoast SEO plugin. -->","yoast_head_json":{"title":"Donauwelle","description":"Unweit des Donautals, in Langenhart, einem Ortsteil der Stadt Messkirch, werden im Landhotel Brigel-Hof leckere Gerichte mit regionalen Produkten frisch zubereitet und raffiniert abgeschmeckt. Dabei kommen Sie ohne \u201etechnischen Schnickschnack\u201c aus \u2013 eine Mikrowelle oder einen Kombid\u00e4mpfer werden Sie in dieser K\u00fcche vergeblich suchen.","robots":{"index":"index","follow":"follow","max-snippet":"max-snippet:-1","max-image-preview":"max-image-preview:large","max-video-preview":"max-video-preview:-1"},"canonical":"https:\/\/www.naturparkmagazin.de\/vdn\/donauwelle\/","og_locale":"de_DE","og_type":"article","og_title":"Donauwelle","og_description":"Unweit des Donautals, in Langenhart, einem Ortsteil der Stadt Messkirch, werden im Landhotel Brigel-Hof leckere Gerichte mit regionalen Produkten frisch zubereitet und raffiniert abgeschmeckt. Dabei kommen Sie ohne \u201etechnischen Schnickschnack\u201c aus \u2013 eine Mikrowelle oder einen Kombid\u00e4mpfer werden Sie in dieser K\u00fcche vergeblich suchen.","og_url":"https:\/\/www.naturparkmagazin.de\/vdn\/donauwelle\/","og_site_name":"Verband Deutscher Naturparke","article_published_time":"2017-03-19T10:57:55+00:00","article_modified_time":"2017-06-06T09:40:13+00:00","og_image":[{"width":200,"height":200,"url":"https:\/\/www.naturparkmagazin.de\/vdn\/wp-content\/uploads\/sites\/3\/Donauwelle-Bf.jpg","type":"image\/jpeg"}],"author":"manuelamerz","twitter_misc":{"Verfasst von":"manuelamerz","Gesch\u00e4tzte Lesezeit":"1\u00a0Minute"},"schema":{"@context":"https:\/\/schema.org","@graph":[{"@type":"WebPage","@id":"https:\/\/www.naturparkmagazin.de\/vdn\/donauwelle\/","url":"https:\/\/www.naturparkmagazin.de\/vdn\/donauwelle\/","name":"Donauwelle","isPartOf":{"@id":"https:\/\/www.naturparkmagazin.de\/vdn\/#website"},"datePublished":"2017-03-19T10:57:55+00:00","dateModified":"2017-06-06T09:40:13+00:00","author":{"@id":"https:\/\/www.naturparkmagazin.de\/vdn\/#\/schema\/person\/3cff9b8773ed55f0189255fa9adfd57c"},"description":"Unweit des Donautals, in Langenhart, einem Ortsteil der Stadt Messkirch, werden im Landhotel Brigel-Hof leckere Gerichte mit regionalen Produkten frisch zubereitet und raffiniert abgeschmeckt. Dabei kommen Sie ohne \u201etechnischen Schnickschnack\u201c aus \u2013 eine Mikrowelle oder einen Kombid\u00e4mpfer werden Sie in dieser K\u00fcche vergeblich suchen.","breadcrumb":{"@id":"https:\/\/www.naturparkmagazin.de\/vdn\/donauwelle\/#breadcrumb"},"inLanguage":"de","potentialAction":[{"@type":"ReadAction","target":["https:\/\/www.naturparkmagazin.de\/vdn\/donauwelle\/"]}]},{"@type":"BreadcrumbList","@id":"https:\/\/www.naturparkmagazin.de\/vdn\/donauwelle\/#breadcrumb","itemListElement":[{"@type":"ListItem","position":1,"name":"Home","item":"https:\/\/www.naturparkmagazin.de\/vdn\/"},{"@type":"ListItem","position":2,"name":"Donauwelle"}]},{"@type":"WebSite","@id":"https:\/\/www.naturparkmagazin.de\/vdn\/#website","url":"https:\/\/www.naturparkmagazin.de\/vdn\/","name":"Verband Deutscher Naturparke","description":"Eine weitere Naturparkmagazin.de Netzwerk Seite","potentialAction":[{"@type":"SearchAction","target":{"@type":"EntryPoint","urlTemplate":"https:\/\/www.naturparkmagazin.de\/vdn\/?s={search_term_string}"},"query-input":"required name=search_term_string"}],"inLanguage":"de"},{"@type":"Person","@id":"https:\/\/www.naturparkmagazin.de\/vdn\/#\/schema\/person\/3cff9b8773ed55f0189255fa9adfd57c","name":"manuelamerz","url":"https:\/\/www.naturparkmagazin.de\/vdn\/author\/manuelamerz\/"}]}},"_links":{"self":[{"href":"https:\/\/www.naturparkmagazin.de\/vdn\/wp-json\/wp\/v2\/posts\/8442"}],"collection":[{"href":"https:\/\/www.naturparkmagazin.de\/vdn\/wp-json\/wp\/v2\/posts"}],"about":[{"href":"https:\/\/www.naturparkmagazin.de\/vdn\/wp-json\/wp\/v2\/types\/post"}],"author":[{"embeddable":true,"href":"https:\/\/www.naturparkmagazin.de\/vdn\/wp-json\/wp\/v2\/users\/73"}],"replies":[{"embeddable":true,"href":"https:\/\/www.naturparkmagazin.de\/vdn\/wp-json\/wp\/v2\/comments?post=8442"}],"version-history":[{"count":8,"href":"https:\/\/www.naturparkmagazin.de\/vdn\/wp-json\/wp\/v2\/posts\/8442\/revisions"}],"predecessor-version":[{"id":8806,"href":"https:\/\/www.naturparkmagazin.de\/vdn\/wp-json\/wp\/v2\/posts\/8442\/revisions\/8806"}],"wp:featuredmedia":[{"embeddable":true,"href":"https:\/\/www.naturparkmagazin.de\/vdn\/wp-json\/wp\/v2\/media\/8443"}],"wp:attachment":[{"href":"https:\/\/www.naturparkmagazin.de\/vdn\/wp-json\/wp\/v2\/media?parent=8442"}],"wp:term":[{"taxonomy":"category","embeddable":true,"href":"https:\/\/www.naturparkmagazin.de\/vdn\/wp-json\/wp\/v2\/categories?post=8442"},{"taxonomy":"post_tag","embeddable":true,"href":"https:\/\/www.naturparkmagazin.de\/vdn\/wp-json\/wp\/v2\/tags?post=8442"}],"curies":[{"name":"wp","href":"https:\/\/api.w.org\/{rel}","templated":true}]}}