{"id":8477,"date":"2017-03-19T10:48:14","date_gmt":"2017-03-19T09:48:14","guid":{"rendered":"http:\/\/www.naturparkmagazin.de\/vdn\/?p=8477"},"modified":"2017-06-06T11:43:54","modified_gmt":"2017-06-06T09:43:54","slug":"der-naturpark-express","status":"publish","type":"post","link":"https:\/\/www.naturparkmagazin.de\/vdn\/der-naturpark-express\/","title":{"rendered":"Der Naturpark-Express"},"content":{"rendered":"<div id=\"attachment_8480\" style=\"width: 510px\" class=\"wp-caption alignnone\"><a href=\"https:\/\/www.naturparkmagazin.de\/vdn\/wp-content\/uploads\/sites\/3\/Fridingen-Naturpark-Expressb.jpg\"><img aria-describedby=\"caption-attachment-8480\" decoding=\"async\" loading=\"lazy\" class=\"wp-image-8480 size-full\" src=\"https:\/\/www.naturparkmagazin.de\/vdn\/wp-content\/uploads\/sites\/3\/Fridingen-Naturpark-Expressb.jpg\" alt=\"Naturpark-Express \u00a9 Donaubergland Tourismus Gmbh \" width=\"500\" height=\"300\" srcset=\"https:\/\/www.naturparkmagazin.de\/vdn\/wp-content\/uploads\/sites\/3\/Fridingen-Naturpark-Expressb.jpg 500w, https:\/\/www.naturparkmagazin.de\/vdn\/wp-content\/uploads\/sites\/3\/Fridingen-Naturpark-Expressb-300x180.jpg 300w, https:\/\/www.naturparkmagazin.de\/vdn\/wp-content\/uploads\/sites\/3\/Fridingen-Naturpark-Expressb-200x120.jpg 200w\" sizes=\"(max-width: 500px) 100vw, 500px\" \/><\/a><p id=\"caption-attachment-8480\" class=\"wp-caption-text\">Naturpark-Express \u00a9 Donaubergland Tourismus Gmbh<\/p><\/div>\n<p>Die Geschichte vom Naturpark-Express reicht inzwischen \u00fcber drei Jahrzehnte zur\u00fcck. Erstmals startete der damals vom Naturparkverein mit Hilfe von Sponsoren finanzierte Zug als Wanderbummelzug im Jahre 1984. Urspr\u00fcnglich verkehrte er nur an zwei bis vier Sonntagen pro Jahr und fuhr anfangs auch ausschlie\u00dflich innerhalb des Naturparks zwischen Sigmaringen und Tuttlingen. Heute ist der Naturpark-Express Teil des regul\u00e4ren Bahnverkehrs im Oberen Donautal und verkehrt im Jahr 2017 an allen Samstagen, Sonn- und Feiertagen vom 29. April bis 15. Oktober im Lauchert-, Donau- und Aitrachtal auf den Bahnstrecken Gammertingen \u2013 Sigmaringen \u2013 Beuron \u2013 Tuttlingen \u2013 Immendingen \u2013 Blumberg bzw. Immendingen \u2013 Donaueschingen mit t\u00e4glich acht Fahrten.<\/p>\n<div id=\"attachment_8481\" style=\"width: 510px\" class=\"wp-caption alignnone\"><a href=\"https:\/\/www.naturparkmagazin.de\/vdn\/wp-content\/uploads\/sites\/3\/743-M\u00fchlheim2-NPE-2016-05-25b.jpg\"><img aria-describedby=\"caption-attachment-8481\" decoding=\"async\" loading=\"lazy\" class=\"wp-image-8481 size-full\" src=\"https:\/\/www.naturparkmagazin.de\/vdn\/wp-content\/uploads\/sites\/3\/743-M\u00fchlheim2-NPE-2016-05-25b.jpg\" alt=\"Naturpark-Express \u00a9 Donaubergland Tourismus Gmbh \" width=\"500\" height=\"300\" srcset=\"https:\/\/www.naturparkmagazin.de\/vdn\/wp-content\/uploads\/sites\/3\/743-M\u00fchlheim2-NPE-2016-05-25b.jpg 500w, https:\/\/www.naturparkmagazin.de\/vdn\/wp-content\/uploads\/sites\/3\/743-M\u00fchlheim2-NPE-2016-05-25b-300x180.jpg 300w, https:\/\/www.naturparkmagazin.de\/vdn\/wp-content\/uploads\/sites\/3\/743-M\u00fchlheim2-NPE-2016-05-25b-200x120.jpg 200w\" sizes=\"(max-width: 500px) 100vw, 500px\" \/><\/a><p id=\"caption-attachment-8481\" class=\"wp-caption-text\">Naturpark-Express \u00a9 Donaubergland Tourismus Gmbh<\/p><\/div>\n<p>Das Besondere beim Naturpark-Express ist der 2016 neu renovierte Fahrradwagen (ein ehemaliger Postwaggon), in welchem Platz f\u00fcr \u00fcber 100 Fahrr\u00e4der ist. Das Be- und Entladen der R\u00e4der, einschlie\u00dflich Kinderanh\u00e4nger etc. wird durch vom Naturparkverein gestelltes Servicepersonal bewerkstelligt. Diese Helfer kontrollieren und verkaufen auch Fahrkarten im Zug, beraten Fahrg\u00e4ste zu Verkehrsverbindungen und Ausfl\u00fcgen und sorgen daf\u00fcr, dass auch Fahrg\u00e4ste ohne gro\u00dfe \u201eBahnerfahrung\u201c entspannt ihre Fahrt genie\u00dfen k\u00f6nnen, frei vom Stress am Fahrkartenautomaten oder gelegentlich zu geringen Fahrradkapazit\u00e4ten der normalen Z\u00fcge. Au\u00dferdem sind im Zug Getr\u00e4nke und Informationsmaterial \u00fcber den Naturpark und seine Erlebnism\u00f6glichkeiten erh\u00e4ltlich.<\/p>\n<p>Die Mitnahme von Fahrr\u00e4dern ist im Naturpark-Express dabei v\u00f6llig kostenlos und trotz mehreren Tausend transportierten Fahr\u00e4dern pro Jahr, mussten noch nie Fahrr\u00e4der wegen Platzproblemen zur\u00fcckgelassen werden. \u00dcbers Jahr gesehen f\u00fchrt fast jeder dritte Fahrgast ein Fahrrad mit sich, ein wahrlich stolzer Wert. Aber auch Wanderer und sonstige Ausfl\u00fcgler nutzen nat\u00fcrlich gerne den Naturpark-Express mit den schon fast etwas historischen Dieseltriebwagen der Hohenzollerischen Landesbahn AG zur Anfahrt an den Ausgangs- oder Endpunkt einer Ausflugstour oder einfach zum Sightseeing.<\/p>\n<div id=\"attachment_8482\" style=\"width: 510px\" class=\"wp-caption alignnone\"><a href=\"https:\/\/www.naturparkmagazin.de\/vdn\/wp-content\/uploads\/sites\/3\/GZ2A9315b.jpg\"><img aria-describedby=\"caption-attachment-8482\" decoding=\"async\" loading=\"lazy\" class=\"wp-image-8482 size-full\" src=\"https:\/\/www.naturparkmagazin.de\/vdn\/wp-content\/uploads\/sites\/3\/GZ2A9315b.jpg\" alt=\"Naturpark-Express \u00a9 Donaubergland Tourismus Gmbh \" width=\"500\" height=\"300\" srcset=\"https:\/\/www.naturparkmagazin.de\/vdn\/wp-content\/uploads\/sites\/3\/GZ2A9315b.jpg 500w, https:\/\/www.naturparkmagazin.de\/vdn\/wp-content\/uploads\/sites\/3\/GZ2A9315b-300x180.jpg 300w, https:\/\/www.naturparkmagazin.de\/vdn\/wp-content\/uploads\/sites\/3\/GZ2A9315b-200x120.jpg 200w\" sizes=\"(max-width: 500px) 100vw, 500px\" \/><\/a><p id=\"caption-attachment-8482\" class=\"wp-caption-text\">Naturpark-Express \u00a9 Donaubergland Tourismus Gmbh<\/p><\/div>\n<p><strong>Noch ein Tipp:<\/strong>\nSamstags sind im Donautal h\u00e4ufig deutlich weniger Radfahrer und Erholungssuchende anzutreffen als w\u00e4hrend der Ferien oder an einem Sonntag. Wer m\u00f6glichst allein unterwegs sein will und Ruhe sucht, nutzt daher am besten einen Samstag f\u00fcr seinen Ausflug durch die grandiose Landschaft mit den zahlreichen Felsen. Zweimal pro Tag bestehen au\u00dferdem Anschl\u00fcsse zur historischen \u201eSauschw\u00e4nzlebahn\u201c in Blumberg.<\/p>\n<p><strong>Weitere Informationen gibt das aktuelle <a href=\"http:\/\/www.naturpark-obere-donau.de\/images\/npe\/NPE-Fahrplan2017.pdf\" target=\"_blank\">Faltblatt zum Naturpark-Express<\/a><\/strong><\/p>\n<p>&nbsp;<\/p>\n<p>&nbsp;<\/p>\n","protected":false},"excerpt":{"rendered":"<p>wurde 1984 auf\u00b4s Gleis gesetzt, um ein Zeichen zu setzen, dass Bahnverkehr im Naturpark Obere Donau Zukunft hat und eine Alternativ zum Individualverkehr darstellen kann.<\/p>\n","protected":false},"author":73,"featured_media":8479,"comment_status":"open","ping_status":"open","sticky":false,"template":"","format":"standard","meta":{"_links_to":"","_links_to_target":""},"categories":[8],"tags":[92,928,955,930,954,953],"yoast_head":"<!-- This site is optimized with the Yoast SEO plugin v19.10 - https:\/\/yoast.com\/wordpress\/plugins\/seo\/ -->\n<title>Der Naturpark-Express<\/title>\n<meta name=\"description\" content=\"wurde 1984 auf\u00b4s Gleis gesetzt, um ein Zeichen zu setzen, dass Bahnverkehr im Naturpark Obere Donau Zukunft hat und eine Alternativ zum Individualverkehr darstellen kann.\" \/>\n<meta name=\"robots\" content=\"index, follow, max-snippet:-1, max-image-preview:large, max-video-preview:-1\" \/>\n<link rel=\"canonical\" href=\"https:\/\/www.naturparkmagazin.de\/vdn\/der-naturpark-express\/\" \/>\n<meta property=\"og:locale\" content=\"de_DE\" \/>\n<meta property=\"og:type\" content=\"article\" \/>\n<meta property=\"og:title\" content=\"Der Naturpark-Express\" \/>\n<meta property=\"og:description\" content=\"wurde 1984 auf\u00b4s Gleis gesetzt, um ein Zeichen zu setzen, dass Bahnverkehr im Naturpark Obere Donau Zukunft hat und eine Alternativ zum Individualverkehr darstellen kann.\" \/>\n<meta property=\"og:url\" content=\"https:\/\/www.naturparkmagazin.de\/vdn\/der-naturpark-express\/\" \/>\n<meta property=\"og:site_name\" content=\"Verband Deutscher Naturparke\" \/>\n<meta property=\"article:published_time\" content=\"2017-03-19T09:48:14+00:00\" \/>\n<meta property=\"article:modified_time\" content=\"2017-06-06T09:43:54+00:00\" \/>\n<meta property=\"og:image\" content=\"https:\/\/www.naturparkmagazin.de\/vdn\/wp-content\/uploads\/sites\/3\/Fridingen-Naturpark-Expressbf.jpg\" \/>\n\t<meta property=\"og:image:width\" content=\"200\" \/>\n\t<meta property=\"og:image:height\" content=\"200\" \/>\n\t<meta property=\"og:image:type\" content=\"image\/jpeg\" \/>\n<meta name=\"author\" content=\"manuelamerz\" \/>\n<meta name=\"twitter:label1\" content=\"Verfasst von\" \/>\n\t<meta name=\"twitter:data1\" content=\"manuelamerz\" \/>\n\t<meta name=\"twitter:label2\" content=\"Gesch\u00e4tzte Lesezeit\" \/>\n\t<meta name=\"twitter:data2\" content=\"2\u00a0Minuten\" \/>\n<script type=\"application\/ld+json\" class=\"yoast-schema-graph\">{\"@context\":\"https:\/\/schema.org\",\"@graph\":[{\"@type\":\"WebPage\",\"@id\":\"https:\/\/www.naturparkmagazin.de\/vdn\/der-naturpark-express\/\",\"url\":\"https:\/\/www.naturparkmagazin.de\/vdn\/der-naturpark-express\/\",\"name\":\"Der Naturpark-Express\",\"isPartOf\":{\"@id\":\"https:\/\/www.naturparkmagazin.de\/vdn\/#website\"},\"datePublished\":\"2017-03-19T09:48:14+00:00\",\"dateModified\":\"2017-06-06T09:43:54+00:00\",\"author\":{\"@id\":\"https:\/\/www.naturparkmagazin.de\/vdn\/#\/schema\/person\/3cff9b8773ed55f0189255fa9adfd57c\"},\"description\":\"wurde 1984 auf\u00b4s Gleis gesetzt, um ein Zeichen zu setzen, dass Bahnverkehr im Naturpark Obere Donau Zukunft hat und eine Alternativ zum Individualverkehr darstellen kann.\",\"breadcrumb\":{\"@id\":\"https:\/\/www.naturparkmagazin.de\/vdn\/der-naturpark-express\/#breadcrumb\"},\"inLanguage\":\"de\",\"potentialAction\":[{\"@type\":\"ReadAction\",\"target\":[\"https:\/\/www.naturparkmagazin.de\/vdn\/der-naturpark-express\/\"]}]},{\"@type\":\"BreadcrumbList\",\"@id\":\"https:\/\/www.naturparkmagazin.de\/vdn\/der-naturpark-express\/#breadcrumb\",\"itemListElement\":[{\"@type\":\"ListItem\",\"position\":1,\"name\":\"Home\",\"item\":\"https:\/\/www.naturparkmagazin.de\/vdn\/\"},{\"@type\":\"ListItem\",\"position\":2,\"name\":\"Der Naturpark-Express\"}]},{\"@type\":\"WebSite\",\"@id\":\"https:\/\/www.naturparkmagazin.de\/vdn\/#website\",\"url\":\"https:\/\/www.naturparkmagazin.de\/vdn\/\",\"name\":\"Verband Deutscher Naturparke\",\"description\":\"Eine weitere Naturparkmagazin.de Netzwerk Seite\",\"potentialAction\":[{\"@type\":\"SearchAction\",\"target\":{\"@type\":\"EntryPoint\",\"urlTemplate\":\"https:\/\/www.naturparkmagazin.de\/vdn\/?s={search_term_string}\"},\"query-input\":\"required name=search_term_string\"}],\"inLanguage\":\"de\"},{\"@type\":\"Person\",\"@id\":\"https:\/\/www.naturparkmagazin.de\/vdn\/#\/schema\/person\/3cff9b8773ed55f0189255fa9adfd57c\",\"name\":\"manuelamerz\",\"url\":\"https:\/\/www.naturparkmagazin.de\/vdn\/author\/manuelamerz\/\"}]}<\/script>\n<!-- \/ Yoast SEO plugin. -->","yoast_head_json":{"title":"Der Naturpark-Express","description":"wurde 1984 auf\u00b4s Gleis gesetzt, um ein Zeichen zu setzen, dass Bahnverkehr im Naturpark Obere Donau Zukunft hat und eine Alternativ zum Individualverkehr darstellen kann.","robots":{"index":"index","follow":"follow","max-snippet":"max-snippet:-1","max-image-preview":"max-image-preview:large","max-video-preview":"max-video-preview:-1"},"canonical":"https:\/\/www.naturparkmagazin.de\/vdn\/der-naturpark-express\/","og_locale":"de_DE","og_type":"article","og_title":"Der Naturpark-Express","og_description":"wurde 1984 auf\u00b4s Gleis gesetzt, um ein Zeichen zu setzen, dass Bahnverkehr im Naturpark Obere Donau Zukunft hat und eine Alternativ zum Individualverkehr darstellen kann.","og_url":"https:\/\/www.naturparkmagazin.de\/vdn\/der-naturpark-express\/","og_site_name":"Verband Deutscher Naturparke","article_published_time":"2017-03-19T09:48:14+00:00","article_modified_time":"2017-06-06T09:43:54+00:00","og_image":[{"width":200,"height":200,"url":"https:\/\/www.naturparkmagazin.de\/vdn\/wp-content\/uploads\/sites\/3\/Fridingen-Naturpark-Expressbf.jpg","type":"image\/jpeg"}],"author":"manuelamerz","twitter_misc":{"Verfasst von":"manuelamerz","Gesch\u00e4tzte Lesezeit":"2\u00a0Minuten"},"schema":{"@context":"https:\/\/schema.org","@graph":[{"@type":"WebPage","@id":"https:\/\/www.naturparkmagazin.de\/vdn\/der-naturpark-express\/","url":"https:\/\/www.naturparkmagazin.de\/vdn\/der-naturpark-express\/","name":"Der Naturpark-Express","isPartOf":{"@id":"https:\/\/www.naturparkmagazin.de\/vdn\/#website"},"datePublished":"2017-03-19T09:48:14+00:00","dateModified":"2017-06-06T09:43:54+00:00","author":{"@id":"https:\/\/www.naturparkmagazin.de\/vdn\/#\/schema\/person\/3cff9b8773ed55f0189255fa9adfd57c"},"description":"wurde 1984 auf\u00b4s Gleis gesetzt, um ein Zeichen zu setzen, dass Bahnverkehr im Naturpark Obere Donau Zukunft hat und eine Alternativ zum Individualverkehr darstellen kann.","breadcrumb":{"@id":"https:\/\/www.naturparkmagazin.de\/vdn\/der-naturpark-express\/#breadcrumb"},"inLanguage":"de","potentialAction":[{"@type":"ReadAction","target":["https:\/\/www.naturparkmagazin.de\/vdn\/der-naturpark-express\/"]}]},{"@type":"BreadcrumbList","@id":"https:\/\/www.naturparkmagazin.de\/vdn\/der-naturpark-express\/#breadcrumb","itemListElement":[{"@type":"ListItem","position":1,"name":"Home","item":"https:\/\/www.naturparkmagazin.de\/vdn\/"},{"@type":"ListItem","position":2,"name":"Der Naturpark-Express"}]},{"@type":"WebSite","@id":"https:\/\/www.naturparkmagazin.de\/vdn\/#website","url":"https:\/\/www.naturparkmagazin.de\/vdn\/","name":"Verband Deutscher Naturparke","description":"Eine weitere Naturparkmagazin.de Netzwerk Seite","potentialAction":[{"@type":"SearchAction","target":{"@type":"EntryPoint","urlTemplate":"https:\/\/www.naturparkmagazin.de\/vdn\/?s={search_term_string}"},"query-input":"required name=search_term_string"}],"inLanguage":"de"},{"@type":"Person","@id":"https:\/\/www.naturparkmagazin.de\/vdn\/#\/schema\/person\/3cff9b8773ed55f0189255fa9adfd57c","name":"manuelamerz","url":"https:\/\/www.naturparkmagazin.de\/vdn\/author\/manuelamerz\/"}]}},"_links":{"self":[{"href":"https:\/\/www.naturparkmagazin.de\/vdn\/wp-json\/wp\/v2\/posts\/8477"}],"collection":[{"href":"https:\/\/www.naturparkmagazin.de\/vdn\/wp-json\/wp\/v2\/posts"}],"about":[{"href":"https:\/\/www.naturparkmagazin.de\/vdn\/wp-json\/wp\/v2\/types\/post"}],"author":[{"embeddable":true,"href":"https:\/\/www.naturparkmagazin.de\/vdn\/wp-json\/wp\/v2\/users\/73"}],"replies":[{"embeddable":true,"href":"https:\/\/www.naturparkmagazin.de\/vdn\/wp-json\/wp\/v2\/comments?post=8477"}],"version-history":[{"count":5,"href":"https:\/\/www.naturparkmagazin.de\/vdn\/wp-json\/wp\/v2\/posts\/8477\/revisions"}],"predecessor-version":[{"id":8809,"href":"https:\/\/www.naturparkmagazin.de\/vdn\/wp-json\/wp\/v2\/posts\/8477\/revisions\/8809"}],"wp:featuredmedia":[{"embeddable":true,"href":"https:\/\/www.naturparkmagazin.de\/vdn\/wp-json\/wp\/v2\/media\/8479"}],"wp:attachment":[{"href":"https:\/\/www.naturparkmagazin.de\/vdn\/wp-json\/wp\/v2\/media?parent=8477"}],"wp:term":[{"taxonomy":"category","embeddable":true,"href":"https:\/\/www.naturparkmagazin.de\/vdn\/wp-json\/wp\/v2\/categories?post=8477"},{"taxonomy":"post_tag","embeddable":true,"href":"https:\/\/www.naturparkmagazin.de\/vdn\/wp-json\/wp\/v2\/tags?post=8477"}],"curies":[{"name":"wp","href":"https:\/\/api.w.org\/{rel}","templated":true}]}}