{"id":8486,"date":"2017-03-19T16:29:37","date_gmt":"2017-03-19T15:29:37","guid":{"rendered":"http:\/\/www.naturparkmagazin.de\/vdn\/?p=8486"},"modified":"2017-03-30T10:59:11","modified_gmt":"2017-03-30T08:59:11","slug":"fotowettbewerb-2017","status":"publish","type":"post","link":"https:\/\/www.naturparkmagazin.de\/vdn\/fotowettbewerb-2017\/","title":{"rendered":"Fotowettbewerb 2017"},"content":{"rendered":"<div id=\"attachment_8487\" style=\"width: 510px\" class=\"wp-caption alignnone\"><a href=\"https:\/\/www.naturparkmagazin.de\/vdn\/wp-content\/uploads\/sites\/3\/45o2590-kopieb.jpg\"><img aria-describedby=\"caption-attachment-8487\" decoding=\"async\" loading=\"lazy\" class=\"size-full wp-image-8487\" src=\"https:\/\/www.naturparkmagazin.de\/vdn\/wp-content\/uploads\/sites\/3\/45o2590-kopieb.jpg\" alt=\"Augen der Nacht \u00a9 VDN \/ Thomas Hinsche\" width=\"500\" height=\"300\" srcset=\"https:\/\/www.naturparkmagazin.de\/vdn\/wp-content\/uploads\/sites\/3\/45o2590-kopieb.jpg 500w, https:\/\/www.naturparkmagazin.de\/vdn\/wp-content\/uploads\/sites\/3\/45o2590-kopieb-300x180.jpg 300w, https:\/\/www.naturparkmagazin.de\/vdn\/wp-content\/uploads\/sites\/3\/45o2590-kopieb-200x120.jpg 200w\" sizes=\"(max-width: 500px) 100vw, 500px\" \/><\/a><p id=\"caption-attachment-8487\" class=\"wp-caption-text\">Augen der Nacht \u00a9 VDN \/ Thomas Hinsche<\/p><\/div>\n<p>Eine junge Waldohreule wirbt in diesem Jahr als Sympathietr\u00e4ger f\u00fcr den Fotowettbewerb der Naturparke Deutschlands \u201eAugenblick Natur!\u201c. Seit 2007 l\u00e4dt der Verband Deutscher Naturparke e. V. (VDN) Amateur- und Profi-Fotografen zur Teilnahme an diesem Fotowettbewerb ein. Gesucht werden ausdrucksstarke Motive aus allen Naturparken Deutschlands \u2013 aufgenommen aus der ganz pers\u00f6nlichen Perspektive der Besucher. Der diesj\u00e4hrige Wettbewerb startet am 01. April und l\u00e4uft bis zum 31. Oktober 2017. Die sch\u00f6nsten Motive werden von den Besuchern des Portals bewertet und die Monatssieger mit attraktiven Gewinnen pr\u00e4miert:\nAls Monatssieger erhalten Sie ein Jahresabonnement der Zeitschrift <a href=\"http:\/\/www.tecklenborg-verlag.de\/index.php\/cat\/c3_NaturFoto.html\" target=\"_blank\">&#8222;NaturFoto\u201c<\/a>; der Jahressieger erh\u00e4lt einen Fotoworkshop mit dem Fotojournalisten und Naturfotografen Hans-Peter Schaub.<\/p>\n<p>Alle Infos zum aktuellen Wettbewerb finden Sie unter <a href=\"http:\/\/www.naturparkfotos.de\" target=\"_blank\">www.naturparkfotos.de<\/a>.<\/p>\n<p>&gt;&gt; <a href=\"http:\/\/www.naturparke.de\/system\/articledownloads\/499\/original\/PM_03-2017-01_fotowettbewerb_final.pdf?1490705592\" target=\"_blank\">Hier<\/a> k\u00f6nnen Sie die Pressemitteilung downloaden<\/p>\n<p>&nbsp;<\/p>\n","protected":false},"excerpt":{"rendered":"<p>Am 1. April 2017 startet die neue Runde des VDN-Fotowettbewerbs &#8222;Augenblick Natur!&#8220;. Gesucht werden auch in diesem Jahr wieder ausdrucksstarke Motive aus allen Naturparken Deutschlands \u2013 aufgenommen aus der ganz pers\u00f6nlichen Perspektive der Besucher. <\/p>\n","protected":false},"author":73,"featured_media":8488,"comment_status":"open","ping_status":"open","sticky":false,"template":"","format":"standard","meta":{"_links_to":"","_links_to_target":""},"categories":[7],"tags":[957,88,956,806,3155,370,94,82,41,501],"yoast_head":"<!-- This site is optimized with the Yoast SEO plugin v19.10 - https:\/\/yoast.com\/wordpress\/plugins\/seo\/ -->\n<title>Fotowettbewerb 2017<\/title>\n<meta name=\"description\" content=\"Am 1. April 2017 startet die neue Runde des VDN-Fotowettbewerbs &quot;Augenblick Natur!&quot;. Gesucht werden auch in diesem Jahr wieder ausdrucksstarke Motive aus allen Naturparken Deutschlands \u2013 aufgenommen aus der ganz pers\u00f6nlichen Perspektive der Besucher.\" \/>\n<meta name=\"robots\" content=\"index, follow, max-snippet:-1, max-image-preview:large, max-video-preview:-1\" \/>\n<link rel=\"canonical\" href=\"https:\/\/www.naturparkmagazin.de\/vdn\/fotowettbewerb-2017\/\" \/>\n<meta property=\"og:locale\" content=\"de_DE\" \/>\n<meta property=\"og:type\" content=\"article\" \/>\n<meta property=\"og:title\" content=\"Fotowettbewerb 2017\" \/>\n<meta property=\"og:description\" content=\"Am 1. April 2017 startet die neue Runde des VDN-Fotowettbewerbs &quot;Augenblick Natur!&quot;. Gesucht werden auch in diesem Jahr wieder ausdrucksstarke Motive aus allen Naturparken Deutschlands \u2013 aufgenommen aus der ganz pers\u00f6nlichen Perspektive der Besucher.\" \/>\n<meta property=\"og:url\" content=\"https:\/\/www.naturparkmagazin.de\/vdn\/fotowettbewerb-2017\/\" \/>\n<meta property=\"og:site_name\" content=\"Verband Deutscher Naturparke\" \/>\n<meta property=\"article:published_time\" content=\"2017-03-19T15:29:37+00:00\" \/>\n<meta property=\"article:modified_time\" content=\"2017-03-30T08:59:11+00:00\" \/>\n<meta property=\"og:image\" content=\"https:\/\/www.naturparkmagazin.de\/vdn\/wp-content\/uploads\/sites\/3\/45o2590-kopiebf.jpg\" \/>\n\t<meta property=\"og:image:width\" content=\"200\" \/>\n\t<meta property=\"og:image:height\" content=\"200\" \/>\n\t<meta property=\"og:image:type\" content=\"image\/jpeg\" \/>\n<meta name=\"author\" content=\"manuelamerz\" \/>\n<meta name=\"twitter:label1\" content=\"Verfasst von\" \/>\n\t<meta name=\"twitter:data1\" content=\"manuelamerz\" \/>\n\t<meta name=\"twitter:label2\" content=\"Gesch\u00e4tzte Lesezeit\" \/>\n\t<meta name=\"twitter:data2\" content=\"1\u00a0Minute\" \/>\n<script type=\"application\/ld+json\" class=\"yoast-schema-graph\">{\"@context\":\"https:\/\/schema.org\",\"@graph\":[{\"@type\":\"WebPage\",\"@id\":\"https:\/\/www.naturparkmagazin.de\/vdn\/fotowettbewerb-2017\/\",\"url\":\"https:\/\/www.naturparkmagazin.de\/vdn\/fotowettbewerb-2017\/\",\"name\":\"Fotowettbewerb 2017\",\"isPartOf\":{\"@id\":\"https:\/\/www.naturparkmagazin.de\/vdn\/#website\"},\"datePublished\":\"2017-03-19T15:29:37+00:00\",\"dateModified\":\"2017-03-30T08:59:11+00:00\",\"author\":{\"@id\":\"https:\/\/www.naturparkmagazin.de\/vdn\/#\/schema\/person\/3cff9b8773ed55f0189255fa9adfd57c\"},\"description\":\"Am 1. April 2017 startet die neue Runde des VDN-Fotowettbewerbs \\\"Augenblick Natur!\\\". Gesucht werden auch in diesem Jahr wieder ausdrucksstarke Motive aus allen Naturparken Deutschlands \u2013 aufgenommen aus der ganz pers\u00f6nlichen Perspektive der Besucher.\",\"breadcrumb\":{\"@id\":\"https:\/\/www.naturparkmagazin.de\/vdn\/fotowettbewerb-2017\/#breadcrumb\"},\"inLanguage\":\"de\",\"potentialAction\":[{\"@type\":\"ReadAction\",\"target\":[\"https:\/\/www.naturparkmagazin.de\/vdn\/fotowettbewerb-2017\/\"]}]},{\"@type\":\"BreadcrumbList\",\"@id\":\"https:\/\/www.naturparkmagazin.de\/vdn\/fotowettbewerb-2017\/#breadcrumb\",\"itemListElement\":[{\"@type\":\"ListItem\",\"position\":1,\"name\":\"Home\",\"item\":\"https:\/\/www.naturparkmagazin.de\/vdn\/\"},{\"@type\":\"ListItem\",\"position\":2,\"name\":\"Fotowettbewerb 2017\"}]},{\"@type\":\"WebSite\",\"@id\":\"https:\/\/www.naturparkmagazin.de\/vdn\/#website\",\"url\":\"https:\/\/www.naturparkmagazin.de\/vdn\/\",\"name\":\"Verband Deutscher Naturparke\",\"description\":\"Eine weitere Naturparkmagazin.de Netzwerk Seite\",\"potentialAction\":[{\"@type\":\"SearchAction\",\"target\":{\"@type\":\"EntryPoint\",\"urlTemplate\":\"https:\/\/www.naturparkmagazin.de\/vdn\/?s={search_term_string}\"},\"query-input\":\"required name=search_term_string\"}],\"inLanguage\":\"de\"},{\"@type\":\"Person\",\"@id\":\"https:\/\/www.naturparkmagazin.de\/vdn\/#\/schema\/person\/3cff9b8773ed55f0189255fa9adfd57c\",\"name\":\"manuelamerz\",\"url\":\"https:\/\/www.naturparkmagazin.de\/vdn\/author\/manuelamerz\/\"}]}<\/script>\n<!-- \/ Yoast SEO plugin. -->","yoast_head_json":{"title":"Fotowettbewerb 2017","description":"Am 1. April 2017 startet die neue Runde des VDN-Fotowettbewerbs \"Augenblick Natur!\". Gesucht werden auch in diesem Jahr wieder ausdrucksstarke Motive aus allen Naturparken Deutschlands \u2013 aufgenommen aus der ganz pers\u00f6nlichen Perspektive der Besucher.","robots":{"index":"index","follow":"follow","max-snippet":"max-snippet:-1","max-image-preview":"max-image-preview:large","max-video-preview":"max-video-preview:-1"},"canonical":"https:\/\/www.naturparkmagazin.de\/vdn\/fotowettbewerb-2017\/","og_locale":"de_DE","og_type":"article","og_title":"Fotowettbewerb 2017","og_description":"Am 1. April 2017 startet die neue Runde des VDN-Fotowettbewerbs \"Augenblick Natur!\". Gesucht werden auch in diesem Jahr wieder ausdrucksstarke Motive aus allen Naturparken Deutschlands \u2013 aufgenommen aus der ganz pers\u00f6nlichen Perspektive der Besucher.","og_url":"https:\/\/www.naturparkmagazin.de\/vdn\/fotowettbewerb-2017\/","og_site_name":"Verband Deutscher Naturparke","article_published_time":"2017-03-19T15:29:37+00:00","article_modified_time":"2017-03-30T08:59:11+00:00","og_image":[{"width":200,"height":200,"url":"https:\/\/www.naturparkmagazin.de\/vdn\/wp-content\/uploads\/sites\/3\/45o2590-kopiebf.jpg","type":"image\/jpeg"}],"author":"manuelamerz","twitter_misc":{"Verfasst von":"manuelamerz","Gesch\u00e4tzte Lesezeit":"1\u00a0Minute"},"schema":{"@context":"https:\/\/schema.org","@graph":[{"@type":"WebPage","@id":"https:\/\/www.naturparkmagazin.de\/vdn\/fotowettbewerb-2017\/","url":"https:\/\/www.naturparkmagazin.de\/vdn\/fotowettbewerb-2017\/","name":"Fotowettbewerb 2017","isPartOf":{"@id":"https:\/\/www.naturparkmagazin.de\/vdn\/#website"},"datePublished":"2017-03-19T15:29:37+00:00","dateModified":"2017-03-30T08:59:11+00:00","author":{"@id":"https:\/\/www.naturparkmagazin.de\/vdn\/#\/schema\/person\/3cff9b8773ed55f0189255fa9adfd57c"},"description":"Am 1. April 2017 startet die neue Runde des VDN-Fotowettbewerbs \"Augenblick Natur!\". Gesucht werden auch in diesem Jahr wieder ausdrucksstarke Motive aus allen Naturparken Deutschlands \u2013 aufgenommen aus der ganz pers\u00f6nlichen Perspektive der Besucher.","breadcrumb":{"@id":"https:\/\/www.naturparkmagazin.de\/vdn\/fotowettbewerb-2017\/#breadcrumb"},"inLanguage":"de","potentialAction":[{"@type":"ReadAction","target":["https:\/\/www.naturparkmagazin.de\/vdn\/fotowettbewerb-2017\/"]}]},{"@type":"BreadcrumbList","@id":"https:\/\/www.naturparkmagazin.de\/vdn\/fotowettbewerb-2017\/#breadcrumb","itemListElement":[{"@type":"ListItem","position":1,"name":"Home","item":"https:\/\/www.naturparkmagazin.de\/vdn\/"},{"@type":"ListItem","position":2,"name":"Fotowettbewerb 2017"}]},{"@type":"WebSite","@id":"https:\/\/www.naturparkmagazin.de\/vdn\/#website","url":"https:\/\/www.naturparkmagazin.de\/vdn\/","name":"Verband Deutscher Naturparke","description":"Eine weitere Naturparkmagazin.de Netzwerk Seite","potentialAction":[{"@type":"SearchAction","target":{"@type":"EntryPoint","urlTemplate":"https:\/\/www.naturparkmagazin.de\/vdn\/?s={search_term_string}"},"query-input":"required name=search_term_string"}],"inLanguage":"de"},{"@type":"Person","@id":"https:\/\/www.naturparkmagazin.de\/vdn\/#\/schema\/person\/3cff9b8773ed55f0189255fa9adfd57c","name":"manuelamerz","url":"https:\/\/www.naturparkmagazin.de\/vdn\/author\/manuelamerz\/"}]}},"_links":{"self":[{"href":"https:\/\/www.naturparkmagazin.de\/vdn\/wp-json\/wp\/v2\/posts\/8486"}],"collection":[{"href":"https:\/\/www.naturparkmagazin.de\/vdn\/wp-json\/wp\/v2\/posts"}],"about":[{"href":"https:\/\/www.naturparkmagazin.de\/vdn\/wp-json\/wp\/v2\/types\/post"}],"author":[{"embeddable":true,"href":"https:\/\/www.naturparkmagazin.de\/vdn\/wp-json\/wp\/v2\/users\/73"}],"replies":[{"embeddable":true,"href":"https:\/\/www.naturparkmagazin.de\/vdn\/wp-json\/wp\/v2\/comments?post=8486"}],"version-history":[{"count":5,"href":"https:\/\/www.naturparkmagazin.de\/vdn\/wp-json\/wp\/v2\/posts\/8486\/revisions"}],"predecessor-version":[{"id":8548,"href":"https:\/\/www.naturparkmagazin.de\/vdn\/wp-json\/wp\/v2\/posts\/8486\/revisions\/8548"}],"wp:featuredmedia":[{"embeddable":true,"href":"https:\/\/www.naturparkmagazin.de\/vdn\/wp-json\/wp\/v2\/media\/8488"}],"wp:attachment":[{"href":"https:\/\/www.naturparkmagazin.de\/vdn\/wp-json\/wp\/v2\/media?parent=8486"}],"wp:term":[{"taxonomy":"category","embeddable":true,"href":"https:\/\/www.naturparkmagazin.de\/vdn\/wp-json\/wp\/v2\/categories?post=8486"},{"taxonomy":"post_tag","embeddable":true,"href":"https:\/\/www.naturparkmagazin.de\/vdn\/wp-json\/wp\/v2\/tags?post=8486"}],"curies":[{"name":"wp","href":"https:\/\/api.w.org\/{rel}","templated":true}]}}