{"id":8581,"date":"2017-04-17T22:26:47","date_gmt":"2017-04-17T20:26:47","guid":{"rendered":"http:\/\/www.naturparkmagazin.de\/vdn\/?p=8581"},"modified":"2017-04-26T14:53:20","modified_gmt":"2017-04-26T12:53:20","slug":"hans-peter-lindlar","status":"publish","type":"post","link":"https:\/\/www.naturparkmagazin.de\/vdn\/hans-peter-lindlar\/","title":{"rendered":"Hans Peter Lindlar"},"content":{"rendered":"<div id=\"attachment_8582\" style=\"width: 310px\" class=\"wp-caption alignnone\"><a href=\"https:\/\/www.naturparkmagazin.de\/vdn\/wp-content\/uploads\/sites\/3\/Vorsitzender-HP-Lindlar-Beitrag.jpg\"><img aria-describedby=\"caption-attachment-8582\" decoding=\"async\" loading=\"lazy\" class=\"size-full wp-image-8582\" src=\"https:\/\/www.naturparkmagazin.de\/vdn\/wp-content\/uploads\/sites\/3\/Vorsitzender-HP-Lindlar-Beitrag.jpg\" alt=\"\u00a9 Hans Peter LIndlar\" width=\"300\" height=\"500\" srcset=\"https:\/\/www.naturparkmagazin.de\/vdn\/wp-content\/uploads\/sites\/3\/Vorsitzender-HP-Lindlar-Beitrag.jpg 300w, https:\/\/www.naturparkmagazin.de\/vdn\/wp-content\/uploads\/sites\/3\/Vorsitzender-HP-Lindlar-Beitrag-200x333.jpg 200w\" sizes=\"(max-width: 300px) 100vw, 300px\" \/><\/a><p id=\"caption-attachment-8582\" class=\"wp-caption-text\">\u00a9 Hans Peter LIndlar<\/p><\/div>\n<p><strong>Hans Peter Lindlar<\/strong><\/p>\n<p>ist seit 2012 Vorsitzender des Versch\u00f6nerungsvereins f\u00fcr das Siebengebirge (VVS), dem Tr\u00e4ger des Naturparks Siebengebirge. Der Regierungspr\u00e4sident a. D. studierte Germanistik und Geografie und engagierte sich schon in den 80er Jahren im Kreistag oder auch im Landtag (1990-2005) schwerpunktm\u00e4\u00dfig f\u00fcr naturschutz- und umweltpolitische Themen.<\/p>\n<p>Hans Peter Lindlar, sieht einen Schwerpunkt seiner Arbeit darin, das hohe Ma\u00df an ehrenamtlicher Arbeit weiter zu aktivieren, daneben aber eine professionelle Verwaltungsstruktur zu etablieren. Der VVS wurde 1869\/70 in Bonn mit dem Ziel gegr\u00fcndet, das Siebengebirge f\u00fcr den wachsenden Erholungsverkehr zur erschlie\u00dfen. Als Botschafter des Rhein-Sieg-Kreises wirbt er in der Region f\u00fcr das Projekt &#8222;Natur- und Kulturlandschaft zwischen Siebengebirge und Sieg &#8211; chance.natur&#8220;.<\/p>\n<p>&nbsp;<\/p>\n","protected":false},"excerpt":{"rendered":"<p>ist seit 2012 Vorsitzender des Versch\u00f6nerungsvereins f\u00fcr das Siebengebirge (VVS), dem Tr\u00e4ger des Naturparks Siebengebirge. Der Regierungspr\u00e4sident a. D. studierte Germanistik und Geografie und engagierte sich schon in den 80er Jahren im Kreistag oder auch im Landtag (1990-2005) schwerpunktm\u00e4\u00dfig f\u00fcr naturschutz- und umweltpolitische Themen.<\/p>\n","protected":false},"author":73,"featured_media":8583,"comment_status":"open","ping_status":"open","sticky":false,"template":"","format":"standard","meta":{"_links_to":"","_links_to_target":""},"categories":[8],"tags":[993,976,996,995,994],"yoast_head":"<!-- This site is optimized with the Yoast SEO plugin v19.10 - https:\/\/yoast.com\/wordpress\/plugins\/seo\/ -->\n<title>Hans Peter Lindlar<\/title>\n<meta name=\"description\" content=\"ist seit 2012 Vorsitzender des Versch\u00f6nerungsvereins f\u00fcr das Siebengebirge (VVS), dem Tr\u00e4ger des Naturparks Siebengebirge. Der Regierungspr\u00e4sident a. D. studierte Germanistik und Geografie und engagierte sich schon in den 80er Jahren im Kreistag oder auch im Landtag (1990-2005) schwerpunktm\u00e4\u00dfig f\u00fcr naturschutz- und umweltpolitische Themen.\" \/>\n<meta name=\"robots\" content=\"index, follow, max-snippet:-1, max-image-preview:large, max-video-preview:-1\" \/>\n<link rel=\"canonical\" href=\"https:\/\/www.naturparkmagazin.de\/vdn\/hans-peter-lindlar\/\" \/>\n<meta property=\"og:locale\" content=\"de_DE\" \/>\n<meta property=\"og:type\" content=\"article\" \/>\n<meta property=\"og:title\" content=\"Hans Peter Lindlar\" \/>\n<meta property=\"og:description\" content=\"ist seit 2012 Vorsitzender des Versch\u00f6nerungsvereins f\u00fcr das Siebengebirge (VVS), dem Tr\u00e4ger des Naturparks Siebengebirge. Der Regierungspr\u00e4sident a. D. studierte Germanistik und Geografie und engagierte sich schon in den 80er Jahren im Kreistag oder auch im Landtag (1990-2005) schwerpunktm\u00e4\u00dfig f\u00fcr naturschutz- und umweltpolitische Themen.\" \/>\n<meta property=\"og:url\" content=\"https:\/\/www.naturparkmagazin.de\/vdn\/hans-peter-lindlar\/\" \/>\n<meta property=\"og:site_name\" content=\"Verband Deutscher Naturparke\" \/>\n<meta property=\"article:published_time\" content=\"2017-04-17T20:26:47+00:00\" \/>\n<meta property=\"article:modified_time\" content=\"2017-04-26T12:53:20+00:00\" \/>\n<meta property=\"og:image\" content=\"https:\/\/www.naturparkmagazin.de\/vdn\/wp-content\/uploads\/sites\/3\/Vorsitzender-HP-Lindlar-Beitrags.jpg\" \/>\n\t<meta property=\"og:image:width\" content=\"200\" \/>\n\t<meta property=\"og:image:height\" content=\"200\" \/>\n\t<meta property=\"og:image:type\" content=\"image\/jpeg\" \/>\n<meta name=\"author\" content=\"manuelamerz\" \/>\n<meta name=\"twitter:label1\" content=\"Verfasst von\" \/>\n\t<meta name=\"twitter:data1\" content=\"manuelamerz\" \/>\n\t<meta name=\"twitter:label2\" content=\"Gesch\u00e4tzte Lesezeit\" \/>\n\t<meta name=\"twitter:data2\" content=\"1\u00a0Minute\" \/>\n<script type=\"application\/ld+json\" class=\"yoast-schema-graph\">{\"@context\":\"https:\/\/schema.org\",\"@graph\":[{\"@type\":\"WebPage\",\"@id\":\"https:\/\/www.naturparkmagazin.de\/vdn\/hans-peter-lindlar\/\",\"url\":\"https:\/\/www.naturparkmagazin.de\/vdn\/hans-peter-lindlar\/\",\"name\":\"Hans Peter Lindlar\",\"isPartOf\":{\"@id\":\"https:\/\/www.naturparkmagazin.de\/vdn\/#website\"},\"datePublished\":\"2017-04-17T20:26:47+00:00\",\"dateModified\":\"2017-04-26T12:53:20+00:00\",\"author\":{\"@id\":\"https:\/\/www.naturparkmagazin.de\/vdn\/#\/schema\/person\/3cff9b8773ed55f0189255fa9adfd57c\"},\"description\":\"ist seit 2012 Vorsitzender des Versch\u00f6nerungsvereins f\u00fcr das Siebengebirge (VVS), dem Tr\u00e4ger des Naturparks Siebengebirge. Der Regierungspr\u00e4sident a. D. studierte Germanistik und Geografie und engagierte sich schon in den 80er Jahren im Kreistag oder auch im Landtag (1990-2005) schwerpunktm\u00e4\u00dfig f\u00fcr naturschutz- und umweltpolitische Themen.\",\"breadcrumb\":{\"@id\":\"https:\/\/www.naturparkmagazin.de\/vdn\/hans-peter-lindlar\/#breadcrumb\"},\"inLanguage\":\"de\",\"potentialAction\":[{\"@type\":\"ReadAction\",\"target\":[\"https:\/\/www.naturparkmagazin.de\/vdn\/hans-peter-lindlar\/\"]}]},{\"@type\":\"BreadcrumbList\",\"@id\":\"https:\/\/www.naturparkmagazin.de\/vdn\/hans-peter-lindlar\/#breadcrumb\",\"itemListElement\":[{\"@type\":\"ListItem\",\"position\":1,\"name\":\"Home\",\"item\":\"https:\/\/www.naturparkmagazin.de\/vdn\/\"},{\"@type\":\"ListItem\",\"position\":2,\"name\":\"Hans Peter Lindlar\"}]},{\"@type\":\"WebSite\",\"@id\":\"https:\/\/www.naturparkmagazin.de\/vdn\/#website\",\"url\":\"https:\/\/www.naturparkmagazin.de\/vdn\/\",\"name\":\"Verband Deutscher Naturparke\",\"description\":\"Eine weitere Naturparkmagazin.de Netzwerk Seite\",\"potentialAction\":[{\"@type\":\"SearchAction\",\"target\":{\"@type\":\"EntryPoint\",\"urlTemplate\":\"https:\/\/www.naturparkmagazin.de\/vdn\/?s={search_term_string}\"},\"query-input\":\"required name=search_term_string\"}],\"inLanguage\":\"de\"},{\"@type\":\"Person\",\"@id\":\"https:\/\/www.naturparkmagazin.de\/vdn\/#\/schema\/person\/3cff9b8773ed55f0189255fa9adfd57c\",\"name\":\"manuelamerz\",\"url\":\"https:\/\/www.naturparkmagazin.de\/vdn\/author\/manuelamerz\/\"}]}<\/script>\n<!-- \/ Yoast SEO plugin. -->","yoast_head_json":{"title":"Hans Peter Lindlar","description":"ist seit 2012 Vorsitzender des Versch\u00f6nerungsvereins f\u00fcr das Siebengebirge (VVS), dem Tr\u00e4ger des Naturparks Siebengebirge. Der Regierungspr\u00e4sident a. D. studierte Germanistik und Geografie und engagierte sich schon in den 80er Jahren im Kreistag oder auch im Landtag (1990-2005) schwerpunktm\u00e4\u00dfig f\u00fcr naturschutz- und umweltpolitische Themen.","robots":{"index":"index","follow":"follow","max-snippet":"max-snippet:-1","max-image-preview":"max-image-preview:large","max-video-preview":"max-video-preview:-1"},"canonical":"https:\/\/www.naturparkmagazin.de\/vdn\/hans-peter-lindlar\/","og_locale":"de_DE","og_type":"article","og_title":"Hans Peter Lindlar","og_description":"ist seit 2012 Vorsitzender des Versch\u00f6nerungsvereins f\u00fcr das Siebengebirge (VVS), dem Tr\u00e4ger des Naturparks Siebengebirge. Der Regierungspr\u00e4sident a. D. studierte Germanistik und Geografie und engagierte sich schon in den 80er Jahren im Kreistag oder auch im Landtag (1990-2005) schwerpunktm\u00e4\u00dfig f\u00fcr naturschutz- und umweltpolitische Themen.","og_url":"https:\/\/www.naturparkmagazin.de\/vdn\/hans-peter-lindlar\/","og_site_name":"Verband Deutscher Naturparke","article_published_time":"2017-04-17T20:26:47+00:00","article_modified_time":"2017-04-26T12:53:20+00:00","og_image":[{"width":200,"height":200,"url":"https:\/\/www.naturparkmagazin.de\/vdn\/wp-content\/uploads\/sites\/3\/Vorsitzender-HP-Lindlar-Beitrags.jpg","type":"image\/jpeg"}],"author":"manuelamerz","twitter_misc":{"Verfasst von":"manuelamerz","Gesch\u00e4tzte Lesezeit":"1\u00a0Minute"},"schema":{"@context":"https:\/\/schema.org","@graph":[{"@type":"WebPage","@id":"https:\/\/www.naturparkmagazin.de\/vdn\/hans-peter-lindlar\/","url":"https:\/\/www.naturparkmagazin.de\/vdn\/hans-peter-lindlar\/","name":"Hans Peter Lindlar","isPartOf":{"@id":"https:\/\/www.naturparkmagazin.de\/vdn\/#website"},"datePublished":"2017-04-17T20:26:47+00:00","dateModified":"2017-04-26T12:53:20+00:00","author":{"@id":"https:\/\/www.naturparkmagazin.de\/vdn\/#\/schema\/person\/3cff9b8773ed55f0189255fa9adfd57c"},"description":"ist seit 2012 Vorsitzender des Versch\u00f6nerungsvereins f\u00fcr das Siebengebirge (VVS), dem Tr\u00e4ger des Naturparks Siebengebirge. Der Regierungspr\u00e4sident a. D. studierte Germanistik und Geografie und engagierte sich schon in den 80er Jahren im Kreistag oder auch im Landtag (1990-2005) schwerpunktm\u00e4\u00dfig f\u00fcr naturschutz- und umweltpolitische Themen.","breadcrumb":{"@id":"https:\/\/www.naturparkmagazin.de\/vdn\/hans-peter-lindlar\/#breadcrumb"},"inLanguage":"de","potentialAction":[{"@type":"ReadAction","target":["https:\/\/www.naturparkmagazin.de\/vdn\/hans-peter-lindlar\/"]}]},{"@type":"BreadcrumbList","@id":"https:\/\/www.naturparkmagazin.de\/vdn\/hans-peter-lindlar\/#breadcrumb","itemListElement":[{"@type":"ListItem","position":1,"name":"Home","item":"https:\/\/www.naturparkmagazin.de\/vdn\/"},{"@type":"ListItem","position":2,"name":"Hans Peter Lindlar"}]},{"@type":"WebSite","@id":"https:\/\/www.naturparkmagazin.de\/vdn\/#website","url":"https:\/\/www.naturparkmagazin.de\/vdn\/","name":"Verband Deutscher Naturparke","description":"Eine weitere Naturparkmagazin.de Netzwerk Seite","potentialAction":[{"@type":"SearchAction","target":{"@type":"EntryPoint","urlTemplate":"https:\/\/www.naturparkmagazin.de\/vdn\/?s={search_term_string}"},"query-input":"required name=search_term_string"}],"inLanguage":"de"},{"@type":"Person","@id":"https:\/\/www.naturparkmagazin.de\/vdn\/#\/schema\/person\/3cff9b8773ed55f0189255fa9adfd57c","name":"manuelamerz","url":"https:\/\/www.naturparkmagazin.de\/vdn\/author\/manuelamerz\/"}]}},"_links":{"self":[{"href":"https:\/\/www.naturparkmagazin.de\/vdn\/wp-json\/wp\/v2\/posts\/8581"}],"collection":[{"href":"https:\/\/www.naturparkmagazin.de\/vdn\/wp-json\/wp\/v2\/posts"}],"about":[{"href":"https:\/\/www.naturparkmagazin.de\/vdn\/wp-json\/wp\/v2\/types\/post"}],"author":[{"embeddable":true,"href":"https:\/\/www.naturparkmagazin.de\/vdn\/wp-json\/wp\/v2\/users\/73"}],"replies":[{"embeddable":true,"href":"https:\/\/www.naturparkmagazin.de\/vdn\/wp-json\/wp\/v2\/comments?post=8581"}],"version-history":[{"count":2,"href":"https:\/\/www.naturparkmagazin.de\/vdn\/wp-json\/wp\/v2\/posts\/8581\/revisions"}],"predecessor-version":[{"id":8660,"href":"https:\/\/www.naturparkmagazin.de\/vdn\/wp-json\/wp\/v2\/posts\/8581\/revisions\/8660"}],"wp:featuredmedia":[{"embeddable":true,"href":"https:\/\/www.naturparkmagazin.de\/vdn\/wp-json\/wp\/v2\/media\/8583"}],"wp:attachment":[{"href":"https:\/\/www.naturparkmagazin.de\/vdn\/wp-json\/wp\/v2\/media?parent=8581"}],"wp:term":[{"taxonomy":"category","embeddable":true,"href":"https:\/\/www.naturparkmagazin.de\/vdn\/wp-json\/wp\/v2\/categories?post=8581"},{"taxonomy":"post_tag","embeddable":true,"href":"https:\/\/www.naturparkmagazin.de\/vdn\/wp-json\/wp\/v2\/tags?post=8581"}],"curies":[{"name":"wp","href":"https:\/\/api.w.org\/{rel}","templated":true}]}}