{"id":8591,"date":"2017-04-17T20:57:49","date_gmt":"2017-04-17T18:57:49","guid":{"rendered":"http:\/\/www.naturparkmagazin.de\/vdn\/?p=8591"},"modified":"2017-04-18T17:18:47","modified_gmt":"2017-04-18T15:18:47","slug":"buendnis-verbaende-plattform-zur-eu-agrarpolitik","status":"publish","type":"post","link":"https:\/\/www.naturparkmagazin.de\/vdn\/buendnis-verbaende-plattform-zur-eu-agrarpolitik\/","title":{"rendered":"\u201eB\u00fcndnis\u201c \u2013  Verb\u00e4nde-Plattform zur EU-Agrarpolitik"},"content":{"rendered":"<p>&nbsp;<\/p>\n<div id=\"attachment_8587\" style=\"width: 510px\" class=\"wp-caption alignnone\"><a href=\"https:\/\/www.naturparkmagazin.de\/vdn\/wp-content\/uploads\/sites\/3\/streuobstwiese-3b.jpg\"><img aria-describedby=\"caption-attachment-8587\" decoding=\"async\" loading=\"lazy\" class=\"size-full wp-image-8587\" src=\"https:\/\/www.naturparkmagazin.de\/vdn\/wp-content\/uploads\/sites\/3\/streuobstwiese-3b.jpg\" alt=\"Streuobstwiese \u00a9 VDN\/wimi\" width=\"500\" height=\"300\" srcset=\"https:\/\/www.naturparkmagazin.de\/vdn\/wp-content\/uploads\/sites\/3\/streuobstwiese-3b.jpg 500w, https:\/\/www.naturparkmagazin.de\/vdn\/wp-content\/uploads\/sites\/3\/streuobstwiese-3b-300x180.jpg 300w, https:\/\/www.naturparkmagazin.de\/vdn\/wp-content\/uploads\/sites\/3\/streuobstwiese-3b-200x120.jpg 200w\" sizes=\"(max-width: 500px) 100vw, 500px\" \/><\/a><p id=\"caption-attachment-8587\" class=\"wp-caption-text\">Streuobstwiese \u00a9 VDN\/wimi<\/p><\/div>\n<p>30 Organisationen aus Landwirtschaft, Umwelt- und Naturschutz, Tierschutz und Entwicklungspolitik rufen zu einer grundlegenden Reform der Gemeinsamen Agrarpolitik der EU und ihrer Umsetzung in Deutschland auf. Sie wollen die umfangreichen F\u00f6rdergelder der EU wie auch die europ\u00e4ische Marktordnung und das Fachrecht daf\u00fcr einsetzen, den landwirtschaftlichen Betrieben durch die strikte Ber\u00fccksichtigung von Umwelt- und Tierschutz wirtschaftliche Perspektiven zu er\u00f6ffnen.<\/p>\n<p>&nbsp;<\/p>\n<p>Mit wichtigen \u00c4nderungen wollen die Verb\u00e4nde nicht auf die von der EU-Kommission angek\u00fcndigte Reform der EU-Agrarpolitik f\u00fcr die Zeit nach dem Jahr 2020 warten. Sie rufen Bund und L\u00e4nder dazu auf, noch im Jahr 2017 Umschichtungen von EU-Agrargeldern in Deutschland in F\u00f6rderma\u00dfnahmen f\u00fcr Tierschutz- und Agrarumweltma\u00dfnahmen sowie zur St\u00e4rkung kleinerer und mittlerer Betriebe zu beschlie\u00dfen.<\/p>\n<p>&nbsp;<\/p>\n<p>&gt;&gt; <a href=\"https:\/\/www.euronatur.org\/ueber-euronatur\/presse\/pressemitteilungen\/detail\/news\/fuer-eine-zukunftsfaehige-agrarpolitik-die-gewinner-schafft\/\">Hier<\/a> k\u00f6nnen Sie die Pressemitteilung anschauen<\/p>\n<p>&nbsp;<\/p>\n<p>&gt;&gt; <a href=\"http:\/\/www.abl-ev.de\/fileadmin\/Dokumente\/AbL_ev\/Agrarpolitik\/Plattform-Verb%C3%A4nde_2017-03_-_GAP_f%C3%BCr_Qualit%C3%A4tsstrategie-kl.pdf\">Hier<\/a> finden Sie das Positionspapier der Verb\u00e4nde-Plattform<\/p>\n<p>&nbsp;<\/p>\n<p>&nbsp;<\/p>\n","protected":false},"excerpt":{"rendered":"<p>Eine breite Verb\u00e4nde-Plattform, zu der auch der VDN als Mitunterzeichner geh\u00f6rt, fordert jetzt neue Ausrichtung der EU-Agrarpolitik. <\/p>\n","protected":false},"author":73,"featured_media":8586,"comment_status":"open","ping_status":"open","sticky":false,"template":"","format":"standard","meta":{"_links_to":"","_links_to_target":""},"categories":[7],"tags":[897,1003,1002,1004,1005,898],"yoast_head":"<!-- This site is optimized with the Yoast SEO plugin v19.10 - https:\/\/yoast.com\/wordpress\/plugins\/seo\/ -->\n<title>\u201eB\u00fcndnis\u201c \u2013 Verb\u00e4nde-Plattform zur EU-Agrarpolitik<\/title>\n<meta name=\"description\" content=\"Eine breite Verb\u00e4nde-Plattform, zu der auch der VDN als Mitunterzeichner geh\u00f6rt, fordert jetzt neue Ausrichtung der EU-Agrarpolitik.\" \/>\n<meta name=\"robots\" content=\"index, follow, max-snippet:-1, max-image-preview:large, max-video-preview:-1\" \/>\n<link rel=\"canonical\" href=\"https:\/\/www.naturparkmagazin.de\/vdn\/buendnis-verbaende-plattform-zur-eu-agrarpolitik\/\" \/>\n<meta property=\"og:locale\" content=\"de_DE\" \/>\n<meta property=\"og:type\" content=\"article\" \/>\n<meta property=\"og:title\" content=\"\u201eB\u00fcndnis\u201c \u2013 Verb\u00e4nde-Plattform zur EU-Agrarpolitik\" \/>\n<meta property=\"og:description\" content=\"Eine breite Verb\u00e4nde-Plattform, zu der auch der VDN als Mitunterzeichner geh\u00f6rt, fordert jetzt neue Ausrichtung der EU-Agrarpolitik.\" \/>\n<meta property=\"og:url\" content=\"https:\/\/www.naturparkmagazin.de\/vdn\/buendnis-verbaende-plattform-zur-eu-agrarpolitik\/\" \/>\n<meta property=\"og:site_name\" content=\"Verband Deutscher Naturparke\" \/>\n<meta property=\"article:published_time\" content=\"2017-04-17T18:57:49+00:00\" \/>\n<meta property=\"article:modified_time\" content=\"2017-04-18T15:18:47+00:00\" \/>\n<meta property=\"og:image\" content=\"https:\/\/www.naturparkmagazin.de\/vdn\/wp-content\/uploads\/sites\/3\/streuobstwiese-3bf.jpg\" \/>\n\t<meta property=\"og:image:width\" content=\"200\" \/>\n\t<meta property=\"og:image:height\" content=\"200\" \/>\n\t<meta property=\"og:image:type\" content=\"image\/jpeg\" \/>\n<meta name=\"author\" content=\"manuelamerz\" \/>\n<meta name=\"twitter:label1\" content=\"Verfasst von\" \/>\n\t<meta name=\"twitter:data1\" content=\"manuelamerz\" \/>\n\t<meta name=\"twitter:label2\" content=\"Gesch\u00e4tzte Lesezeit\" \/>\n\t<meta name=\"twitter:data2\" content=\"1\u00a0Minute\" \/>\n<script type=\"application\/ld+json\" class=\"yoast-schema-graph\">{\"@context\":\"https:\/\/schema.org\",\"@graph\":[{\"@type\":\"WebPage\",\"@id\":\"https:\/\/www.naturparkmagazin.de\/vdn\/buendnis-verbaende-plattform-zur-eu-agrarpolitik\/\",\"url\":\"https:\/\/www.naturparkmagazin.de\/vdn\/buendnis-verbaende-plattform-zur-eu-agrarpolitik\/\",\"name\":\"\u201eB\u00fcndnis\u201c \u2013 Verb\u00e4nde-Plattform zur EU-Agrarpolitik\",\"isPartOf\":{\"@id\":\"https:\/\/www.naturparkmagazin.de\/vdn\/#website\"},\"datePublished\":\"2017-04-17T18:57:49+00:00\",\"dateModified\":\"2017-04-18T15:18:47+00:00\",\"author\":{\"@id\":\"https:\/\/www.naturparkmagazin.de\/vdn\/#\/schema\/person\/3cff9b8773ed55f0189255fa9adfd57c\"},\"description\":\"Eine breite Verb\u00e4nde-Plattform, zu der auch der VDN als Mitunterzeichner geh\u00f6rt, fordert jetzt neue Ausrichtung der EU-Agrarpolitik.\",\"breadcrumb\":{\"@id\":\"https:\/\/www.naturparkmagazin.de\/vdn\/buendnis-verbaende-plattform-zur-eu-agrarpolitik\/#breadcrumb\"},\"inLanguage\":\"de\",\"potentialAction\":[{\"@type\":\"ReadAction\",\"target\":[\"https:\/\/www.naturparkmagazin.de\/vdn\/buendnis-verbaende-plattform-zur-eu-agrarpolitik\/\"]}]},{\"@type\":\"BreadcrumbList\",\"@id\":\"https:\/\/www.naturparkmagazin.de\/vdn\/buendnis-verbaende-plattform-zur-eu-agrarpolitik\/#breadcrumb\",\"itemListElement\":[{\"@type\":\"ListItem\",\"position\":1,\"name\":\"Home\",\"item\":\"https:\/\/www.naturparkmagazin.de\/vdn\/\"},{\"@type\":\"ListItem\",\"position\":2,\"name\":\"\u201eB\u00fcndnis\u201c \u2013 Verb\u00e4nde-Plattform zur EU-Agrarpolitik\"}]},{\"@type\":\"WebSite\",\"@id\":\"https:\/\/www.naturparkmagazin.de\/vdn\/#website\",\"url\":\"https:\/\/www.naturparkmagazin.de\/vdn\/\",\"name\":\"Verband Deutscher Naturparke\",\"description\":\"Eine weitere Naturparkmagazin.de Netzwerk Seite\",\"potentialAction\":[{\"@type\":\"SearchAction\",\"target\":{\"@type\":\"EntryPoint\",\"urlTemplate\":\"https:\/\/www.naturparkmagazin.de\/vdn\/?s={search_term_string}\"},\"query-input\":\"required name=search_term_string\"}],\"inLanguage\":\"de\"},{\"@type\":\"Person\",\"@id\":\"https:\/\/www.naturparkmagazin.de\/vdn\/#\/schema\/person\/3cff9b8773ed55f0189255fa9adfd57c\",\"name\":\"manuelamerz\",\"url\":\"https:\/\/www.naturparkmagazin.de\/vdn\/author\/manuelamerz\/\"}]}<\/script>\n<!-- \/ Yoast SEO plugin. -->","yoast_head_json":{"title":"\u201eB\u00fcndnis\u201c \u2013 Verb\u00e4nde-Plattform zur EU-Agrarpolitik","description":"Eine breite Verb\u00e4nde-Plattform, zu der auch der VDN als Mitunterzeichner geh\u00f6rt, fordert jetzt neue Ausrichtung der EU-Agrarpolitik.","robots":{"index":"index","follow":"follow","max-snippet":"max-snippet:-1","max-image-preview":"max-image-preview:large","max-video-preview":"max-video-preview:-1"},"canonical":"https:\/\/www.naturparkmagazin.de\/vdn\/buendnis-verbaende-plattform-zur-eu-agrarpolitik\/","og_locale":"de_DE","og_type":"article","og_title":"\u201eB\u00fcndnis\u201c \u2013 Verb\u00e4nde-Plattform zur EU-Agrarpolitik","og_description":"Eine breite Verb\u00e4nde-Plattform, zu der auch der VDN als Mitunterzeichner geh\u00f6rt, fordert jetzt neue Ausrichtung der EU-Agrarpolitik.","og_url":"https:\/\/www.naturparkmagazin.de\/vdn\/buendnis-verbaende-plattform-zur-eu-agrarpolitik\/","og_site_name":"Verband Deutscher Naturparke","article_published_time":"2017-04-17T18:57:49+00:00","article_modified_time":"2017-04-18T15:18:47+00:00","og_image":[{"width":200,"height":200,"url":"https:\/\/www.naturparkmagazin.de\/vdn\/wp-content\/uploads\/sites\/3\/streuobstwiese-3bf.jpg","type":"image\/jpeg"}],"author":"manuelamerz","twitter_misc":{"Verfasst von":"manuelamerz","Gesch\u00e4tzte Lesezeit":"1\u00a0Minute"},"schema":{"@context":"https:\/\/schema.org","@graph":[{"@type":"WebPage","@id":"https:\/\/www.naturparkmagazin.de\/vdn\/buendnis-verbaende-plattform-zur-eu-agrarpolitik\/","url":"https:\/\/www.naturparkmagazin.de\/vdn\/buendnis-verbaende-plattform-zur-eu-agrarpolitik\/","name":"\u201eB\u00fcndnis\u201c \u2013 Verb\u00e4nde-Plattform zur EU-Agrarpolitik","isPartOf":{"@id":"https:\/\/www.naturparkmagazin.de\/vdn\/#website"},"datePublished":"2017-04-17T18:57:49+00:00","dateModified":"2017-04-18T15:18:47+00:00","author":{"@id":"https:\/\/www.naturparkmagazin.de\/vdn\/#\/schema\/person\/3cff9b8773ed55f0189255fa9adfd57c"},"description":"Eine breite Verb\u00e4nde-Plattform, zu der auch der VDN als Mitunterzeichner geh\u00f6rt, fordert jetzt neue Ausrichtung der EU-Agrarpolitik.","breadcrumb":{"@id":"https:\/\/www.naturparkmagazin.de\/vdn\/buendnis-verbaende-plattform-zur-eu-agrarpolitik\/#breadcrumb"},"inLanguage":"de","potentialAction":[{"@type":"ReadAction","target":["https:\/\/www.naturparkmagazin.de\/vdn\/buendnis-verbaende-plattform-zur-eu-agrarpolitik\/"]}]},{"@type":"BreadcrumbList","@id":"https:\/\/www.naturparkmagazin.de\/vdn\/buendnis-verbaende-plattform-zur-eu-agrarpolitik\/#breadcrumb","itemListElement":[{"@type":"ListItem","position":1,"name":"Home","item":"https:\/\/www.naturparkmagazin.de\/vdn\/"},{"@type":"ListItem","position":2,"name":"\u201eB\u00fcndnis\u201c \u2013 Verb\u00e4nde-Plattform zur EU-Agrarpolitik"}]},{"@type":"WebSite","@id":"https:\/\/www.naturparkmagazin.de\/vdn\/#website","url":"https:\/\/www.naturparkmagazin.de\/vdn\/","name":"Verband Deutscher Naturparke","description":"Eine weitere Naturparkmagazin.de Netzwerk Seite","potentialAction":[{"@type":"SearchAction","target":{"@type":"EntryPoint","urlTemplate":"https:\/\/www.naturparkmagazin.de\/vdn\/?s={search_term_string}"},"query-input":"required name=search_term_string"}],"inLanguage":"de"},{"@type":"Person","@id":"https:\/\/www.naturparkmagazin.de\/vdn\/#\/schema\/person\/3cff9b8773ed55f0189255fa9adfd57c","name":"manuelamerz","url":"https:\/\/www.naturparkmagazin.de\/vdn\/author\/manuelamerz\/"}]}},"_links":{"self":[{"href":"https:\/\/www.naturparkmagazin.de\/vdn\/wp-json\/wp\/v2\/posts\/8591"}],"collection":[{"href":"https:\/\/www.naturparkmagazin.de\/vdn\/wp-json\/wp\/v2\/posts"}],"about":[{"href":"https:\/\/www.naturparkmagazin.de\/vdn\/wp-json\/wp\/v2\/types\/post"}],"author":[{"embeddable":true,"href":"https:\/\/www.naturparkmagazin.de\/vdn\/wp-json\/wp\/v2\/users\/73"}],"replies":[{"embeddable":true,"href":"https:\/\/www.naturparkmagazin.de\/vdn\/wp-json\/wp\/v2\/comments?post=8591"}],"version-history":[{"count":2,"href":"https:\/\/www.naturparkmagazin.de\/vdn\/wp-json\/wp\/v2\/posts\/8591\/revisions"}],"predecessor-version":[{"id":8643,"href":"https:\/\/www.naturparkmagazin.de\/vdn\/wp-json\/wp\/v2\/posts\/8591\/revisions\/8643"}],"wp:featuredmedia":[{"embeddable":true,"href":"https:\/\/www.naturparkmagazin.de\/vdn\/wp-json\/wp\/v2\/media\/8586"}],"wp:attachment":[{"href":"https:\/\/www.naturparkmagazin.de\/vdn\/wp-json\/wp\/v2\/media?parent=8591"}],"wp:term":[{"taxonomy":"category","embeddable":true,"href":"https:\/\/www.naturparkmagazin.de\/vdn\/wp-json\/wp\/v2\/categories?post=8591"},{"taxonomy":"post_tag","embeddable":true,"href":"https:\/\/www.naturparkmagazin.de\/vdn\/wp-json\/wp\/v2\/tags?post=8591"}],"curies":[{"name":"wp","href":"https:\/\/api.w.org\/{rel}","templated":true}]}}