{"id":8627,"date":"2017-04-18T11:39:42","date_gmt":"2017-04-18T09:39:42","guid":{"rendered":"http:\/\/www.naturparkmagazin.de\/vdn\/?p=8627"},"modified":"2017-04-18T17:26:27","modified_gmt":"2017-04-18T15:26:27","slug":"zauberwald","status":"publish","type":"post","link":"https:\/\/www.naturparkmagazin.de\/vdn\/zauberwald\/","title":{"rendered":"Zauberwald\u2026"},"content":{"rendered":"<div id=\"attachment_8629\" style=\"width: 510px\" class=\"wp-caption alignnone\"><a href=\"https:\/\/www.naturparkmagazin.de\/vdn\/wp-content\/uploads\/sites\/3\/Nebelburgb.jpg\"><img aria-describedby=\"caption-attachment-8629\" decoding=\"async\" loading=\"lazy\" class=\"size-full wp-image-8629\" src=\"https:\/\/www.naturparkmagazin.de\/vdn\/wp-content\/uploads\/sites\/3\/Nebelburgb.jpg\" alt=\"Die Drachenburg - ein M\u00e4rchenschloss \u00a9 VDN\/Dirk Neidhardt\" width=\"500\" height=\"300\" srcset=\"https:\/\/www.naturparkmagazin.de\/vdn\/wp-content\/uploads\/sites\/3\/Nebelburgb.jpg 500w, https:\/\/www.naturparkmagazin.de\/vdn\/wp-content\/uploads\/sites\/3\/Nebelburgb-300x180.jpg 300w, https:\/\/www.naturparkmagazin.de\/vdn\/wp-content\/uploads\/sites\/3\/Nebelburgb-200x120.jpg 200w\" sizes=\"(max-width: 500px) 100vw, 500px\" \/><\/a><p id=\"caption-attachment-8629\" class=\"wp-caption-text\">Die Drachenburg &#8211; ein M\u00e4rchenschloss \u00a9 VDN\/Dirk Neidhardt<\/p><\/div>\n<p>Veranstaltung f\u00fcr Kinder ab 6 Jahren<\/p>\n<p>Wir lassen uns verzaubern und treten ein in den Siebengebirgs-Zauberwald, lernen Waldgeister und Fabelwesen kennen und feiern mit ihnen das Waldgeisterfest.<\/p>\n<p>&nbsp;<\/p>\n<p>Eine Anmeldung ist erforderlich, bitte einen Elternteil als Begleitung mitbringen.<\/p>\n<p>&nbsp;<\/p>\n<p>Treffpunkt: \u00a0\u00a0\u00a0\u00a0\u00a0\u00a0 Wanderparkplatz Margarethenh\u00f6he (Ecke K\u00f6nigswinterer Stra\u00dfe \/ L\u00f6wenburger Stra\u00dfe, K\u00f6nigswinter.<\/p>\n<p>Leitung: \u00a0\u00a0\u00a0\u00a0\u00a0\u00a0\u00a0\u00a0\u00a0\u00a0\u00a0\u00a0\u00a0 Petra Laux, Diplom-Biologin<\/p>\n<p>Kosten: \u00a0\u00a0\u00a0\u00a0\u00a0\u00a0\u00a0\u00a0\u00a0\u00a0\u00a0\u00a0\u00a0\u00a0 5\u20ac pro Kind, eine Begleitperson kostenfrei<\/p>\n<p>&nbsp;<\/p>\n<p>Anmeldung: \u00a0\u00a0\u00a0\u00a0\u00a0 Versch\u00f6nerungsverein Siebengebirge (VSS)<\/p>\n<p>L\u00f6wenburgserstr. 3<\/p>\n<p>&nbsp;<\/p>\n<p>Tel: \u00a0\u00a0\u00a0\u00a0\u00a0\u00a0\u00a0\u00a0\u00a0\u00a0\u00a0\u00a0\u00a0\u00a0\u00a0\u00a0\u00a0\u00a0\u00a0\u00a0\u00a0\u00a0 02223 279993<\/p>\n<p>E-Mail:\u00a0\u00a0\u00a0\u00a0\u00a0\u00a0\u00a0\u00a0\u00a0\u00a0\u00a0\u00a0\u00a0\u00a0\u00a0\u00a0 info@naturpark-siebengebirge<\/p>\n","protected":false},"excerpt":{"rendered":"<p>Eine Reise in den Siebengebirgs-Zauberwald f\u00fcr Kinder ab 6 Jahren. Waldgeister und Fabelwesen stellen sich vor und feiern mit ihnen das Waldfest.<\/p>\n","protected":false},"author":73,"featured_media":8631,"comment_status":"open","ping_status":"open","sticky":false,"template":"","format":"standard","meta":{"_links_to":"","_links_to_target":""},"categories":[617],"tags":[],"yoast_head":"<!-- This site is optimized with the Yoast SEO plugin v19.10 - https:\/\/yoast.com\/wordpress\/plugins\/seo\/ -->\n<title>Zauberwald\u2026<\/title>\n<meta name=\"description\" content=\"Eine Reise in den Siebengebirgs-Zauberwald f\u00fcr Kinder ab 6 Jahren. Waldgeister und Fabelwesen stellen sich vor und feiern mit ihnen das Waldfest.\" \/>\n<meta name=\"robots\" content=\"index, follow, max-snippet:-1, max-image-preview:large, max-video-preview:-1\" \/>\n<link rel=\"canonical\" href=\"https:\/\/www.naturparkmagazin.de\/vdn\/zauberwald\/\" \/>\n<meta property=\"og:locale\" content=\"de_DE\" \/>\n<meta property=\"og:type\" content=\"article\" \/>\n<meta property=\"og:title\" content=\"Zauberwald\u2026\" \/>\n<meta property=\"og:description\" content=\"Eine Reise in den Siebengebirgs-Zauberwald f\u00fcr Kinder ab 6 Jahren. Waldgeister und Fabelwesen stellen sich vor und feiern mit ihnen das Waldfest.\" \/>\n<meta property=\"og:url\" content=\"https:\/\/www.naturparkmagazin.de\/vdn\/zauberwald\/\" \/>\n<meta property=\"og:site_name\" content=\"Verband Deutscher Naturparke\" \/>\n<meta property=\"article:published_time\" content=\"2017-04-18T09:39:42+00:00\" \/>\n<meta property=\"article:modified_time\" content=\"2017-04-18T15:26:27+00:00\" \/>\n<meta property=\"og:image\" content=\"https:\/\/www.naturparkmagazin.de\/vdn\/wp-content\/uploads\/sites\/3\/Nebelburgbf.jpg\" \/>\n\t<meta property=\"og:image:width\" content=\"200\" \/>\n\t<meta property=\"og:image:height\" content=\"200\" \/>\n\t<meta property=\"og:image:type\" content=\"image\/jpeg\" \/>\n<meta name=\"author\" content=\"manuelamerz\" \/>\n<meta name=\"twitter:label1\" content=\"Verfasst von\" \/>\n\t<meta name=\"twitter:data1\" content=\"manuelamerz\" \/>\n<script type=\"application\/ld+json\" class=\"yoast-schema-graph\">{\"@context\":\"https:\/\/schema.org\",\"@graph\":[{\"@type\":\"WebPage\",\"@id\":\"https:\/\/www.naturparkmagazin.de\/vdn\/zauberwald\/\",\"url\":\"https:\/\/www.naturparkmagazin.de\/vdn\/zauberwald\/\",\"name\":\"Zauberwald\u2026\",\"isPartOf\":{\"@id\":\"https:\/\/www.naturparkmagazin.de\/vdn\/#website\"},\"datePublished\":\"2017-04-18T09:39:42+00:00\",\"dateModified\":\"2017-04-18T15:26:27+00:00\",\"author\":{\"@id\":\"https:\/\/www.naturparkmagazin.de\/vdn\/#\/schema\/person\/3cff9b8773ed55f0189255fa9adfd57c\"},\"description\":\"Eine Reise in den Siebengebirgs-Zauberwald f\u00fcr Kinder ab 6 Jahren. Waldgeister und Fabelwesen stellen sich vor und feiern mit ihnen das Waldfest.\",\"breadcrumb\":{\"@id\":\"https:\/\/www.naturparkmagazin.de\/vdn\/zauberwald\/#breadcrumb\"},\"inLanguage\":\"de\",\"potentialAction\":[{\"@type\":\"ReadAction\",\"target\":[\"https:\/\/www.naturparkmagazin.de\/vdn\/zauberwald\/\"]}]},{\"@type\":\"BreadcrumbList\",\"@id\":\"https:\/\/www.naturparkmagazin.de\/vdn\/zauberwald\/#breadcrumb\",\"itemListElement\":[{\"@type\":\"ListItem\",\"position\":1,\"name\":\"Home\",\"item\":\"https:\/\/www.naturparkmagazin.de\/vdn\/\"},{\"@type\":\"ListItem\",\"position\":2,\"name\":\"Zauberwald\u2026\"}]},{\"@type\":\"WebSite\",\"@id\":\"https:\/\/www.naturparkmagazin.de\/vdn\/#website\",\"url\":\"https:\/\/www.naturparkmagazin.de\/vdn\/\",\"name\":\"Verband Deutscher Naturparke\",\"description\":\"Eine weitere Naturparkmagazin.de Netzwerk Seite\",\"potentialAction\":[{\"@type\":\"SearchAction\",\"target\":{\"@type\":\"EntryPoint\",\"urlTemplate\":\"https:\/\/www.naturparkmagazin.de\/vdn\/?s={search_term_string}\"},\"query-input\":\"required name=search_term_string\"}],\"inLanguage\":\"de\"},{\"@type\":\"Person\",\"@id\":\"https:\/\/www.naturparkmagazin.de\/vdn\/#\/schema\/person\/3cff9b8773ed55f0189255fa9adfd57c\",\"name\":\"manuelamerz\",\"url\":\"https:\/\/www.naturparkmagazin.de\/vdn\/author\/manuelamerz\/\"}]}<\/script>\n<!-- \/ Yoast SEO plugin. -->","yoast_head_json":{"title":"Zauberwald\u2026","description":"Eine Reise in den Siebengebirgs-Zauberwald f\u00fcr Kinder ab 6 Jahren. Waldgeister und Fabelwesen stellen sich vor und feiern mit ihnen das Waldfest.","robots":{"index":"index","follow":"follow","max-snippet":"max-snippet:-1","max-image-preview":"max-image-preview:large","max-video-preview":"max-video-preview:-1"},"canonical":"https:\/\/www.naturparkmagazin.de\/vdn\/zauberwald\/","og_locale":"de_DE","og_type":"article","og_title":"Zauberwald\u2026","og_description":"Eine Reise in den Siebengebirgs-Zauberwald f\u00fcr Kinder ab 6 Jahren. Waldgeister und Fabelwesen stellen sich vor und feiern mit ihnen das Waldfest.","og_url":"https:\/\/www.naturparkmagazin.de\/vdn\/zauberwald\/","og_site_name":"Verband Deutscher Naturparke","article_published_time":"2017-04-18T09:39:42+00:00","article_modified_time":"2017-04-18T15:26:27+00:00","og_image":[{"width":200,"height":200,"url":"https:\/\/www.naturparkmagazin.de\/vdn\/wp-content\/uploads\/sites\/3\/Nebelburgbf.jpg","type":"image\/jpeg"}],"author":"manuelamerz","twitter_misc":{"Verfasst von":"manuelamerz"},"schema":{"@context":"https:\/\/schema.org","@graph":[{"@type":"WebPage","@id":"https:\/\/www.naturparkmagazin.de\/vdn\/zauberwald\/","url":"https:\/\/www.naturparkmagazin.de\/vdn\/zauberwald\/","name":"Zauberwald\u2026","isPartOf":{"@id":"https:\/\/www.naturparkmagazin.de\/vdn\/#website"},"datePublished":"2017-04-18T09:39:42+00:00","dateModified":"2017-04-18T15:26:27+00:00","author":{"@id":"https:\/\/www.naturparkmagazin.de\/vdn\/#\/schema\/person\/3cff9b8773ed55f0189255fa9adfd57c"},"description":"Eine Reise in den Siebengebirgs-Zauberwald f\u00fcr Kinder ab 6 Jahren. Waldgeister und Fabelwesen stellen sich vor und feiern mit ihnen das Waldfest.","breadcrumb":{"@id":"https:\/\/www.naturparkmagazin.de\/vdn\/zauberwald\/#breadcrumb"},"inLanguage":"de","potentialAction":[{"@type":"ReadAction","target":["https:\/\/www.naturparkmagazin.de\/vdn\/zauberwald\/"]}]},{"@type":"BreadcrumbList","@id":"https:\/\/www.naturparkmagazin.de\/vdn\/zauberwald\/#breadcrumb","itemListElement":[{"@type":"ListItem","position":1,"name":"Home","item":"https:\/\/www.naturparkmagazin.de\/vdn\/"},{"@type":"ListItem","position":2,"name":"Zauberwald\u2026"}]},{"@type":"WebSite","@id":"https:\/\/www.naturparkmagazin.de\/vdn\/#website","url":"https:\/\/www.naturparkmagazin.de\/vdn\/","name":"Verband Deutscher Naturparke","description":"Eine weitere Naturparkmagazin.de Netzwerk Seite","potentialAction":[{"@type":"SearchAction","target":{"@type":"EntryPoint","urlTemplate":"https:\/\/www.naturparkmagazin.de\/vdn\/?s={search_term_string}"},"query-input":"required name=search_term_string"}],"inLanguage":"de"},{"@type":"Person","@id":"https:\/\/www.naturparkmagazin.de\/vdn\/#\/schema\/person\/3cff9b8773ed55f0189255fa9adfd57c","name":"manuelamerz","url":"https:\/\/www.naturparkmagazin.de\/vdn\/author\/manuelamerz\/"}]}},"_links":{"self":[{"href":"https:\/\/www.naturparkmagazin.de\/vdn\/wp-json\/wp\/v2\/posts\/8627"}],"collection":[{"href":"https:\/\/www.naturparkmagazin.de\/vdn\/wp-json\/wp\/v2\/posts"}],"about":[{"href":"https:\/\/www.naturparkmagazin.de\/vdn\/wp-json\/wp\/v2\/types\/post"}],"author":[{"embeddable":true,"href":"https:\/\/www.naturparkmagazin.de\/vdn\/wp-json\/wp\/v2\/users\/73"}],"replies":[{"embeddable":true,"href":"https:\/\/www.naturparkmagazin.de\/vdn\/wp-json\/wp\/v2\/comments?post=8627"}],"version-history":[{"count":5,"href":"https:\/\/www.naturparkmagazin.de\/vdn\/wp-json\/wp\/v2\/posts\/8627\/revisions"}],"predecessor-version":[{"id":8645,"href":"https:\/\/www.naturparkmagazin.de\/vdn\/wp-json\/wp\/v2\/posts\/8627\/revisions\/8645"}],"wp:featuredmedia":[{"embeddable":true,"href":"https:\/\/www.naturparkmagazin.de\/vdn\/wp-json\/wp\/v2\/media\/8631"}],"wp:attachment":[{"href":"https:\/\/www.naturparkmagazin.de\/vdn\/wp-json\/wp\/v2\/media?parent=8627"}],"wp:term":[{"taxonomy":"category","embeddable":true,"href":"https:\/\/www.naturparkmagazin.de\/vdn\/wp-json\/wp\/v2\/categories?post=8627"},{"taxonomy":"post_tag","embeddable":true,"href":"https:\/\/www.naturparkmagazin.de\/vdn\/wp-json\/wp\/v2\/tags?post=8627"}],"curies":[{"name":"wp","href":"https:\/\/api.w.org\/{rel}","templated":true}]}}