{"id":8683,"date":"2017-05-15T10:51:50","date_gmt":"2017-05-15T08:51:50","guid":{"rendered":"http:\/\/www.naturparkmagazin.de\/vdn\/?p=8683"},"modified":"2017-05-15T11:05:56","modified_gmt":"2017-05-15T09:05:56","slug":"barrierefreier-wanderweg-in-colmberg","status":"publish","type":"post","link":"https:\/\/www.naturparkmagazin.de\/vdn\/barrierefreier-wanderweg-in-colmberg\/","title":{"rendered":"Barrierefreier Wanderweg in Colmberg"},"content":{"rendered":"<div id=\"attachment_8686\" style=\"width: 510px\" class=\"wp-caption alignnone\"><a href=\"https:\/\/www.naturparkmagazin.de\/vdn\/wp-content\/uploads\/sites\/3\/Barreierefrei-im-Natura-2000-Gebietb-cHarry-Liebel.jpg\"><img aria-describedby=\"caption-attachment-8686\" decoding=\"async\" loading=\"lazy\" class=\"size-full wp-image-8686\" src=\"https:\/\/www.naturparkmagazin.de\/vdn\/wp-content\/uploads\/sites\/3\/Barreierefrei-im-Natura-2000-Gebietb-cHarry-Liebel.jpg\" alt=\"Barrierefrei im Natura 2000-Gebietb \u00a9 Harry Liebel\" width=\"500\" height=\"300\" srcset=\"https:\/\/www.naturparkmagazin.de\/vdn\/wp-content\/uploads\/sites\/3\/Barreierefrei-im-Natura-2000-Gebietb-cHarry-Liebel.jpg 500w, https:\/\/www.naturparkmagazin.de\/vdn\/wp-content\/uploads\/sites\/3\/Barreierefrei-im-Natura-2000-Gebietb-cHarry-Liebel-300x180.jpg 300w, https:\/\/www.naturparkmagazin.de\/vdn\/wp-content\/uploads\/sites\/3\/Barreierefrei-im-Natura-2000-Gebietb-cHarry-Liebel-200x120.jpg 200w\" sizes=\"(max-width: 500px) 100vw, 500px\" \/><\/a><p id=\"caption-attachment-8686\" class=\"wp-caption-text\">Barrierefrei im Natura 2000-Gebietb \u00a9 Harry Liebel<\/p><\/div>\n<p>Im Natura 2000 &#8211; Gebiet &#8222;Kammmolchhabitate um Eichelberg und Fichtholz bei Colmberg&#8220; wurde der erste forstlich bewirtschaftete und barrierefreie Wanderweg im Bayerischen Staatsforst errichtet.<\/p>\n<p>&nbsp;<\/p>\n<p>In 3 m\u00f6glichen Varianten, kann je nach Kondition, auf insgesamt 3,7 km das Gebiet mit Rollstuhl, Kinder- oder Gehwagen erkundet werden. 12 Rast- und Ruhepl\u00e4tze mit Informationen \u00fcber das Gebiet und M\u00f6glichkeiten zum pers\u00f6nlichen Entdecken der Besonderheiten runden das Angebot ab. Mehr Informationen k\u00f6nnen Sie \u00fcber den QR-Code auf den Tafeln erfahren und hier:<\/p>\n<p><a href=\"http:\/\/www.naturpark-frankenhoehe.de\/Erleben\/Barrierefrei.html\" target=\"_blank\">www.naturpark-frankenhoehe.de\/Erleben\/Barrierefrei.html<\/a><\/p>\n<p><a href=\"http:\/\/www.naturpark-frankenhoehe.de\/download.php?file=1_Uebersicht_A3_.pdf\" target=\"_blank\">www.naturpark-frankenhoehe.de\/download<\/a><\/p>\n<div id=\"attachment_8687\" style=\"width: 510px\" class=\"wp-caption alignnone\"><a href=\"https:\/\/www.naturparkmagazin.de\/vdn\/wp-content\/uploads\/sites\/3\/\u00dcbersichttafel.jpeg\"><img aria-describedby=\"caption-attachment-8687\" decoding=\"async\" loading=\"lazy\" class=\"size-full wp-image-8687\" src=\"https:\/\/www.naturparkmagazin.de\/vdn\/wp-content\/uploads\/sites\/3\/\u00dcbersichttafel.jpeg\" alt=\"\u00dcbersichtstafel \u00a9 Naturpark Frankenh\u00f6he\" width=\"500\" height=\"300\" srcset=\"https:\/\/www.naturparkmagazin.de\/vdn\/wp-content\/uploads\/sites\/3\/\u00dcbersichttafel.jpeg 500w, https:\/\/www.naturparkmagazin.de\/vdn\/wp-content\/uploads\/sites\/3\/\u00dcbersichttafel-300x180.jpeg 300w, https:\/\/www.naturparkmagazin.de\/vdn\/wp-content\/uploads\/sites\/3\/\u00dcbersichttafel-200x120.jpeg 200w\" sizes=\"(max-width: 500px) 100vw, 500px\" \/><\/a><p id=\"caption-attachment-8687\" class=\"wp-caption-text\">\u00dcbersichtstafel \u00a9 Naturpark Frankenh\u00f6he<\/p><\/div>\n<p>&nbsp;<\/p>\n<p>&nbsp;<\/p>\n","protected":false},"excerpt":{"rendered":"<p>Im Natura 2000 &#8211; Gebiet &#8222;Kammmolchhabitate um Eichelberg und Fichtholz bei Colmberg&#8220; wurde der erste forstlich bewirtschaftete und barrierefreie Wanderweg im Bayerischen Staatsforst errichtet.<\/p>\n","protected":false},"author":73,"featured_media":8685,"comment_status":"open","ping_status":"open","sticky":false,"template":"","format":"standard","meta":{"_links_to":"","_links_to_target":""},"categories":[617],"tags":[],"yoast_head":"<!-- This site is optimized with the Yoast SEO plugin v19.10 - https:\/\/yoast.com\/wordpress\/plugins\/seo\/ -->\n<title>Barrierefreier Wanderweg in Colmberg<\/title>\n<meta name=\"description\" content=\"Im Natura 2000 - Gebiet &quot;Kammmolchhabitate um Eichelberg und Fichtholz bei Colmberg&quot; wurde der erste forstlich bewirtschaftete und barrierefreie Wanderweg im Bayerischen Staatsforst errichtet.\" \/>\n<meta name=\"robots\" content=\"index, follow, max-snippet:-1, max-image-preview:large, max-video-preview:-1\" \/>\n<link rel=\"canonical\" href=\"https:\/\/www.naturparkmagazin.de\/vdn\/barrierefreier-wanderweg-in-colmberg\/\" \/>\n<meta property=\"og:locale\" content=\"de_DE\" \/>\n<meta property=\"og:type\" content=\"article\" \/>\n<meta property=\"og:title\" content=\"Barrierefreier Wanderweg in Colmberg\" \/>\n<meta property=\"og:description\" content=\"Im Natura 2000 - Gebiet &quot;Kammmolchhabitate um Eichelberg und Fichtholz bei Colmberg&quot; wurde der erste forstlich bewirtschaftete und barrierefreie Wanderweg im Bayerischen Staatsforst errichtet.\" \/>\n<meta property=\"og:url\" content=\"https:\/\/www.naturparkmagazin.de\/vdn\/barrierefreier-wanderweg-in-colmberg\/\" \/>\n<meta property=\"og:site_name\" content=\"Verband Deutscher Naturparke\" \/>\n<meta property=\"article:published_time\" content=\"2017-05-15T08:51:50+00:00\" \/>\n<meta property=\"article:modified_time\" content=\"2017-05-15T09:05:56+00:00\" \/>\n<meta property=\"og:image\" content=\"https:\/\/www.naturparkmagazin.de\/vdn\/wp-content\/uploads\/sites\/3\/Barreierefrei-im-Natura-2000-Gebietbf.jpg\" \/>\n\t<meta property=\"og:image:width\" content=\"200\" \/>\n\t<meta property=\"og:image:height\" content=\"200\" \/>\n\t<meta property=\"og:image:type\" content=\"image\/jpeg\" \/>\n<meta name=\"author\" content=\"manuelamerz\" \/>\n<meta name=\"twitter:label1\" content=\"Verfasst von\" \/>\n\t<meta name=\"twitter:data1\" content=\"manuelamerz\" \/>\n\t<meta name=\"twitter:label2\" content=\"Gesch\u00e4tzte Lesezeit\" \/>\n\t<meta name=\"twitter:data2\" content=\"1\u00a0Minute\" \/>\n<script type=\"application\/ld+json\" class=\"yoast-schema-graph\">{\"@context\":\"https:\/\/schema.org\",\"@graph\":[{\"@type\":\"WebPage\",\"@id\":\"https:\/\/www.naturparkmagazin.de\/vdn\/barrierefreier-wanderweg-in-colmberg\/\",\"url\":\"https:\/\/www.naturparkmagazin.de\/vdn\/barrierefreier-wanderweg-in-colmberg\/\",\"name\":\"Barrierefreier Wanderweg in Colmberg\",\"isPartOf\":{\"@id\":\"https:\/\/www.naturparkmagazin.de\/vdn\/#website\"},\"datePublished\":\"2017-05-15T08:51:50+00:00\",\"dateModified\":\"2017-05-15T09:05:56+00:00\",\"author\":{\"@id\":\"https:\/\/www.naturparkmagazin.de\/vdn\/#\/schema\/person\/3cff9b8773ed55f0189255fa9adfd57c\"},\"description\":\"Im Natura 2000 - Gebiet \\\"Kammmolchhabitate um Eichelberg und Fichtholz bei Colmberg\\\" wurde der erste forstlich bewirtschaftete und barrierefreie Wanderweg im Bayerischen Staatsforst errichtet.\",\"breadcrumb\":{\"@id\":\"https:\/\/www.naturparkmagazin.de\/vdn\/barrierefreier-wanderweg-in-colmberg\/#breadcrumb\"},\"inLanguage\":\"de\",\"potentialAction\":[{\"@type\":\"ReadAction\",\"target\":[\"https:\/\/www.naturparkmagazin.de\/vdn\/barrierefreier-wanderweg-in-colmberg\/\"]}]},{\"@type\":\"BreadcrumbList\",\"@id\":\"https:\/\/www.naturparkmagazin.de\/vdn\/barrierefreier-wanderweg-in-colmberg\/#breadcrumb\",\"itemListElement\":[{\"@type\":\"ListItem\",\"position\":1,\"name\":\"Home\",\"item\":\"https:\/\/www.naturparkmagazin.de\/vdn\/\"},{\"@type\":\"ListItem\",\"position\":2,\"name\":\"Barrierefreier Wanderweg in Colmberg\"}]},{\"@type\":\"WebSite\",\"@id\":\"https:\/\/www.naturparkmagazin.de\/vdn\/#website\",\"url\":\"https:\/\/www.naturparkmagazin.de\/vdn\/\",\"name\":\"Verband Deutscher Naturparke\",\"description\":\"Eine weitere Naturparkmagazin.de Netzwerk Seite\",\"potentialAction\":[{\"@type\":\"SearchAction\",\"target\":{\"@type\":\"EntryPoint\",\"urlTemplate\":\"https:\/\/www.naturparkmagazin.de\/vdn\/?s={search_term_string}\"},\"query-input\":\"required name=search_term_string\"}],\"inLanguage\":\"de\"},{\"@type\":\"Person\",\"@id\":\"https:\/\/www.naturparkmagazin.de\/vdn\/#\/schema\/person\/3cff9b8773ed55f0189255fa9adfd57c\",\"name\":\"manuelamerz\",\"url\":\"https:\/\/www.naturparkmagazin.de\/vdn\/author\/manuelamerz\/\"}]}<\/script>\n<!-- \/ Yoast SEO plugin. -->","yoast_head_json":{"title":"Barrierefreier Wanderweg in Colmberg","description":"Im Natura 2000 - Gebiet \"Kammmolchhabitate um Eichelberg und Fichtholz bei Colmberg\" wurde der erste forstlich bewirtschaftete und barrierefreie Wanderweg im Bayerischen Staatsforst errichtet.","robots":{"index":"index","follow":"follow","max-snippet":"max-snippet:-1","max-image-preview":"max-image-preview:large","max-video-preview":"max-video-preview:-1"},"canonical":"https:\/\/www.naturparkmagazin.de\/vdn\/barrierefreier-wanderweg-in-colmberg\/","og_locale":"de_DE","og_type":"article","og_title":"Barrierefreier Wanderweg in Colmberg","og_description":"Im Natura 2000 - Gebiet \"Kammmolchhabitate um Eichelberg und Fichtholz bei Colmberg\" wurde der erste forstlich bewirtschaftete und barrierefreie Wanderweg im Bayerischen Staatsforst errichtet.","og_url":"https:\/\/www.naturparkmagazin.de\/vdn\/barrierefreier-wanderweg-in-colmberg\/","og_site_name":"Verband Deutscher Naturparke","article_published_time":"2017-05-15T08:51:50+00:00","article_modified_time":"2017-05-15T09:05:56+00:00","og_image":[{"width":200,"height":200,"url":"https:\/\/www.naturparkmagazin.de\/vdn\/wp-content\/uploads\/sites\/3\/Barreierefrei-im-Natura-2000-Gebietbf.jpg","type":"image\/jpeg"}],"author":"manuelamerz","twitter_misc":{"Verfasst von":"manuelamerz","Gesch\u00e4tzte Lesezeit":"1\u00a0Minute"},"schema":{"@context":"https:\/\/schema.org","@graph":[{"@type":"WebPage","@id":"https:\/\/www.naturparkmagazin.de\/vdn\/barrierefreier-wanderweg-in-colmberg\/","url":"https:\/\/www.naturparkmagazin.de\/vdn\/barrierefreier-wanderweg-in-colmberg\/","name":"Barrierefreier Wanderweg in Colmberg","isPartOf":{"@id":"https:\/\/www.naturparkmagazin.de\/vdn\/#website"},"datePublished":"2017-05-15T08:51:50+00:00","dateModified":"2017-05-15T09:05:56+00:00","author":{"@id":"https:\/\/www.naturparkmagazin.de\/vdn\/#\/schema\/person\/3cff9b8773ed55f0189255fa9adfd57c"},"description":"Im Natura 2000 - Gebiet \"Kammmolchhabitate um Eichelberg und Fichtholz bei Colmberg\" wurde der erste forstlich bewirtschaftete und barrierefreie Wanderweg im Bayerischen Staatsforst errichtet.","breadcrumb":{"@id":"https:\/\/www.naturparkmagazin.de\/vdn\/barrierefreier-wanderweg-in-colmberg\/#breadcrumb"},"inLanguage":"de","potentialAction":[{"@type":"ReadAction","target":["https:\/\/www.naturparkmagazin.de\/vdn\/barrierefreier-wanderweg-in-colmberg\/"]}]},{"@type":"BreadcrumbList","@id":"https:\/\/www.naturparkmagazin.de\/vdn\/barrierefreier-wanderweg-in-colmberg\/#breadcrumb","itemListElement":[{"@type":"ListItem","position":1,"name":"Home","item":"https:\/\/www.naturparkmagazin.de\/vdn\/"},{"@type":"ListItem","position":2,"name":"Barrierefreier Wanderweg in Colmberg"}]},{"@type":"WebSite","@id":"https:\/\/www.naturparkmagazin.de\/vdn\/#website","url":"https:\/\/www.naturparkmagazin.de\/vdn\/","name":"Verband Deutscher Naturparke","description":"Eine weitere Naturparkmagazin.de Netzwerk Seite","potentialAction":[{"@type":"SearchAction","target":{"@type":"EntryPoint","urlTemplate":"https:\/\/www.naturparkmagazin.de\/vdn\/?s={search_term_string}"},"query-input":"required name=search_term_string"}],"inLanguage":"de"},{"@type":"Person","@id":"https:\/\/www.naturparkmagazin.de\/vdn\/#\/schema\/person\/3cff9b8773ed55f0189255fa9adfd57c","name":"manuelamerz","url":"https:\/\/www.naturparkmagazin.de\/vdn\/author\/manuelamerz\/"}]}},"_links":{"self":[{"href":"https:\/\/www.naturparkmagazin.de\/vdn\/wp-json\/wp\/v2\/posts\/8683"}],"collection":[{"href":"https:\/\/www.naturparkmagazin.de\/vdn\/wp-json\/wp\/v2\/posts"}],"about":[{"href":"https:\/\/www.naturparkmagazin.de\/vdn\/wp-json\/wp\/v2\/types\/post"}],"author":[{"embeddable":true,"href":"https:\/\/www.naturparkmagazin.de\/vdn\/wp-json\/wp\/v2\/users\/73"}],"replies":[{"embeddable":true,"href":"https:\/\/www.naturparkmagazin.de\/vdn\/wp-json\/wp\/v2\/comments?post=8683"}],"version-history":[{"count":3,"href":"https:\/\/www.naturparkmagazin.de\/vdn\/wp-json\/wp\/v2\/posts\/8683\/revisions"}],"predecessor-version":[{"id":8692,"href":"https:\/\/www.naturparkmagazin.de\/vdn\/wp-json\/wp\/v2\/posts\/8683\/revisions\/8692"}],"wp:featuredmedia":[{"embeddable":true,"href":"https:\/\/www.naturparkmagazin.de\/vdn\/wp-json\/wp\/v2\/media\/8685"}],"wp:attachment":[{"href":"https:\/\/www.naturparkmagazin.de\/vdn\/wp-json\/wp\/v2\/media?parent=8683"}],"wp:term":[{"taxonomy":"category","embeddable":true,"href":"https:\/\/www.naturparkmagazin.de\/vdn\/wp-json\/wp\/v2\/categories?post=8683"},{"taxonomy":"post_tag","embeddable":true,"href":"https:\/\/www.naturparkmagazin.de\/vdn\/wp-json\/wp\/v2\/tags?post=8683"}],"curies":[{"name":"wp","href":"https:\/\/api.w.org\/{rel}","templated":true}]}}