{"id":8693,"date":"2017-05-15T11:38:20","date_gmt":"2017-05-15T09:38:20","guid":{"rendered":"http:\/\/www.naturparkmagazin.de\/vdn\/?p=8693"},"modified":"2017-05-29T11:37:30","modified_gmt":"2017-05-29T09:37:30","slug":"talk-im-sueden-naturparketreffen-im-suedschwarzwald","status":"publish","type":"post","link":"https:\/\/www.naturparkmagazin.de\/vdn\/talk-im-sueden-naturparketreffen-im-suedschwarzwald\/","title":{"rendered":"\u201eTalk im S\u00fcden\u201c \u2013 Naturparketreffen im S\u00fcdschwarzwald"},"content":{"rendered":"<div id=\"attachment_8694\" style=\"width: 510px\" class=\"wp-caption alignnone\"><a href=\"https:\/\/www.naturparkmagazin.de\/vdn\/wp-content\/uploads\/sites\/3\/DSC2740Gesch\u00e4ftsf\u00fchrertagung-2017b.jpg\"><img aria-describedby=\"caption-attachment-8694\" decoding=\"async\" loading=\"lazy\" class=\"wp-image-8694 size-full\" src=\"https:\/\/www.naturparkmagazin.de\/vdn\/wp-content\/uploads\/sites\/3\/DSC2740Gesch\u00e4ftsf\u00fchrertagung-2017b.jpg\" alt=\"Teilnehmer der Gesch\u00e4ftsf\u00fchrertagung 2017 vor dem &quot;Haus der Natur&quot; auf dem Feldberg \u00a9 VDN\" width=\"500\" height=\"300\" srcset=\"https:\/\/www.naturparkmagazin.de\/vdn\/wp-content\/uploads\/sites\/3\/DSC2740Gesch\u00e4ftsf\u00fchrertagung-2017b.jpg 500w, https:\/\/www.naturparkmagazin.de\/vdn\/wp-content\/uploads\/sites\/3\/DSC2740Gesch\u00e4ftsf\u00fchrertagung-2017b-300x180.jpg 300w, https:\/\/www.naturparkmagazin.de\/vdn\/wp-content\/uploads\/sites\/3\/DSC2740Gesch\u00e4ftsf\u00fchrertagung-2017b-200x120.jpg 200w\" sizes=\"(max-width: 500px) 100vw, 500px\" \/><\/a><p id=\"caption-attachment-8694\" class=\"wp-caption-text\">Teilnehmer der Gesch\u00e4ftsf\u00fchrertagung 2017 vor dem &#8222;Haus der Natur&#8220; auf dem Feldberg \u00a9 VDN<\/p><\/div>\n<p>Vom 8. bis 10. Mai 2017 trafen sich \u00fcber 80 Vertreter aus 40 deutschen Naturparken auf ihrer j\u00e4hrlichen Tagung, um sich u\u0308ber aktuelle Themen ihrer Arbeit auszutauschen und um \u00fcber bundesweite Projekte zu diskutieren. Gastgeber der diesj\u00e4hrigen Jahrestagung der Gesch\u00e4ftsf\u00fchrer\/innen und Leiter\/innen der deutschen Naturparke war der Naturpark S\u00fcdschwarzwald.<\/p>\n<p>Auf dem Programm standen u.a. eine Fortbildung zum Thema \u201eNaturpark-Schule\u201c, die gemeinsame Kommunikation der Naturerlebnisangebote der Naturparke aus ganz Deutschland auf der Website www.naturparke.de, die bessere Einbeziehung von Menschen aus sozial benachteiligten Schichten, Menschen mit Migrationshintergrund und Gefl\u00fcchteten in die Angebote der Naturparke sowie die Bedeutung nachhaltiger Tourismusangebote in Naturparken f\u00fcr den Klimaschutz.<\/p>\n<p>Den Wert der Arbeit der Naturparke f\u00fcr das Land Baden-W\u00fcrttemberg betonte Ministerialdirektorin Puchan in ihrem Gru\u00dfwort am Er\u00f6ffnungsabend in Lenzkirch. \u201eDie sieben baden-w\u00fcrttembergischen Naturparke leisten wichtige Beitr\u00e4ge f\u00fcr die Entwicklung der l\u00e4ndlichen R\u00e4ume, den Erhalt der biologischen Vielfalt und die Bildung f\u00fcr nachhaltige Entwicklung in Kooperation mit Schulen, Kinderg\u00e4rten und weiteren Bildungseinrichtungen\u201c, so Puchan.<\/p>\n<p>Landr\u00e4tin Marion Dammann begr\u00fc\u00dfte die G\u00e4ste aus Naturparken aus ganz Deutschland und stellte die Arbeit des Naturparks S\u00fcdschwarzwald vor.<\/p>\n<p>Die Bedeutung der Arbeit der baden-w\u00fcrttembergischen Naturparke f\u00fcr die bundesweite Arbeit und Entwicklung der Naturparke stellte Dr. Michael Arndt heraus, Pr\u00e4sident des Verbandes Deutscher Naturpark (VDN), der die Tagung gemeinsam mit dem Naturpark S\u00fcdschwarzwald ausrichtete.<\/p>\n<p>In zwei Exkursionen stellte der Naturpark S\u00fcdschwarzwald den G\u00e4sten aus den bundesweiten Naturparken seine Arbeit vor. Exkursionspunkte waren das Besucherzentrum \u201eHaus der Natur\u201c, eine Wanderung am Feldberg zu dem Thema \u201eArnika und Hinterw\u00e4lder versus FIS-Weltcup und 8-er Sessel?\u201c eine Exkursion in Lenzkirch-Saig mit den Themen Landwirtschaft im Hochschwarzwald und Schwarzwaldhaus und Moderne.<\/p>\n<p>&gt;<a href=\"http:\/\/www.naturparke.de\/system\/articledownloads\/501\/original\/PM_05-2017_01_GFT_2017_final.pdf?1494277308\" target=\"_blank\">&gt; Hier <\/a>k\u00f6nnen Sie die Pressemitteilung downloaden<\/p>\n<p>&nbsp;<\/p>\n","protected":false},"excerpt":{"rendered":"<p>Vom 8. bis 10. Mai 2017 trafen sich \u00fcber 80 Vertreter aus 40 deutschen Naturparken auf ihrer j\u00e4hrlichen Tagung, um sich u\u0308ber aktuelle Themen ihrer Arbeit auszutauschen. <\/p>\n","protected":false},"author":73,"featured_media":8695,"comment_status":"open","ping_status":"open","sticky":false,"template":"","format":"standard","meta":{"_links_to":"","_links_to_target":""},"categories":[7],"tags":[],"yoast_head":"<!-- This site is optimized with the Yoast SEO plugin v19.10 - https:\/\/yoast.com\/wordpress\/plugins\/seo\/ -->\n<title>\u201eTalk im S\u00fcden\u201c \u2013 Naturparketreffen im S\u00fcdschwarzwald<\/title>\n<meta name=\"description\" content=\"Vom 8. bis 10. Mai 2017 trafen sich \u00fcber 80 Vertreter aus 40 deutschen Naturparken auf ihrer j\u00e4hrlichen Tagung, um sich u\u0308ber aktuelle Themen ihrer Arbeit auszutauschen.\" \/>\n<meta name=\"robots\" content=\"index, follow, max-snippet:-1, max-image-preview:large, max-video-preview:-1\" \/>\n<link rel=\"canonical\" href=\"https:\/\/www.naturparkmagazin.de\/vdn\/talk-im-sueden-naturparketreffen-im-suedschwarzwald\/\" \/>\n<meta property=\"og:locale\" content=\"de_DE\" \/>\n<meta property=\"og:type\" content=\"article\" \/>\n<meta property=\"og:title\" content=\"\u201eTalk im S\u00fcden\u201c \u2013 Naturparketreffen im S\u00fcdschwarzwald\" \/>\n<meta property=\"og:description\" content=\"Vom 8. bis 10. Mai 2017 trafen sich \u00fcber 80 Vertreter aus 40 deutschen Naturparken auf ihrer j\u00e4hrlichen Tagung, um sich u\u0308ber aktuelle Themen ihrer Arbeit auszutauschen.\" \/>\n<meta property=\"og:url\" content=\"https:\/\/www.naturparkmagazin.de\/vdn\/talk-im-sueden-naturparketreffen-im-suedschwarzwald\/\" \/>\n<meta property=\"og:site_name\" content=\"Verband Deutscher Naturparke\" \/>\n<meta property=\"article:published_time\" content=\"2017-05-15T09:38:20+00:00\" \/>\n<meta property=\"article:modified_time\" content=\"2017-05-29T09:37:30+00:00\" \/>\n<meta property=\"og:image\" content=\"https:\/\/www.naturparkmagazin.de\/vdn\/wp-content\/uploads\/sites\/3\/DSC2740Gesch\u00e4ftsf\u00fchrertagung-2017bf.jpg\" \/>\n\t<meta property=\"og:image:width\" content=\"200\" \/>\n\t<meta property=\"og:image:height\" content=\"200\" \/>\n\t<meta property=\"og:image:type\" content=\"image\/jpeg\" \/>\n<meta name=\"author\" content=\"manuelamerz\" \/>\n<meta name=\"twitter:label1\" content=\"Verfasst von\" \/>\n\t<meta name=\"twitter:data1\" content=\"manuelamerz\" \/>\n\t<meta name=\"twitter:label2\" content=\"Gesch\u00e4tzte Lesezeit\" \/>\n\t<meta name=\"twitter:data2\" content=\"2\u00a0Minuten\" \/>\n<script type=\"application\/ld+json\" class=\"yoast-schema-graph\">{\"@context\":\"https:\/\/schema.org\",\"@graph\":[{\"@type\":\"WebPage\",\"@id\":\"https:\/\/www.naturparkmagazin.de\/vdn\/talk-im-sueden-naturparketreffen-im-suedschwarzwald\/\",\"url\":\"https:\/\/www.naturparkmagazin.de\/vdn\/talk-im-sueden-naturparketreffen-im-suedschwarzwald\/\",\"name\":\"\u201eTalk im S\u00fcden\u201c \u2013 Naturparketreffen im S\u00fcdschwarzwald\",\"isPartOf\":{\"@id\":\"https:\/\/www.naturparkmagazin.de\/vdn\/#website\"},\"datePublished\":\"2017-05-15T09:38:20+00:00\",\"dateModified\":\"2017-05-29T09:37:30+00:00\",\"author\":{\"@id\":\"https:\/\/www.naturparkmagazin.de\/vdn\/#\/schema\/person\/3cff9b8773ed55f0189255fa9adfd57c\"},\"description\":\"Vom 8. bis 10. Mai 2017 trafen sich \u00fcber 80 Vertreter aus 40 deutschen Naturparken auf ihrer j\u00e4hrlichen Tagung, um sich u\u0308ber aktuelle Themen ihrer Arbeit auszutauschen.\",\"breadcrumb\":{\"@id\":\"https:\/\/www.naturparkmagazin.de\/vdn\/talk-im-sueden-naturparketreffen-im-suedschwarzwald\/#breadcrumb\"},\"inLanguage\":\"de\",\"potentialAction\":[{\"@type\":\"ReadAction\",\"target\":[\"https:\/\/www.naturparkmagazin.de\/vdn\/talk-im-sueden-naturparketreffen-im-suedschwarzwald\/\"]}]},{\"@type\":\"BreadcrumbList\",\"@id\":\"https:\/\/www.naturparkmagazin.de\/vdn\/talk-im-sueden-naturparketreffen-im-suedschwarzwald\/#breadcrumb\",\"itemListElement\":[{\"@type\":\"ListItem\",\"position\":1,\"name\":\"Home\",\"item\":\"https:\/\/www.naturparkmagazin.de\/vdn\/\"},{\"@type\":\"ListItem\",\"position\":2,\"name\":\"\u201eTalk im S\u00fcden\u201c \u2013 Naturparketreffen im S\u00fcdschwarzwald\"}]},{\"@type\":\"WebSite\",\"@id\":\"https:\/\/www.naturparkmagazin.de\/vdn\/#website\",\"url\":\"https:\/\/www.naturparkmagazin.de\/vdn\/\",\"name\":\"Verband Deutscher Naturparke\",\"description\":\"Eine weitere Naturparkmagazin.de Netzwerk Seite\",\"potentialAction\":[{\"@type\":\"SearchAction\",\"target\":{\"@type\":\"EntryPoint\",\"urlTemplate\":\"https:\/\/www.naturparkmagazin.de\/vdn\/?s={search_term_string}\"},\"query-input\":\"required name=search_term_string\"}],\"inLanguage\":\"de\"},{\"@type\":\"Person\",\"@id\":\"https:\/\/www.naturparkmagazin.de\/vdn\/#\/schema\/person\/3cff9b8773ed55f0189255fa9adfd57c\",\"name\":\"manuelamerz\",\"url\":\"https:\/\/www.naturparkmagazin.de\/vdn\/author\/manuelamerz\/\"}]}<\/script>\n<!-- \/ Yoast SEO plugin. -->","yoast_head_json":{"title":"\u201eTalk im S\u00fcden\u201c \u2013 Naturparketreffen im S\u00fcdschwarzwald","description":"Vom 8. bis 10. Mai 2017 trafen sich \u00fcber 80 Vertreter aus 40 deutschen Naturparken auf ihrer j\u00e4hrlichen Tagung, um sich u\u0308ber aktuelle Themen ihrer Arbeit auszutauschen.","robots":{"index":"index","follow":"follow","max-snippet":"max-snippet:-1","max-image-preview":"max-image-preview:large","max-video-preview":"max-video-preview:-1"},"canonical":"https:\/\/www.naturparkmagazin.de\/vdn\/talk-im-sueden-naturparketreffen-im-suedschwarzwald\/","og_locale":"de_DE","og_type":"article","og_title":"\u201eTalk im S\u00fcden\u201c \u2013 Naturparketreffen im S\u00fcdschwarzwald","og_description":"Vom 8. bis 10. Mai 2017 trafen sich \u00fcber 80 Vertreter aus 40 deutschen Naturparken auf ihrer j\u00e4hrlichen Tagung, um sich u\u0308ber aktuelle Themen ihrer Arbeit auszutauschen.","og_url":"https:\/\/www.naturparkmagazin.de\/vdn\/talk-im-sueden-naturparketreffen-im-suedschwarzwald\/","og_site_name":"Verband Deutscher Naturparke","article_published_time":"2017-05-15T09:38:20+00:00","article_modified_time":"2017-05-29T09:37:30+00:00","og_image":[{"width":200,"height":200,"url":"https:\/\/www.naturparkmagazin.de\/vdn\/wp-content\/uploads\/sites\/3\/DSC2740Gesch\u00e4ftsf\u00fchrertagung-2017bf.jpg","type":"image\/jpeg"}],"author":"manuelamerz","twitter_misc":{"Verfasst von":"manuelamerz","Gesch\u00e4tzte Lesezeit":"2\u00a0Minuten"},"schema":{"@context":"https:\/\/schema.org","@graph":[{"@type":"WebPage","@id":"https:\/\/www.naturparkmagazin.de\/vdn\/talk-im-sueden-naturparketreffen-im-suedschwarzwald\/","url":"https:\/\/www.naturparkmagazin.de\/vdn\/talk-im-sueden-naturparketreffen-im-suedschwarzwald\/","name":"\u201eTalk im S\u00fcden\u201c \u2013 Naturparketreffen im S\u00fcdschwarzwald","isPartOf":{"@id":"https:\/\/www.naturparkmagazin.de\/vdn\/#website"},"datePublished":"2017-05-15T09:38:20+00:00","dateModified":"2017-05-29T09:37:30+00:00","author":{"@id":"https:\/\/www.naturparkmagazin.de\/vdn\/#\/schema\/person\/3cff9b8773ed55f0189255fa9adfd57c"},"description":"Vom 8. bis 10. Mai 2017 trafen sich \u00fcber 80 Vertreter aus 40 deutschen Naturparken auf ihrer j\u00e4hrlichen Tagung, um sich u\u0308ber aktuelle Themen ihrer Arbeit auszutauschen.","breadcrumb":{"@id":"https:\/\/www.naturparkmagazin.de\/vdn\/talk-im-sueden-naturparketreffen-im-suedschwarzwald\/#breadcrumb"},"inLanguage":"de","potentialAction":[{"@type":"ReadAction","target":["https:\/\/www.naturparkmagazin.de\/vdn\/talk-im-sueden-naturparketreffen-im-suedschwarzwald\/"]}]},{"@type":"BreadcrumbList","@id":"https:\/\/www.naturparkmagazin.de\/vdn\/talk-im-sueden-naturparketreffen-im-suedschwarzwald\/#breadcrumb","itemListElement":[{"@type":"ListItem","position":1,"name":"Home","item":"https:\/\/www.naturparkmagazin.de\/vdn\/"},{"@type":"ListItem","position":2,"name":"\u201eTalk im S\u00fcden\u201c \u2013 Naturparketreffen im S\u00fcdschwarzwald"}]},{"@type":"WebSite","@id":"https:\/\/www.naturparkmagazin.de\/vdn\/#website","url":"https:\/\/www.naturparkmagazin.de\/vdn\/","name":"Verband Deutscher Naturparke","description":"Eine weitere Naturparkmagazin.de Netzwerk Seite","potentialAction":[{"@type":"SearchAction","target":{"@type":"EntryPoint","urlTemplate":"https:\/\/www.naturparkmagazin.de\/vdn\/?s={search_term_string}"},"query-input":"required name=search_term_string"}],"inLanguage":"de"},{"@type":"Person","@id":"https:\/\/www.naturparkmagazin.de\/vdn\/#\/schema\/person\/3cff9b8773ed55f0189255fa9adfd57c","name":"manuelamerz","url":"https:\/\/www.naturparkmagazin.de\/vdn\/author\/manuelamerz\/"}]}},"_links":{"self":[{"href":"https:\/\/www.naturparkmagazin.de\/vdn\/wp-json\/wp\/v2\/posts\/8693"}],"collection":[{"href":"https:\/\/www.naturparkmagazin.de\/vdn\/wp-json\/wp\/v2\/posts"}],"about":[{"href":"https:\/\/www.naturparkmagazin.de\/vdn\/wp-json\/wp\/v2\/types\/post"}],"author":[{"embeddable":true,"href":"https:\/\/www.naturparkmagazin.de\/vdn\/wp-json\/wp\/v2\/users\/73"}],"replies":[{"embeddable":true,"href":"https:\/\/www.naturparkmagazin.de\/vdn\/wp-json\/wp\/v2\/comments?post=8693"}],"version-history":[{"count":4,"href":"https:\/\/www.naturparkmagazin.de\/vdn\/wp-json\/wp\/v2\/posts\/8693\/revisions"}],"predecessor-version":[{"id":8800,"href":"https:\/\/www.naturparkmagazin.de\/vdn\/wp-json\/wp\/v2\/posts\/8693\/revisions\/8800"}],"wp:featuredmedia":[{"embeddable":true,"href":"https:\/\/www.naturparkmagazin.de\/vdn\/wp-json\/wp\/v2\/media\/8695"}],"wp:attachment":[{"href":"https:\/\/www.naturparkmagazin.de\/vdn\/wp-json\/wp\/v2\/media?parent=8693"}],"wp:term":[{"taxonomy":"category","embeddable":true,"href":"https:\/\/www.naturparkmagazin.de\/vdn\/wp-json\/wp\/v2\/categories?post=8693"},{"taxonomy":"post_tag","embeddable":true,"href":"https:\/\/www.naturparkmagazin.de\/vdn\/wp-json\/wp\/v2\/tags?post=8693"}],"curies":[{"name":"wp","href":"https:\/\/api.w.org\/{rel}","templated":true}]}}