{"id":8697,"date":"2017-05-15T12:40:19","date_gmt":"2017-05-15T10:40:19","guid":{"rendered":"http:\/\/www.naturparkmagazin.de\/vdn\/?p=8697"},"modified":"2017-05-29T11:33:40","modified_gmt":"2017-05-29T09:33:40","slug":"neugierde-gewecktatur-naturpark-wandertag-2017","status":"publish","type":"post","link":"https:\/\/www.naturparkmagazin.de\/vdn\/neugierde-gewecktatur-naturpark-wandertag-2017\/","title":{"rendered":"\u201eNeugierde geweckt\u201c \u2013 Naturpark-Wandertag 2017"},"content":{"rendered":"<div id=\"attachment_8790\" style=\"width: 510px\" class=\"wp-caption aligncenter\"><a href=\"https:\/\/www.naturparkmagazin.de\/vdn\/wp-content\/uploads\/sites\/3\/Liesen_Familie-vor-Ausblick-im-S\u00fcdschwarzwald_beitrag.jpg\"><img aria-describedby=\"caption-attachment-8790\" decoding=\"async\" loading=\"lazy\" class=\"size-full wp-image-8790\" src=\"https:\/\/www.naturparkmagazin.de\/vdn\/wp-content\/uploads\/sites\/3\/Liesen_Familie-vor-Ausblick-im-S\u00fcdschwarzwald_beitrag.jpg\" alt=\"Familie vor Ausblick im S\u00fcdschwarzwald - Copyright: J\u00f6rg Liesen\" width=\"500\" height=\"300\" srcset=\"https:\/\/www.naturparkmagazin.de\/vdn\/wp-content\/uploads\/sites\/3\/Liesen_Familie-vor-Ausblick-im-S\u00fcdschwarzwald_beitrag.jpg 500w, https:\/\/www.naturparkmagazin.de\/vdn\/wp-content\/uploads\/sites\/3\/Liesen_Familie-vor-Ausblick-im-S\u00fcdschwarzwald_beitrag-300x180.jpg 300w, https:\/\/www.naturparkmagazin.de\/vdn\/wp-content\/uploads\/sites\/3\/Liesen_Familie-vor-Ausblick-im-S\u00fcdschwarzwald_beitrag-200x120.jpg 200w\" sizes=\"(max-width: 500px) 100vw, 500px\" \/><\/a><p id=\"caption-attachment-8790\" class=\"wp-caption-text\">Familie vor Ausblick im S\u00fcdschwarzwald &#8211; Copyright: J\u00f6rg Liesen<\/p><\/div>\n<p>Neugierde auf Natur zu wecken, ist ein Hauptanliegen der Naturparke. Schon zum vierten Male lud der Verband Deutscher Naturparke am 28. Mai zum \u201eNaturpark-Wandertag\u201c ein. Im Mittelpunkt stand am diesj\u00e4hrigen Naturpark-Wandertag wieder das gemeinsame Naturerlebnis. \u00dcberall in Deutschland konnten die Teilnehmer ihre Region auf neue Weise entdecken und \u00dcberraschendes \u00fcber die Zusammenh\u00e4nge in der Natur erfahren. Ob von einem fachkundigen Naturpark-F\u00fchrer begleitet oder auf eigene Faust, in kleinen oder gro\u00dfen Gruppen kamen Spa\u00df und Naturgenuss nicht zu kurz.<\/p>\n<p>Der \u201eNaturpark-Wandertag\u201c findet aus Anlass des \u201eEurop\u00e4ischen Tags der Parke\u201c statt, der in ganz Europa am 24. Mai gefeiert wird. Ziel des \u201eNaturpark-Wandertages\u201c und des \u201eEurop\u00e4ischen Tags der Parke\u201c ist es, Menschen n\u00e4her an die Natur heranzuf\u00fchren. In den angebotenen Veranstaltungen wird der Wert von Schutzgebieten hervorgehoben und den Menschen vermittelt, um damit diese besonderen Gebiete mit ihrer reichen Artenvielfalt zu bewahren.<\/p>\n<p><a href=\"http:\/\/www.naturparke.de\/system\/articledownloads\/502\/original\/PM_05-2017-3_Naturpark_Wandertag_2017_final.pdf?1495547716\" target=\"_blank\">&gt;&gt; Hier k\u00f6nnen Sie die Pressemitteilung downloaden<\/a><\/p>\n<p>&nbsp;<\/p>\n","protected":false},"excerpt":{"rendered":"<p>Schon zum vierten Male lud der Verband Deutscher Naturparke am 28. Mai 2017 zum \u201eNaturpark-Wandertag\u201c ein. Im Mittelpunkt stand wieder das gemeinsame Naturerlebnis.<\/p>\n","protected":false},"author":73,"featured_media":8791,"comment_status":"open","ping_status":"open","sticky":false,"template":"","format":"standard","meta":{"_links_to":"","_links_to_target":""},"categories":[7],"tags":[],"yoast_head":"<!-- This site is optimized with the Yoast SEO plugin v19.10 - https:\/\/yoast.com\/wordpress\/plugins\/seo\/ -->\n<title>\u201eNeugierde geweckt\u201c \u2013 Naturpark-Wandertag 2017<\/title>\n<meta name=\"description\" content=\"Schon zum vierten Male lud der Verband Deutscher Naturparke am 28. Mai 2017 zum \u201eNaturpark-Wandertag\u201c ein. Im Mittelpunkt stand wieder das gemeinsame Naturerlebnis.\" \/>\n<meta name=\"robots\" content=\"index, follow, max-snippet:-1, max-image-preview:large, max-video-preview:-1\" \/>\n<link rel=\"canonical\" href=\"https:\/\/www.naturparkmagazin.de\/vdn\/neugierde-gewecktatur-naturpark-wandertag-2017\/\" \/>\n<meta property=\"og:locale\" content=\"de_DE\" \/>\n<meta property=\"og:type\" content=\"article\" \/>\n<meta property=\"og:title\" content=\"\u201eNeugierde geweckt\u201c \u2013 Naturpark-Wandertag 2017\" \/>\n<meta property=\"og:description\" content=\"Schon zum vierten Male lud der Verband Deutscher Naturparke am 28. Mai 2017 zum \u201eNaturpark-Wandertag\u201c ein. Im Mittelpunkt stand wieder das gemeinsame Naturerlebnis.\" \/>\n<meta property=\"og:url\" content=\"https:\/\/www.naturparkmagazin.de\/vdn\/neugierde-gewecktatur-naturpark-wandertag-2017\/\" \/>\n<meta property=\"og:site_name\" content=\"Verband Deutscher Naturparke\" \/>\n<meta property=\"article:published_time\" content=\"2017-05-15T10:40:19+00:00\" \/>\n<meta property=\"article:modified_time\" content=\"2017-05-29T09:33:40+00:00\" \/>\n<meta property=\"og:image\" content=\"https:\/\/www.naturparkmagazin.de\/vdn\/wp-content\/uploads\/sites\/3\/Liesen_Familie-vor-Ausblick-im-S\u00fcdschwarzwald_beitragsbild.jpg\" \/>\n\t<meta property=\"og:image:width\" content=\"200\" \/>\n\t<meta property=\"og:image:height\" content=\"200\" \/>\n\t<meta property=\"og:image:type\" content=\"image\/jpeg\" \/>\n<meta name=\"author\" content=\"manuelamerz\" \/>\n<meta name=\"twitter:label1\" content=\"Verfasst von\" \/>\n\t<meta name=\"twitter:data1\" content=\"manuelamerz\" \/>\n\t<meta name=\"twitter:label2\" content=\"Gesch\u00e4tzte Lesezeit\" \/>\n\t<meta name=\"twitter:data2\" content=\"1\u00a0Minute\" \/>\n<script type=\"application\/ld+json\" class=\"yoast-schema-graph\">{\"@context\":\"https:\/\/schema.org\",\"@graph\":[{\"@type\":\"WebPage\",\"@id\":\"https:\/\/www.naturparkmagazin.de\/vdn\/neugierde-gewecktatur-naturpark-wandertag-2017\/\",\"url\":\"https:\/\/www.naturparkmagazin.de\/vdn\/neugierde-gewecktatur-naturpark-wandertag-2017\/\",\"name\":\"\u201eNeugierde geweckt\u201c \u2013 Naturpark-Wandertag 2017\",\"isPartOf\":{\"@id\":\"https:\/\/www.naturparkmagazin.de\/vdn\/#website\"},\"datePublished\":\"2017-05-15T10:40:19+00:00\",\"dateModified\":\"2017-05-29T09:33:40+00:00\",\"author\":{\"@id\":\"https:\/\/www.naturparkmagazin.de\/vdn\/#\/schema\/person\/3cff9b8773ed55f0189255fa9adfd57c\"},\"description\":\"Schon zum vierten Male lud der Verband Deutscher Naturparke am 28. Mai 2017 zum \u201eNaturpark-Wandertag\u201c ein. Im Mittelpunkt stand wieder das gemeinsame Naturerlebnis.\",\"breadcrumb\":{\"@id\":\"https:\/\/www.naturparkmagazin.de\/vdn\/neugierde-gewecktatur-naturpark-wandertag-2017\/#breadcrumb\"},\"inLanguage\":\"de\",\"potentialAction\":[{\"@type\":\"ReadAction\",\"target\":[\"https:\/\/www.naturparkmagazin.de\/vdn\/neugierde-gewecktatur-naturpark-wandertag-2017\/\"]}]},{\"@type\":\"BreadcrumbList\",\"@id\":\"https:\/\/www.naturparkmagazin.de\/vdn\/neugierde-gewecktatur-naturpark-wandertag-2017\/#breadcrumb\",\"itemListElement\":[{\"@type\":\"ListItem\",\"position\":1,\"name\":\"Home\",\"item\":\"https:\/\/www.naturparkmagazin.de\/vdn\/\"},{\"@type\":\"ListItem\",\"position\":2,\"name\":\"\u201eNeugierde geweckt\u201c \u2013 Naturpark-Wandertag 2017\"}]},{\"@type\":\"WebSite\",\"@id\":\"https:\/\/www.naturparkmagazin.de\/vdn\/#website\",\"url\":\"https:\/\/www.naturparkmagazin.de\/vdn\/\",\"name\":\"Verband Deutscher Naturparke\",\"description\":\"Eine weitere Naturparkmagazin.de Netzwerk Seite\",\"potentialAction\":[{\"@type\":\"SearchAction\",\"target\":{\"@type\":\"EntryPoint\",\"urlTemplate\":\"https:\/\/www.naturparkmagazin.de\/vdn\/?s={search_term_string}\"},\"query-input\":\"required name=search_term_string\"}],\"inLanguage\":\"de\"},{\"@type\":\"Person\",\"@id\":\"https:\/\/www.naturparkmagazin.de\/vdn\/#\/schema\/person\/3cff9b8773ed55f0189255fa9adfd57c\",\"name\":\"manuelamerz\",\"url\":\"https:\/\/www.naturparkmagazin.de\/vdn\/author\/manuelamerz\/\"}]}<\/script>\n<!-- \/ Yoast SEO plugin. -->","yoast_head_json":{"title":"\u201eNeugierde geweckt\u201c \u2013 Naturpark-Wandertag 2017","description":"Schon zum vierten Male lud der Verband Deutscher Naturparke am 28. Mai 2017 zum \u201eNaturpark-Wandertag\u201c ein. Im Mittelpunkt stand wieder das gemeinsame Naturerlebnis.","robots":{"index":"index","follow":"follow","max-snippet":"max-snippet:-1","max-image-preview":"max-image-preview:large","max-video-preview":"max-video-preview:-1"},"canonical":"https:\/\/www.naturparkmagazin.de\/vdn\/neugierde-gewecktatur-naturpark-wandertag-2017\/","og_locale":"de_DE","og_type":"article","og_title":"\u201eNeugierde geweckt\u201c \u2013 Naturpark-Wandertag 2017","og_description":"Schon zum vierten Male lud der Verband Deutscher Naturparke am 28. Mai 2017 zum \u201eNaturpark-Wandertag\u201c ein. Im Mittelpunkt stand wieder das gemeinsame Naturerlebnis.","og_url":"https:\/\/www.naturparkmagazin.de\/vdn\/neugierde-gewecktatur-naturpark-wandertag-2017\/","og_site_name":"Verband Deutscher Naturparke","article_published_time":"2017-05-15T10:40:19+00:00","article_modified_time":"2017-05-29T09:33:40+00:00","og_image":[{"width":200,"height":200,"url":"https:\/\/www.naturparkmagazin.de\/vdn\/wp-content\/uploads\/sites\/3\/Liesen_Familie-vor-Ausblick-im-S\u00fcdschwarzwald_beitragsbild.jpg","type":"image\/jpeg"}],"author":"manuelamerz","twitter_misc":{"Verfasst von":"manuelamerz","Gesch\u00e4tzte Lesezeit":"1\u00a0Minute"},"schema":{"@context":"https:\/\/schema.org","@graph":[{"@type":"WebPage","@id":"https:\/\/www.naturparkmagazin.de\/vdn\/neugierde-gewecktatur-naturpark-wandertag-2017\/","url":"https:\/\/www.naturparkmagazin.de\/vdn\/neugierde-gewecktatur-naturpark-wandertag-2017\/","name":"\u201eNeugierde geweckt\u201c \u2013 Naturpark-Wandertag 2017","isPartOf":{"@id":"https:\/\/www.naturparkmagazin.de\/vdn\/#website"},"datePublished":"2017-05-15T10:40:19+00:00","dateModified":"2017-05-29T09:33:40+00:00","author":{"@id":"https:\/\/www.naturparkmagazin.de\/vdn\/#\/schema\/person\/3cff9b8773ed55f0189255fa9adfd57c"},"description":"Schon zum vierten Male lud der Verband Deutscher Naturparke am 28. Mai 2017 zum \u201eNaturpark-Wandertag\u201c ein. Im Mittelpunkt stand wieder das gemeinsame Naturerlebnis.","breadcrumb":{"@id":"https:\/\/www.naturparkmagazin.de\/vdn\/neugierde-gewecktatur-naturpark-wandertag-2017\/#breadcrumb"},"inLanguage":"de","potentialAction":[{"@type":"ReadAction","target":["https:\/\/www.naturparkmagazin.de\/vdn\/neugierde-gewecktatur-naturpark-wandertag-2017\/"]}]},{"@type":"BreadcrumbList","@id":"https:\/\/www.naturparkmagazin.de\/vdn\/neugierde-gewecktatur-naturpark-wandertag-2017\/#breadcrumb","itemListElement":[{"@type":"ListItem","position":1,"name":"Home","item":"https:\/\/www.naturparkmagazin.de\/vdn\/"},{"@type":"ListItem","position":2,"name":"\u201eNeugierde geweckt\u201c \u2013 Naturpark-Wandertag 2017"}]},{"@type":"WebSite","@id":"https:\/\/www.naturparkmagazin.de\/vdn\/#website","url":"https:\/\/www.naturparkmagazin.de\/vdn\/","name":"Verband Deutscher Naturparke","description":"Eine weitere Naturparkmagazin.de Netzwerk Seite","potentialAction":[{"@type":"SearchAction","target":{"@type":"EntryPoint","urlTemplate":"https:\/\/www.naturparkmagazin.de\/vdn\/?s={search_term_string}"},"query-input":"required name=search_term_string"}],"inLanguage":"de"},{"@type":"Person","@id":"https:\/\/www.naturparkmagazin.de\/vdn\/#\/schema\/person\/3cff9b8773ed55f0189255fa9adfd57c","name":"manuelamerz","url":"https:\/\/www.naturparkmagazin.de\/vdn\/author\/manuelamerz\/"}]}},"_links":{"self":[{"href":"https:\/\/www.naturparkmagazin.de\/vdn\/wp-json\/wp\/v2\/posts\/8697"}],"collection":[{"href":"https:\/\/www.naturparkmagazin.de\/vdn\/wp-json\/wp\/v2\/posts"}],"about":[{"href":"https:\/\/www.naturparkmagazin.de\/vdn\/wp-json\/wp\/v2\/types\/post"}],"author":[{"embeddable":true,"href":"https:\/\/www.naturparkmagazin.de\/vdn\/wp-json\/wp\/v2\/users\/73"}],"replies":[{"embeddable":true,"href":"https:\/\/www.naturparkmagazin.de\/vdn\/wp-json\/wp\/v2\/comments?post=8697"}],"version-history":[{"count":10,"href":"https:\/\/www.naturparkmagazin.de\/vdn\/wp-json\/wp\/v2\/posts\/8697\/revisions"}],"predecessor-version":[{"id":8789,"href":"https:\/\/www.naturparkmagazin.de\/vdn\/wp-json\/wp\/v2\/posts\/8697\/revisions\/8789"}],"wp:featuredmedia":[{"embeddable":true,"href":"https:\/\/www.naturparkmagazin.de\/vdn\/wp-json\/wp\/v2\/media\/8791"}],"wp:attachment":[{"href":"https:\/\/www.naturparkmagazin.de\/vdn\/wp-json\/wp\/v2\/media?parent=8697"}],"wp:term":[{"taxonomy":"category","embeddable":true,"href":"https:\/\/www.naturparkmagazin.de\/vdn\/wp-json\/wp\/v2\/categories?post=8697"},{"taxonomy":"post_tag","embeddable":true,"href":"https:\/\/www.naturparkmagazin.de\/vdn\/wp-json\/wp\/v2\/tags?post=8697"}],"curies":[{"name":"wp","href":"https:\/\/api.w.org\/{rel}","templated":true}]}}