{"id":8725,"date":"2017-05-15T14:00:20","date_gmt":"2017-05-15T12:00:20","guid":{"rendered":"http:\/\/www.naturparkmagazin.de\/vdn\/?p=8725"},"modified":"2017-05-15T14:00:20","modified_gmt":"2017-05-15T12:00:20","slug":"regina-bremm","status":"publish","type":"post","link":"https:\/\/www.naturparkmagazin.de\/vdn\/regina-bremm\/","title":{"rendered":"Regina Bremm"},"content":{"rendered":"<div id=\"attachment_8726\" style=\"width: 510px\" class=\"wp-caption alignnone\"><a href=\"https:\/\/www.naturparkmagazin.de\/vdn\/wp-content\/uploads\/sites\/3\/Regina-Bremmb.jpg\"><img aria-describedby=\"caption-attachment-8726\" decoding=\"async\" loading=\"lazy\" class=\"size-full wp-image-8726\" src=\"https:\/\/www.naturparkmagazin.de\/vdn\/wp-content\/uploads\/sites\/3\/Regina-Bremmb.jpg\" alt=\"\u00a9 Regina Bremm\" width=\"500\" height=\"300\" srcset=\"https:\/\/www.naturparkmagazin.de\/vdn\/wp-content\/uploads\/sites\/3\/Regina-Bremmb.jpg 500w, https:\/\/www.naturparkmagazin.de\/vdn\/wp-content\/uploads\/sites\/3\/Regina-Bremmb-300x180.jpg 300w, https:\/\/www.naturparkmagazin.de\/vdn\/wp-content\/uploads\/sites\/3\/Regina-Bremmb-200x120.jpg 200w\" sizes=\"(max-width: 500px) 100vw, 500px\" \/><\/a><p id=\"caption-attachment-8726\" class=\"wp-caption-text\">\u00a9 Regina Bremm<\/p><\/div>\n<p>Regina Bremm, lebt und arbeitet im Naturpark Frankenh\u00f6he. Die studierte Tourismusbetriebswirtin ist \u00fcber ihren Beruf in die Region gekommen und hat sie privat lieben gelernt. Als Gesch\u00e4ftsf\u00fchrerin des Tourismusverbandes Romantisches Franken sind die vielen M\u00f6glichkeiten zum Radfahren und Wandern ein zentraler Bereich der t\u00e4glichen Arbeit. Sie organisiert in jedem Jahr eine individuelle geplante Wanderung auf dem Europ\u00e4ischen Wasserscheideweg, die vom regionalen Radiosender begeleitet wird. F\u00fcr die Radfahrer wird eine \u201eKulinarische Radtour\u201c angeboten. Auch in Ihrer Freizeit ist Sie begeistert in der Natur unterwegs. Lieblingspl\u00e4tze hat sie viele. Einer davon ist der Aussichtspunkt im Naturschutzgebiet K\u00fchberg bei Gastenfelden.<\/p>\n","protected":false},"excerpt":{"rendered":"<p>Regina Bremm, lebt und arbeitet im Naturpark Frankenh\u00f6he. Die studierte Tourismusbetriebswirtin ist \u00fcber ihren Beruf in die Region gekommen und hat sie privat lieben gelernt. <\/p>\n","protected":false},"author":73,"featured_media":8727,"comment_status":"open","ping_status":"open","sticky":false,"template":"","format":"standard","meta":{"_links_to":"","_links_to_target":""},"categories":[8],"tags":[],"yoast_head":"<!-- This site is optimized with the Yoast SEO plugin v19.10 - https:\/\/yoast.com\/wordpress\/plugins\/seo\/ -->\n<title>Regina Bremm<\/title>\n<meta name=\"description\" content=\"Regina Bremm, lebt und arbeitet im Naturpark Frankenh\u00f6he. Die studierte Tourismusbetriebswirtin ist \u00fcber ihren Beruf in die Region gekommen und hat sie privat lieben gelernt.\" \/>\n<meta name=\"robots\" content=\"index, follow, max-snippet:-1, max-image-preview:large, max-video-preview:-1\" \/>\n<link rel=\"canonical\" href=\"https:\/\/www.naturparkmagazin.de\/vdn\/regina-bremm\/\" \/>\n<meta property=\"og:locale\" content=\"de_DE\" \/>\n<meta property=\"og:type\" content=\"article\" \/>\n<meta property=\"og:title\" content=\"Regina Bremm\" \/>\n<meta property=\"og:description\" content=\"Regina Bremm, lebt und arbeitet im Naturpark Frankenh\u00f6he. Die studierte Tourismusbetriebswirtin ist \u00fcber ihren Beruf in die Region gekommen und hat sie privat lieben gelernt.\" \/>\n<meta property=\"og:url\" content=\"https:\/\/www.naturparkmagazin.de\/vdn\/regina-bremm\/\" \/>\n<meta property=\"og:site_name\" content=\"Verband Deutscher Naturparke\" \/>\n<meta property=\"article:published_time\" content=\"2017-05-15T12:00:20+00:00\" \/>\n<meta property=\"og:image\" content=\"https:\/\/www.naturparkmagazin.de\/vdn\/wp-content\/uploads\/sites\/3\/Regina-Bremmbf.jpg\" \/>\n\t<meta property=\"og:image:width\" content=\"200\" \/>\n\t<meta property=\"og:image:height\" content=\"200\" \/>\n\t<meta property=\"og:image:type\" content=\"image\/jpeg\" \/>\n<meta name=\"author\" content=\"manuelamerz\" \/>\n<meta name=\"twitter:label1\" content=\"Verfasst von\" \/>\n\t<meta name=\"twitter:data1\" content=\"manuelamerz\" \/>\n\t<meta name=\"twitter:label2\" content=\"Gesch\u00e4tzte Lesezeit\" \/>\n\t<meta name=\"twitter:data2\" content=\"1\u00a0Minute\" \/>\n<script type=\"application\/ld+json\" class=\"yoast-schema-graph\">{\"@context\":\"https:\/\/schema.org\",\"@graph\":[{\"@type\":\"WebPage\",\"@id\":\"https:\/\/www.naturparkmagazin.de\/vdn\/regina-bremm\/\",\"url\":\"https:\/\/www.naturparkmagazin.de\/vdn\/regina-bremm\/\",\"name\":\"Regina Bremm\",\"isPartOf\":{\"@id\":\"https:\/\/www.naturparkmagazin.de\/vdn\/#website\"},\"datePublished\":\"2017-05-15T12:00:20+00:00\",\"dateModified\":\"2017-05-15T12:00:20+00:00\",\"author\":{\"@id\":\"https:\/\/www.naturparkmagazin.de\/vdn\/#\/schema\/person\/3cff9b8773ed55f0189255fa9adfd57c\"},\"description\":\"Regina Bremm, lebt und arbeitet im Naturpark Frankenh\u00f6he. Die studierte Tourismusbetriebswirtin ist \u00fcber ihren Beruf in die Region gekommen und hat sie privat lieben gelernt.\",\"breadcrumb\":{\"@id\":\"https:\/\/www.naturparkmagazin.de\/vdn\/regina-bremm\/#breadcrumb\"},\"inLanguage\":\"de\",\"potentialAction\":[{\"@type\":\"ReadAction\",\"target\":[\"https:\/\/www.naturparkmagazin.de\/vdn\/regina-bremm\/\"]}]},{\"@type\":\"BreadcrumbList\",\"@id\":\"https:\/\/www.naturparkmagazin.de\/vdn\/regina-bremm\/#breadcrumb\",\"itemListElement\":[{\"@type\":\"ListItem\",\"position\":1,\"name\":\"Home\",\"item\":\"https:\/\/www.naturparkmagazin.de\/vdn\/\"},{\"@type\":\"ListItem\",\"position\":2,\"name\":\"Regina Bremm\"}]},{\"@type\":\"WebSite\",\"@id\":\"https:\/\/www.naturparkmagazin.de\/vdn\/#website\",\"url\":\"https:\/\/www.naturparkmagazin.de\/vdn\/\",\"name\":\"Verband Deutscher Naturparke\",\"description\":\"Eine weitere Naturparkmagazin.de Netzwerk Seite\",\"potentialAction\":[{\"@type\":\"SearchAction\",\"target\":{\"@type\":\"EntryPoint\",\"urlTemplate\":\"https:\/\/www.naturparkmagazin.de\/vdn\/?s={search_term_string}\"},\"query-input\":\"required name=search_term_string\"}],\"inLanguage\":\"de\"},{\"@type\":\"Person\",\"@id\":\"https:\/\/www.naturparkmagazin.de\/vdn\/#\/schema\/person\/3cff9b8773ed55f0189255fa9adfd57c\",\"name\":\"manuelamerz\",\"url\":\"https:\/\/www.naturparkmagazin.de\/vdn\/author\/manuelamerz\/\"}]}<\/script>\n<!-- \/ Yoast SEO plugin. -->","yoast_head_json":{"title":"Regina Bremm","description":"Regina Bremm, lebt und arbeitet im Naturpark Frankenh\u00f6he. Die studierte Tourismusbetriebswirtin ist \u00fcber ihren Beruf in die Region gekommen und hat sie privat lieben gelernt.","robots":{"index":"index","follow":"follow","max-snippet":"max-snippet:-1","max-image-preview":"max-image-preview:large","max-video-preview":"max-video-preview:-1"},"canonical":"https:\/\/www.naturparkmagazin.de\/vdn\/regina-bremm\/","og_locale":"de_DE","og_type":"article","og_title":"Regina Bremm","og_description":"Regina Bremm, lebt und arbeitet im Naturpark Frankenh\u00f6he. Die studierte Tourismusbetriebswirtin ist \u00fcber ihren Beruf in die Region gekommen und hat sie privat lieben gelernt.","og_url":"https:\/\/www.naturparkmagazin.de\/vdn\/regina-bremm\/","og_site_name":"Verband Deutscher Naturparke","article_published_time":"2017-05-15T12:00:20+00:00","og_image":[{"width":200,"height":200,"url":"https:\/\/www.naturparkmagazin.de\/vdn\/wp-content\/uploads\/sites\/3\/Regina-Bremmbf.jpg","type":"image\/jpeg"}],"author":"manuelamerz","twitter_misc":{"Verfasst von":"manuelamerz","Gesch\u00e4tzte Lesezeit":"1\u00a0Minute"},"schema":{"@context":"https:\/\/schema.org","@graph":[{"@type":"WebPage","@id":"https:\/\/www.naturparkmagazin.de\/vdn\/regina-bremm\/","url":"https:\/\/www.naturparkmagazin.de\/vdn\/regina-bremm\/","name":"Regina Bremm","isPartOf":{"@id":"https:\/\/www.naturparkmagazin.de\/vdn\/#website"},"datePublished":"2017-05-15T12:00:20+00:00","dateModified":"2017-05-15T12:00:20+00:00","author":{"@id":"https:\/\/www.naturparkmagazin.de\/vdn\/#\/schema\/person\/3cff9b8773ed55f0189255fa9adfd57c"},"description":"Regina Bremm, lebt und arbeitet im Naturpark Frankenh\u00f6he. Die studierte Tourismusbetriebswirtin ist \u00fcber ihren Beruf in die Region gekommen und hat sie privat lieben gelernt.","breadcrumb":{"@id":"https:\/\/www.naturparkmagazin.de\/vdn\/regina-bremm\/#breadcrumb"},"inLanguage":"de","potentialAction":[{"@type":"ReadAction","target":["https:\/\/www.naturparkmagazin.de\/vdn\/regina-bremm\/"]}]},{"@type":"BreadcrumbList","@id":"https:\/\/www.naturparkmagazin.de\/vdn\/regina-bremm\/#breadcrumb","itemListElement":[{"@type":"ListItem","position":1,"name":"Home","item":"https:\/\/www.naturparkmagazin.de\/vdn\/"},{"@type":"ListItem","position":2,"name":"Regina Bremm"}]},{"@type":"WebSite","@id":"https:\/\/www.naturparkmagazin.de\/vdn\/#website","url":"https:\/\/www.naturparkmagazin.de\/vdn\/","name":"Verband Deutscher Naturparke","description":"Eine weitere Naturparkmagazin.de Netzwerk Seite","potentialAction":[{"@type":"SearchAction","target":{"@type":"EntryPoint","urlTemplate":"https:\/\/www.naturparkmagazin.de\/vdn\/?s={search_term_string}"},"query-input":"required name=search_term_string"}],"inLanguage":"de"},{"@type":"Person","@id":"https:\/\/www.naturparkmagazin.de\/vdn\/#\/schema\/person\/3cff9b8773ed55f0189255fa9adfd57c","name":"manuelamerz","url":"https:\/\/www.naturparkmagazin.de\/vdn\/author\/manuelamerz\/"}]}},"_links":{"self":[{"href":"https:\/\/www.naturparkmagazin.de\/vdn\/wp-json\/wp\/v2\/posts\/8725"}],"collection":[{"href":"https:\/\/www.naturparkmagazin.de\/vdn\/wp-json\/wp\/v2\/posts"}],"about":[{"href":"https:\/\/www.naturparkmagazin.de\/vdn\/wp-json\/wp\/v2\/types\/post"}],"author":[{"embeddable":true,"href":"https:\/\/www.naturparkmagazin.de\/vdn\/wp-json\/wp\/v2\/users\/73"}],"replies":[{"embeddable":true,"href":"https:\/\/www.naturparkmagazin.de\/vdn\/wp-json\/wp\/v2\/comments?post=8725"}],"version-history":[{"count":1,"href":"https:\/\/www.naturparkmagazin.de\/vdn\/wp-json\/wp\/v2\/posts\/8725\/revisions"}],"predecessor-version":[{"id":8728,"href":"https:\/\/www.naturparkmagazin.de\/vdn\/wp-json\/wp\/v2\/posts\/8725\/revisions\/8728"}],"wp:featuredmedia":[{"embeddable":true,"href":"https:\/\/www.naturparkmagazin.de\/vdn\/wp-json\/wp\/v2\/media\/8727"}],"wp:attachment":[{"href":"https:\/\/www.naturparkmagazin.de\/vdn\/wp-json\/wp\/v2\/media?parent=8725"}],"wp:term":[{"taxonomy":"category","embeddable":true,"href":"https:\/\/www.naturparkmagazin.de\/vdn\/wp-json\/wp\/v2\/categories?post=8725"},{"taxonomy":"post_tag","embeddable":true,"href":"https:\/\/www.naturparkmagazin.de\/vdn\/wp-json\/wp\/v2\/tags?post=8725"}],"curies":[{"name":"wp","href":"https:\/\/api.w.org\/{rel}","templated":true}]}}