{"id":8836,"date":"2017-06-19T11:35:07","date_gmt":"2017-06-19T09:35:07","guid":{"rendered":"http:\/\/www.naturparkmagazin.de\/vdn\/?p=8836"},"modified":"2017-06-20T10:31:37","modified_gmt":"2017-06-20T08:31:37","slug":"fledermaus-safari-fuer-kinder","status":"publish","type":"post","link":"https:\/\/www.naturparkmagazin.de\/vdn\/fledermaus-safari-fuer-kinder\/","title":{"rendered":"Fledermaus-Safari f\u00fcr Kinder"},"content":{"rendered":"<p>Am Samstag,15. Juli, 21 Uhr bis 23:30 Uhr bietet der Naturpark Saar-Hunsr\u00fcck eine Fledermaus-Safari f\u00fcr Familien und Kinder ab sechs Jahren in der Naturpark-Gemeinde Weiskirchen an. Kleine und gro\u00dfe Natur-Forscher gehen in der D\u00e4mmerung mit dem Naturpark-Referent Christoph Postler auf die spannende Suche nach den interessanten Insektenj\u00e4gern.<\/p>\n<p>Flederm\u00e4use sind wahre Superhelden unter den S\u00e4ugetieren. Sie k\u00f6nnen mit den Ohren sehen und durch die L\u00fcfte gleiten. Mit einem Ultraschalldetektor k\u00f6nnen Naturfans die Rufe der Flederm\u00e4use wahrnehmen.<\/p>\n<div id=\"attachment_8837\" style=\"width: 510px\" class=\"wp-caption alignnone\"><a href=\"https:\/\/www.naturparkmagazin.de\/vdn\/wp-content\/uploads\/sites\/3\/Junge-Fledermaus_VDN_G\u00fcnther-Deschb.jpg\"><img aria-describedby=\"caption-attachment-8837\" decoding=\"async\" loading=\"lazy\" class=\"size-full wp-image-8837\" src=\"https:\/\/www.naturparkmagazin.de\/vdn\/wp-content\/uploads\/sites\/3\/Junge-Fledermaus_VDN_G\u00fcnther-Deschb.jpg\" alt=\"Junge Fledermaus \u00a9VDN\/G\u00fcnther Desch\" width=\"500\" height=\"300\" srcset=\"https:\/\/www.naturparkmagazin.de\/vdn\/wp-content\/uploads\/sites\/3\/Junge-Fledermaus_VDN_G\u00fcnther-Deschb.jpg 500w, https:\/\/www.naturparkmagazin.de\/vdn\/wp-content\/uploads\/sites\/3\/Junge-Fledermaus_VDN_G\u00fcnther-Deschb-300x180.jpg 300w, https:\/\/www.naturparkmagazin.de\/vdn\/wp-content\/uploads\/sites\/3\/Junge-Fledermaus_VDN_G\u00fcnther-Deschb-200x120.jpg 200w\" sizes=\"(max-width: 500px) 100vw, 500px\" \/><\/a><p id=\"caption-attachment-8837\" class=\"wp-caption-text\">Junge Fledermaus \u00a9VDN\/G\u00fcnther Desch<\/p><\/div>\n<p>Als Ausr\u00fcstung zur Wanderung wird witterungsangepasste Kleidung, festes Schuhwerk und eine Taschenlampe empfohlen. Die Teilnahme an der Veranstaltung betr\u00e4gt 3 Euro pro Kind, 6 Euro pro Erwachsenem und 12 Euro pro Familie. Der Treffpunkt wird bei der Anmeldung bekannt gegeben. Die Teilnehmerzahl ist begrenzt. Eine fr\u00fchzeitige Anmeldung ist bei der Naturpark-Gesch\u00e4ftsstelle in Hermeskeil, Telefon 06503\/9214-0, erforderlich.<\/p>\n","protected":false},"excerpt":{"rendered":"<p>Am Samstag, dem15. Juli, von 21 Uhr bis 23:30 Uhr gehen kleine und gro\u00dfe Naturforscher auf die spannende Suche nach den wahren Superhelden unter den S\u00e4ugetieren.<\/p>\n","protected":false},"author":73,"featured_media":8838,"comment_status":"open","ping_status":"open","sticky":false,"template":"","format":"standard","meta":{"_links_to":"","_links_to_target":""},"categories":[617],"tags":[],"yoast_head":"<!-- This site is optimized with the Yoast SEO plugin v19.10 - https:\/\/yoast.com\/wordpress\/plugins\/seo\/ -->\n<title>Fledermaus-Safari f\u00fcr Kinder<\/title>\n<meta name=\"description\" content=\"Am Samstag, dem15. Juli, von 21 Uhr bis 23:30 Uhr gehen kleine und gro\u00dfe Naturforscher auf die spannende Suche nach den wahren Superhelden unter den S\u00e4ugetieren.\" \/>\n<meta name=\"robots\" content=\"index, follow, max-snippet:-1, max-image-preview:large, max-video-preview:-1\" \/>\n<link rel=\"canonical\" href=\"https:\/\/www.naturparkmagazin.de\/vdn\/fledermaus-safari-fuer-kinder\/\" \/>\n<meta property=\"og:locale\" content=\"de_DE\" \/>\n<meta property=\"og:type\" content=\"article\" \/>\n<meta property=\"og:title\" content=\"Fledermaus-Safari f\u00fcr Kinder\" \/>\n<meta property=\"og:description\" content=\"Am Samstag, dem15. Juli, von 21 Uhr bis 23:30 Uhr gehen kleine und gro\u00dfe Naturforscher auf die spannende Suche nach den wahren Superhelden unter den S\u00e4ugetieren.\" \/>\n<meta property=\"og:url\" content=\"https:\/\/www.naturparkmagazin.de\/vdn\/fledermaus-safari-fuer-kinder\/\" \/>\n<meta property=\"og:site_name\" content=\"Verband Deutscher Naturparke\" \/>\n<meta property=\"article:published_time\" content=\"2017-06-19T09:35:07+00:00\" \/>\n<meta property=\"article:modified_time\" content=\"2017-06-20T08:31:37+00:00\" \/>\n<meta property=\"og:image\" content=\"https:\/\/www.naturparkmagazin.de\/vdn\/wp-content\/uploads\/sites\/3\/Junge-Fledermaus_VDN_G\u00fcnther-Deschbf.jpg\" \/>\n\t<meta property=\"og:image:width\" content=\"200\" \/>\n\t<meta property=\"og:image:height\" content=\"200\" \/>\n\t<meta property=\"og:image:type\" content=\"image\/jpeg\" \/>\n<meta name=\"author\" content=\"manuelamerz\" \/>\n<meta name=\"twitter:label1\" content=\"Verfasst von\" \/>\n\t<meta name=\"twitter:data1\" content=\"manuelamerz\" \/>\n\t<meta name=\"twitter:label2\" content=\"Gesch\u00e4tzte Lesezeit\" \/>\n\t<meta name=\"twitter:data2\" content=\"1\u00a0Minute\" \/>\n<script type=\"application\/ld+json\" class=\"yoast-schema-graph\">{\"@context\":\"https:\/\/schema.org\",\"@graph\":[{\"@type\":\"WebPage\",\"@id\":\"https:\/\/www.naturparkmagazin.de\/vdn\/fledermaus-safari-fuer-kinder\/\",\"url\":\"https:\/\/www.naturparkmagazin.de\/vdn\/fledermaus-safari-fuer-kinder\/\",\"name\":\"Fledermaus-Safari f\u00fcr Kinder\",\"isPartOf\":{\"@id\":\"https:\/\/www.naturparkmagazin.de\/vdn\/#website\"},\"datePublished\":\"2017-06-19T09:35:07+00:00\",\"dateModified\":\"2017-06-20T08:31:37+00:00\",\"author\":{\"@id\":\"https:\/\/www.naturparkmagazin.de\/vdn\/#\/schema\/person\/3cff9b8773ed55f0189255fa9adfd57c\"},\"description\":\"Am Samstag, dem15. Juli, von 21 Uhr bis 23:30 Uhr gehen kleine und gro\u00dfe Naturforscher auf die spannende Suche nach den wahren Superhelden unter den S\u00e4ugetieren.\",\"breadcrumb\":{\"@id\":\"https:\/\/www.naturparkmagazin.de\/vdn\/fledermaus-safari-fuer-kinder\/#breadcrumb\"},\"inLanguage\":\"de\",\"potentialAction\":[{\"@type\":\"ReadAction\",\"target\":[\"https:\/\/www.naturparkmagazin.de\/vdn\/fledermaus-safari-fuer-kinder\/\"]}]},{\"@type\":\"BreadcrumbList\",\"@id\":\"https:\/\/www.naturparkmagazin.de\/vdn\/fledermaus-safari-fuer-kinder\/#breadcrumb\",\"itemListElement\":[{\"@type\":\"ListItem\",\"position\":1,\"name\":\"Home\",\"item\":\"https:\/\/www.naturparkmagazin.de\/vdn\/\"},{\"@type\":\"ListItem\",\"position\":2,\"name\":\"Fledermaus-Safari f\u00fcr Kinder\"}]},{\"@type\":\"WebSite\",\"@id\":\"https:\/\/www.naturparkmagazin.de\/vdn\/#website\",\"url\":\"https:\/\/www.naturparkmagazin.de\/vdn\/\",\"name\":\"Verband Deutscher Naturparke\",\"description\":\"Eine weitere Naturparkmagazin.de Netzwerk Seite\",\"potentialAction\":[{\"@type\":\"SearchAction\",\"target\":{\"@type\":\"EntryPoint\",\"urlTemplate\":\"https:\/\/www.naturparkmagazin.de\/vdn\/?s={search_term_string}\"},\"query-input\":\"required name=search_term_string\"}],\"inLanguage\":\"de\"},{\"@type\":\"Person\",\"@id\":\"https:\/\/www.naturparkmagazin.de\/vdn\/#\/schema\/person\/3cff9b8773ed55f0189255fa9adfd57c\",\"name\":\"manuelamerz\",\"url\":\"https:\/\/www.naturparkmagazin.de\/vdn\/author\/manuelamerz\/\"}]}<\/script>\n<!-- \/ Yoast SEO plugin. -->","yoast_head_json":{"title":"Fledermaus-Safari f\u00fcr Kinder","description":"Am Samstag, dem15. Juli, von 21 Uhr bis 23:30 Uhr gehen kleine und gro\u00dfe Naturforscher auf die spannende Suche nach den wahren Superhelden unter den S\u00e4ugetieren.","robots":{"index":"index","follow":"follow","max-snippet":"max-snippet:-1","max-image-preview":"max-image-preview:large","max-video-preview":"max-video-preview:-1"},"canonical":"https:\/\/www.naturparkmagazin.de\/vdn\/fledermaus-safari-fuer-kinder\/","og_locale":"de_DE","og_type":"article","og_title":"Fledermaus-Safari f\u00fcr Kinder","og_description":"Am Samstag, dem15. Juli, von 21 Uhr bis 23:30 Uhr gehen kleine und gro\u00dfe Naturforscher auf die spannende Suche nach den wahren Superhelden unter den S\u00e4ugetieren.","og_url":"https:\/\/www.naturparkmagazin.de\/vdn\/fledermaus-safari-fuer-kinder\/","og_site_name":"Verband Deutscher Naturparke","article_published_time":"2017-06-19T09:35:07+00:00","article_modified_time":"2017-06-20T08:31:37+00:00","og_image":[{"width":200,"height":200,"url":"https:\/\/www.naturparkmagazin.de\/vdn\/wp-content\/uploads\/sites\/3\/Junge-Fledermaus_VDN_G\u00fcnther-Deschbf.jpg","type":"image\/jpeg"}],"author":"manuelamerz","twitter_misc":{"Verfasst von":"manuelamerz","Gesch\u00e4tzte Lesezeit":"1\u00a0Minute"},"schema":{"@context":"https:\/\/schema.org","@graph":[{"@type":"WebPage","@id":"https:\/\/www.naturparkmagazin.de\/vdn\/fledermaus-safari-fuer-kinder\/","url":"https:\/\/www.naturparkmagazin.de\/vdn\/fledermaus-safari-fuer-kinder\/","name":"Fledermaus-Safari f\u00fcr Kinder","isPartOf":{"@id":"https:\/\/www.naturparkmagazin.de\/vdn\/#website"},"datePublished":"2017-06-19T09:35:07+00:00","dateModified":"2017-06-20T08:31:37+00:00","author":{"@id":"https:\/\/www.naturparkmagazin.de\/vdn\/#\/schema\/person\/3cff9b8773ed55f0189255fa9adfd57c"},"description":"Am Samstag, dem15. Juli, von 21 Uhr bis 23:30 Uhr gehen kleine und gro\u00dfe Naturforscher auf die spannende Suche nach den wahren Superhelden unter den S\u00e4ugetieren.","breadcrumb":{"@id":"https:\/\/www.naturparkmagazin.de\/vdn\/fledermaus-safari-fuer-kinder\/#breadcrumb"},"inLanguage":"de","potentialAction":[{"@type":"ReadAction","target":["https:\/\/www.naturparkmagazin.de\/vdn\/fledermaus-safari-fuer-kinder\/"]}]},{"@type":"BreadcrumbList","@id":"https:\/\/www.naturparkmagazin.de\/vdn\/fledermaus-safari-fuer-kinder\/#breadcrumb","itemListElement":[{"@type":"ListItem","position":1,"name":"Home","item":"https:\/\/www.naturparkmagazin.de\/vdn\/"},{"@type":"ListItem","position":2,"name":"Fledermaus-Safari f\u00fcr Kinder"}]},{"@type":"WebSite","@id":"https:\/\/www.naturparkmagazin.de\/vdn\/#website","url":"https:\/\/www.naturparkmagazin.de\/vdn\/","name":"Verband Deutscher Naturparke","description":"Eine weitere Naturparkmagazin.de Netzwerk Seite","potentialAction":[{"@type":"SearchAction","target":{"@type":"EntryPoint","urlTemplate":"https:\/\/www.naturparkmagazin.de\/vdn\/?s={search_term_string}"},"query-input":"required name=search_term_string"}],"inLanguage":"de"},{"@type":"Person","@id":"https:\/\/www.naturparkmagazin.de\/vdn\/#\/schema\/person\/3cff9b8773ed55f0189255fa9adfd57c","name":"manuelamerz","url":"https:\/\/www.naturparkmagazin.de\/vdn\/author\/manuelamerz\/"}]}},"_links":{"self":[{"href":"https:\/\/www.naturparkmagazin.de\/vdn\/wp-json\/wp\/v2\/posts\/8836"}],"collection":[{"href":"https:\/\/www.naturparkmagazin.de\/vdn\/wp-json\/wp\/v2\/posts"}],"about":[{"href":"https:\/\/www.naturparkmagazin.de\/vdn\/wp-json\/wp\/v2\/types\/post"}],"author":[{"embeddable":true,"href":"https:\/\/www.naturparkmagazin.de\/vdn\/wp-json\/wp\/v2\/users\/73"}],"replies":[{"embeddable":true,"href":"https:\/\/www.naturparkmagazin.de\/vdn\/wp-json\/wp\/v2\/comments?post=8836"}],"version-history":[{"count":3,"href":"https:\/\/www.naturparkmagazin.de\/vdn\/wp-json\/wp\/v2\/posts\/8836\/revisions"}],"predecessor-version":[{"id":8891,"href":"https:\/\/www.naturparkmagazin.de\/vdn\/wp-json\/wp\/v2\/posts\/8836\/revisions\/8891"}],"wp:featuredmedia":[{"embeddable":true,"href":"https:\/\/www.naturparkmagazin.de\/vdn\/wp-json\/wp\/v2\/media\/8838"}],"wp:attachment":[{"href":"https:\/\/www.naturparkmagazin.de\/vdn\/wp-json\/wp\/v2\/media?parent=8836"}],"wp:term":[{"taxonomy":"category","embeddable":true,"href":"https:\/\/www.naturparkmagazin.de\/vdn\/wp-json\/wp\/v2\/categories?post=8836"},{"taxonomy":"post_tag","embeddable":true,"href":"https:\/\/www.naturparkmagazin.de\/vdn\/wp-json\/wp\/v2\/tags?post=8836"}],"curies":[{"name":"wp","href":"https:\/\/api.w.org\/{rel}","templated":true}]}}