{"id":8842,"date":"2017-06-19T11:22:39","date_gmt":"2017-06-19T09:22:39","guid":{"rendered":"http:\/\/www.naturparkmagazin.de\/vdn\/?p=8842"},"modified":"2017-06-28T15:12:02","modified_gmt":"2017-06-28T13:12:02","slug":"im-herzen-europas-naturpark-saar-hunsrueck","status":"publish","type":"post","link":"https:\/\/www.naturparkmagazin.de\/vdn\/im-herzen-europas-naturpark-saar-hunsrueck\/","title":{"rendered":"Im Herzen Europas \u2013 Naturpark Saar-Hunsr\u00fcck"},"content":{"rendered":"<div id=\"attachment_8845\" style=\"width: 510px\" class=\"wp-caption alignnone\"><a href=\"https:\/\/www.naturparkmagazin.de\/vdn\/wp-content\/uploads\/sites\/3\/saarschleife2ab.jpg\"><img aria-describedby=\"caption-attachment-8845\" decoding=\"async\" loading=\"lazy\" class=\"size-full wp-image-8845\" src=\"https:\/\/www.naturparkmagazin.de\/vdn\/wp-content\/uploads\/sites\/3\/saarschleife2ab.jpg\" alt=\"Saarschleife\u00a9VDN\/Christel Kessler\" width=\"500\" height=\"300\" srcset=\"https:\/\/www.naturparkmagazin.de\/vdn\/wp-content\/uploads\/sites\/3\/saarschleife2ab.jpg 500w, https:\/\/www.naturparkmagazin.de\/vdn\/wp-content\/uploads\/sites\/3\/saarschleife2ab-300x180.jpg 300w, https:\/\/www.naturparkmagazin.de\/vdn\/wp-content\/uploads\/sites\/3\/saarschleife2ab-200x120.jpg 200w\" sizes=\"(max-width: 500px) 100vw, 500px\" \/><\/a><p id=\"caption-attachment-8845\" class=\"wp-caption-text\">Saarschleife\u00a9VDN\/Christel Kessler<\/p><\/div>\n<p>Tiefeingeschnittene T\u00e4ler, Felsen und Wiesen, bewaldete Bergr\u00fccken und Kammhochfl\u00e4chen pr\u00e4gen sein Landschaftsbild. Wildromantische Bachl\u00e4ufe, bizarre Felsenlandschaften, ausgedehnte, strukturreiche W\u00e4lder und die sonnigen Weinberge an Mosel, Saar, Ruwer und Nahe laden zum Wandern sowie idyllische D\u00f6rfer und eindrucksvolle Aussichtspunkte zum Verweilen ein.<\/p>\n<div id=\"attachment_8927\" style=\"width: 510px\" class=\"wp-caption alignnone\"><a href=\"https:\/\/www.naturparkmagazin.de\/vdn\/wp-content\/uploads\/sites\/3\/Kastel-Staadt-H.P.-Mertenb.jpg\"><img aria-describedby=\"caption-attachment-8927\" decoding=\"async\" loading=\"lazy\" class=\"size-full wp-image-8927\" src=\"https:\/\/www.naturparkmagazin.de\/vdn\/wp-content\/uploads\/sites\/3\/Kastel-Staadt-H.P.-Mertenb.jpg\" alt=\"Kastel-Staadt \u00a9 H.P. Merten\" width=\"500\" height=\"300\" srcset=\"https:\/\/www.naturparkmagazin.de\/vdn\/wp-content\/uploads\/sites\/3\/Kastel-Staadt-H.P.-Mertenb.jpg 500w, https:\/\/www.naturparkmagazin.de\/vdn\/wp-content\/uploads\/sites\/3\/Kastel-Staadt-H.P.-Mertenb-300x180.jpg 300w, https:\/\/www.naturparkmagazin.de\/vdn\/wp-content\/uploads\/sites\/3\/Kastel-Staadt-H.P.-Mertenb-200x120.jpg 200w\" sizes=\"(max-width: 500px) 100vw, 500px\" \/><\/a><p id=\"caption-attachment-8927\" class=\"wp-caption-text\">Kastel-Staadt \u00a9 H.P. Merten<\/p><\/div>\n<p>Touristische Routen, Burgen und Schl\u00f6sser sowie sehenswerte Relikte aus keltischer und r\u00f6mischer Zeit wollen entdeckt werden. Sehenswert sind unter anderem die mittelalterliche Stadt Saarburg mit der Ruine Saarburg (12. Jh.), die Stadt Freudenburg mit Resten der ehemaligen Stadtbefestigung, die teilweise rekonstruierte Grimburg \u00fcber dem Wadrilltal, die Ruine Baldenau &#8211; die einzige Wasserburg des Hunsr\u00fccks &#8211; und das romantische Herrstein mit seinen historischen Fachwerkh\u00e4usern und engen Gassen.<\/p>\n<div id=\"attachment_8847\" style=\"width: 510px\" class=\"wp-caption alignnone\"><a href=\"https:\/\/www.naturparkmagazin.de\/vdn\/wp-content\/uploads\/sites\/3\/BrK_0231b.jpg\"><img aria-describedby=\"caption-attachment-8847\" decoding=\"async\" loading=\"lazy\" class=\"size-full wp-image-8847\" src=\"https:\/\/www.naturparkmagazin.de\/vdn\/wp-content\/uploads\/sites\/3\/BrK_0231b.jpg\" alt=\"Braunkehlchen - Das Weibchen \u00a9 VDN\/Siegfried A. Walter\" width=\"500\" height=\"300\" srcset=\"https:\/\/www.naturparkmagazin.de\/vdn\/wp-content\/uploads\/sites\/3\/BrK_0231b.jpg 500w, https:\/\/www.naturparkmagazin.de\/vdn\/wp-content\/uploads\/sites\/3\/BrK_0231b-300x180.jpg 300w, https:\/\/www.naturparkmagazin.de\/vdn\/wp-content\/uploads\/sites\/3\/BrK_0231b-200x120.jpg 200w\" sizes=\"(max-width: 500px) 100vw, 500px\" \/><\/a><p id=\"caption-attachment-8847\" class=\"wp-caption-text\">Braunkehlchen &#8211; Das Weibchen \u00a9 VDN\/Siegfried A. Walter<\/p><\/div>\n<p>Ebenso wie die kulturhistorischen Denkm\u00e4ler will eine artenreiche Flora und Fauna erforscht werden.<\/p>\n<p>71 % der Naturparkfl\u00e4che geh\u00f6ren zu den 30 ausgezeichneten &#8222;Hotspot-Regionen&#8220; der biologischen Vielfalt in Deutschland.<\/p>\n<p>Im Hunsr\u00fcck und im Oberen Nahebergland finden sich zahlreiche Magerrasen und Feuchtwiesen, mit zum Teil seltenen Pflanzenarten, wie Gelbe Narzisse, Arnika sowie Waldhyazinthe und weiteren Orchideenarten. Einen besonderen Lebensraum f\u00fcr Tier- und Pflanzenarten stellen daneben die Quellmoore, Hangbr\u00fccher genannt, im Hunsr\u00fcck. Von den zahlreichen hier heimischen Vogelarten sind Stein- und Rauhfu\u00dfkauz, Braunkehlchen, Bekassine und Haselhuhn von besonderer Bedeutung.<\/p>\n<div id=\"attachment_8848\" style=\"width: 510px\" class=\"wp-caption alignnone\"><a href=\"https:\/\/www.naturparkmagazin.de\/vdn\/wp-content\/uploads\/sites\/3\/img-1855b.jpg\"><img aria-describedby=\"caption-attachment-8848\" decoding=\"async\" loading=\"lazy\" class=\"size-full wp-image-8848\" src=\"https:\/\/www.naturparkmagazin.de\/vdn\/wp-content\/uploads\/sites\/3\/img-1855b.jpg\" alt=\"Arnika \u00a9 VDN\/G\u00fcnter M\u00fcller\" width=\"500\" height=\"300\" srcset=\"https:\/\/www.naturparkmagazin.de\/vdn\/wp-content\/uploads\/sites\/3\/img-1855b.jpg 500w, https:\/\/www.naturparkmagazin.de\/vdn\/wp-content\/uploads\/sites\/3\/img-1855b-300x180.jpg 300w, https:\/\/www.naturparkmagazin.de\/vdn\/wp-content\/uploads\/sites\/3\/img-1855b-200x120.jpg 200w\" sizes=\"(max-width: 500px) 100vw, 500px\" \/><\/a><p id=\"caption-attachment-8848\" class=\"wp-caption-text\">Arnika \u00a9 VDN\/G\u00fcnter M\u00fcller<\/p><\/div>\n<p>Der Naturpark Saar-Hunsr\u00fcck bietet Naturfreunden und Urlaubern, Erwachsenen und Kindern gleicherma\u00dfen, vielf\u00e4ltige M\u00f6glichkeiten abwechslungsreicher Erholung und aktiver Freizeitgestaltung.<\/p>\n<div id=\"attachment_8849\" style=\"width: 510px\" class=\"wp-caption alignnone\"><a href=\"https:\/\/www.naturparkmagazin.de\/vdn\/wp-content\/uploads\/sites\/3\/215b.jpg\"><img aria-describedby=\"caption-attachment-8849\" decoding=\"async\" loading=\"lazy\" class=\"size-full wp-image-8849\" src=\"https:\/\/www.naturparkmagazin.de\/vdn\/wp-content\/uploads\/sites\/3\/215b.jpg\" alt=\"Morgenstimmung am Saar-Hunsr\u00fcck-Steig \u00a9 VDN\/Cornelia Kammann\" width=\"500\" height=\"300\" srcset=\"https:\/\/www.naturparkmagazin.de\/vdn\/wp-content\/uploads\/sites\/3\/215b.jpg 500w, https:\/\/www.naturparkmagazin.de\/vdn\/wp-content\/uploads\/sites\/3\/215b-300x180.jpg 300w, https:\/\/www.naturparkmagazin.de\/vdn\/wp-content\/uploads\/sites\/3\/215b-200x120.jpg 200w\" sizes=\"(max-width: 500px) 100vw, 500px\" \/><\/a><p id=\"caption-attachment-8849\" class=\"wp-caption-text\">Morgenstimmung am Saar-Hunsr\u00fcck-Steig \u00a9 VDN\/Cornelia Kammann<\/p><\/div>\n<p>&nbsp;<\/p>\n<p>&nbsp;<\/p>\n","protected":false},"excerpt":{"rendered":"<p>Im Herzen Europas zwischen Mosel und Rhein im Dreil\u00e4ndereck von Deutschland, Frankreich und Luxemburg gelegen, weist der Naturpark Saar-Hunsr\u00fcck facettenreiche und reizvolle Fluss- und Mittelgebirgslandschaften in beeindruckender F\u00fclle und Vielfalt auf.<\/p>\n","protected":false},"author":73,"featured_media":8844,"comment_status":"open","ping_status":"open","sticky":false,"template":"","format":"standard","meta":{"_links_to":"","_links_to_target":""},"categories":[15],"tags":[],"yoast_head":"<!-- This site is optimized with the Yoast SEO plugin v19.10 - https:\/\/yoast.com\/wordpress\/plugins\/seo\/ -->\n<title>Im Herzen Europas \u2013 Naturpark Saar-Hunsr\u00fcck<\/title>\n<meta name=\"description\" content=\"Im Herzen Europas zwischen Mosel und Rhein im Dreil\u00e4ndereck von Deutschland, Frankreich und Luxemburg gelegen, weist der Naturpark Saar-Hunsr\u00fcck facettenreiche und reizvolle Fluss- und Mittelgebirgslandschaften in beeindruckender F\u00fclle und Vielfalt auf.\" \/>\n<meta name=\"robots\" content=\"index, follow, max-snippet:-1, max-image-preview:large, max-video-preview:-1\" \/>\n<link rel=\"canonical\" href=\"https:\/\/www.naturparkmagazin.de\/vdn\/im-herzen-europas-naturpark-saar-hunsrueck\/\" \/>\n<meta property=\"og:locale\" content=\"de_DE\" \/>\n<meta property=\"og:type\" content=\"article\" \/>\n<meta property=\"og:title\" content=\"Im Herzen Europas \u2013 Naturpark Saar-Hunsr\u00fcck\" \/>\n<meta property=\"og:description\" content=\"Im Herzen Europas zwischen Mosel und Rhein im Dreil\u00e4ndereck von Deutschland, Frankreich und Luxemburg gelegen, weist der Naturpark Saar-Hunsr\u00fcck facettenreiche und reizvolle Fluss- und Mittelgebirgslandschaften in beeindruckender F\u00fclle und Vielfalt auf.\" \/>\n<meta property=\"og:url\" content=\"https:\/\/www.naturparkmagazin.de\/vdn\/im-herzen-europas-naturpark-saar-hunsrueck\/\" \/>\n<meta property=\"og:site_name\" content=\"Verband Deutscher Naturparke\" \/>\n<meta property=\"article:published_time\" content=\"2017-06-19T09:22:39+00:00\" \/>\n<meta property=\"article:modified_time\" content=\"2017-06-28T13:12:02+00:00\" \/>\n<meta property=\"og:image\" content=\"https:\/\/www.naturparkmagazin.de\/vdn\/wp-content\/uploads\/sites\/3\/saarschleife2abf.jpg\" \/>\n\t<meta property=\"og:image:width\" content=\"200\" \/>\n\t<meta property=\"og:image:height\" content=\"200\" \/>\n\t<meta property=\"og:image:type\" content=\"image\/jpeg\" \/>\n<meta name=\"author\" content=\"manuelamerz\" \/>\n<meta name=\"twitter:label1\" content=\"Verfasst von\" \/>\n\t<meta name=\"twitter:data1\" content=\"manuelamerz\" \/>\n\t<meta name=\"twitter:label2\" content=\"Gesch\u00e4tzte Lesezeit\" \/>\n\t<meta name=\"twitter:data2\" content=\"1\u00a0Minute\" \/>\n<script type=\"application\/ld+json\" class=\"yoast-schema-graph\">{\"@context\":\"https:\/\/schema.org\",\"@graph\":[{\"@type\":\"WebPage\",\"@id\":\"https:\/\/www.naturparkmagazin.de\/vdn\/im-herzen-europas-naturpark-saar-hunsrueck\/\",\"url\":\"https:\/\/www.naturparkmagazin.de\/vdn\/im-herzen-europas-naturpark-saar-hunsrueck\/\",\"name\":\"Im Herzen Europas \u2013 Naturpark Saar-Hunsr\u00fcck\",\"isPartOf\":{\"@id\":\"https:\/\/www.naturparkmagazin.de\/vdn\/#website\"},\"datePublished\":\"2017-06-19T09:22:39+00:00\",\"dateModified\":\"2017-06-28T13:12:02+00:00\",\"author\":{\"@id\":\"https:\/\/www.naturparkmagazin.de\/vdn\/#\/schema\/person\/3cff9b8773ed55f0189255fa9adfd57c\"},\"description\":\"Im Herzen Europas zwischen Mosel und Rhein im Dreil\u00e4ndereck von Deutschland, Frankreich und Luxemburg gelegen, weist der Naturpark Saar-Hunsr\u00fcck facettenreiche und reizvolle Fluss- und Mittelgebirgslandschaften in beeindruckender F\u00fclle und Vielfalt auf.\",\"breadcrumb\":{\"@id\":\"https:\/\/www.naturparkmagazin.de\/vdn\/im-herzen-europas-naturpark-saar-hunsrueck\/#breadcrumb\"},\"inLanguage\":\"de\",\"potentialAction\":[{\"@type\":\"ReadAction\",\"target\":[\"https:\/\/www.naturparkmagazin.de\/vdn\/im-herzen-europas-naturpark-saar-hunsrueck\/\"]}]},{\"@type\":\"BreadcrumbList\",\"@id\":\"https:\/\/www.naturparkmagazin.de\/vdn\/im-herzen-europas-naturpark-saar-hunsrueck\/#breadcrumb\",\"itemListElement\":[{\"@type\":\"ListItem\",\"position\":1,\"name\":\"Home\",\"item\":\"https:\/\/www.naturparkmagazin.de\/vdn\/\"},{\"@type\":\"ListItem\",\"position\":2,\"name\":\"Im Herzen Europas \u2013 Naturpark Saar-Hunsr\u00fcck\"}]},{\"@type\":\"WebSite\",\"@id\":\"https:\/\/www.naturparkmagazin.de\/vdn\/#website\",\"url\":\"https:\/\/www.naturparkmagazin.de\/vdn\/\",\"name\":\"Verband Deutscher Naturparke\",\"description\":\"Eine weitere Naturparkmagazin.de Netzwerk Seite\",\"potentialAction\":[{\"@type\":\"SearchAction\",\"target\":{\"@type\":\"EntryPoint\",\"urlTemplate\":\"https:\/\/www.naturparkmagazin.de\/vdn\/?s={search_term_string}\"},\"query-input\":\"required name=search_term_string\"}],\"inLanguage\":\"de\"},{\"@type\":\"Person\",\"@id\":\"https:\/\/www.naturparkmagazin.de\/vdn\/#\/schema\/person\/3cff9b8773ed55f0189255fa9adfd57c\",\"name\":\"manuelamerz\",\"url\":\"https:\/\/www.naturparkmagazin.de\/vdn\/author\/manuelamerz\/\"}]}<\/script>\n<!-- \/ Yoast SEO plugin. -->","yoast_head_json":{"title":"Im Herzen Europas \u2013 Naturpark Saar-Hunsr\u00fcck","description":"Im Herzen Europas zwischen Mosel und Rhein im Dreil\u00e4ndereck von Deutschland, Frankreich und Luxemburg gelegen, weist der Naturpark Saar-Hunsr\u00fcck facettenreiche und reizvolle Fluss- und Mittelgebirgslandschaften in beeindruckender F\u00fclle und Vielfalt auf.","robots":{"index":"index","follow":"follow","max-snippet":"max-snippet:-1","max-image-preview":"max-image-preview:large","max-video-preview":"max-video-preview:-1"},"canonical":"https:\/\/www.naturparkmagazin.de\/vdn\/im-herzen-europas-naturpark-saar-hunsrueck\/","og_locale":"de_DE","og_type":"article","og_title":"Im Herzen Europas \u2013 Naturpark Saar-Hunsr\u00fcck","og_description":"Im Herzen Europas zwischen Mosel und Rhein im Dreil\u00e4ndereck von Deutschland, Frankreich und Luxemburg gelegen, weist der Naturpark Saar-Hunsr\u00fcck facettenreiche und reizvolle Fluss- und Mittelgebirgslandschaften in beeindruckender F\u00fclle und Vielfalt auf.","og_url":"https:\/\/www.naturparkmagazin.de\/vdn\/im-herzen-europas-naturpark-saar-hunsrueck\/","og_site_name":"Verband Deutscher Naturparke","article_published_time":"2017-06-19T09:22:39+00:00","article_modified_time":"2017-06-28T13:12:02+00:00","og_image":[{"width":200,"height":200,"url":"https:\/\/www.naturparkmagazin.de\/vdn\/wp-content\/uploads\/sites\/3\/saarschleife2abf.jpg","type":"image\/jpeg"}],"author":"manuelamerz","twitter_misc":{"Verfasst von":"manuelamerz","Gesch\u00e4tzte Lesezeit":"1\u00a0Minute"},"schema":{"@context":"https:\/\/schema.org","@graph":[{"@type":"WebPage","@id":"https:\/\/www.naturparkmagazin.de\/vdn\/im-herzen-europas-naturpark-saar-hunsrueck\/","url":"https:\/\/www.naturparkmagazin.de\/vdn\/im-herzen-europas-naturpark-saar-hunsrueck\/","name":"Im Herzen Europas \u2013 Naturpark Saar-Hunsr\u00fcck","isPartOf":{"@id":"https:\/\/www.naturparkmagazin.de\/vdn\/#website"},"datePublished":"2017-06-19T09:22:39+00:00","dateModified":"2017-06-28T13:12:02+00:00","author":{"@id":"https:\/\/www.naturparkmagazin.de\/vdn\/#\/schema\/person\/3cff9b8773ed55f0189255fa9adfd57c"},"description":"Im Herzen Europas zwischen Mosel und Rhein im Dreil\u00e4ndereck von Deutschland, Frankreich und Luxemburg gelegen, weist der Naturpark Saar-Hunsr\u00fcck facettenreiche und reizvolle Fluss- und Mittelgebirgslandschaften in beeindruckender F\u00fclle und Vielfalt auf.","breadcrumb":{"@id":"https:\/\/www.naturparkmagazin.de\/vdn\/im-herzen-europas-naturpark-saar-hunsrueck\/#breadcrumb"},"inLanguage":"de","potentialAction":[{"@type":"ReadAction","target":["https:\/\/www.naturparkmagazin.de\/vdn\/im-herzen-europas-naturpark-saar-hunsrueck\/"]}]},{"@type":"BreadcrumbList","@id":"https:\/\/www.naturparkmagazin.de\/vdn\/im-herzen-europas-naturpark-saar-hunsrueck\/#breadcrumb","itemListElement":[{"@type":"ListItem","position":1,"name":"Home","item":"https:\/\/www.naturparkmagazin.de\/vdn\/"},{"@type":"ListItem","position":2,"name":"Im Herzen Europas \u2013 Naturpark Saar-Hunsr\u00fcck"}]},{"@type":"WebSite","@id":"https:\/\/www.naturparkmagazin.de\/vdn\/#website","url":"https:\/\/www.naturparkmagazin.de\/vdn\/","name":"Verband Deutscher Naturparke","description":"Eine weitere Naturparkmagazin.de Netzwerk Seite","potentialAction":[{"@type":"SearchAction","target":{"@type":"EntryPoint","urlTemplate":"https:\/\/www.naturparkmagazin.de\/vdn\/?s={search_term_string}"},"query-input":"required name=search_term_string"}],"inLanguage":"de"},{"@type":"Person","@id":"https:\/\/www.naturparkmagazin.de\/vdn\/#\/schema\/person\/3cff9b8773ed55f0189255fa9adfd57c","name":"manuelamerz","url":"https:\/\/www.naturparkmagazin.de\/vdn\/author\/manuelamerz\/"}]}},"_links":{"self":[{"href":"https:\/\/www.naturparkmagazin.de\/vdn\/wp-json\/wp\/v2\/posts\/8842"}],"collection":[{"href":"https:\/\/www.naturparkmagazin.de\/vdn\/wp-json\/wp\/v2\/posts"}],"about":[{"href":"https:\/\/www.naturparkmagazin.de\/vdn\/wp-json\/wp\/v2\/types\/post"}],"author":[{"embeddable":true,"href":"https:\/\/www.naturparkmagazin.de\/vdn\/wp-json\/wp\/v2\/users\/73"}],"replies":[{"embeddable":true,"href":"https:\/\/www.naturparkmagazin.de\/vdn\/wp-json\/wp\/v2\/comments?post=8842"}],"version-history":[{"count":6,"href":"https:\/\/www.naturparkmagazin.de\/vdn\/wp-json\/wp\/v2\/posts\/8842\/revisions"}],"predecessor-version":[{"id":8928,"href":"https:\/\/www.naturparkmagazin.de\/vdn\/wp-json\/wp\/v2\/posts\/8842\/revisions\/8928"}],"wp:featuredmedia":[{"embeddable":true,"href":"https:\/\/www.naturparkmagazin.de\/vdn\/wp-json\/wp\/v2\/media\/8844"}],"wp:attachment":[{"href":"https:\/\/www.naturparkmagazin.de\/vdn\/wp-json\/wp\/v2\/media?parent=8842"}],"wp:term":[{"taxonomy":"category","embeddable":true,"href":"https:\/\/www.naturparkmagazin.de\/vdn\/wp-json\/wp\/v2\/categories?post=8842"},{"taxonomy":"post_tag","embeddable":true,"href":"https:\/\/www.naturparkmagazin.de\/vdn\/wp-json\/wp\/v2\/tags?post=8842"}],"curies":[{"name":"wp","href":"https:\/\/api.w.org\/{rel}","templated":true}]}}