{"id":8863,"date":"2017-06-19T11:50:06","date_gmt":"2017-06-19T09:50:06","guid":{"rendered":"http:\/\/www.naturparkmagazin.de\/vdn\/?p=8863"},"modified":"2017-06-28T16:33:53","modified_gmt":"2017-06-28T14:33:53","slug":"natur-erleben-verbindet","status":"publish","type":"post","link":"https:\/\/www.naturparkmagazin.de\/vdn\/natur-erleben-verbindet\/","title":{"rendered":"Natur erleben verbindet"},"content":{"rendered":"<div id=\"attachment_8901\" style=\"width: 510px\" class=\"wp-caption alignnone\"><a href=\"https:\/\/www.naturparkmagazin.de\/vdn\/wp-content\/uploads\/sites\/3\/6H6A1324b.jpg\"><img aria-describedby=\"caption-attachment-8901\" decoding=\"async\" loading=\"lazy\" class=\"size-full wp-image-8901\" src=\"https:\/\/www.naturparkmagazin.de\/vdn\/wp-content\/uploads\/sites\/3\/6H6A1324b.jpg\" alt=\"Wasserzentrum Gymnicher M\u00fchle \u00a9 VDN\" width=\"500\" height=\"300\" srcset=\"https:\/\/www.naturparkmagazin.de\/vdn\/wp-content\/uploads\/sites\/3\/6H6A1324b.jpg 500w, https:\/\/www.naturparkmagazin.de\/vdn\/wp-content\/uploads\/sites\/3\/6H6A1324b-300x180.jpg 300w, https:\/\/www.naturparkmagazin.de\/vdn\/wp-content\/uploads\/sites\/3\/6H6A1324b-200x120.jpg 200w\" sizes=\"(max-width: 500px) 100vw, 500px\" \/><\/a><p id=\"caption-attachment-8901\" class=\"wp-caption-text\">Wasserzentrum Gymnicher M\u00fchle \u00a9 VDN<\/p><\/div>\n<p>Der Verband Deutscher Naturparke e.V. (VDN) f\u00fchrt in Kooperation mit dem Bonner Institut f\u00fcr Migrationsforschung und Interkulturelles Lernen (BIM) e.V. im Zeitraum Mai 2017 bis Oktober 2018 ein Projekt durch, das Naturerlebnis- und Mitmachangebote in Deutschlands Naturparken f\u00fcr Menschen aus sozial benachteiligten Schichten, Menschen mit Migrationshintergrund und Gefl\u00fcchtete schaffen soll. Das Projekt wird gef\u00f6rdert vom Bundesamt f\u00fcr Naturschutz aus Mitteln des Bundesministeriums f\u00fcr Umwelt, Naturschutz, Bau und Reaktorsicherheit.<\/p>\n<p>Ziel des Projektes ist es, \u00fcber &#8222;Natur erleben&#8220; einen neuen Zugang zu Naturerlebnisangeboten zu finden. Dazu sind die Angebote der Naturparke f\u00fcr Zielgruppen zu \u00f6ffnen, die bisher nicht oder kaum angesprochen wurden. Naturparke erhalten im Rahmen des Projektes Impulse f\u00fcr die Gestaltung, Kommunikation und Durchf\u00fchrung von Angeboten, die sich an den spezifischen Bed\u00fcrfnissen der genannten Zielgruppen orientieren. Ein im Projekt entwickelter Leitfaden soll als Grundlage dienen, um die Naturparke im Rahmen von Workshops, die Ende des Jahres stattfinden, f\u00fcr die zielgruppengerechte Umsetzung zu qualifizieren.<\/p>\n<p>&nbsp;<\/p>\n","protected":false},"excerpt":{"rendered":"<p>Deutschlands Naturparke m\u00f6chten Menschen aus sozial benachteiligten Schichten, Menschen mit Migrationshintergrund und Gefl\u00fcchteten einen neuen Zugang zu Naturerlebnisangeboten schaffen.<\/p>\n","protected":false},"author":73,"featured_media":8902,"comment_status":"open","ping_status":"open","sticky":false,"template":"","format":"standard","meta":{"_links_to":"","_links_to_target":""},"categories":[7],"tags":[],"yoast_head":"<!-- This site is optimized with the Yoast SEO plugin v19.10 - https:\/\/yoast.com\/wordpress\/plugins\/seo\/ -->\n<title>Natur erleben verbindet<\/title>\n<meta name=\"description\" content=\"Deutschlands Naturparke m\u00f6chten Menschen aus sozial benachteiligten Schichten, Menschen mit Migrationshintergrund und Gefl\u00fcchteten einen neuen Zugang zu Naturerlebnisangeboten schaffen.\" \/>\n<meta name=\"robots\" content=\"index, follow, max-snippet:-1, max-image-preview:large, max-video-preview:-1\" \/>\n<link rel=\"canonical\" href=\"https:\/\/www.naturparkmagazin.de\/vdn\/natur-erleben-verbindet\/\" \/>\n<meta property=\"og:locale\" content=\"de_DE\" \/>\n<meta property=\"og:type\" content=\"article\" \/>\n<meta property=\"og:title\" content=\"Natur erleben verbindet\" \/>\n<meta property=\"og:description\" content=\"Deutschlands Naturparke m\u00f6chten Menschen aus sozial benachteiligten Schichten, Menschen mit Migrationshintergrund und Gefl\u00fcchteten einen neuen Zugang zu Naturerlebnisangeboten schaffen.\" \/>\n<meta property=\"og:url\" content=\"https:\/\/www.naturparkmagazin.de\/vdn\/natur-erleben-verbindet\/\" \/>\n<meta property=\"og:site_name\" content=\"Verband Deutscher Naturparke\" \/>\n<meta property=\"article:published_time\" content=\"2017-06-19T09:50:06+00:00\" \/>\n<meta property=\"article:modified_time\" content=\"2017-06-28T14:33:53+00:00\" \/>\n<meta property=\"og:image\" content=\"https:\/\/www.naturparkmagazin.de\/vdn\/wp-content\/uploads\/sites\/3\/6H6A1324bf.jpg\" \/>\n\t<meta property=\"og:image:width\" content=\"200\" \/>\n\t<meta property=\"og:image:height\" content=\"200\" \/>\n\t<meta property=\"og:image:type\" content=\"image\/jpeg\" \/>\n<meta name=\"author\" content=\"manuelamerz\" \/>\n<meta name=\"twitter:label1\" content=\"Verfasst von\" \/>\n\t<meta name=\"twitter:data1\" content=\"manuelamerz\" \/>\n\t<meta name=\"twitter:label2\" content=\"Gesch\u00e4tzte Lesezeit\" \/>\n\t<meta name=\"twitter:data2\" content=\"1\u00a0Minute\" \/>\n<script type=\"application\/ld+json\" class=\"yoast-schema-graph\">{\"@context\":\"https:\/\/schema.org\",\"@graph\":[{\"@type\":\"WebPage\",\"@id\":\"https:\/\/www.naturparkmagazin.de\/vdn\/natur-erleben-verbindet\/\",\"url\":\"https:\/\/www.naturparkmagazin.de\/vdn\/natur-erleben-verbindet\/\",\"name\":\"Natur erleben verbindet\",\"isPartOf\":{\"@id\":\"https:\/\/www.naturparkmagazin.de\/vdn\/#website\"},\"datePublished\":\"2017-06-19T09:50:06+00:00\",\"dateModified\":\"2017-06-28T14:33:53+00:00\",\"author\":{\"@id\":\"https:\/\/www.naturparkmagazin.de\/vdn\/#\/schema\/person\/3cff9b8773ed55f0189255fa9adfd57c\"},\"description\":\"Deutschlands Naturparke m\u00f6chten Menschen aus sozial benachteiligten Schichten, Menschen mit Migrationshintergrund und Gefl\u00fcchteten einen neuen Zugang zu Naturerlebnisangeboten schaffen.\",\"breadcrumb\":{\"@id\":\"https:\/\/www.naturparkmagazin.de\/vdn\/natur-erleben-verbindet\/#breadcrumb\"},\"inLanguage\":\"de\",\"potentialAction\":[{\"@type\":\"ReadAction\",\"target\":[\"https:\/\/www.naturparkmagazin.de\/vdn\/natur-erleben-verbindet\/\"]}]},{\"@type\":\"BreadcrumbList\",\"@id\":\"https:\/\/www.naturparkmagazin.de\/vdn\/natur-erleben-verbindet\/#breadcrumb\",\"itemListElement\":[{\"@type\":\"ListItem\",\"position\":1,\"name\":\"Home\",\"item\":\"https:\/\/www.naturparkmagazin.de\/vdn\/\"},{\"@type\":\"ListItem\",\"position\":2,\"name\":\"Natur erleben verbindet\"}]},{\"@type\":\"WebSite\",\"@id\":\"https:\/\/www.naturparkmagazin.de\/vdn\/#website\",\"url\":\"https:\/\/www.naturparkmagazin.de\/vdn\/\",\"name\":\"Verband Deutscher Naturparke\",\"description\":\"Eine weitere Naturparkmagazin.de Netzwerk Seite\",\"potentialAction\":[{\"@type\":\"SearchAction\",\"target\":{\"@type\":\"EntryPoint\",\"urlTemplate\":\"https:\/\/www.naturparkmagazin.de\/vdn\/?s={search_term_string}\"},\"query-input\":\"required name=search_term_string\"}],\"inLanguage\":\"de\"},{\"@type\":\"Person\",\"@id\":\"https:\/\/www.naturparkmagazin.de\/vdn\/#\/schema\/person\/3cff9b8773ed55f0189255fa9adfd57c\",\"name\":\"manuelamerz\",\"url\":\"https:\/\/www.naturparkmagazin.de\/vdn\/author\/manuelamerz\/\"}]}<\/script>\n<!-- \/ Yoast SEO plugin. -->","yoast_head_json":{"title":"Natur erleben verbindet","description":"Deutschlands Naturparke m\u00f6chten Menschen aus sozial benachteiligten Schichten, Menschen mit Migrationshintergrund und Gefl\u00fcchteten einen neuen Zugang zu Naturerlebnisangeboten schaffen.","robots":{"index":"index","follow":"follow","max-snippet":"max-snippet:-1","max-image-preview":"max-image-preview:large","max-video-preview":"max-video-preview:-1"},"canonical":"https:\/\/www.naturparkmagazin.de\/vdn\/natur-erleben-verbindet\/","og_locale":"de_DE","og_type":"article","og_title":"Natur erleben verbindet","og_description":"Deutschlands Naturparke m\u00f6chten Menschen aus sozial benachteiligten Schichten, Menschen mit Migrationshintergrund und Gefl\u00fcchteten einen neuen Zugang zu Naturerlebnisangeboten schaffen.","og_url":"https:\/\/www.naturparkmagazin.de\/vdn\/natur-erleben-verbindet\/","og_site_name":"Verband Deutscher Naturparke","article_published_time":"2017-06-19T09:50:06+00:00","article_modified_time":"2017-06-28T14:33:53+00:00","og_image":[{"width":200,"height":200,"url":"https:\/\/www.naturparkmagazin.de\/vdn\/wp-content\/uploads\/sites\/3\/6H6A1324bf.jpg","type":"image\/jpeg"}],"author":"manuelamerz","twitter_misc":{"Verfasst von":"manuelamerz","Gesch\u00e4tzte Lesezeit":"1\u00a0Minute"},"schema":{"@context":"https:\/\/schema.org","@graph":[{"@type":"WebPage","@id":"https:\/\/www.naturparkmagazin.de\/vdn\/natur-erleben-verbindet\/","url":"https:\/\/www.naturparkmagazin.de\/vdn\/natur-erleben-verbindet\/","name":"Natur erleben verbindet","isPartOf":{"@id":"https:\/\/www.naturparkmagazin.de\/vdn\/#website"},"datePublished":"2017-06-19T09:50:06+00:00","dateModified":"2017-06-28T14:33:53+00:00","author":{"@id":"https:\/\/www.naturparkmagazin.de\/vdn\/#\/schema\/person\/3cff9b8773ed55f0189255fa9adfd57c"},"description":"Deutschlands Naturparke m\u00f6chten Menschen aus sozial benachteiligten Schichten, Menschen mit Migrationshintergrund und Gefl\u00fcchteten einen neuen Zugang zu Naturerlebnisangeboten schaffen.","breadcrumb":{"@id":"https:\/\/www.naturparkmagazin.de\/vdn\/natur-erleben-verbindet\/#breadcrumb"},"inLanguage":"de","potentialAction":[{"@type":"ReadAction","target":["https:\/\/www.naturparkmagazin.de\/vdn\/natur-erleben-verbindet\/"]}]},{"@type":"BreadcrumbList","@id":"https:\/\/www.naturparkmagazin.de\/vdn\/natur-erleben-verbindet\/#breadcrumb","itemListElement":[{"@type":"ListItem","position":1,"name":"Home","item":"https:\/\/www.naturparkmagazin.de\/vdn\/"},{"@type":"ListItem","position":2,"name":"Natur erleben verbindet"}]},{"@type":"WebSite","@id":"https:\/\/www.naturparkmagazin.de\/vdn\/#website","url":"https:\/\/www.naturparkmagazin.de\/vdn\/","name":"Verband Deutscher Naturparke","description":"Eine weitere Naturparkmagazin.de Netzwerk Seite","potentialAction":[{"@type":"SearchAction","target":{"@type":"EntryPoint","urlTemplate":"https:\/\/www.naturparkmagazin.de\/vdn\/?s={search_term_string}"},"query-input":"required name=search_term_string"}],"inLanguage":"de"},{"@type":"Person","@id":"https:\/\/www.naturparkmagazin.de\/vdn\/#\/schema\/person\/3cff9b8773ed55f0189255fa9adfd57c","name":"manuelamerz","url":"https:\/\/www.naturparkmagazin.de\/vdn\/author\/manuelamerz\/"}]}},"_links":{"self":[{"href":"https:\/\/www.naturparkmagazin.de\/vdn\/wp-json\/wp\/v2\/posts\/8863"}],"collection":[{"href":"https:\/\/www.naturparkmagazin.de\/vdn\/wp-json\/wp\/v2\/posts"}],"about":[{"href":"https:\/\/www.naturparkmagazin.de\/vdn\/wp-json\/wp\/v2\/types\/post"}],"author":[{"embeddable":true,"href":"https:\/\/www.naturparkmagazin.de\/vdn\/wp-json\/wp\/v2\/users\/73"}],"replies":[{"embeddable":true,"href":"https:\/\/www.naturparkmagazin.de\/vdn\/wp-json\/wp\/v2\/comments?post=8863"}],"version-history":[{"count":9,"href":"https:\/\/www.naturparkmagazin.de\/vdn\/wp-json\/wp\/v2\/posts\/8863\/revisions"}],"predecessor-version":[{"id":8932,"href":"https:\/\/www.naturparkmagazin.de\/vdn\/wp-json\/wp\/v2\/posts\/8863\/revisions\/8932"}],"wp:featuredmedia":[{"embeddable":true,"href":"https:\/\/www.naturparkmagazin.de\/vdn\/wp-json\/wp\/v2\/media\/8902"}],"wp:attachment":[{"href":"https:\/\/www.naturparkmagazin.de\/vdn\/wp-json\/wp\/v2\/media?parent=8863"}],"wp:term":[{"taxonomy":"category","embeddable":true,"href":"https:\/\/www.naturparkmagazin.de\/vdn\/wp-json\/wp\/v2\/categories?post=8863"},{"taxonomy":"post_tag","embeddable":true,"href":"https:\/\/www.naturparkmagazin.de\/vdn\/wp-json\/wp\/v2\/tags?post=8863"}],"curies":[{"name":"wp","href":"https:\/\/api.w.org\/{rel}","templated":true}]}}