{"id":8867,"date":"2017-06-19T11:52:11","date_gmt":"2017-06-19T09:52:11","guid":{"rendered":"http:\/\/www.naturparkmagazin.de\/vdn\/?p=8867"},"modified":"2017-07-04T15:19:47","modified_gmt":"2017-07-04T13:19:47","slug":"europaeisches-naturparktreffen-in-bruessel","status":"publish","type":"post","link":"https:\/\/www.naturparkmagazin.de\/vdn\/europaeisches-naturparktreffen-in-bruessel\/","title":{"rendered":"Europ\u00e4isches Naturparktreffen in Br\u00fcssel"},"content":{"rendered":"<div id=\"attachment_8912\" style=\"width: 510px\" class=\"wp-caption aligncenter\"><a href=\"https:\/\/www.naturparkmagazin.de\/vdn\/wp-content\/uploads\/sites\/3\/DSC_0857_beitrag.jpg\"><img aria-describedby=\"caption-attachment-8912\" decoding=\"async\" loading=\"lazy\" class=\"wp-image-8912 size-full\" src=\"https:\/\/www.naturparkmagazin.de\/vdn\/wp-content\/uploads\/sites\/3\/DSC_0857_beitrag.jpg\" alt=\"Copyright: VDN\" width=\"500\" height=\"300\" srcset=\"https:\/\/www.naturparkmagazin.de\/vdn\/wp-content\/uploads\/sites\/3\/DSC_0857_beitrag.jpg 500w, https:\/\/www.naturparkmagazin.de\/vdn\/wp-content\/uploads\/sites\/3\/DSC_0857_beitrag-300x180.jpg 300w, https:\/\/www.naturparkmagazin.de\/vdn\/wp-content\/uploads\/sites\/3\/DSC_0857_beitrag-200x120.jpg 200w\" sizes=\"(max-width: 500px) 100vw, 500px\" \/><\/a><p id=\"caption-attachment-8912\" class=\"wp-caption-text\">Copyright: VDN<\/p><\/div>\n<p>Vertreter regionaler Naturparke aus 20 Staaten unterzeichnen am 21. Juni 2017 auf dem \u201eErsten Europ\u00e4ischen Naturparke-Gipfel\u201c in Br\u00fcssel eine gemeinsame Erkl\u00e4rung. In der Erkl\u00e4rung appellieren die Vertreter der Regionalen Naturparke an die Europ\u00e4ische Union und ihre Mitgliedstaaten, die Regionalen Naturparke noch st\u00e4rker f\u00fcr die Umsetzung eines integrierten und zukunftsf\u00e4higen Ansatzes f\u00fcr ein nachhaltiges Europa zu nutzen. Eine St\u00e4rkung der Regionalen Naturparke lohnt sich, da sie zu einer noch besseren Umsetzung der Naturschutzrichtlinien der Europ\u00e4ischen Union wie der FFH-Richtlinie, Vogelschutzrichtlinie und Wasserrahmenrichtlinie vor Ort beitragen k\u00f6nnen. Zudem unterst\u00fctzen sie die Europ\u00e4ische Union und ihre Mitgliedsstaaten bei der Erreichung politischer Ziele, wie der Biodiversit\u00e4tsstrategie und der Strategie zur Gr\u00fcnen Infrastruktur sowie bei der St\u00e4rkung L\u00e4ndlicher R\u00e4ume.<\/p>\n<p>Diese Punkte wurden im Rahmen einer Podiumsdiskussion diskutiert, an der Nicola Notaro, Leiter der Naturschutzabteilung in der Generaldirektion Umwelt der Europ\u00e4ischen Kommission, Martin Scheele, Leiter der Abteilung Konzeption und Koh\u00e4renz l\u00e4ndlicher Entwicklung in der Generaldirektion Landwirtschaft und L\u00e4ndliche Entwicklung der Europ\u00e4ischen Kommission sowie Ignace Schops, Pr\u00e4sident von EUROPARC Federation, der Dachorganisation der Schutzgebiete in Europa, teilgenommen haben.<\/p>\n<p>Bei der Veranstaltung pr\u00e4sentierte der Verband Deutscher Naturparke (VDN) in Kooperation mit EUROPARC Federation das Buch \u201eLiving Landscapes\u201c \u00fcber Regionale Naturparke in Europa sowie Ergebnisse der ersten umfassenden Studie \u00fcber diese Schutzgebiete in Europa. Es gibt insgesamt ca. 900 Regionale Naturparke in 20 Mitgliedstaaten der EU sowie in der Schweiz und Norwegen. Zusammen nehmen sie 8 % der Fl\u00e4che der gesamten Europ\u00e4ischen Union ein.<\/p>\n<p>Die Studie sowie die Veranstaltung wurden gef\u00f6rdert vom Bundesamt f\u00fcr Naturschutz aus Mitteln des Bundesministeriums f\u00fcr Umwelt, Naturschutz, Bau und Reaktorsicherheit. Dr. Christiane Paulus, stellvertretende Abteilungsleiterin f\u00fcr Naturschutz im Bundesumweltministerium w\u00fcrdigte in ihrem Gru\u00dfwort die Pionierarbeit, die in diesem Projekt geleistet wurde. Sie begr\u00fc\u00dfte die Idee, die regionalen Aufgabenstellungen der Naturparke auf eine h\u00f6here Ebene der Zusammenarbeit zu bringen. Dies nicht nur aufgrund der sich bietenden Chancen eines l\u00e4nder\u00fcbergreifenden Austauschs. \u201eDenn\u201c, so \u00e4u\u00dferte sie, \u201ees unterst\u00fctzt auch den Gedanken des gemeinschaftlichen Europas; gerade in der heutigen Zeit ein ganz wichtiges Zeichen\u201c. Mit der Deklaration werde das gemeinsame Handeln nach au\u00dfen kommuniziert und gleichzeitig der berechtigte Wunsch nach Unterst\u00fctzung der Naturparke durch die Europ\u00e4ische Union und ihre Mitliedstaaten zum Ausdruck gebracht.<\/p>\n<p>&gt;&gt; <a href=\"http:\/\/www.european-parks.org\/project-news\/european-summit-regional-nature-parks\" target=\"_blank\"><strong>Hier<\/strong><\/a> finden Sie weitere Informationen, Bilder, die Pressemitteilung in englischer und deutscher Sprache, Informationen zum\u00a0 Buch \u201eLiving Landscapes\u201c und die Europ\u00e4ische Naturparke-Erkl\u00e4rung<\/p>\n<p>Die gedruckte Version des englischsprachigen Buches \u201eLiving Landscapes\u201c kann gegen eine Versandkostenpauschale von 5,- \u20ac beim VDN bestellt werden.<\/p>\n<p>Kontakt: <a href=\"mailto:sekretariat@naturparke.de\">sekretariat@naturparke.de<\/a>.<\/p>\n<p>&nbsp;<\/p>\n","protected":false},"excerpt":{"rendered":"<p>Vertreter regionaler Naturparke aus 20 Staaten unterzeichneten am 21. Juni 2017 auf dem \u201eErsten Europ\u00e4ischen Naturparke-Gipfel\u201c in Br\u00fcssel eine gemeinsame Erkl\u00e4rung. <\/p>\n","protected":false},"author":73,"featured_media":8913,"comment_status":"open","ping_status":"open","sticky":false,"template":"","format":"standard","meta":{"_links_to":"","_links_to_target":""},"categories":[7],"tags":[],"yoast_head":"<!-- This site is optimized with the Yoast SEO plugin v19.10 - https:\/\/yoast.com\/wordpress\/plugins\/seo\/ -->\n<title>Europ\u00e4isches Naturparktreffen in Br\u00fcssel<\/title>\n<meta name=\"description\" content=\"Vertreter regionaler Naturparke aus 20 Staaten unterzeichneten am 21. Juni 2017 auf dem \u201eErsten Europ\u00e4ischen Naturparke-Gipfel\u201c in Br\u00fcssel eine gemeinsame Erkl\u00e4rung.\" \/>\n<meta name=\"robots\" content=\"index, follow, max-snippet:-1, max-image-preview:large, max-video-preview:-1\" \/>\n<link rel=\"canonical\" href=\"https:\/\/www.naturparkmagazin.de\/vdn\/europaeisches-naturparktreffen-in-bruessel\/\" \/>\n<meta property=\"og:locale\" content=\"de_DE\" \/>\n<meta property=\"og:type\" content=\"article\" \/>\n<meta property=\"og:title\" content=\"Europ\u00e4isches Naturparktreffen in Br\u00fcssel\" \/>\n<meta property=\"og:description\" content=\"Vertreter regionaler Naturparke aus 20 Staaten unterzeichneten am 21. Juni 2017 auf dem \u201eErsten Europ\u00e4ischen Naturparke-Gipfel\u201c in Br\u00fcssel eine gemeinsame Erkl\u00e4rung.\" \/>\n<meta property=\"og:url\" content=\"https:\/\/www.naturparkmagazin.de\/vdn\/europaeisches-naturparktreffen-in-bruessel\/\" \/>\n<meta property=\"og:site_name\" content=\"Verband Deutscher Naturparke\" \/>\n<meta property=\"article:published_time\" content=\"2017-06-19T09:52:11+00:00\" \/>\n<meta property=\"article:modified_time\" content=\"2017-07-04T13:19:47+00:00\" \/>\n<meta property=\"og:image\" content=\"https:\/\/www.naturparkmagazin.de\/vdn\/wp-content\/uploads\/sites\/3\/DSC_0857_beitragsbild.jpg\" \/>\n\t<meta property=\"og:image:width\" content=\"200\" \/>\n\t<meta property=\"og:image:height\" content=\"200\" \/>\n\t<meta property=\"og:image:type\" content=\"image\/jpeg\" \/>\n<meta name=\"author\" content=\"manuelamerz\" \/>\n<meta name=\"twitter:label1\" content=\"Verfasst von\" \/>\n\t<meta name=\"twitter:data1\" content=\"manuelamerz\" \/>\n\t<meta name=\"twitter:label2\" content=\"Gesch\u00e4tzte Lesezeit\" \/>\n\t<meta name=\"twitter:data2\" content=\"2\u00a0Minuten\" \/>\n<script type=\"application\/ld+json\" class=\"yoast-schema-graph\">{\"@context\":\"https:\/\/schema.org\",\"@graph\":[{\"@type\":\"WebPage\",\"@id\":\"https:\/\/www.naturparkmagazin.de\/vdn\/europaeisches-naturparktreffen-in-bruessel\/\",\"url\":\"https:\/\/www.naturparkmagazin.de\/vdn\/europaeisches-naturparktreffen-in-bruessel\/\",\"name\":\"Europ\u00e4isches Naturparktreffen in Br\u00fcssel\",\"isPartOf\":{\"@id\":\"https:\/\/www.naturparkmagazin.de\/vdn\/#website\"},\"datePublished\":\"2017-06-19T09:52:11+00:00\",\"dateModified\":\"2017-07-04T13:19:47+00:00\",\"author\":{\"@id\":\"https:\/\/www.naturparkmagazin.de\/vdn\/#\/schema\/person\/3cff9b8773ed55f0189255fa9adfd57c\"},\"description\":\"Vertreter regionaler Naturparke aus 20 Staaten unterzeichneten am 21. Juni 2017 auf dem \u201eErsten Europ\u00e4ischen Naturparke-Gipfel\u201c in Br\u00fcssel eine gemeinsame Erkl\u00e4rung.\",\"breadcrumb\":{\"@id\":\"https:\/\/www.naturparkmagazin.de\/vdn\/europaeisches-naturparktreffen-in-bruessel\/#breadcrumb\"},\"inLanguage\":\"de\",\"potentialAction\":[{\"@type\":\"ReadAction\",\"target\":[\"https:\/\/www.naturparkmagazin.de\/vdn\/europaeisches-naturparktreffen-in-bruessel\/\"]}]},{\"@type\":\"BreadcrumbList\",\"@id\":\"https:\/\/www.naturparkmagazin.de\/vdn\/europaeisches-naturparktreffen-in-bruessel\/#breadcrumb\",\"itemListElement\":[{\"@type\":\"ListItem\",\"position\":1,\"name\":\"Home\",\"item\":\"https:\/\/www.naturparkmagazin.de\/vdn\/\"},{\"@type\":\"ListItem\",\"position\":2,\"name\":\"Europ\u00e4isches Naturparktreffen in Br\u00fcssel\"}]},{\"@type\":\"WebSite\",\"@id\":\"https:\/\/www.naturparkmagazin.de\/vdn\/#website\",\"url\":\"https:\/\/www.naturparkmagazin.de\/vdn\/\",\"name\":\"Verband Deutscher Naturparke\",\"description\":\"Eine weitere Naturparkmagazin.de Netzwerk Seite\",\"potentialAction\":[{\"@type\":\"SearchAction\",\"target\":{\"@type\":\"EntryPoint\",\"urlTemplate\":\"https:\/\/www.naturparkmagazin.de\/vdn\/?s={search_term_string}\"},\"query-input\":\"required name=search_term_string\"}],\"inLanguage\":\"de\"},{\"@type\":\"Person\",\"@id\":\"https:\/\/www.naturparkmagazin.de\/vdn\/#\/schema\/person\/3cff9b8773ed55f0189255fa9adfd57c\",\"name\":\"manuelamerz\",\"url\":\"https:\/\/www.naturparkmagazin.de\/vdn\/author\/manuelamerz\/\"}]}<\/script>\n<!-- \/ Yoast SEO plugin. -->","yoast_head_json":{"title":"Europ\u00e4isches Naturparktreffen in Br\u00fcssel","description":"Vertreter regionaler Naturparke aus 20 Staaten unterzeichneten am 21. Juni 2017 auf dem \u201eErsten Europ\u00e4ischen Naturparke-Gipfel\u201c in Br\u00fcssel eine gemeinsame Erkl\u00e4rung.","robots":{"index":"index","follow":"follow","max-snippet":"max-snippet:-1","max-image-preview":"max-image-preview:large","max-video-preview":"max-video-preview:-1"},"canonical":"https:\/\/www.naturparkmagazin.de\/vdn\/europaeisches-naturparktreffen-in-bruessel\/","og_locale":"de_DE","og_type":"article","og_title":"Europ\u00e4isches Naturparktreffen in Br\u00fcssel","og_description":"Vertreter regionaler Naturparke aus 20 Staaten unterzeichneten am 21. Juni 2017 auf dem \u201eErsten Europ\u00e4ischen Naturparke-Gipfel\u201c in Br\u00fcssel eine gemeinsame Erkl\u00e4rung.","og_url":"https:\/\/www.naturparkmagazin.de\/vdn\/europaeisches-naturparktreffen-in-bruessel\/","og_site_name":"Verband Deutscher Naturparke","article_published_time":"2017-06-19T09:52:11+00:00","article_modified_time":"2017-07-04T13:19:47+00:00","og_image":[{"width":200,"height":200,"url":"https:\/\/www.naturparkmagazin.de\/vdn\/wp-content\/uploads\/sites\/3\/DSC_0857_beitragsbild.jpg","type":"image\/jpeg"}],"author":"manuelamerz","twitter_misc":{"Verfasst von":"manuelamerz","Gesch\u00e4tzte Lesezeit":"2\u00a0Minuten"},"schema":{"@context":"https:\/\/schema.org","@graph":[{"@type":"WebPage","@id":"https:\/\/www.naturparkmagazin.de\/vdn\/europaeisches-naturparktreffen-in-bruessel\/","url":"https:\/\/www.naturparkmagazin.de\/vdn\/europaeisches-naturparktreffen-in-bruessel\/","name":"Europ\u00e4isches Naturparktreffen in Br\u00fcssel","isPartOf":{"@id":"https:\/\/www.naturparkmagazin.de\/vdn\/#website"},"datePublished":"2017-06-19T09:52:11+00:00","dateModified":"2017-07-04T13:19:47+00:00","author":{"@id":"https:\/\/www.naturparkmagazin.de\/vdn\/#\/schema\/person\/3cff9b8773ed55f0189255fa9adfd57c"},"description":"Vertreter regionaler Naturparke aus 20 Staaten unterzeichneten am 21. Juni 2017 auf dem \u201eErsten Europ\u00e4ischen Naturparke-Gipfel\u201c in Br\u00fcssel eine gemeinsame Erkl\u00e4rung.","breadcrumb":{"@id":"https:\/\/www.naturparkmagazin.de\/vdn\/europaeisches-naturparktreffen-in-bruessel\/#breadcrumb"},"inLanguage":"de","potentialAction":[{"@type":"ReadAction","target":["https:\/\/www.naturparkmagazin.de\/vdn\/europaeisches-naturparktreffen-in-bruessel\/"]}]},{"@type":"BreadcrumbList","@id":"https:\/\/www.naturparkmagazin.de\/vdn\/europaeisches-naturparktreffen-in-bruessel\/#breadcrumb","itemListElement":[{"@type":"ListItem","position":1,"name":"Home","item":"https:\/\/www.naturparkmagazin.de\/vdn\/"},{"@type":"ListItem","position":2,"name":"Europ\u00e4isches Naturparktreffen in Br\u00fcssel"}]},{"@type":"WebSite","@id":"https:\/\/www.naturparkmagazin.de\/vdn\/#website","url":"https:\/\/www.naturparkmagazin.de\/vdn\/","name":"Verband Deutscher Naturparke","description":"Eine weitere Naturparkmagazin.de Netzwerk Seite","potentialAction":[{"@type":"SearchAction","target":{"@type":"EntryPoint","urlTemplate":"https:\/\/www.naturparkmagazin.de\/vdn\/?s={search_term_string}"},"query-input":"required name=search_term_string"}],"inLanguage":"de"},{"@type":"Person","@id":"https:\/\/www.naturparkmagazin.de\/vdn\/#\/schema\/person\/3cff9b8773ed55f0189255fa9adfd57c","name":"manuelamerz","url":"https:\/\/www.naturparkmagazin.de\/vdn\/author\/manuelamerz\/"}]}},"_links":{"self":[{"href":"https:\/\/www.naturparkmagazin.de\/vdn\/wp-json\/wp\/v2\/posts\/8867"}],"collection":[{"href":"https:\/\/www.naturparkmagazin.de\/vdn\/wp-json\/wp\/v2\/posts"}],"about":[{"href":"https:\/\/www.naturparkmagazin.de\/vdn\/wp-json\/wp\/v2\/types\/post"}],"author":[{"embeddable":true,"href":"https:\/\/www.naturparkmagazin.de\/vdn\/wp-json\/wp\/v2\/users\/73"}],"replies":[{"embeddable":true,"href":"https:\/\/www.naturparkmagazin.de\/vdn\/wp-json\/wp\/v2\/comments?post=8867"}],"version-history":[{"count":13,"href":"https:\/\/www.naturparkmagazin.de\/vdn\/wp-json\/wp\/v2\/posts\/8867\/revisions"}],"predecessor-version":[{"id":8950,"href":"https:\/\/www.naturparkmagazin.de\/vdn\/wp-json\/wp\/v2\/posts\/8867\/revisions\/8950"}],"wp:featuredmedia":[{"embeddable":true,"href":"https:\/\/www.naturparkmagazin.de\/vdn\/wp-json\/wp\/v2\/media\/8913"}],"wp:attachment":[{"href":"https:\/\/www.naturparkmagazin.de\/vdn\/wp-json\/wp\/v2\/media?parent=8867"}],"wp:term":[{"taxonomy":"category","embeddable":true,"href":"https:\/\/www.naturparkmagazin.de\/vdn\/wp-json\/wp\/v2\/categories?post=8867"},{"taxonomy":"post_tag","embeddable":true,"href":"https:\/\/www.naturparkmagazin.de\/vdn\/wp-json\/wp\/v2\/tags?post=8867"}],"curies":[{"name":"wp","href":"https:\/\/api.w.org\/{rel}","templated":true}]}}