{"id":8968,"date":"2017-07-13T14:05:13","date_gmt":"2017-07-13T12:05:13","guid":{"rendered":"http:\/\/www.naturparkmagazin.de\/vdn\/?p=8968"},"modified":"2017-07-13T13:16:21","modified_gmt":"2017-07-13T11:16:21","slug":"scheckuebergabe","status":"publish","type":"post","link":"https:\/\/www.naturparkmagazin.de\/vdn\/scheckuebergabe\/","title":{"rendered":"\u201eScheck\u00fcbergabe\u201c"},"content":{"rendered":"<p>Kaufland und Unilever haben am 12. Juli dem Verband Deutscher Naturparke (VDN) in Gro\u00df-Upahl einen Scheck f\u00fcr die F\u00f6rderung von Natur- und Gew\u00e4sserschutz-Projekten \u00fcberreicht.<\/p>\n<div id=\"attachment_8982\" style=\"width: 510px\" class=\"wp-caption aligncenter\"><a href=\"https:\/\/www.naturparkmagazin.de\/vdn\/wp-content\/uploads\/sites\/3\/Foto-Scheck\u00fcbergabe_170712_beitrag.jpg\"><img aria-describedby=\"caption-attachment-8982\" decoding=\"async\" loading=\"lazy\" class=\"wp-image-8982 size-full\" src=\"https:\/\/www.naturparkmagazin.de\/vdn\/wp-content\/uploads\/sites\/3\/Foto-Scheck\u00fcbergabe_170712_beitrag.jpg\" alt=\"Scheck\u00fcbergabe im Naturpark Sternberger Seenland - Copyright: Naturpark Sternberger Seenland (Von links nach rechts: Steffen Popp und Karin Breitling (Kaufland), Lia Luckfiel (Unilever), Dr. Michael Arndt (VDN), Jan Lippke (Naturpark Sternberger Seenland), Dr. Harald Stegemann (Landesamt f\u00fcr Umwelt, Naturschutz und Geologie Mecklenburg-Vorpommern), Olaf Ostermann Ministerium f\u00fcr Landwirtschaft und Umwelt Mecklenburg-Vorpommern) )\" width=\"500\" height=\"300\" srcset=\"https:\/\/www.naturparkmagazin.de\/vdn\/wp-content\/uploads\/sites\/3\/Foto-Scheck\u00fcbergabe_170712_beitrag.jpg 500w, https:\/\/www.naturparkmagazin.de\/vdn\/wp-content\/uploads\/sites\/3\/Foto-Scheck\u00fcbergabe_170712_beitrag-300x180.jpg 300w, https:\/\/www.naturparkmagazin.de\/vdn\/wp-content\/uploads\/sites\/3\/Foto-Scheck\u00fcbergabe_170712_beitrag-200x120.jpg 200w\" sizes=\"(max-width: 500px) 100vw, 500px\" \/><\/a><p id=\"caption-attachment-8982\" class=\"wp-caption-text\">Scheck\u00fcbergabe im Naturpark Sternberger Seenland &#8211; Copyright: Naturpark Sternberger Seenland Von links nach rechts: Steffen Popp und Karin Breitling (Kaufland), Lia Luckfiel (Unilever), Dr. Michael Arndt (VDN), Jan Lippke (Naturpark Sternberger Seenland), Dr. Harald Stegemann (Landesamt f\u00fcr Umwelt, Naturschutz und Geologie Mecklenburg-Vorpommern), Olaf Ostermann Ministerium f\u00fcr Landwirtschaft und Umwelt Mecklenburg-Vorpommern)<\/p><\/div>\n<p>Die F\u00f6rderung von Gew\u00e4sserschutz-Projekten durch die Unternehmen Kaufland und Unilever wird in den Jahren 2017 und 2018 in den Naturparken Sternberger Seenland in Mecklenburg-Vorpommern und Oberer Bayerischer Wald in Bayern durchgef\u00fchrt, um zum Erhalt der Biologischen Vielfalt und zur Renaturierung von Gew\u00e4ssern beizutragen. Umgesetzt werden die Projekte von den beiden Naturparkverwaltungen in Zusammenarbeit mit dem VDN.<\/p>\n<div id=\"attachment_8985\" style=\"width: 510px\" class=\"wp-caption aligncenter\"><a href=\"https:\/\/www.naturparkmagazin.de\/vdn\/wp-content\/uploads\/sites\/3\/NSG-Upahl-Lenzener-See-Soll-am-Naturwaldreservat-Bohnrath-20_Beitrag.jpg\"><img aria-describedby=\"caption-attachment-8985\" decoding=\"async\" loading=\"lazy\" class=\"size-full wp-image-8985\" src=\"https:\/\/www.naturparkmagazin.de\/vdn\/wp-content\/uploads\/sites\/3\/NSG-Upahl-Lenzener-See-Soll-am-Naturwaldreservat-Bohnrath-20_Beitrag.jpg\" alt=\"NSG Upahl-Lenzener See-Soll am Naturwaldreservat Bohnrath - Copyright: Naturpark Sternberger Seenland\" width=\"500\" height=\"300\" srcset=\"https:\/\/www.naturparkmagazin.de\/vdn\/wp-content\/uploads\/sites\/3\/NSG-Upahl-Lenzener-See-Soll-am-Naturwaldreservat-Bohnrath-20_Beitrag.jpg 500w, https:\/\/www.naturparkmagazin.de\/vdn\/wp-content\/uploads\/sites\/3\/NSG-Upahl-Lenzener-See-Soll-am-Naturwaldreservat-Bohnrath-20_Beitrag-300x180.jpg 300w, https:\/\/www.naturparkmagazin.de\/vdn\/wp-content\/uploads\/sites\/3\/NSG-Upahl-Lenzener-See-Soll-am-Naturwaldreservat-Bohnrath-20_Beitrag-200x120.jpg 200w\" sizes=\"(max-width: 500px) 100vw, 500px\" \/><\/a><p id=\"caption-attachment-8985\" class=\"wp-caption-text\">NSG Upahl-Lenzener See-Soll am Naturwaldreservat Bohnrath &#8211; Copyright: Naturpark Sternberger Seenland<\/p><\/div>\n<p>Im Naturpark Sternberger Seenland wird im ca. 30 Hektar gro\u00dfen \u201eStrietholz\u201c, das im Naturschutzgebiet \u201eUpahler und Lenzener See\u201c liegt, eine Kleinmoor-Renaturierung erfolgen. Die in diesem Buchen- und Erlenwaldgebiet vorkommenden wertvollen Kleinmoore und Kleingew\u00e4sser sind durch ein von Menschen angelegtes Grabensystem bedroht, das das Gebiet entw\u00e4ssert. Im Projekt werden die Gr\u00e4ben verschlossen, so dass das Wasser in den Kleinmooren verbleibt und dieser nat\u00fcrliche Lebensraum f\u00fcr faszinierende Tiere wie Kraniche und Moorfr\u00f6sche verbessert und wiederhergestellt werden kann. Gleichzeitig wird durch die Moor-Renaturierung ein Beitrag zum Klimaschutz geleistet, da Kohlendioxid dauerhaft in der Moorvegetation gebunden wird.<\/p>\n<p>Im Naturpark Oberer Bayerischer Wald werden in dem aus dem Kleinen Arbersee abflie\u00dfenden Seebach nat\u00fcrliche Sohlrampen gebaut und in einem Teilbereich des R\u00f6delbachs, ein Nebenfluss der Schwarzach, wird ein neues Bachbett angelegt, wodurch der R\u00f6delbach wieder einen nat\u00fcrlichen Verlauf erh\u00e4lt.<\/p>\n<p>&nbsp;<\/p>\n<p><a href=\"https:\/\/www.naturparke.de\/service\/presse\/pressemitteilungen.html\" target=\"_blank\">&gt;&gt; Hier k\u00f6nnen Sie die Pressemitteilung anschauen<\/a><\/p>\n<p>&nbsp;<\/p>\n","protected":false},"excerpt":{"rendered":"<p>Kaufland und Unilever haben am 12. Juli in Gro\u00df-Upahl einen Scheck f\u00fcr die F\u00f6rderung von Natur- und Gew\u00e4sserschutz-Projekten \u00fcberreicht.<\/p>\n","protected":false},"author":51,"featured_media":8987,"comment_status":"open","ping_status":"open","sticky":false,"template":"","format":"standard","meta":{"_links_to":"","_links_to_target":""},"categories":[7],"tags":[],"yoast_head":"<!-- This site is optimized with the Yoast SEO plugin v19.10 - https:\/\/yoast.com\/wordpress\/plugins\/seo\/ -->\n<title>\u201eScheck\u00fcbergabe\u201c<\/title>\n<meta name=\"description\" content=\"Kaufland und Unilever haben am 12. Juli in Gro\u00df-Upahl einen Scheck f\u00fcr die F\u00f6rderung von Natur- und Gew\u00e4sserschutz-Projekten \u00fcberreicht.\" \/>\n<meta name=\"robots\" content=\"index, follow, max-snippet:-1, max-image-preview:large, max-video-preview:-1\" \/>\n<link rel=\"canonical\" href=\"https:\/\/www.naturparkmagazin.de\/vdn\/scheckuebergabe\/\" \/>\n<meta property=\"og:locale\" content=\"de_DE\" \/>\n<meta property=\"og:type\" content=\"article\" \/>\n<meta property=\"og:title\" content=\"\u201eScheck\u00fcbergabe\u201c\" \/>\n<meta property=\"og:description\" content=\"Kaufland und Unilever haben am 12. Juli in Gro\u00df-Upahl einen Scheck f\u00fcr die F\u00f6rderung von Natur- und Gew\u00e4sserschutz-Projekten \u00fcberreicht.\" \/>\n<meta property=\"og:url\" content=\"https:\/\/www.naturparkmagazin.de\/vdn\/scheckuebergabe\/\" \/>\n<meta property=\"og:site_name\" content=\"Verband Deutscher Naturparke\" \/>\n<meta property=\"article:published_time\" content=\"2017-07-13T12:05:13+00:00\" \/>\n<meta property=\"article:modified_time\" content=\"2017-07-13T11:16:21+00:00\" \/>\n<meta property=\"og:image\" content=\"https:\/\/www.naturparkmagazin.de\/vdn\/wp-content\/uploads\/sites\/3\/Foto-Scheck\u00fcbergabe_170712_beitragsbild.jpg\" \/>\n\t<meta property=\"og:image:width\" content=\"200\" \/>\n\t<meta property=\"og:image:height\" content=\"200\" \/>\n\t<meta property=\"og:image:type\" content=\"image\/jpeg\" \/>\n<meta name=\"author\" content=\"beatrixlosem\" \/>\n<meta name=\"twitter:label1\" content=\"Verfasst von\" \/>\n\t<meta name=\"twitter:data1\" content=\"beatrixlosem\" \/>\n\t<meta name=\"twitter:label2\" content=\"Gesch\u00e4tzte Lesezeit\" \/>\n\t<meta name=\"twitter:data2\" content=\"2\u00a0Minuten\" \/>\n<script type=\"application\/ld+json\" class=\"yoast-schema-graph\">{\"@context\":\"https:\/\/schema.org\",\"@graph\":[{\"@type\":\"WebPage\",\"@id\":\"https:\/\/www.naturparkmagazin.de\/vdn\/scheckuebergabe\/\",\"url\":\"https:\/\/www.naturparkmagazin.de\/vdn\/scheckuebergabe\/\",\"name\":\"\u201eScheck\u00fcbergabe\u201c\",\"isPartOf\":{\"@id\":\"https:\/\/www.naturparkmagazin.de\/vdn\/#website\"},\"datePublished\":\"2017-07-13T12:05:13+00:00\",\"dateModified\":\"2017-07-13T11:16:21+00:00\",\"author\":{\"@id\":\"https:\/\/www.naturparkmagazin.de\/vdn\/#\/schema\/person\/d71357578c318b6db03be60b1f60396b\"},\"description\":\"Kaufland und Unilever haben am 12. Juli in Gro\u00df-Upahl einen Scheck f\u00fcr die F\u00f6rderung von Natur- und Gew\u00e4sserschutz-Projekten \u00fcberreicht.\",\"breadcrumb\":{\"@id\":\"https:\/\/www.naturparkmagazin.de\/vdn\/scheckuebergabe\/#breadcrumb\"},\"inLanguage\":\"de\",\"potentialAction\":[{\"@type\":\"ReadAction\",\"target\":[\"https:\/\/www.naturparkmagazin.de\/vdn\/scheckuebergabe\/\"]}]},{\"@type\":\"BreadcrumbList\",\"@id\":\"https:\/\/www.naturparkmagazin.de\/vdn\/scheckuebergabe\/#breadcrumb\",\"itemListElement\":[{\"@type\":\"ListItem\",\"position\":1,\"name\":\"Home\",\"item\":\"https:\/\/www.naturparkmagazin.de\/vdn\/\"},{\"@type\":\"ListItem\",\"position\":2,\"name\":\"\u201eScheck\u00fcbergabe\u201c\"}]},{\"@type\":\"WebSite\",\"@id\":\"https:\/\/www.naturparkmagazin.de\/vdn\/#website\",\"url\":\"https:\/\/www.naturparkmagazin.de\/vdn\/\",\"name\":\"Verband Deutscher Naturparke\",\"description\":\"Eine weitere Naturparkmagazin.de Netzwerk Seite\",\"potentialAction\":[{\"@type\":\"SearchAction\",\"target\":{\"@type\":\"EntryPoint\",\"urlTemplate\":\"https:\/\/www.naturparkmagazin.de\/vdn\/?s={search_term_string}\"},\"query-input\":\"required name=search_term_string\"}],\"inLanguage\":\"de\"},{\"@type\":\"Person\",\"@id\":\"https:\/\/www.naturparkmagazin.de\/vdn\/#\/schema\/person\/d71357578c318b6db03be60b1f60396b\",\"name\":\"beatrixlosem\",\"url\":\"https:\/\/www.naturparkmagazin.de\/vdn\/author\/beatrixlosem\/\"}]}<\/script>\n<!-- \/ Yoast SEO plugin. -->","yoast_head_json":{"title":"\u201eScheck\u00fcbergabe\u201c","description":"Kaufland und Unilever haben am 12. Juli in Gro\u00df-Upahl einen Scheck f\u00fcr die F\u00f6rderung von Natur- und Gew\u00e4sserschutz-Projekten \u00fcberreicht.","robots":{"index":"index","follow":"follow","max-snippet":"max-snippet:-1","max-image-preview":"max-image-preview:large","max-video-preview":"max-video-preview:-1"},"canonical":"https:\/\/www.naturparkmagazin.de\/vdn\/scheckuebergabe\/","og_locale":"de_DE","og_type":"article","og_title":"\u201eScheck\u00fcbergabe\u201c","og_description":"Kaufland und Unilever haben am 12. Juli in Gro\u00df-Upahl einen Scheck f\u00fcr die F\u00f6rderung von Natur- und Gew\u00e4sserschutz-Projekten \u00fcberreicht.","og_url":"https:\/\/www.naturparkmagazin.de\/vdn\/scheckuebergabe\/","og_site_name":"Verband Deutscher Naturparke","article_published_time":"2017-07-13T12:05:13+00:00","article_modified_time":"2017-07-13T11:16:21+00:00","og_image":[{"width":200,"height":200,"url":"https:\/\/www.naturparkmagazin.de\/vdn\/wp-content\/uploads\/sites\/3\/Foto-Scheck\u00fcbergabe_170712_beitragsbild.jpg","type":"image\/jpeg"}],"author":"beatrixlosem","twitter_misc":{"Verfasst von":"beatrixlosem","Gesch\u00e4tzte Lesezeit":"2\u00a0Minuten"},"schema":{"@context":"https:\/\/schema.org","@graph":[{"@type":"WebPage","@id":"https:\/\/www.naturparkmagazin.de\/vdn\/scheckuebergabe\/","url":"https:\/\/www.naturparkmagazin.de\/vdn\/scheckuebergabe\/","name":"\u201eScheck\u00fcbergabe\u201c","isPartOf":{"@id":"https:\/\/www.naturparkmagazin.de\/vdn\/#website"},"datePublished":"2017-07-13T12:05:13+00:00","dateModified":"2017-07-13T11:16:21+00:00","author":{"@id":"https:\/\/www.naturparkmagazin.de\/vdn\/#\/schema\/person\/d71357578c318b6db03be60b1f60396b"},"description":"Kaufland und Unilever haben am 12. Juli in Gro\u00df-Upahl einen Scheck f\u00fcr die F\u00f6rderung von Natur- und Gew\u00e4sserschutz-Projekten \u00fcberreicht.","breadcrumb":{"@id":"https:\/\/www.naturparkmagazin.de\/vdn\/scheckuebergabe\/#breadcrumb"},"inLanguage":"de","potentialAction":[{"@type":"ReadAction","target":["https:\/\/www.naturparkmagazin.de\/vdn\/scheckuebergabe\/"]}]},{"@type":"BreadcrumbList","@id":"https:\/\/www.naturparkmagazin.de\/vdn\/scheckuebergabe\/#breadcrumb","itemListElement":[{"@type":"ListItem","position":1,"name":"Home","item":"https:\/\/www.naturparkmagazin.de\/vdn\/"},{"@type":"ListItem","position":2,"name":"\u201eScheck\u00fcbergabe\u201c"}]},{"@type":"WebSite","@id":"https:\/\/www.naturparkmagazin.de\/vdn\/#website","url":"https:\/\/www.naturparkmagazin.de\/vdn\/","name":"Verband Deutscher Naturparke","description":"Eine weitere Naturparkmagazin.de Netzwerk Seite","potentialAction":[{"@type":"SearchAction","target":{"@type":"EntryPoint","urlTemplate":"https:\/\/www.naturparkmagazin.de\/vdn\/?s={search_term_string}"},"query-input":"required name=search_term_string"}],"inLanguage":"de"},{"@type":"Person","@id":"https:\/\/www.naturparkmagazin.de\/vdn\/#\/schema\/person\/d71357578c318b6db03be60b1f60396b","name":"beatrixlosem","url":"https:\/\/www.naturparkmagazin.de\/vdn\/author\/beatrixlosem\/"}]}},"_links":{"self":[{"href":"https:\/\/www.naturparkmagazin.de\/vdn\/wp-json\/wp\/v2\/posts\/8968"}],"collection":[{"href":"https:\/\/www.naturparkmagazin.de\/vdn\/wp-json\/wp\/v2\/posts"}],"about":[{"href":"https:\/\/www.naturparkmagazin.de\/vdn\/wp-json\/wp\/v2\/types\/post"}],"author":[{"embeddable":true,"href":"https:\/\/www.naturparkmagazin.de\/vdn\/wp-json\/wp\/v2\/users\/51"}],"replies":[{"embeddable":true,"href":"https:\/\/www.naturparkmagazin.de\/vdn\/wp-json\/wp\/v2\/comments?post=8968"}],"version-history":[{"count":3,"href":"https:\/\/www.naturparkmagazin.de\/vdn\/wp-json\/wp\/v2\/posts\/8968\/revisions"}],"predecessor-version":[{"id":9006,"href":"https:\/\/www.naturparkmagazin.de\/vdn\/wp-json\/wp\/v2\/posts\/8968\/revisions\/9006"}],"wp:featuredmedia":[{"embeddable":true,"href":"https:\/\/www.naturparkmagazin.de\/vdn\/wp-json\/wp\/v2\/media\/8987"}],"wp:attachment":[{"href":"https:\/\/www.naturparkmagazin.de\/vdn\/wp-json\/wp\/v2\/media?parent=8968"}],"wp:term":[{"taxonomy":"category","embeddable":true,"href":"https:\/\/www.naturparkmagazin.de\/vdn\/wp-json\/wp\/v2\/categories?post=8968"},{"taxonomy":"post_tag","embeddable":true,"href":"https:\/\/www.naturparkmagazin.de\/vdn\/wp-json\/wp\/v2\/tags?post=8968"}],"curies":[{"name":"wp","href":"https:\/\/api.w.org\/{rel}","templated":true}]}}