{"id":8971,"date":"2017-07-13T14:00:32","date_gmt":"2017-07-13T12:00:32","guid":{"rendered":"http:\/\/www.naturparkmagazin.de\/vdn\/?p=8971"},"modified":"2017-07-13T15:25:45","modified_gmt":"2017-07-13T13:25:45","slug":"gebratene-forellenfilets","status":"publish","type":"post","link":"https:\/\/www.naturparkmagazin.de\/vdn\/gebratene-forellenfilets\/","title":{"rendered":"Gebratene Forellenfilets &#8230;"},"content":{"rendered":"<div id=\"attachment_8972\" style=\"width: 510px\" class=\"wp-caption alignnone\"><a href=\"https:\/\/www.naturparkmagazin.de\/vdn\/wp-content\/uploads\/sites\/3\/forelle_hannab.jpg\"><img aria-describedby=\"caption-attachment-8972\" decoding=\"async\" loading=\"lazy\" class=\"size-full wp-image-8972\" src=\"https:\/\/www.naturparkmagazin.de\/vdn\/wp-content\/uploads\/sites\/3\/forelle_hannab.jpg\" alt=\"\u00a9 Stefanie Jeschke\" width=\"500\" height=\"300\" srcset=\"https:\/\/www.naturparkmagazin.de\/vdn\/wp-content\/uploads\/sites\/3\/forelle_hannab.jpg 500w, https:\/\/www.naturparkmagazin.de\/vdn\/wp-content\/uploads\/sites\/3\/forelle_hannab-300x180.jpg 300w, https:\/\/www.naturparkmagazin.de\/vdn\/wp-content\/uploads\/sites\/3\/forelle_hannab-200x120.jpg 200w\" sizes=\"(max-width: 500px) 100vw, 500px\" \/><\/a><p id=\"caption-attachment-8972\" class=\"wp-caption-text\">\u00a9 Stefanie Jeschke<\/p><\/div>\n<p>Die Waldgastst\u00e4tte <a href=\"https:\/\/www.alte-eiche-frohnsdorf.de\/\" target=\"_blank\">\u201eZur alten Eiche\u201c<\/a> liegt inmitten Frohnsdorfs gr\u00fcnem Eichenwald im Naturpark Nuthe-Nieplitz. Hier k\u00f6nnen Sie kulinarisch durch die Region wandern. \u201eOb Bio- Kartoffeln aus Deutsch Bork, Treuenbrietzener Forelle oder Belziger Burgbr\u00e4u Pils, Sie k\u00f6nnen viele regionale Produkte entdecken und so unsere Heimat, den Fl\u00e4ming, unterst\u00fctzen.\u201c<\/p>\n<p>Das folgende Rezept ist f\u00fcr 2 Personen:<\/p>\n<p>&nbsp;<\/p>\n<p><strong><u>Gebratene Forellenfilets, aus der Steinm\u00fchle Treuenbrietzen,<\/u><\/strong><u> auf Fenchelgem\u00fcse mit Aprikosen und Kartoffelp\u00fcree<\/u><\/p>\n<p>&nbsp;<\/p>\n<p><u>Kartoffelp\u00fcree:<\/u><\/p>\n<p>400 g mehlig kochende Kartoffeln<\/p>\n<p>100 ml warme Milch<\/p>\n<p>30 g Butter<\/p>\n<p>Salz, geriebene Muskatnuss<\/p>\n<p>&nbsp;<\/p>\n<p><u>Fenchelgem\u00fcse mit Aprikosen:<\/u><\/p>\n<p>2 Fenchelknollen in Streifen schneiden, in Butter\/Wei\u00dfwein schmoren und w\u00fcrzen, danach<\/p>\n<p>1 frische Aprikose in Streifen schneiden, zu dem fast weichen Fenchel geben und durchschwenken. Fenchelkraut hacken und dazugeben.<\/p>\n<p>(Es k\u00f6nnen auch getrocknete Aprikosen verwendet werden.)<\/p>\n<p>&nbsp;<\/p>\n<p><u>Forellenfilets:<\/u><\/p>\n<p>2 Forellenfilets mit Zitronensaft s\u00e4uern, salzen und pfeffern. Erst auf der Hautseite kross braten und dann wenden bis der Fisch durch gegart ist.<\/p>\n<p>&nbsp;<\/p>\n<p>Wir w\u00fcnschen Ihnen einen guten Appetit!<\/p>\n<p>&nbsp;<\/p>\n<p>&nbsp;<\/p>\n<p>&nbsp;<\/p>\n<p>&nbsp;<\/p>\n","protected":false},"excerpt":{"rendered":"<p>&#8230; auf Fenchelgem\u00fcse mit Aprikosen und Kartoffelp\u00fcree. \u2013 Fr\u00fcher wurde der Preu\u00dfische Hof mit Forellen aus der Nieplitz beliefert, heute stammen sie aus der Steinm\u00fchle Treuenbrietzen, die mit dem Wasser der Nieplitz gespeist wird. <\/p>\n","protected":false},"author":73,"featured_media":8974,"comment_status":"open","ping_status":"open","sticky":false,"template":"","format":"standard","meta":{"_links_to":"","_links_to_target":""},"categories":[14],"tags":[],"yoast_head":"<!-- This site is optimized with the Yoast SEO plugin v19.10 - https:\/\/yoast.com\/wordpress\/plugins\/seo\/ -->\n<title>Gebratene Forellenfilets ...<\/title>\n<meta name=\"description\" content=\"... auf Fenchelgem\u00fcse mit Aprikosen und Kartoffelp\u00fcree. \u2013 Fr\u00fcher wurde der Preu\u00dfische Hof mit Forellen aus der Nieplitz beliefert, heute stammen sie aus der Steinm\u00fchle Treuenbrietzen, die mit dem Wasser der Nieplitz gespeist wird.\" \/>\n<meta name=\"robots\" content=\"index, follow, max-snippet:-1, max-image-preview:large, max-video-preview:-1\" \/>\n<link rel=\"canonical\" href=\"https:\/\/www.naturparkmagazin.de\/vdn\/gebratene-forellenfilets\/\" \/>\n<meta property=\"og:locale\" content=\"de_DE\" \/>\n<meta property=\"og:type\" content=\"article\" \/>\n<meta property=\"og:title\" content=\"Gebratene Forellenfilets ...\" \/>\n<meta property=\"og:description\" content=\"... auf Fenchelgem\u00fcse mit Aprikosen und Kartoffelp\u00fcree. \u2013 Fr\u00fcher wurde der Preu\u00dfische Hof mit Forellen aus der Nieplitz beliefert, heute stammen sie aus der Steinm\u00fchle Treuenbrietzen, die mit dem Wasser der Nieplitz gespeist wird.\" \/>\n<meta property=\"og:url\" content=\"https:\/\/www.naturparkmagazin.de\/vdn\/gebratene-forellenfilets\/\" \/>\n<meta property=\"og:site_name\" content=\"Verband Deutscher Naturparke\" \/>\n<meta property=\"article:published_time\" content=\"2017-07-13T12:00:32+00:00\" \/>\n<meta property=\"article:modified_time\" content=\"2017-07-13T13:25:45+00:00\" \/>\n<meta property=\"og:image\" content=\"https:\/\/www.naturparkmagazin.de\/vdn\/wp-content\/uploads\/sites\/3\/Forelle-bf.jpg\" \/>\n\t<meta property=\"og:image:width\" content=\"200\" \/>\n\t<meta property=\"og:image:height\" content=\"200\" \/>\n\t<meta property=\"og:image:type\" content=\"image\/jpeg\" \/>\n<meta name=\"author\" content=\"manuelamerz\" \/>\n<meta name=\"twitter:label1\" content=\"Verfasst von\" \/>\n\t<meta name=\"twitter:data1\" content=\"manuelamerz\" \/>\n\t<meta name=\"twitter:label2\" content=\"Gesch\u00e4tzte Lesezeit\" \/>\n\t<meta name=\"twitter:data2\" content=\"1\u00a0Minute\" \/>\n<script type=\"application\/ld+json\" class=\"yoast-schema-graph\">{\"@context\":\"https:\/\/schema.org\",\"@graph\":[{\"@type\":\"WebPage\",\"@id\":\"https:\/\/www.naturparkmagazin.de\/vdn\/gebratene-forellenfilets\/\",\"url\":\"https:\/\/www.naturparkmagazin.de\/vdn\/gebratene-forellenfilets\/\",\"name\":\"Gebratene Forellenfilets ...\",\"isPartOf\":{\"@id\":\"https:\/\/www.naturparkmagazin.de\/vdn\/#website\"},\"datePublished\":\"2017-07-13T12:00:32+00:00\",\"dateModified\":\"2017-07-13T13:25:45+00:00\",\"author\":{\"@id\":\"https:\/\/www.naturparkmagazin.de\/vdn\/#\/schema\/person\/3cff9b8773ed55f0189255fa9adfd57c\"},\"description\":\"... auf Fenchelgem\u00fcse mit Aprikosen und Kartoffelp\u00fcree. \u2013 Fr\u00fcher wurde der Preu\u00dfische Hof mit Forellen aus der Nieplitz beliefert, heute stammen sie aus der Steinm\u00fchle Treuenbrietzen, die mit dem Wasser der Nieplitz gespeist wird.\",\"breadcrumb\":{\"@id\":\"https:\/\/www.naturparkmagazin.de\/vdn\/gebratene-forellenfilets\/#breadcrumb\"},\"inLanguage\":\"de\",\"potentialAction\":[{\"@type\":\"ReadAction\",\"target\":[\"https:\/\/www.naturparkmagazin.de\/vdn\/gebratene-forellenfilets\/\"]}]},{\"@type\":\"BreadcrumbList\",\"@id\":\"https:\/\/www.naturparkmagazin.de\/vdn\/gebratene-forellenfilets\/#breadcrumb\",\"itemListElement\":[{\"@type\":\"ListItem\",\"position\":1,\"name\":\"Home\",\"item\":\"https:\/\/www.naturparkmagazin.de\/vdn\/\"},{\"@type\":\"ListItem\",\"position\":2,\"name\":\"Gebratene Forellenfilets &#8230;\"}]},{\"@type\":\"WebSite\",\"@id\":\"https:\/\/www.naturparkmagazin.de\/vdn\/#website\",\"url\":\"https:\/\/www.naturparkmagazin.de\/vdn\/\",\"name\":\"Verband Deutscher Naturparke\",\"description\":\"Eine weitere Naturparkmagazin.de Netzwerk Seite\",\"potentialAction\":[{\"@type\":\"SearchAction\",\"target\":{\"@type\":\"EntryPoint\",\"urlTemplate\":\"https:\/\/www.naturparkmagazin.de\/vdn\/?s={search_term_string}\"},\"query-input\":\"required name=search_term_string\"}],\"inLanguage\":\"de\"},{\"@type\":\"Person\",\"@id\":\"https:\/\/www.naturparkmagazin.de\/vdn\/#\/schema\/person\/3cff9b8773ed55f0189255fa9adfd57c\",\"name\":\"manuelamerz\",\"url\":\"https:\/\/www.naturparkmagazin.de\/vdn\/author\/manuelamerz\/\"}]}<\/script>\n<!-- \/ Yoast SEO plugin. -->","yoast_head_json":{"title":"Gebratene Forellenfilets ...","description":"... auf Fenchelgem\u00fcse mit Aprikosen und Kartoffelp\u00fcree. \u2013 Fr\u00fcher wurde der Preu\u00dfische Hof mit Forellen aus der Nieplitz beliefert, heute stammen sie aus der Steinm\u00fchle Treuenbrietzen, die mit dem Wasser der Nieplitz gespeist wird.","robots":{"index":"index","follow":"follow","max-snippet":"max-snippet:-1","max-image-preview":"max-image-preview:large","max-video-preview":"max-video-preview:-1"},"canonical":"https:\/\/www.naturparkmagazin.de\/vdn\/gebratene-forellenfilets\/","og_locale":"de_DE","og_type":"article","og_title":"Gebratene Forellenfilets ...","og_description":"... auf Fenchelgem\u00fcse mit Aprikosen und Kartoffelp\u00fcree. \u2013 Fr\u00fcher wurde der Preu\u00dfische Hof mit Forellen aus der Nieplitz beliefert, heute stammen sie aus der Steinm\u00fchle Treuenbrietzen, die mit dem Wasser der Nieplitz gespeist wird.","og_url":"https:\/\/www.naturparkmagazin.de\/vdn\/gebratene-forellenfilets\/","og_site_name":"Verband Deutscher Naturparke","article_published_time":"2017-07-13T12:00:32+00:00","article_modified_time":"2017-07-13T13:25:45+00:00","og_image":[{"width":200,"height":200,"url":"https:\/\/www.naturparkmagazin.de\/vdn\/wp-content\/uploads\/sites\/3\/Forelle-bf.jpg","type":"image\/jpeg"}],"author":"manuelamerz","twitter_misc":{"Verfasst von":"manuelamerz","Gesch\u00e4tzte Lesezeit":"1\u00a0Minute"},"schema":{"@context":"https:\/\/schema.org","@graph":[{"@type":"WebPage","@id":"https:\/\/www.naturparkmagazin.de\/vdn\/gebratene-forellenfilets\/","url":"https:\/\/www.naturparkmagazin.de\/vdn\/gebratene-forellenfilets\/","name":"Gebratene Forellenfilets ...","isPartOf":{"@id":"https:\/\/www.naturparkmagazin.de\/vdn\/#website"},"datePublished":"2017-07-13T12:00:32+00:00","dateModified":"2017-07-13T13:25:45+00:00","author":{"@id":"https:\/\/www.naturparkmagazin.de\/vdn\/#\/schema\/person\/3cff9b8773ed55f0189255fa9adfd57c"},"description":"... auf Fenchelgem\u00fcse mit Aprikosen und Kartoffelp\u00fcree. \u2013 Fr\u00fcher wurde der Preu\u00dfische Hof mit Forellen aus der Nieplitz beliefert, heute stammen sie aus der Steinm\u00fchle Treuenbrietzen, die mit dem Wasser der Nieplitz gespeist wird.","breadcrumb":{"@id":"https:\/\/www.naturparkmagazin.de\/vdn\/gebratene-forellenfilets\/#breadcrumb"},"inLanguage":"de","potentialAction":[{"@type":"ReadAction","target":["https:\/\/www.naturparkmagazin.de\/vdn\/gebratene-forellenfilets\/"]}]},{"@type":"BreadcrumbList","@id":"https:\/\/www.naturparkmagazin.de\/vdn\/gebratene-forellenfilets\/#breadcrumb","itemListElement":[{"@type":"ListItem","position":1,"name":"Home","item":"https:\/\/www.naturparkmagazin.de\/vdn\/"},{"@type":"ListItem","position":2,"name":"Gebratene Forellenfilets &#8230;"}]},{"@type":"WebSite","@id":"https:\/\/www.naturparkmagazin.de\/vdn\/#website","url":"https:\/\/www.naturparkmagazin.de\/vdn\/","name":"Verband Deutscher Naturparke","description":"Eine weitere Naturparkmagazin.de Netzwerk Seite","potentialAction":[{"@type":"SearchAction","target":{"@type":"EntryPoint","urlTemplate":"https:\/\/www.naturparkmagazin.de\/vdn\/?s={search_term_string}"},"query-input":"required name=search_term_string"}],"inLanguage":"de"},{"@type":"Person","@id":"https:\/\/www.naturparkmagazin.de\/vdn\/#\/schema\/person\/3cff9b8773ed55f0189255fa9adfd57c","name":"manuelamerz","url":"https:\/\/www.naturparkmagazin.de\/vdn\/author\/manuelamerz\/"}]}},"_links":{"self":[{"href":"https:\/\/www.naturparkmagazin.de\/vdn\/wp-json\/wp\/v2\/posts\/8971"}],"collection":[{"href":"https:\/\/www.naturparkmagazin.de\/vdn\/wp-json\/wp\/v2\/posts"}],"about":[{"href":"https:\/\/www.naturparkmagazin.de\/vdn\/wp-json\/wp\/v2\/types\/post"}],"author":[{"embeddable":true,"href":"https:\/\/www.naturparkmagazin.de\/vdn\/wp-json\/wp\/v2\/users\/73"}],"replies":[{"embeddable":true,"href":"https:\/\/www.naturparkmagazin.de\/vdn\/wp-json\/wp\/v2\/comments?post=8971"}],"version-history":[{"count":5,"href":"https:\/\/www.naturparkmagazin.de\/vdn\/wp-json\/wp\/v2\/posts\/8971\/revisions"}],"predecessor-version":[{"id":9028,"href":"https:\/\/www.naturparkmagazin.de\/vdn\/wp-json\/wp\/v2\/posts\/8971\/revisions\/9028"}],"wp:featuredmedia":[{"embeddable":true,"href":"https:\/\/www.naturparkmagazin.de\/vdn\/wp-json\/wp\/v2\/media\/8974"}],"wp:attachment":[{"href":"https:\/\/www.naturparkmagazin.de\/vdn\/wp-json\/wp\/v2\/media?parent=8971"}],"wp:term":[{"taxonomy":"category","embeddable":true,"href":"https:\/\/www.naturparkmagazin.de\/vdn\/wp-json\/wp\/v2\/categories?post=8971"},{"taxonomy":"post_tag","embeddable":true,"href":"https:\/\/www.naturparkmagazin.de\/vdn\/wp-json\/wp\/v2\/tags?post=8971"}],"curies":[{"name":"wp","href":"https:\/\/api.w.org\/{rel}","templated":true}]}}