{"id":8979,"date":"2017-07-13T14:00:49","date_gmt":"2017-07-13T12:00:49","guid":{"rendered":"http:\/\/www.naturparkmagazin.de\/vdn\/?p=8979"},"modified":"2017-07-13T15:27:56","modified_gmt":"2017-07-13T13:27:56","slug":"wie-aus-einer-anderen-welt-naturpark-nuthe-nieplitz","status":"publish","type":"post","link":"https:\/\/www.naturparkmagazin.de\/vdn\/wie-aus-einer-anderen-welt-naturpark-nuthe-nieplitz\/","title":{"rendered":"Wie aus einer anderen Welt &#8211; Naturpark Nuthe-Nieplitz"},"content":{"rendered":"<div id=\"attachment_8983\" style=\"width: 510px\" class=\"wp-caption alignnone\"><a href=\"https:\/\/www.naturparkmagazin.de\/vdn\/wp-content\/uploads\/sites\/3\/20130519-nutheb.jpg\"><img aria-describedby=\"caption-attachment-8983\" decoding=\"async\" loading=\"lazy\" class=\"size-full wp-image-8983\" src=\"https:\/\/www.naturparkmagazin.de\/vdn\/wp-content\/uploads\/sites\/3\/20130519-nutheb.jpg\" alt=\"Die Nuthe \u00a9 VDN\/J\u00fcrgen Liebner\" width=\"500\" height=\"300\" srcset=\"https:\/\/www.naturparkmagazin.de\/vdn\/wp-content\/uploads\/sites\/3\/20130519-nutheb.jpg 500w, https:\/\/www.naturparkmagazin.de\/vdn\/wp-content\/uploads\/sites\/3\/20130519-nutheb-300x180.jpg 300w, https:\/\/www.naturparkmagazin.de\/vdn\/wp-content\/uploads\/sites\/3\/20130519-nutheb-200x120.jpg 200w\" sizes=\"(max-width: 500px) 100vw, 500px\" \/><\/a><p id=\"caption-attachment-8983\" class=\"wp-caption-text\">Die Nuthe \u00a9 VDN\/J\u00fcrgen Liebner<\/p><\/div>\n<p>Etwa 20 km s\u00fcdlich von Berlin beginnt eine Landschaft wie aus einer anderen Welt &#8211; der Naturpark Nuthe-Nieplitz. Die namensgebenden Fl\u00fcsse Nuthe und Nieplitz entspringen im Fl\u00e4ming und str\u00f6men der Havel entgegen. In den Feuchtwiesen und naturnahen Bruchw\u00e4ldern br\u00fcten viele Vogelarten. Im Fr\u00fchjahr und Herbst rasten hier zehntausende G\u00e4nse und Kraniche. Ein absoluter Kontrast erwartet die Besucher im S\u00fcden des Naturparks. Auf dem ehemaligen Truppen\u00fcbungsplatz J\u00fcterbog ist ein einzigartiges Wildnisgebiet aus D\u00fcnenlandschaften, Heiden und W\u00e4ldern entstanden. Die Natur kann sich dort frei entwickeln und es entsteht wertvoller Lebensraum\u00a0f\u00fcr zahlreiche Tiere, wie zum Beispiel das seltenste S\u00e4ugetier Deutschlands &#8211; den Wolf.<\/p>\n<div id=\"attachment_8984\" style=\"width: 510px\" class=\"wp-caption alignnone\"><a href=\"https:\/\/www.naturparkmagazin.de\/vdn\/wp-content\/uploads\/sites\/3\/100_4327b.jpg\"><img aria-describedby=\"caption-attachment-8984\" decoding=\"async\" loading=\"lazy\" class=\"size-full wp-image-8984\" src=\"https:\/\/www.naturparkmagazin.de\/vdn\/wp-content\/uploads\/sites\/3\/100_4327b.jpg\" alt=\"Wolf \u00a9 VDN\/Jeff Atzler\" width=\"500\" height=\"300\" srcset=\"https:\/\/www.naturparkmagazin.de\/vdn\/wp-content\/uploads\/sites\/3\/100_4327b.jpg 500w, https:\/\/www.naturparkmagazin.de\/vdn\/wp-content\/uploads\/sites\/3\/100_4327b-300x180.jpg 300w, https:\/\/www.naturparkmagazin.de\/vdn\/wp-content\/uploads\/sites\/3\/100_4327b-200x120.jpg 200w\" sizes=\"(max-width: 500px) 100vw, 500px\" \/><\/a><p id=\"caption-attachment-8984\" class=\"wp-caption-text\">Wolf \u00a9 VDN\/Jeff Atzler<\/p><\/div>\n<p><strong>\nNaturParkZentrum am Wildgehege Glauer Tal:\nDas Tor zum Naturpark Nuthe-Nieplitz<\/strong><\/p>\n<p>Das <a href=\"https:\/\/www.naturpark-nuthe-nieplitz.de\/natur-erleben\/naturparkzentrum\/naturparkzentrum.html\" target=\"_blank\"><strong>NaturParkZentrum am Wildgehege Glauer Tal<\/strong><\/a> ist der optimale Startpunkt f\u00fcr eine Entdeckungsreise in den Naturpark Nuthe-Nieplitz. Neben wertvollen Tipps f\u00fcr Ihren Aufenthalt bietet das NaturParkZentrum auch ein Tagesprogramm f\u00fcr die ganze Familie. Im angrenzenden <a href=\"https:\/\/www.naturpark-nuthe-nieplitz.de\/natur-erleben\/naturparkzentrum\/wildgehege-glauer-tal.html\" target=\"_blank\"><strong>Wildgehege<\/strong><\/a> k\u00f6nnen die Besucher auf Pirsch gehen und Rot-, Dam- und Muffelwild im Freigehege unter naturnahen Bedingungen beobachten. Die Besonderheiten des Naturparks k\u00f6nnen bei einem\u00a0 Besuch der <a href=\"https:\/\/www.naturpark-nuthe-nieplitz.de\/natur-erleben\/naturparkzentrum\/glauer-felder.html\" target=\"_blank\"><strong>Erlebnisausstellung Glauer Felder<\/strong><\/a> entdeckt werden und im <a href=\"https:\/\/www.naturpark-nuthe-nieplitz.de\/natur-erleben\/naturparkzentrum\/schaufenster-naturpark.html\" target=\"_blank\"><strong>Regionalladen<\/strong><\/a> l\u00e4sst sich in Ruhe St\u00f6bern Das NaturParkZentrum und die Glauer Felder sind barrierefrei erlebbar.<\/p>\n<div id=\"attachment_8986\" style=\"width: 510px\" class=\"wp-caption alignnone\"><a href=\"https:\/\/www.naturparkmagazin.de\/vdn\/wp-content\/uploads\/sites\/3\/Foto_NaturParkZentrum-Peter-Kochb.jpg\"><img aria-describedby=\"caption-attachment-8986\" decoding=\"async\" loading=\"lazy\" class=\"size-full wp-image-8986\" src=\"https:\/\/www.naturparkmagazin.de\/vdn\/wp-content\/uploads\/sites\/3\/Foto_NaturParkZentrum-Peter-Kochb.jpg\" alt=\"NaturParkZentrum \u00a9Peter Koch\" width=\"500\" height=\"300\" srcset=\"https:\/\/www.naturparkmagazin.de\/vdn\/wp-content\/uploads\/sites\/3\/Foto_NaturParkZentrum-Peter-Kochb.jpg 500w, https:\/\/www.naturparkmagazin.de\/vdn\/wp-content\/uploads\/sites\/3\/Foto_NaturParkZentrum-Peter-Kochb-300x180.jpg 300w, https:\/\/www.naturparkmagazin.de\/vdn\/wp-content\/uploads\/sites\/3\/Foto_NaturParkZentrum-Peter-Kochb-200x120.jpg 200w\" sizes=\"(max-width: 500px) 100vw, 500px\" \/><\/a><p id=\"caption-attachment-8986\" class=\"wp-caption-text\">NaturParkZentrum \u00a9Peter Koch<\/p><\/div>\n<p><strong>Vogelparadies Nuthe-Nieplitz-Niederung<\/strong><\/p>\n<p>Das Natur- und Vogelschutzgebiet Nuthe-Nieplitz-Niederung ist das Herzst\u00fcck im Norden des Naturparks und ein bedeutendes Rast- und Brutgebiet f\u00fcr zahlreiche Vogelarten. Auf \u00dcberflutungswiesen und in Bruchw\u00e4ldern leben zum Beispiel Kiebitz und Kranich zwischen malerischen m\u00e4rkischen D\u00f6rfern. Die Beobachtungst\u00fcrme in Stangenhagen und an den Ungeheuerwiesen erm\u00f6glichen einen einzigartigen Blick auf die heimische Vogelwelt. Die Schlafplatzsuche der G\u00e4nse und eine Vielzahl Wasserv\u00f6gel kann besonders gut von den Beobachtungsstegen am Blankensee und Riebener See beobachtet werden. <a href=\"https:\/\/www.naturpark-nuthe-nieplitz.de\/natur-erleben\/index.html\" target=\"_blank\"><strong>Weitere Infos hier.<\/strong><\/a><\/p>\n<p>&nbsp;<\/p>\n<div id=\"attachment_8990\" style=\"width: 510px\" class=\"wp-caption alignnone\"><a href=\"https:\/\/www.naturparkmagazin.de\/vdn\/wp-content\/uploads\/sites\/3\/blankensee-nnn-feuer-baumannb.jpg\"><img aria-describedby=\"caption-attachment-8990\" decoding=\"async\" loading=\"lazy\" class=\"size-full wp-image-8990\" src=\"https:\/\/www.naturparkmagazin.de\/vdn\/wp-content\/uploads\/sites\/3\/blankensee-nnn-feuer-baumannb.jpg\" alt=\"Feuer im Blankensee \u00a9 VDN\/Eckhard Baumann\" width=\"500\" height=\"300\" srcset=\"https:\/\/www.naturparkmagazin.de\/vdn\/wp-content\/uploads\/sites\/3\/blankensee-nnn-feuer-baumannb.jpg 500w, https:\/\/www.naturparkmagazin.de\/vdn\/wp-content\/uploads\/sites\/3\/blankensee-nnn-feuer-baumannb-300x180.jpg 300w, https:\/\/www.naturparkmagazin.de\/vdn\/wp-content\/uploads\/sites\/3\/blankensee-nnn-feuer-baumannb-200x120.jpg 200w\" sizes=\"(max-width: 500px) 100vw, 500px\" \/><\/a><p id=\"caption-attachment-8990\" class=\"wp-caption-text\">Feuer im Blankensee \u00a9 VDN\/Eckhard Baumann<\/p><\/div>\n<p><strong>Wanderwege durch neue Wildnis<\/strong><\/p>\n<p>Der im s\u00fcdlichen Teil des Naturparks liegende ehemalige Truppen\u00fcbungsplatz bei J\u00fcterbog wurde 1999 als Naturschutzgebiet ausgewiesen. Dort entwickelt sich seither eines der gr\u00f6\u00dften zusammenh\u00e4ngenden Wildnisfl\u00e4chen Deutschlands \u2013 hier wird weder land-, noch forst- und auch nicht jagdlich genutzt. \u00dcber ein rund 30 km langes Netz von Verbindungs- und Rundwanderwegen kann die Sch\u00f6nheit und Vielfalt dieser einzigartigen Landschaft erlebt werden. Entlang der entmunitionierten und markierten Wege geben Infotafeln Erl\u00e4uterungen zur Tier- und Pflanzenwelt sowie historischen Besonderheiten des Gebietes. Aussichtspunkte und Rastpl\u00e4tze laden zum Verweilen ein. <a href=\"https:\/\/www.stiftung-nlb.de\/de\/wildnisgebiete\" target=\"_blank\"><strong>Weitere Infos hier. <\/strong><\/a><\/p>\n<p>&nbsp;<\/p>\n<div id=\"attachment_8993\" style=\"width: 510px\" class=\"wp-caption alignnone\"><a href=\"https:\/\/www.naturparkmagazin.de\/vdn\/wp-content\/uploads\/sites\/3\/Heidebl\u00fcte-in-J\u00fcterbog_SNLB-b.jpg\"><img aria-describedby=\"caption-attachment-8993\" decoding=\"async\" loading=\"lazy\" class=\"size-full wp-image-8993\" src=\"https:\/\/www.naturparkmagazin.de\/vdn\/wp-content\/uploads\/sites\/3\/Heidebl\u00fcte-in-J\u00fcterbog_SNLB-b.jpg\" alt=\"Heidebl\u00fcte in J\u00fcterbog \u00a9 Stiftung Naturlandschaften Brandenburg, Andreas Hauffe\" width=\"500\" height=\"300\" srcset=\"https:\/\/www.naturparkmagazin.de\/vdn\/wp-content\/uploads\/sites\/3\/Heidebl\u00fcte-in-J\u00fcterbog_SNLB-b.jpg 500w, https:\/\/www.naturparkmagazin.de\/vdn\/wp-content\/uploads\/sites\/3\/Heidebl\u00fcte-in-J\u00fcterbog_SNLB-b-300x180.jpg 300w, https:\/\/www.naturparkmagazin.de\/vdn\/wp-content\/uploads\/sites\/3\/Heidebl\u00fcte-in-J\u00fcterbog_SNLB-b-200x120.jpg 200w\" sizes=\"(max-width: 500px) 100vw, 500px\" \/><\/a><p id=\"caption-attachment-8993\" class=\"wp-caption-text\">Heidebl\u00fcte in J\u00fcterbog \u00a9 Stiftung Naturlandschaften Brandenburg, Andreas Hauffe<\/p><\/div>\n<p><strong>Offene H\u00f6fe<\/strong><\/p>\n<p>Die Offenen H\u00f6fe sind ein Zusammenschluss von 20 Landwirtschaftsbetrieben, die ihre Erzeugnisse \u00fcberwiegend in eigener Produktion \u00f6kologisch herstellen. Einen Blick hinter die Kulissen erm\u00f6glichen die Betriebe im Mai und November beim Tag der Offenen H\u00f6fe in der Nuthe-Nieplitz-Region. <a href=\"https:\/\/www.naturpark-nuthe-nieplitz.de\/projekte\/regionalentwicklung\/offene-hfe.html\"><strong>Weitere Infos hier<\/strong><\/a><strong>.<\/strong><\/p>\n<div id=\"attachment_8997\" style=\"width: 630px\" class=\"wp-caption alignnone\"><a href=\"https:\/\/www.naturparkmagazin.de\/vdn\/wp-content\/uploads\/sites\/3\/OH_Schrank.jpg\"><img aria-describedby=\"caption-attachment-8997\" decoding=\"async\" loading=\"lazy\" class=\"size-medium wp-image-8997\" src=\"https:\/\/www.naturparkmagazin.de\/vdn\/wp-content\/uploads\/sites\/3\/OH_Schrank-620x413.jpg\" alt=\"\u00a9 Offene H\u00f6fe e.V.\" width=\"620\" height=\"413\" srcset=\"https:\/\/www.naturparkmagazin.de\/vdn\/wp-content\/uploads\/sites\/3\/OH_Schrank-620x413.jpg 620w, https:\/\/www.naturparkmagazin.de\/vdn\/wp-content\/uploads\/sites\/3\/OH_Schrank-300x200.jpg 300w, https:\/\/www.naturparkmagazin.de\/vdn\/wp-content\/uploads\/sites\/3\/OH_Schrank-940x627.jpg 940w, https:\/\/www.naturparkmagazin.de\/vdn\/wp-content\/uploads\/sites\/3\/OH_Schrank-670x447.jpg 670w, https:\/\/www.naturparkmagazin.de\/vdn\/wp-content\/uploads\/sites\/3\/OH_Schrank-200x133.jpg 200w, https:\/\/www.naturparkmagazin.de\/vdn\/wp-content\/uploads\/sites\/3\/OH_Schrank.jpg 1122w\" sizes=\"(max-width: 620px) 100vw, 620px\" \/><\/a><p id=\"caption-attachment-8997\" class=\"wp-caption-text\">\u00a9 Offene H\u00f6fe e.V.<\/p><\/div>\n<p>&nbsp;<\/p>\n","protected":false},"excerpt":{"rendered":"<p>Etwa 20 km s\u00fcdlich von Berlin er\u00f6ffnet sich eine Landschaft wie aus einer anderen Welt \u2013 die Nuthe-Nieplitz-Niederung &#8211; eine Oase, in der l\u00e4ndliche Gelassenheit, Ruhe und Weite intensiv erlebbar werden.<\/p>\n","protected":false},"author":73,"featured_media":8981,"comment_status":"open","ping_status":"open","sticky":false,"template":"","format":"standard","meta":{"_links_to":"","_links_to_target":""},"categories":[15],"tags":[],"yoast_head":"<!-- This site is optimized with the Yoast SEO plugin v19.10 - https:\/\/yoast.com\/wordpress\/plugins\/seo\/ -->\n<title>Wie aus einer anderen Welt - Naturpark Nuthe-Nieplitz<\/title>\n<meta name=\"description\" content=\"Etwa 20 km s\u00fcdlich von Berlin er\u00f6ffnet sich eine Landschaft wie aus einer anderen Welt \u2013 die Nuthe-Nieplitz-Niederung - eine Oase, in der l\u00e4ndliche Gelassenheit, Ruhe und Weite intensiv erlebbar werden.\" \/>\n<meta name=\"robots\" content=\"index, follow, max-snippet:-1, max-image-preview:large, max-video-preview:-1\" \/>\n<link rel=\"canonical\" href=\"https:\/\/www.naturparkmagazin.de\/vdn\/wie-aus-einer-anderen-welt-naturpark-nuthe-nieplitz\/\" \/>\n<meta property=\"og:locale\" content=\"de_DE\" \/>\n<meta property=\"og:type\" content=\"article\" \/>\n<meta property=\"og:title\" content=\"Wie aus einer anderen Welt - Naturpark Nuthe-Nieplitz\" \/>\n<meta property=\"og:description\" content=\"Etwa 20 km s\u00fcdlich von Berlin er\u00f6ffnet sich eine Landschaft wie aus einer anderen Welt \u2013 die Nuthe-Nieplitz-Niederung - eine Oase, in der l\u00e4ndliche Gelassenheit, Ruhe und Weite intensiv erlebbar werden.\" \/>\n<meta property=\"og:url\" content=\"https:\/\/www.naturparkmagazin.de\/vdn\/wie-aus-einer-anderen-welt-naturpark-nuthe-nieplitz\/\" \/>\n<meta property=\"og:site_name\" content=\"Verband Deutscher Naturparke\" \/>\n<meta property=\"article:published_time\" content=\"2017-07-13T12:00:49+00:00\" \/>\n<meta property=\"article:modified_time\" content=\"2017-07-13T13:27:56+00:00\" \/>\n<meta property=\"og:image\" content=\"https:\/\/www.naturparkmagazin.de\/vdn\/wp-content\/uploads\/sites\/3\/20130519-nuthebf.jpg\" \/>\n\t<meta property=\"og:image:width\" content=\"200\" \/>\n\t<meta property=\"og:image:height\" content=\"200\" \/>\n\t<meta property=\"og:image:type\" content=\"image\/jpeg\" \/>\n<meta name=\"author\" content=\"manuelamerz\" \/>\n<meta name=\"twitter:label1\" content=\"Verfasst von\" \/>\n\t<meta name=\"twitter:data1\" content=\"manuelamerz\" \/>\n\t<meta name=\"twitter:label2\" content=\"Gesch\u00e4tzte Lesezeit\" \/>\n\t<meta name=\"twitter:data2\" content=\"3\u00a0Minuten\" \/>\n<script type=\"application\/ld+json\" class=\"yoast-schema-graph\">{\"@context\":\"https:\/\/schema.org\",\"@graph\":[{\"@type\":\"WebPage\",\"@id\":\"https:\/\/www.naturparkmagazin.de\/vdn\/wie-aus-einer-anderen-welt-naturpark-nuthe-nieplitz\/\",\"url\":\"https:\/\/www.naturparkmagazin.de\/vdn\/wie-aus-einer-anderen-welt-naturpark-nuthe-nieplitz\/\",\"name\":\"Wie aus einer anderen Welt - Naturpark Nuthe-Nieplitz\",\"isPartOf\":{\"@id\":\"https:\/\/www.naturparkmagazin.de\/vdn\/#website\"},\"datePublished\":\"2017-07-13T12:00:49+00:00\",\"dateModified\":\"2017-07-13T13:27:56+00:00\",\"author\":{\"@id\":\"https:\/\/www.naturparkmagazin.de\/vdn\/#\/schema\/person\/3cff9b8773ed55f0189255fa9adfd57c\"},\"description\":\"Etwa 20 km s\u00fcdlich von Berlin er\u00f6ffnet sich eine Landschaft wie aus einer anderen Welt \u2013 die Nuthe-Nieplitz-Niederung - eine Oase, in der l\u00e4ndliche Gelassenheit, Ruhe und Weite intensiv erlebbar werden.\",\"breadcrumb\":{\"@id\":\"https:\/\/www.naturparkmagazin.de\/vdn\/wie-aus-einer-anderen-welt-naturpark-nuthe-nieplitz\/#breadcrumb\"},\"inLanguage\":\"de\",\"potentialAction\":[{\"@type\":\"ReadAction\",\"target\":[\"https:\/\/www.naturparkmagazin.de\/vdn\/wie-aus-einer-anderen-welt-naturpark-nuthe-nieplitz\/\"]}]},{\"@type\":\"BreadcrumbList\",\"@id\":\"https:\/\/www.naturparkmagazin.de\/vdn\/wie-aus-einer-anderen-welt-naturpark-nuthe-nieplitz\/#breadcrumb\",\"itemListElement\":[{\"@type\":\"ListItem\",\"position\":1,\"name\":\"Home\",\"item\":\"https:\/\/www.naturparkmagazin.de\/vdn\/\"},{\"@type\":\"ListItem\",\"position\":2,\"name\":\"Wie aus einer anderen Welt &#8211; Naturpark Nuthe-Nieplitz\"}]},{\"@type\":\"WebSite\",\"@id\":\"https:\/\/www.naturparkmagazin.de\/vdn\/#website\",\"url\":\"https:\/\/www.naturparkmagazin.de\/vdn\/\",\"name\":\"Verband Deutscher Naturparke\",\"description\":\"Eine weitere Naturparkmagazin.de Netzwerk Seite\",\"potentialAction\":[{\"@type\":\"SearchAction\",\"target\":{\"@type\":\"EntryPoint\",\"urlTemplate\":\"https:\/\/www.naturparkmagazin.de\/vdn\/?s={search_term_string}\"},\"query-input\":\"required name=search_term_string\"}],\"inLanguage\":\"de\"},{\"@type\":\"Person\",\"@id\":\"https:\/\/www.naturparkmagazin.de\/vdn\/#\/schema\/person\/3cff9b8773ed55f0189255fa9adfd57c\",\"name\":\"manuelamerz\",\"url\":\"https:\/\/www.naturparkmagazin.de\/vdn\/author\/manuelamerz\/\"}]}<\/script>\n<!-- \/ Yoast SEO plugin. -->","yoast_head_json":{"title":"Wie aus einer anderen Welt - Naturpark Nuthe-Nieplitz","description":"Etwa 20 km s\u00fcdlich von Berlin er\u00f6ffnet sich eine Landschaft wie aus einer anderen Welt \u2013 die Nuthe-Nieplitz-Niederung - eine Oase, in der l\u00e4ndliche Gelassenheit, Ruhe und Weite intensiv erlebbar werden.","robots":{"index":"index","follow":"follow","max-snippet":"max-snippet:-1","max-image-preview":"max-image-preview:large","max-video-preview":"max-video-preview:-1"},"canonical":"https:\/\/www.naturparkmagazin.de\/vdn\/wie-aus-einer-anderen-welt-naturpark-nuthe-nieplitz\/","og_locale":"de_DE","og_type":"article","og_title":"Wie aus einer anderen Welt - Naturpark Nuthe-Nieplitz","og_description":"Etwa 20 km s\u00fcdlich von Berlin er\u00f6ffnet sich eine Landschaft wie aus einer anderen Welt \u2013 die Nuthe-Nieplitz-Niederung - eine Oase, in der l\u00e4ndliche Gelassenheit, Ruhe und Weite intensiv erlebbar werden.","og_url":"https:\/\/www.naturparkmagazin.de\/vdn\/wie-aus-einer-anderen-welt-naturpark-nuthe-nieplitz\/","og_site_name":"Verband Deutscher Naturparke","article_published_time":"2017-07-13T12:00:49+00:00","article_modified_time":"2017-07-13T13:27:56+00:00","og_image":[{"width":200,"height":200,"url":"https:\/\/www.naturparkmagazin.de\/vdn\/wp-content\/uploads\/sites\/3\/20130519-nuthebf.jpg","type":"image\/jpeg"}],"author":"manuelamerz","twitter_misc":{"Verfasst von":"manuelamerz","Gesch\u00e4tzte Lesezeit":"3\u00a0Minuten"},"schema":{"@context":"https:\/\/schema.org","@graph":[{"@type":"WebPage","@id":"https:\/\/www.naturparkmagazin.de\/vdn\/wie-aus-einer-anderen-welt-naturpark-nuthe-nieplitz\/","url":"https:\/\/www.naturparkmagazin.de\/vdn\/wie-aus-einer-anderen-welt-naturpark-nuthe-nieplitz\/","name":"Wie aus einer anderen Welt - Naturpark Nuthe-Nieplitz","isPartOf":{"@id":"https:\/\/www.naturparkmagazin.de\/vdn\/#website"},"datePublished":"2017-07-13T12:00:49+00:00","dateModified":"2017-07-13T13:27:56+00:00","author":{"@id":"https:\/\/www.naturparkmagazin.de\/vdn\/#\/schema\/person\/3cff9b8773ed55f0189255fa9adfd57c"},"description":"Etwa 20 km s\u00fcdlich von Berlin er\u00f6ffnet sich eine Landschaft wie aus einer anderen Welt \u2013 die Nuthe-Nieplitz-Niederung - eine Oase, in der l\u00e4ndliche Gelassenheit, Ruhe und Weite intensiv erlebbar werden.","breadcrumb":{"@id":"https:\/\/www.naturparkmagazin.de\/vdn\/wie-aus-einer-anderen-welt-naturpark-nuthe-nieplitz\/#breadcrumb"},"inLanguage":"de","potentialAction":[{"@type":"ReadAction","target":["https:\/\/www.naturparkmagazin.de\/vdn\/wie-aus-einer-anderen-welt-naturpark-nuthe-nieplitz\/"]}]},{"@type":"BreadcrumbList","@id":"https:\/\/www.naturparkmagazin.de\/vdn\/wie-aus-einer-anderen-welt-naturpark-nuthe-nieplitz\/#breadcrumb","itemListElement":[{"@type":"ListItem","position":1,"name":"Home","item":"https:\/\/www.naturparkmagazin.de\/vdn\/"},{"@type":"ListItem","position":2,"name":"Wie aus einer anderen Welt &#8211; Naturpark Nuthe-Nieplitz"}]},{"@type":"WebSite","@id":"https:\/\/www.naturparkmagazin.de\/vdn\/#website","url":"https:\/\/www.naturparkmagazin.de\/vdn\/","name":"Verband Deutscher Naturparke","description":"Eine weitere Naturparkmagazin.de Netzwerk Seite","potentialAction":[{"@type":"SearchAction","target":{"@type":"EntryPoint","urlTemplate":"https:\/\/www.naturparkmagazin.de\/vdn\/?s={search_term_string}"},"query-input":"required name=search_term_string"}],"inLanguage":"de"},{"@type":"Person","@id":"https:\/\/www.naturparkmagazin.de\/vdn\/#\/schema\/person\/3cff9b8773ed55f0189255fa9adfd57c","name":"manuelamerz","url":"https:\/\/www.naturparkmagazin.de\/vdn\/author\/manuelamerz\/"}]}},"_links":{"self":[{"href":"https:\/\/www.naturparkmagazin.de\/vdn\/wp-json\/wp\/v2\/posts\/8979"}],"collection":[{"href":"https:\/\/www.naturparkmagazin.de\/vdn\/wp-json\/wp\/v2\/posts"}],"about":[{"href":"https:\/\/www.naturparkmagazin.de\/vdn\/wp-json\/wp\/v2\/types\/post"}],"author":[{"embeddable":true,"href":"https:\/\/www.naturparkmagazin.de\/vdn\/wp-json\/wp\/v2\/users\/73"}],"replies":[{"embeddable":true,"href":"https:\/\/www.naturparkmagazin.de\/vdn\/wp-json\/wp\/v2\/comments?post=8979"}],"version-history":[{"count":3,"href":"https:\/\/www.naturparkmagazin.de\/vdn\/wp-json\/wp\/v2\/posts\/8979\/revisions"}],"predecessor-version":[{"id":9029,"href":"https:\/\/www.naturparkmagazin.de\/vdn\/wp-json\/wp\/v2\/posts\/8979\/revisions\/9029"}],"wp:featuredmedia":[{"embeddable":true,"href":"https:\/\/www.naturparkmagazin.de\/vdn\/wp-json\/wp\/v2\/media\/8981"}],"wp:attachment":[{"href":"https:\/\/www.naturparkmagazin.de\/vdn\/wp-json\/wp\/v2\/media?parent=8979"}],"wp:term":[{"taxonomy":"category","embeddable":true,"href":"https:\/\/www.naturparkmagazin.de\/vdn\/wp-json\/wp\/v2\/categories?post=8979"},{"taxonomy":"post_tag","embeddable":true,"href":"https:\/\/www.naturparkmagazin.de\/vdn\/wp-json\/wp\/v2\/tags?post=8979"}],"curies":[{"name":"wp","href":"https:\/\/api.w.org\/{rel}","templated":true}]}}