{"id":8992,"date":"2017-07-13T14:02:06","date_gmt":"2017-07-13T12:02:06","guid":{"rendered":"http:\/\/www.naturparkmagazin.de\/vdn\/?p=8992"},"modified":"2017-07-13T13:15:17","modified_gmt":"2017-07-13T11:15:17","slug":"natur-erleben","status":"publish","type":"post","link":"https:\/\/www.naturparkmagazin.de\/vdn\/natur-erleben\/","title":{"rendered":"\u201eNatur erleben\u201c"},"content":{"rendered":"<p>Bei einem Ausflug in den Naturpark Rheinland am 10. und 11. Juli 2017 erlebt eine vierte Klasse der Jahnschule aus Bonn die Natur auf vielf\u00e4ltige Art und Weise.<\/p>\n<div id=\"attachment_8994\" style=\"width: 510px\" class=\"wp-caption aligncenter\"><a href=\"https:\/\/www.naturparkmagazin.de\/vdn\/wp-content\/uploads\/sites\/3\/IMG_3940_Klassenausflug1_Beitrag.jpg\"><img aria-describedby=\"caption-attachment-8994\" decoding=\"async\" loading=\"lazy\" class=\"wp-image-8994 size-full\" src=\"https:\/\/www.naturparkmagazin.de\/vdn\/wp-content\/uploads\/sites\/3\/IMG_3940_Klassenausflug1_Beitrag.jpg\" alt=\"Klassenfahrt in den Naturpark Rheinland - Copyright: Naturpark Rheinland \/ Dominik Liebenstein\" width=\"500\" height=\"300\" srcset=\"https:\/\/www.naturparkmagazin.de\/vdn\/wp-content\/uploads\/sites\/3\/IMG_3940_Klassenausflug1_Beitrag.jpg 500w, https:\/\/www.naturparkmagazin.de\/vdn\/wp-content\/uploads\/sites\/3\/IMG_3940_Klassenausflug1_Beitrag-300x180.jpg 300w, https:\/\/www.naturparkmagazin.de\/vdn\/wp-content\/uploads\/sites\/3\/IMG_3940_Klassenausflug1_Beitrag-200x120.jpg 200w\" sizes=\"(max-width: 500px) 100vw, 500px\" \/><\/a><p id=\"caption-attachment-8994\" class=\"wp-caption-text\">Klassenfahrt in den Naturpark Rheinland &#8211; Copyright: Naturpark Rheinland \/ Dominik Liebenstein<\/p><\/div>\n<p>M\u00f6glich wird diese Fahrt durch eine Kooperation des Verbandes Deutscher Naturparke (VDN) und der Tafel-Akademie des Bundesverbandes Deutsche Tafel e.V. mit dem Unternehmen Kaufland, das die Naturentdecker-Tour der Schulklasse finanziert.<\/p>\n<div id=\"attachment_8995\" style=\"width: 510px\" class=\"wp-caption aligncenter\"><a href=\"https:\/\/www.naturparkmagazin.de\/vdn\/wp-content\/uploads\/sites\/3\/IMG_3940_Klassenausflug2_Beitrag.jpg\"><img aria-describedby=\"caption-attachment-8995\" decoding=\"async\" loading=\"lazy\" class=\"wp-image-8995 size-full\" src=\"https:\/\/www.naturparkmagazin.de\/vdn\/wp-content\/uploads\/sites\/3\/IMG_3940_Klassenausflug2_Beitrag.jpg\" alt=\"Klassenfahrt in den Naturpark Rheinland - Copyright: Naturpark Rheinland \/ Dominik Liebenstein\" width=\"500\" height=\"300\" srcset=\"https:\/\/www.naturparkmagazin.de\/vdn\/wp-content\/uploads\/sites\/3\/IMG_3940_Klassenausflug2_Beitrag.jpg 500w, https:\/\/www.naturparkmagazin.de\/vdn\/wp-content\/uploads\/sites\/3\/IMG_3940_Klassenausflug2_Beitrag-300x180.jpg 300w, https:\/\/www.naturparkmagazin.de\/vdn\/wp-content\/uploads\/sites\/3\/IMG_3940_Klassenausflug2_Beitrag-200x120.jpg 200w\" sizes=\"(max-width: 500px) 100vw, 500px\" \/><\/a><p id=\"caption-attachment-8995\" class=\"wp-caption-text\">Klassenfahrt in den Naturpark Rheinland &#8211; Copyright: Naturpark Rheinland \/ Dominik Liebenstein<\/p><\/div>\n<p>Kinder aus einem st\u00e4dtischen Umfeld haben h\u00e4ufig wenig Naturerfahrungen. Ziel der Kooperation ist es, diesen Kindern den Zugang zur Natur zu erm\u00f6glichen und Informationen \u00fcber die Herkunft und Regionalit\u00e4t von Lebensmitteln und eine ausgewogene Ern\u00e4hrung erlebnisorientiert zu vermitteln.<\/p>\n<div id=\"attachment_8996\" style=\"width: 510px\" class=\"wp-caption aligncenter\"><a href=\"https:\/\/www.naturparkmagazin.de\/vdn\/wp-content\/uploads\/sites\/3\/IMG_3940_Klassenausflug3_Beitrag.jpg\"><img aria-describedby=\"caption-attachment-8996\" decoding=\"async\" loading=\"lazy\" class=\"wp-image-8996 size-full\" src=\"https:\/\/www.naturparkmagazin.de\/vdn\/wp-content\/uploads\/sites\/3\/IMG_3940_Klassenausflug3_Beitrag.jpg\" alt=\"Klassenfahrt in den Naturpark Rheinland - Copyright: Naturpark Rheinland \/ Dominik Liebenstein\" width=\"500\" height=\"300\" srcset=\"https:\/\/www.naturparkmagazin.de\/vdn\/wp-content\/uploads\/sites\/3\/IMG_3940_Klassenausflug3_Beitrag.jpg 500w, https:\/\/www.naturparkmagazin.de\/vdn\/wp-content\/uploads\/sites\/3\/IMG_3940_Klassenausflug3_Beitrag-300x180.jpg 300w, https:\/\/www.naturparkmagazin.de\/vdn\/wp-content\/uploads\/sites\/3\/IMG_3940_Klassenausflug3_Beitrag-200x120.jpg 200w\" sizes=\"(max-width: 500px) 100vw, 500px\" \/><\/a><p id=\"caption-attachment-8996\" class=\"wp-caption-text\">Klassenfahrt in den Naturpark Rheinland &#8211; Copyright: Naturpark Rheinland \/ Dominik Liebenstein<\/p><\/div>\n<p>Hierf\u00fcr nehmen die Sch\u00fclerinnen und Sch\u00fcler an professionell betreuten Naturentdecker-Klassenfahrten in benachbarte Naturparke teil. Die Naturentdecker-Klassenfahrt in den Naturpark Rheinland ist dabei ein Pilotprojekt, um erste Erfahrungen zu sammeln.<\/p>\n<div id=\"attachment_8998\" style=\"width: 510px\" class=\"wp-caption aligncenter\"><a href=\"https:\/\/www.naturparkmagazin.de\/vdn\/wp-content\/uploads\/sites\/3\/IMG_3940_Klassenausflug4_Beitrag.jpg\"><img aria-describedby=\"caption-attachment-8998\" decoding=\"async\" loading=\"lazy\" class=\"wp-image-8998 size-full\" src=\"https:\/\/www.naturparkmagazin.de\/vdn\/wp-content\/uploads\/sites\/3\/IMG_3940_Klassenausflug4_Beitrag.jpg\" alt=\"Klassenfahrt in den Naturpark Rheinland - Copyright: Naturpark Rheinland \/ Dominik Liebenstein\" width=\"500\" height=\"300\" srcset=\"https:\/\/www.naturparkmagazin.de\/vdn\/wp-content\/uploads\/sites\/3\/IMG_3940_Klassenausflug4_Beitrag.jpg 500w, https:\/\/www.naturparkmagazin.de\/vdn\/wp-content\/uploads\/sites\/3\/IMG_3940_Klassenausflug4_Beitrag-300x180.jpg 300w, https:\/\/www.naturparkmagazin.de\/vdn\/wp-content\/uploads\/sites\/3\/IMG_3940_Klassenausflug4_Beitrag-200x120.jpg 200w\" sizes=\"(max-width: 500px) 100vw, 500px\" \/><\/a><p id=\"caption-attachment-8998\" class=\"wp-caption-text\">Klassenfahrt in den Naturpark Rheinland &#8211; Copyright: Naturpark Rheinland \/ Dominik Liebenstein<\/p><\/div>\n<p>&nbsp;<\/p>\n<p><a href=\"https:\/\/www.naturparke.de\/service\/presse\/pressemitteilungen.html\" target=\"_blank\">&gt;&gt; Hier k\u00f6nnen Sie die Pressemitteilung anschauen<\/a><\/p>\n<p>&nbsp;<\/p>\n","protected":false},"excerpt":{"rendered":"<p>Durch die Unterst\u00fctzung des Unternehmens Kaufland wurde eine Klassenfahrt in den Naturpark Rheinland erm\u00f6glicht.<\/p>\n","protected":false},"author":51,"featured_media":9000,"comment_status":"open","ping_status":"open","sticky":false,"template":"","format":"standard","meta":{"_links_to":"","_links_to_target":""},"categories":[7],"tags":[],"yoast_head":"<!-- This site is optimized with the Yoast SEO plugin v19.10 - https:\/\/yoast.com\/wordpress\/plugins\/seo\/ -->\n<title>\u201eNatur erleben\u201c<\/title>\n<meta name=\"description\" content=\"Durch die Unterst\u00fctzung des Unternehmens Kaufland wurde eine Klassenfahrt in den Naturpark Rheinland erm\u00f6glicht.\" \/>\n<meta name=\"robots\" content=\"index, follow, max-snippet:-1, max-image-preview:large, max-video-preview:-1\" \/>\n<link rel=\"canonical\" href=\"https:\/\/www.naturparkmagazin.de\/vdn\/natur-erleben\/\" \/>\n<meta property=\"og:locale\" content=\"de_DE\" \/>\n<meta property=\"og:type\" content=\"article\" \/>\n<meta property=\"og:title\" content=\"\u201eNatur erleben\u201c\" \/>\n<meta property=\"og:description\" content=\"Durch die Unterst\u00fctzung des Unternehmens Kaufland wurde eine Klassenfahrt in den Naturpark Rheinland erm\u00f6glicht.\" \/>\n<meta property=\"og:url\" content=\"https:\/\/www.naturparkmagazin.de\/vdn\/natur-erleben\/\" \/>\n<meta property=\"og:site_name\" content=\"Verband Deutscher Naturparke\" \/>\n<meta property=\"article:published_time\" content=\"2017-07-13T12:02:06+00:00\" \/>\n<meta property=\"article:modified_time\" content=\"2017-07-13T11:15:17+00:00\" \/>\n<meta property=\"og:image\" content=\"https:\/\/www.naturparkmagazin.de\/vdn\/wp-content\/uploads\/sites\/3\/IMG_3940_Klassenausflug2_Beitragsbild.jpg\" \/>\n\t<meta property=\"og:image:width\" content=\"200\" \/>\n\t<meta property=\"og:image:height\" content=\"200\" \/>\n\t<meta property=\"og:image:type\" content=\"image\/jpeg\" \/>\n<meta name=\"author\" content=\"beatrixlosem\" \/>\n<meta name=\"twitter:label1\" content=\"Verfasst von\" \/>\n\t<meta name=\"twitter:data1\" content=\"beatrixlosem\" \/>\n\t<meta name=\"twitter:label2\" content=\"Gesch\u00e4tzte Lesezeit\" \/>\n\t<meta name=\"twitter:data2\" content=\"1\u00a0Minute\" \/>\n<script type=\"application\/ld+json\" class=\"yoast-schema-graph\">{\"@context\":\"https:\/\/schema.org\",\"@graph\":[{\"@type\":\"WebPage\",\"@id\":\"https:\/\/www.naturparkmagazin.de\/vdn\/natur-erleben\/\",\"url\":\"https:\/\/www.naturparkmagazin.de\/vdn\/natur-erleben\/\",\"name\":\"\u201eNatur erleben\u201c\",\"isPartOf\":{\"@id\":\"https:\/\/www.naturparkmagazin.de\/vdn\/#website\"},\"datePublished\":\"2017-07-13T12:02:06+00:00\",\"dateModified\":\"2017-07-13T11:15:17+00:00\",\"author\":{\"@id\":\"https:\/\/www.naturparkmagazin.de\/vdn\/#\/schema\/person\/d71357578c318b6db03be60b1f60396b\"},\"description\":\"Durch die Unterst\u00fctzung des Unternehmens Kaufland wurde eine Klassenfahrt in den Naturpark Rheinland erm\u00f6glicht.\",\"breadcrumb\":{\"@id\":\"https:\/\/www.naturparkmagazin.de\/vdn\/natur-erleben\/#breadcrumb\"},\"inLanguage\":\"de\",\"potentialAction\":[{\"@type\":\"ReadAction\",\"target\":[\"https:\/\/www.naturparkmagazin.de\/vdn\/natur-erleben\/\"]}]},{\"@type\":\"BreadcrumbList\",\"@id\":\"https:\/\/www.naturparkmagazin.de\/vdn\/natur-erleben\/#breadcrumb\",\"itemListElement\":[{\"@type\":\"ListItem\",\"position\":1,\"name\":\"Home\",\"item\":\"https:\/\/www.naturparkmagazin.de\/vdn\/\"},{\"@type\":\"ListItem\",\"position\":2,\"name\":\"\u201eNatur erleben\u201c\"}]},{\"@type\":\"WebSite\",\"@id\":\"https:\/\/www.naturparkmagazin.de\/vdn\/#website\",\"url\":\"https:\/\/www.naturparkmagazin.de\/vdn\/\",\"name\":\"Verband Deutscher Naturparke\",\"description\":\"Eine weitere Naturparkmagazin.de Netzwerk Seite\",\"potentialAction\":[{\"@type\":\"SearchAction\",\"target\":{\"@type\":\"EntryPoint\",\"urlTemplate\":\"https:\/\/www.naturparkmagazin.de\/vdn\/?s={search_term_string}\"},\"query-input\":\"required name=search_term_string\"}],\"inLanguage\":\"de\"},{\"@type\":\"Person\",\"@id\":\"https:\/\/www.naturparkmagazin.de\/vdn\/#\/schema\/person\/d71357578c318b6db03be60b1f60396b\",\"name\":\"beatrixlosem\",\"url\":\"https:\/\/www.naturparkmagazin.de\/vdn\/author\/beatrixlosem\/\"}]}<\/script>\n<!-- \/ Yoast SEO plugin. -->","yoast_head_json":{"title":"\u201eNatur erleben\u201c","description":"Durch die Unterst\u00fctzung des Unternehmens Kaufland wurde eine Klassenfahrt in den Naturpark Rheinland erm\u00f6glicht.","robots":{"index":"index","follow":"follow","max-snippet":"max-snippet:-1","max-image-preview":"max-image-preview:large","max-video-preview":"max-video-preview:-1"},"canonical":"https:\/\/www.naturparkmagazin.de\/vdn\/natur-erleben\/","og_locale":"de_DE","og_type":"article","og_title":"\u201eNatur erleben\u201c","og_description":"Durch die Unterst\u00fctzung des Unternehmens Kaufland wurde eine Klassenfahrt in den Naturpark Rheinland erm\u00f6glicht.","og_url":"https:\/\/www.naturparkmagazin.de\/vdn\/natur-erleben\/","og_site_name":"Verband Deutscher Naturparke","article_published_time":"2017-07-13T12:02:06+00:00","article_modified_time":"2017-07-13T11:15:17+00:00","og_image":[{"width":200,"height":200,"url":"https:\/\/www.naturparkmagazin.de\/vdn\/wp-content\/uploads\/sites\/3\/IMG_3940_Klassenausflug2_Beitragsbild.jpg","type":"image\/jpeg"}],"author":"beatrixlosem","twitter_misc":{"Verfasst von":"beatrixlosem","Gesch\u00e4tzte Lesezeit":"1\u00a0Minute"},"schema":{"@context":"https:\/\/schema.org","@graph":[{"@type":"WebPage","@id":"https:\/\/www.naturparkmagazin.de\/vdn\/natur-erleben\/","url":"https:\/\/www.naturparkmagazin.de\/vdn\/natur-erleben\/","name":"\u201eNatur erleben\u201c","isPartOf":{"@id":"https:\/\/www.naturparkmagazin.de\/vdn\/#website"},"datePublished":"2017-07-13T12:02:06+00:00","dateModified":"2017-07-13T11:15:17+00:00","author":{"@id":"https:\/\/www.naturparkmagazin.de\/vdn\/#\/schema\/person\/d71357578c318b6db03be60b1f60396b"},"description":"Durch die Unterst\u00fctzung des Unternehmens Kaufland wurde eine Klassenfahrt in den Naturpark Rheinland erm\u00f6glicht.","breadcrumb":{"@id":"https:\/\/www.naturparkmagazin.de\/vdn\/natur-erleben\/#breadcrumb"},"inLanguage":"de","potentialAction":[{"@type":"ReadAction","target":["https:\/\/www.naturparkmagazin.de\/vdn\/natur-erleben\/"]}]},{"@type":"BreadcrumbList","@id":"https:\/\/www.naturparkmagazin.de\/vdn\/natur-erleben\/#breadcrumb","itemListElement":[{"@type":"ListItem","position":1,"name":"Home","item":"https:\/\/www.naturparkmagazin.de\/vdn\/"},{"@type":"ListItem","position":2,"name":"\u201eNatur erleben\u201c"}]},{"@type":"WebSite","@id":"https:\/\/www.naturparkmagazin.de\/vdn\/#website","url":"https:\/\/www.naturparkmagazin.de\/vdn\/","name":"Verband Deutscher Naturparke","description":"Eine weitere Naturparkmagazin.de Netzwerk Seite","potentialAction":[{"@type":"SearchAction","target":{"@type":"EntryPoint","urlTemplate":"https:\/\/www.naturparkmagazin.de\/vdn\/?s={search_term_string}"},"query-input":"required name=search_term_string"}],"inLanguage":"de"},{"@type":"Person","@id":"https:\/\/www.naturparkmagazin.de\/vdn\/#\/schema\/person\/d71357578c318b6db03be60b1f60396b","name":"beatrixlosem","url":"https:\/\/www.naturparkmagazin.de\/vdn\/author\/beatrixlosem\/"}]}},"_links":{"self":[{"href":"https:\/\/www.naturparkmagazin.de\/vdn\/wp-json\/wp\/v2\/posts\/8992"}],"collection":[{"href":"https:\/\/www.naturparkmagazin.de\/vdn\/wp-json\/wp\/v2\/posts"}],"about":[{"href":"https:\/\/www.naturparkmagazin.de\/vdn\/wp-json\/wp\/v2\/types\/post"}],"author":[{"embeddable":true,"href":"https:\/\/www.naturparkmagazin.de\/vdn\/wp-json\/wp\/v2\/users\/51"}],"replies":[{"embeddable":true,"href":"https:\/\/www.naturparkmagazin.de\/vdn\/wp-json\/wp\/v2\/comments?post=8992"}],"version-history":[{"count":3,"href":"https:\/\/www.naturparkmagazin.de\/vdn\/wp-json\/wp\/v2\/posts\/8992\/revisions"}],"predecessor-version":[{"id":9005,"href":"https:\/\/www.naturparkmagazin.de\/vdn\/wp-json\/wp\/v2\/posts\/8992\/revisions\/9005"}],"wp:featuredmedia":[{"embeddable":true,"href":"https:\/\/www.naturparkmagazin.de\/vdn\/wp-json\/wp\/v2\/media\/9000"}],"wp:attachment":[{"href":"https:\/\/www.naturparkmagazin.de\/vdn\/wp-json\/wp\/v2\/media?parent=8992"}],"wp:term":[{"taxonomy":"category","embeddable":true,"href":"https:\/\/www.naturparkmagazin.de\/vdn\/wp-json\/wp\/v2\/categories?post=8992"},{"taxonomy":"post_tag","embeddable":true,"href":"https:\/\/www.naturparkmagazin.de\/vdn\/wp-json\/wp\/v2\/tags?post=8992"}],"curies":[{"name":"wp","href":"https:\/\/api.w.org\/{rel}","templated":true}]}}