{"id":9007,"date":"2017-07-13T14:16:30","date_gmt":"2017-07-13T12:16:30","guid":{"rendered":"http:\/\/www.naturparkmagazin.de\/vdn\/?p=9007"},"modified":"2017-07-13T13:32:53","modified_gmt":"2017-07-13T11:32:53","slug":"beispielhaft-gewaesserschutzprojekte-in-naturparken","status":"publish","type":"post","link":"https:\/\/www.naturparkmagazin.de\/vdn\/beispielhaft-gewaesserschutzprojekte-in-naturparken\/","title":{"rendered":"\u201eBeispielhaft\u201c \u2013 Gew\u00e4sserschutzprojekte in Naturparken"},"content":{"rendered":"<div id=\"attachment_8040\" style=\"width: 510px\" class=\"wp-caption aligncenter\"><a href=\"https:\/\/www.naturparkmagazin.de\/vdn\/wp-content\/uploads\/sites\/3\/Kleinen_Arbersee_Brigitte-Deus-Neumann_beitrag.jpg\"><img aria-describedby=\"caption-attachment-8040\" decoding=\"async\" loading=\"lazy\" class=\"size-full wp-image-8040\" src=\"https:\/\/www.naturparkmagazin.de\/vdn\/wp-content\/uploads\/sites\/3\/Kleinen_Arbersee_Brigitte-Deus-Neumann_beitrag.jpg\" alt=\"Kleiner Arbersee - Copyright: VDN\/Brigitte Deus-Neumann\" width=\"500\" height=\"300\" srcset=\"https:\/\/www.naturparkmagazin.de\/vdn\/wp-content\/uploads\/sites\/3\/Kleinen_Arbersee_Brigitte-Deus-Neumann_beitrag.jpg 500w, https:\/\/www.naturparkmagazin.de\/vdn\/wp-content\/uploads\/sites\/3\/Kleinen_Arbersee_Brigitte-Deus-Neumann_beitrag-300x180.jpg 300w, https:\/\/www.naturparkmagazin.de\/vdn\/wp-content\/uploads\/sites\/3\/Kleinen_Arbersee_Brigitte-Deus-Neumann_beitrag-200x120.jpg 200w\" sizes=\"(max-width: 500px) 100vw, 500px\" \/><\/a><p id=\"caption-attachment-8040\" class=\"wp-caption-text\">Kleiner Arbersee &#8211; Copyright: VDN\/Brigitte Deus-Neumann<\/p><\/div>\n<p>Die Unternehmen Kaufland und Unilever unterst\u00fctzen ein Projekt zum Natur- und Gew\u00e4sserschutz des Verbandes Deutscher Naturparke, das in den Jahren 2016 bis 2018 in den Naturparken Oberer Bayerischer Wald in Bayern und Sternberger Seenland in Mecklenburg-Vorpommern durchgef\u00fchrt wird. Ziel des Projektes ist es, zum Erhalt der Biologischen Vielfalt und zur Renaturierung von Gew\u00e4ssern beizutragen.<\/p>\n<p>\u201eWir freuen uns sehr, dass Kaufland und Unilever mit der Unterst\u00fctzung unseres Gew\u00e4sserschutzprojektes einen wichtigen Beitrag zum Erhalt der Biologischen Vielfalt sowie auch zum Klimaschutz und zum Schutz gegen Hochwasser leisten\u201c, so Dr. Michael Arndt, Pr\u00e4sident des Verbandes Deutscher Naturparke.<\/p>\n<p>&nbsp;<\/p>\n<p><strong>Bachrenaturierung und Auenrenaturierung im Naturpark Oberer Bayerischer Wald<\/strong><\/p>\n<div id=\"attachment_9010\" style=\"width: 510px\" class=\"wp-caption aligncenter\"><a href=\"https:\/\/www.naturparkmagazin.de\/vdn\/wp-content\/uploads\/sites\/3\/biber5_Beitrag.jpg\"><img aria-describedby=\"caption-attachment-9010\" decoding=\"async\" loading=\"lazy\" class=\"size-full wp-image-9010\" src=\"https:\/\/www.naturparkmagazin.de\/vdn\/wp-content\/uploads\/sites\/3\/biber5_Beitrag.jpg\" alt=\"Biber beim Fr\u00fchst\u00fcck - Copyright: VDN\/Christian Schmalhofer\" width=\"500\" height=\"300\" srcset=\"https:\/\/www.naturparkmagazin.de\/vdn\/wp-content\/uploads\/sites\/3\/biber5_Beitrag.jpg 500w, https:\/\/www.naturparkmagazin.de\/vdn\/wp-content\/uploads\/sites\/3\/biber5_Beitrag-300x180.jpg 300w, https:\/\/www.naturparkmagazin.de\/vdn\/wp-content\/uploads\/sites\/3\/biber5_Beitrag-200x120.jpg 200w\" sizes=\"(max-width: 500px) 100vw, 500px\" \/><\/a><p id=\"caption-attachment-9010\" class=\"wp-caption-text\">Biber beim Fr\u00fchst\u00fcck &#8211; Copyright: VDN\/Christian Schmalhofer<\/p><\/div>\n<p>Mehrere Gew\u00e4sser im Naturpark Oberer Bayerischer Wald sollen wieder einen naturnahen Verlauf erhalten. Die Ma\u00dfnahmen dienen vor allem einer Verbesserung des Lebensraums f\u00fcr Fischarten wie Bachforelle und M\u00fchlkoppe sowie weiteren Wasserlebewesen wie den Amphibien.<\/p>\n<p>&nbsp;<\/p>\n<p><em><strong>Bachrenaturierung am Gro\u00dfen Arber<\/strong><\/em><\/p>\n<div id=\"attachment_9013\" style=\"width: 510px\" class=\"wp-caption aligncenter\"><a href=\"https:\/\/www.naturparkmagazin.de\/vdn\/wp-content\/uploads\/sites\/3\/IMG_7107_Copyright_Naturpark-OBW_Beitrag.jpg\"><img aria-describedby=\"caption-attachment-9013\" decoding=\"async\" loading=\"lazy\" class=\"size-full wp-image-9013\" src=\"https:\/\/www.naturparkmagazin.de\/vdn\/wp-content\/uploads\/sites\/3\/IMG_7107_Copyright_Naturpark-OBW_Beitrag.jpg\" alt=\"Copyright: Naturpark OBW\" width=\"500\" height=\"300\" srcset=\"https:\/\/www.naturparkmagazin.de\/vdn\/wp-content\/uploads\/sites\/3\/IMG_7107_Copyright_Naturpark-OBW_Beitrag.jpg 500w, https:\/\/www.naturparkmagazin.de\/vdn\/wp-content\/uploads\/sites\/3\/IMG_7107_Copyright_Naturpark-OBW_Beitrag-300x180.jpg 300w, https:\/\/www.naturparkmagazin.de\/vdn\/wp-content\/uploads\/sites\/3\/IMG_7107_Copyright_Naturpark-OBW_Beitrag-200x120.jpg 200w\" sizes=\"(max-width: 500px) 100vw, 500px\" \/><\/a><p id=\"caption-attachment-9013\" class=\"wp-caption-text\">Copyright: Naturpark OBW<\/p><\/div>\n<p>Der Seebach ist ein Ablaufgew\u00e4sser des Kleinen Arbersees im Naturpark Oberer Bayerischer Wald am Fu\u00dfe des Gro\u00dfen Arbers. Der Seebach weist durch Verbau-Ma\u00dfnahmen und durch nat\u00fcrliche Aussp\u00fclungen teilweise hohe Abst\u00fcrze auf, die die Durchg\u00e4ngigkeit f\u00fcr Wasserorganismen wie Bachforelle, M\u00fchlkoppe und Fischotter reduzieren bzw. verhindern.<\/p>\n<p>Um den Seebach f\u00fcr verschiedenste Tierarten wieder durchg\u00e4ngig zu machen, werden nat\u00fcrliche Sohlrampen eingebaut, wodurch H\u00f6henunterschiede im Verlauf des Gew\u00e4ssers \u00fcberwunden werden und der Seebach wieder in einen nat\u00fcrlichen Zustand versetzt werden soll.<\/p>\n<p>&nbsp;<\/p>\n<p><strong><em>Auenrenaturierung<\/em><\/strong><\/p>\n<div id=\"attachment_9014\" style=\"width: 510px\" class=\"wp-caption aligncenter\"><a href=\"https:\/\/www.naturparkmagazin.de\/vdn\/wp-content\/uploads\/sites\/3\/Auerochse_Copyright_Naturpark_OBW_Beitrag.jpg\"><img aria-describedby=\"caption-attachment-9014\" decoding=\"async\" loading=\"lazy\" class=\"size-full wp-image-9014\" src=\"https:\/\/www.naturparkmagazin.de\/vdn\/wp-content\/uploads\/sites\/3\/Auerochse_Copyright_Naturpark_OBW_Beitrag.jpg\" alt=\"Beweidung mit Auerochsen - Copyright: Naturpark OBW\" width=\"500\" height=\"300\" srcset=\"https:\/\/www.naturparkmagazin.de\/vdn\/wp-content\/uploads\/sites\/3\/Auerochse_Copyright_Naturpark_OBW_Beitrag.jpg 500w, https:\/\/www.naturparkmagazin.de\/vdn\/wp-content\/uploads\/sites\/3\/Auerochse_Copyright_Naturpark_OBW_Beitrag-300x180.jpg 300w, https:\/\/www.naturparkmagazin.de\/vdn\/wp-content\/uploads\/sites\/3\/Auerochse_Copyright_Naturpark_OBW_Beitrag-200x120.jpg 200w\" sizes=\"(max-width: 500px) 100vw, 500px\" \/><\/a><p id=\"caption-attachment-9014\" class=\"wp-caption-text\">Beweidung mit Auerochsen &#8211; Copyright: Naturpark OBW<\/p><\/div>\n<p>Auf Initiative des Naturparks konnten in den letzten Jahren an einem Nebenfluss der Schwarzach, dem R\u00f6delbach, im Auenbereich Ufergrundst\u00fccke von insgesamt einem Hektar Gr\u00f6\u00dfe angekauft werden. In den fr\u00fchen 1970er Jahren wurde der stark m\u00e4andrierende Bach im Rahmen eines Flurbereinigungsverfahrens begradigt und ausgepflastert. In dem Projekt zur Renaturierung soll ein neues Bachbett angelegt werden und der R\u00f6delbach wieder einen nat\u00fcrlichen Verlauf erhalten. Durch die so entstehende Flussdynamik kann es zu Uferabbr\u00fcchen kommen, durch die typische Lebensr\u00e4ume mit speziell angepassten Tier- und Pflanzenarten entstehen. Entlang des neu gestalteten Gew\u00e4ssers soll sich Auenvegetation ungest\u00f6rt entwickeln k\u00f6nnen. Deshalb wird dieser Bereich auch ausgez\u00e4unt, so dass keine Beweidung erfolgt. Die n\u00f6rdliche Teilfl\u00e4che soll mit Heckrindern beweidet werden.<\/p>\n<p>&nbsp;<\/p>\n<p><strong>Kleinmoor-Renaturierung im Naturpark Sternberger Seenland<\/strong><\/p>\n<div id=\"attachment_9015\" style=\"width: 510px\" class=\"wp-caption aligncenter\"><a href=\"https:\/\/www.naturparkmagazin.de\/vdn\/wp-content\/uploads\/sites\/3\/NSG-Upahl-Lenzener-See-Soll-am-Naturwaldreservat-Bohnrath-20_Beitrag1.jpg\"><img aria-describedby=\"caption-attachment-9015\" decoding=\"async\" loading=\"lazy\" class=\"size-full wp-image-9015\" src=\"https:\/\/www.naturparkmagazin.de\/vdn\/wp-content\/uploads\/sites\/3\/NSG-Upahl-Lenzener-See-Soll-am-Naturwaldreservat-Bohnrath-20_Beitrag1.jpg\" alt=\"NSG Upahl-Lenzener See-Soll am Naturwaldreservat Bohnrath - Copyright: Naturpark Sternberger Seenland\" width=\"500\" height=\"300\" srcset=\"https:\/\/www.naturparkmagazin.de\/vdn\/wp-content\/uploads\/sites\/3\/NSG-Upahl-Lenzener-See-Soll-am-Naturwaldreservat-Bohnrath-20_Beitrag1.jpg 500w, https:\/\/www.naturparkmagazin.de\/vdn\/wp-content\/uploads\/sites\/3\/NSG-Upahl-Lenzener-See-Soll-am-Naturwaldreservat-Bohnrath-20_Beitrag1-300x180.jpg 300w, https:\/\/www.naturparkmagazin.de\/vdn\/wp-content\/uploads\/sites\/3\/NSG-Upahl-Lenzener-See-Soll-am-Naturwaldreservat-Bohnrath-20_Beitrag1-200x120.jpg 200w\" sizes=\"(max-width: 500px) 100vw, 500px\" \/><\/a><p id=\"caption-attachment-9015\" class=\"wp-caption-text\">NSG Upahl-Lenzener See-Soll am Naturwaldreservat Bohnrath &#8211; Copyright: Naturpark Sternberger Seenland<\/p><\/div>\n<p>Das ca. 30 Hektar gro\u00dfe \u201eStrietholz\u201c ist ein von Kleinmooren und Kleingew\u00e4ssern bestimmtes Buchen- und Erlenwaldgebiet. Es liegt im Naturschutzgebiet \u201eUpahl-Lenzener See\u201c im Naturpark Sternberger Seenland, der sich in Mecklenburg-Vorpommern in der N\u00e4he der Landeshauptstadt Schwerin befindet. Die Kleinmoore und Kleingew\u00e4sser sowie die Erlenw\u00e4lder sind durch einen hohen Wasserstand gepr\u00e4gt.<\/p>\n<p>Ein altes, von Menschen angelegtes Grabensystem entw\u00e4ssert diese wertvollen Lebensr\u00e4ume und gef\u00e4hrdet ihre Existenz. Ziel des Projektes ist es daher, das f\u00fcr diese Lebensr\u00e4ume so wichtige Wasser in den Kleinmooren und Erlenw\u00e4ldern zu halten. Um das zu erreichen, ist es vorrangig, die bestehenden Gr\u00e4ben zu verschlie\u00dfen und somit den weiteren Wasserabfluss aus dem Gebiet zu verhindern. Weiterhin sollen die im Wald vorhandenen Bauten zur Entw\u00e4sserung wie beispielsweise Verrohrungen zur\u00fcckgebaut werden. So kann der nat\u00fcrliche Lebensraum f\u00fcr die seltenen Arten Kranich und Moorfrosch wieder hergestellt werden. Gleichzeitig wird durch die Moorrenaturierung ein Beitrag zum Klimaschutz geleistet.<\/p>\n<p>&nbsp;<\/p>\n","protected":false},"excerpt":{"rendered":"<p>In zwei Naturparken in Deutschland beginnen dank der Unternehmen Kaufland und Unilever im Gew\u00e4sserschutz gute Zeiten. <\/p>\n","protected":false},"author":51,"featured_media":9012,"comment_status":"open","ping_status":"open","sticky":false,"template":"","format":"standard","meta":{"_links_to":"","_links_to_target":""},"categories":[51],"tags":[],"yoast_head":"<!-- This site is optimized with the Yoast SEO plugin v19.10 - https:\/\/yoast.com\/wordpress\/plugins\/seo\/ -->\n<title>\u201eBeispielhaft\u201c \u2013 Gew\u00e4sserschutzprojekte in Naturparken<\/title>\n<meta name=\"description\" content=\"In zwei Naturparken in Deutschland beginnen dank der Unternehmen Kaufland und Unilever im Gew\u00e4sserschutz gute Zeiten.\" \/>\n<meta name=\"robots\" content=\"index, follow, max-snippet:-1, max-image-preview:large, max-video-preview:-1\" \/>\n<link rel=\"canonical\" href=\"https:\/\/www.naturparkmagazin.de\/vdn\/beispielhaft-gewaesserschutzprojekte-in-naturparken\/\" \/>\n<meta property=\"og:locale\" content=\"de_DE\" \/>\n<meta property=\"og:type\" content=\"article\" \/>\n<meta property=\"og:title\" content=\"\u201eBeispielhaft\u201c \u2013 Gew\u00e4sserschutzprojekte in Naturparken\" \/>\n<meta property=\"og:description\" content=\"In zwei Naturparken in Deutschland beginnen dank der Unternehmen Kaufland und Unilever im Gew\u00e4sserschutz gute Zeiten.\" \/>\n<meta property=\"og:url\" content=\"https:\/\/www.naturparkmagazin.de\/vdn\/beispielhaft-gewaesserschutzprojekte-in-naturparken\/\" \/>\n<meta property=\"og:site_name\" content=\"Verband Deutscher Naturparke\" \/>\n<meta property=\"article:published_time\" content=\"2017-07-13T12:16:30+00:00\" \/>\n<meta property=\"article:modified_time\" content=\"2017-07-13T11:32:53+00:00\" \/>\n<meta property=\"og:image\" content=\"https:\/\/www.naturparkmagazin.de\/vdn\/wp-content\/uploads\/sites\/3\/biber5_Beitragsbild.jpg\" \/>\n\t<meta property=\"og:image:width\" content=\"200\" \/>\n\t<meta property=\"og:image:height\" content=\"200\" \/>\n\t<meta property=\"og:image:type\" content=\"image\/jpeg\" \/>\n<meta name=\"author\" content=\"beatrixlosem\" \/>\n<meta name=\"twitter:label1\" content=\"Verfasst von\" \/>\n\t<meta name=\"twitter:data1\" content=\"beatrixlosem\" \/>\n\t<meta name=\"twitter:label2\" content=\"Gesch\u00e4tzte Lesezeit\" \/>\n\t<meta name=\"twitter:data2\" content=\"3\u00a0Minuten\" \/>\n<script type=\"application\/ld+json\" class=\"yoast-schema-graph\">{\"@context\":\"https:\/\/schema.org\",\"@graph\":[{\"@type\":\"WebPage\",\"@id\":\"https:\/\/www.naturparkmagazin.de\/vdn\/beispielhaft-gewaesserschutzprojekte-in-naturparken\/\",\"url\":\"https:\/\/www.naturparkmagazin.de\/vdn\/beispielhaft-gewaesserschutzprojekte-in-naturparken\/\",\"name\":\"\u201eBeispielhaft\u201c \u2013 Gew\u00e4sserschutzprojekte in Naturparken\",\"isPartOf\":{\"@id\":\"https:\/\/www.naturparkmagazin.de\/vdn\/#website\"},\"datePublished\":\"2017-07-13T12:16:30+00:00\",\"dateModified\":\"2017-07-13T11:32:53+00:00\",\"author\":{\"@id\":\"https:\/\/www.naturparkmagazin.de\/vdn\/#\/schema\/person\/d71357578c318b6db03be60b1f60396b\"},\"description\":\"In zwei Naturparken in Deutschland beginnen dank der Unternehmen Kaufland und Unilever im Gew\u00e4sserschutz gute Zeiten.\",\"breadcrumb\":{\"@id\":\"https:\/\/www.naturparkmagazin.de\/vdn\/beispielhaft-gewaesserschutzprojekte-in-naturparken\/#breadcrumb\"},\"inLanguage\":\"de\",\"potentialAction\":[{\"@type\":\"ReadAction\",\"target\":[\"https:\/\/www.naturparkmagazin.de\/vdn\/beispielhaft-gewaesserschutzprojekte-in-naturparken\/\"]}]},{\"@type\":\"BreadcrumbList\",\"@id\":\"https:\/\/www.naturparkmagazin.de\/vdn\/beispielhaft-gewaesserschutzprojekte-in-naturparken\/#breadcrumb\",\"itemListElement\":[{\"@type\":\"ListItem\",\"position\":1,\"name\":\"Home\",\"item\":\"https:\/\/www.naturparkmagazin.de\/vdn\/\"},{\"@type\":\"ListItem\",\"position\":2,\"name\":\"\u201eBeispielhaft\u201c \u2013 Gew\u00e4sserschutzprojekte in Naturparken\"}]},{\"@type\":\"WebSite\",\"@id\":\"https:\/\/www.naturparkmagazin.de\/vdn\/#website\",\"url\":\"https:\/\/www.naturparkmagazin.de\/vdn\/\",\"name\":\"Verband Deutscher Naturparke\",\"description\":\"Eine weitere Naturparkmagazin.de Netzwerk Seite\",\"potentialAction\":[{\"@type\":\"SearchAction\",\"target\":{\"@type\":\"EntryPoint\",\"urlTemplate\":\"https:\/\/www.naturparkmagazin.de\/vdn\/?s={search_term_string}\"},\"query-input\":\"required name=search_term_string\"}],\"inLanguage\":\"de\"},{\"@type\":\"Person\",\"@id\":\"https:\/\/www.naturparkmagazin.de\/vdn\/#\/schema\/person\/d71357578c318b6db03be60b1f60396b\",\"name\":\"beatrixlosem\",\"url\":\"https:\/\/www.naturparkmagazin.de\/vdn\/author\/beatrixlosem\/\"}]}<\/script>\n<!-- \/ Yoast SEO plugin. -->","yoast_head_json":{"title":"\u201eBeispielhaft\u201c \u2013 Gew\u00e4sserschutzprojekte in Naturparken","description":"In zwei Naturparken in Deutschland beginnen dank der Unternehmen Kaufland und Unilever im Gew\u00e4sserschutz gute Zeiten.","robots":{"index":"index","follow":"follow","max-snippet":"max-snippet:-1","max-image-preview":"max-image-preview:large","max-video-preview":"max-video-preview:-1"},"canonical":"https:\/\/www.naturparkmagazin.de\/vdn\/beispielhaft-gewaesserschutzprojekte-in-naturparken\/","og_locale":"de_DE","og_type":"article","og_title":"\u201eBeispielhaft\u201c \u2013 Gew\u00e4sserschutzprojekte in Naturparken","og_description":"In zwei Naturparken in Deutschland beginnen dank der Unternehmen Kaufland und Unilever im Gew\u00e4sserschutz gute Zeiten.","og_url":"https:\/\/www.naturparkmagazin.de\/vdn\/beispielhaft-gewaesserschutzprojekte-in-naturparken\/","og_site_name":"Verband Deutscher Naturparke","article_published_time":"2017-07-13T12:16:30+00:00","article_modified_time":"2017-07-13T11:32:53+00:00","og_image":[{"width":200,"height":200,"url":"https:\/\/www.naturparkmagazin.de\/vdn\/wp-content\/uploads\/sites\/3\/biber5_Beitragsbild.jpg","type":"image\/jpeg"}],"author":"beatrixlosem","twitter_misc":{"Verfasst von":"beatrixlosem","Gesch\u00e4tzte Lesezeit":"3\u00a0Minuten"},"schema":{"@context":"https:\/\/schema.org","@graph":[{"@type":"WebPage","@id":"https:\/\/www.naturparkmagazin.de\/vdn\/beispielhaft-gewaesserschutzprojekte-in-naturparken\/","url":"https:\/\/www.naturparkmagazin.de\/vdn\/beispielhaft-gewaesserschutzprojekte-in-naturparken\/","name":"\u201eBeispielhaft\u201c \u2013 Gew\u00e4sserschutzprojekte in Naturparken","isPartOf":{"@id":"https:\/\/www.naturparkmagazin.de\/vdn\/#website"},"datePublished":"2017-07-13T12:16:30+00:00","dateModified":"2017-07-13T11:32:53+00:00","author":{"@id":"https:\/\/www.naturparkmagazin.de\/vdn\/#\/schema\/person\/d71357578c318b6db03be60b1f60396b"},"description":"In zwei Naturparken in Deutschland beginnen dank der Unternehmen Kaufland und Unilever im Gew\u00e4sserschutz gute Zeiten.","breadcrumb":{"@id":"https:\/\/www.naturparkmagazin.de\/vdn\/beispielhaft-gewaesserschutzprojekte-in-naturparken\/#breadcrumb"},"inLanguage":"de","potentialAction":[{"@type":"ReadAction","target":["https:\/\/www.naturparkmagazin.de\/vdn\/beispielhaft-gewaesserschutzprojekte-in-naturparken\/"]}]},{"@type":"BreadcrumbList","@id":"https:\/\/www.naturparkmagazin.de\/vdn\/beispielhaft-gewaesserschutzprojekte-in-naturparken\/#breadcrumb","itemListElement":[{"@type":"ListItem","position":1,"name":"Home","item":"https:\/\/www.naturparkmagazin.de\/vdn\/"},{"@type":"ListItem","position":2,"name":"\u201eBeispielhaft\u201c \u2013 Gew\u00e4sserschutzprojekte in Naturparken"}]},{"@type":"WebSite","@id":"https:\/\/www.naturparkmagazin.de\/vdn\/#website","url":"https:\/\/www.naturparkmagazin.de\/vdn\/","name":"Verband Deutscher Naturparke","description":"Eine weitere Naturparkmagazin.de Netzwerk Seite","potentialAction":[{"@type":"SearchAction","target":{"@type":"EntryPoint","urlTemplate":"https:\/\/www.naturparkmagazin.de\/vdn\/?s={search_term_string}"},"query-input":"required name=search_term_string"}],"inLanguage":"de"},{"@type":"Person","@id":"https:\/\/www.naturparkmagazin.de\/vdn\/#\/schema\/person\/d71357578c318b6db03be60b1f60396b","name":"beatrixlosem","url":"https:\/\/www.naturparkmagazin.de\/vdn\/author\/beatrixlosem\/"}]}},"_links":{"self":[{"href":"https:\/\/www.naturparkmagazin.de\/vdn\/wp-json\/wp\/v2\/posts\/9007"}],"collection":[{"href":"https:\/\/www.naturparkmagazin.de\/vdn\/wp-json\/wp\/v2\/posts"}],"about":[{"href":"https:\/\/www.naturparkmagazin.de\/vdn\/wp-json\/wp\/v2\/types\/post"}],"author":[{"embeddable":true,"href":"https:\/\/www.naturparkmagazin.de\/vdn\/wp-json\/wp\/v2\/users\/51"}],"replies":[{"embeddable":true,"href":"https:\/\/www.naturparkmagazin.de\/vdn\/wp-json\/wp\/v2\/comments?post=9007"}],"version-history":[{"count":2,"href":"https:\/\/www.naturparkmagazin.de\/vdn\/wp-json\/wp\/v2\/posts\/9007\/revisions"}],"predecessor-version":[{"id":9017,"href":"https:\/\/www.naturparkmagazin.de\/vdn\/wp-json\/wp\/v2\/posts\/9007\/revisions\/9017"}],"wp:featuredmedia":[{"embeddable":true,"href":"https:\/\/www.naturparkmagazin.de\/vdn\/wp-json\/wp\/v2\/media\/9012"}],"wp:attachment":[{"href":"https:\/\/www.naturparkmagazin.de\/vdn\/wp-json\/wp\/v2\/media?parent=9007"}],"wp:term":[{"taxonomy":"category","embeddable":true,"href":"https:\/\/www.naturparkmagazin.de\/vdn\/wp-json\/wp\/v2\/categories?post=9007"},{"taxonomy":"post_tag","embeddable":true,"href":"https:\/\/www.naturparkmagazin.de\/vdn\/wp-json\/wp\/v2\/tags?post=9007"}],"curies":[{"name":"wp","href":"https:\/\/api.w.org\/{rel}","templated":true}]}}