{"id":9052,"date":"2017-08-21T16:12:02","date_gmt":"2017-08-21T14:12:02","guid":{"rendered":"http:\/\/www.naturparkmagazin.de\/vdn\/?p=9052"},"modified":"2017-09-18T16:07:02","modified_gmt":"2017-09-18T14:07:02","slug":"veranstaltungstipp-aus-dem-naturpark-vulkaneifel","status":"publish","type":"post","link":"https:\/\/www.naturparkmagazin.de\/vdn\/veranstaltungstipp-aus-dem-naturpark-vulkaneifel\/","title":{"rendered":"Wanderung auf dem Felsenpfad"},"content":{"rendered":"<div id=\"attachment_9075\" style=\"width: 510px\" class=\"wp-caption alignnone\"><a href=\"https:\/\/www.naturparkmagazin.de\/vdn\/wp-content\/uploads\/sites\/3\/KPK270191b.jpg\"><img aria-describedby=\"caption-attachment-9075\" decoding=\"async\" loading=\"lazy\" class=\"size-full wp-image-9075\" src=\"https:\/\/www.naturparkmagazin.de\/vdn\/wp-content\/uploads\/sites\/3\/KPK270191b.jpg\" alt=\"\u00a9 Natur- und Geopark Vulkaneifel\" width=\"500\" height=\"300\" srcset=\"https:\/\/www.naturparkmagazin.de\/vdn\/wp-content\/uploads\/sites\/3\/KPK270191b.jpg 500w, https:\/\/www.naturparkmagazin.de\/vdn\/wp-content\/uploads\/sites\/3\/KPK270191b-300x180.jpg 300w, https:\/\/www.naturparkmagazin.de\/vdn\/wp-content\/uploads\/sites\/3\/KPK270191b-200x120.jpg 200w\" sizes=\"(max-width: 500px) 100vw, 500px\" \/><\/a><p id=\"caption-attachment-9075\" class=\"wp-caption-text\">\u00a9 Natur- und Geopark Vulkaneifel<\/p><\/div>\n<p>Die vier Elemente Feuer-Wasser-Erde-Luft lieferten schon bei den alten Naturphilosophen bei der Frage nach dem Ursprung des Lebens Stoff f\u00fcr hitzige Diskussionen. Diese Urkr\u00e4fte haben unseren Planeten modelliert: Sie lie\u00dfen Kontinente wandern, Berge entstehen, schufen Gesteine und Landschaften und brachten schlie\u00dflich das Leben hervor, das selbst zu einer gestalterischen Kraft unserer Erde wurde. Auch unsere Heimat, die Eifel, erz\u00e4hlt die Geschichte vom Kampf der Elemente. Im Gerolsteiner Land spielen zwei Elemente die Hauptrolle und zeigen uns auf Schritt und Tritt ihre K\u00fcnste: Feuer und Wasser. Seit Millionen von Jahren erschaffen sie das Kunstwerk Eifel immer wieder neu. Aber ist es Kampf\u2026 oder Tanz? Begleiten Sie uns auf einer interaktiven Wanderung auf dem Felsenpfad und entscheiden Sie mit, ob sich die Kr\u00e4fte in einem st\u00e4ndigen Ringen oder harmonischem Zusammenspiel befinden. Wegstrecke : ca. 7km, Rucksackverpflegung<\/p>\n<p>Info\/Anmeldung: Hanne Hebermehl und Johannes Munkler (Natur und Geoparkf\u00fchrer\/in), Tel.: 06591 7140, Mobil 0171 6443572,<a href=\"http:\/\/www.eifelwanderer.de\" target=\"_blank\"> www.eifelwanderer.de<\/a><\/p>\n<p>Preis: Erwachsene 8,&#8211; Euro, Kinder bis 14 Jahre frei<\/p>\n<p>Treffpunkt: Tourist Information Bahnhof Gerolstein, 54568 Gerolstein<\/p>\n<p>Die Tour findet am Do, 28.09. um 11 Uhr statt.<\/p>\n<p>&nbsp;<\/p>\n<p>Bitte beachten Sie, dass wir nicht nur Naturpark sondern auch ein <a href=\"https:\/\/www.unesco.de\/wissenschaft\/geoparks.html\" target=\"_blank\">UNESCO Global Geopark<\/a> sind.<\/p>\n<p>Weitere F\u00fchrungen jederzeit gerne auf Anfrage.<\/p>\n<p>&nbsp;<\/p>\n<p>&nbsp;<\/p>\n<p>&nbsp;<\/p>\n<p>&nbsp;<\/p>\n","protected":false},"excerpt":{"rendered":"<p>Als Erlebnistipp im September schlagen wir Ihnen die gef\u00fchrte Wanderung \u201eKampf oder Tanz? Feuer vs. Wasser auf dem Gerolsteiner Felsenpfad\u201c vor. Hanne Hebermehl und Johannes Munkler erz\u00e4hlen hier Geschichten vom Kampf der Elemente und aus dem Leben der Menschen mit den vier Elementen Feuer-Wasser-Erde-Luft. <\/p>\n","protected":false},"author":73,"featured_media":9073,"comment_status":"open","ping_status":"open","sticky":false,"template":"","format":"standard","meta":{"_links_to":"","_links_to_target":""},"categories":[617],"tags":[],"yoast_head":"<!-- This site is optimized with the Yoast SEO plugin v19.10 - https:\/\/yoast.com\/wordpress\/plugins\/seo\/ -->\n<title>Wanderung auf dem Felsenpfad<\/title>\n<meta name=\"description\" content=\"Als Erlebnistipp im September schlagen wir Ihnen die gef\u00fchrte Wanderung \u201eKampf oder Tanz? Feuer vs. Wasser auf dem Gerolsteiner Felsenpfad\u201c vor. Hanne Hebermehl und Johannes Munkler erz\u00e4hlen hier Geschichten vom Kampf der Elemente und aus dem Leben der Menschen mit den vier Elementen Feuer-Wasser-Erde-Luft.\" \/>\n<meta name=\"robots\" content=\"index, follow, max-snippet:-1, max-image-preview:large, max-video-preview:-1\" \/>\n<link rel=\"canonical\" href=\"https:\/\/www.naturparkmagazin.de\/vdn\/veranstaltungstipp-aus-dem-naturpark-vulkaneifel\/\" \/>\n<meta property=\"og:locale\" content=\"de_DE\" \/>\n<meta property=\"og:type\" content=\"article\" \/>\n<meta property=\"og:title\" content=\"Wanderung auf dem Felsenpfad\" \/>\n<meta property=\"og:description\" content=\"Als Erlebnistipp im September schlagen wir Ihnen die gef\u00fchrte Wanderung \u201eKampf oder Tanz? Feuer vs. Wasser auf dem Gerolsteiner Felsenpfad\u201c vor. Hanne Hebermehl und Johannes Munkler erz\u00e4hlen hier Geschichten vom Kampf der Elemente und aus dem Leben der Menschen mit den vier Elementen Feuer-Wasser-Erde-Luft.\" \/>\n<meta property=\"og:url\" content=\"https:\/\/www.naturparkmagazin.de\/vdn\/veranstaltungstipp-aus-dem-naturpark-vulkaneifel\/\" \/>\n<meta property=\"og:site_name\" content=\"Verband Deutscher Naturparke\" \/>\n<meta property=\"article:published_time\" content=\"2017-08-21T14:12:02+00:00\" \/>\n<meta property=\"article:modified_time\" content=\"2017-09-18T14:07:02+00:00\" \/>\n<meta property=\"og:image\" content=\"https:\/\/www.naturparkmagazin.de\/vdn\/wp-content\/uploads\/sites\/3\/KPK270191bf.jpg\" \/>\n\t<meta property=\"og:image:width\" content=\"200\" \/>\n\t<meta property=\"og:image:height\" content=\"200\" \/>\n\t<meta property=\"og:image:type\" content=\"image\/jpeg\" \/>\n<meta name=\"author\" content=\"manuelamerz\" \/>\n<meta name=\"twitter:label1\" content=\"Verfasst von\" \/>\n\t<meta name=\"twitter:data1\" content=\"manuelamerz\" \/>\n\t<meta name=\"twitter:label2\" content=\"Gesch\u00e4tzte Lesezeit\" \/>\n\t<meta name=\"twitter:data2\" content=\"1\u00a0Minute\" \/>\n<script type=\"application\/ld+json\" class=\"yoast-schema-graph\">{\"@context\":\"https:\/\/schema.org\",\"@graph\":[{\"@type\":\"WebPage\",\"@id\":\"https:\/\/www.naturparkmagazin.de\/vdn\/veranstaltungstipp-aus-dem-naturpark-vulkaneifel\/\",\"url\":\"https:\/\/www.naturparkmagazin.de\/vdn\/veranstaltungstipp-aus-dem-naturpark-vulkaneifel\/\",\"name\":\"Wanderung auf dem Felsenpfad\",\"isPartOf\":{\"@id\":\"https:\/\/www.naturparkmagazin.de\/vdn\/#website\"},\"datePublished\":\"2017-08-21T14:12:02+00:00\",\"dateModified\":\"2017-09-18T14:07:02+00:00\",\"author\":{\"@id\":\"https:\/\/www.naturparkmagazin.de\/vdn\/#\/schema\/person\/3cff9b8773ed55f0189255fa9adfd57c\"},\"description\":\"Als Erlebnistipp im September schlagen wir Ihnen die gef\u00fchrte Wanderung \u201eKampf oder Tanz? Feuer vs. Wasser auf dem Gerolsteiner Felsenpfad\u201c vor. Hanne Hebermehl und Johannes Munkler erz\u00e4hlen hier Geschichten vom Kampf der Elemente und aus dem Leben der Menschen mit den vier Elementen Feuer-Wasser-Erde-Luft.\",\"breadcrumb\":{\"@id\":\"https:\/\/www.naturparkmagazin.de\/vdn\/veranstaltungstipp-aus-dem-naturpark-vulkaneifel\/#breadcrumb\"},\"inLanguage\":\"de\",\"potentialAction\":[{\"@type\":\"ReadAction\",\"target\":[\"https:\/\/www.naturparkmagazin.de\/vdn\/veranstaltungstipp-aus-dem-naturpark-vulkaneifel\/\"]}]},{\"@type\":\"BreadcrumbList\",\"@id\":\"https:\/\/www.naturparkmagazin.de\/vdn\/veranstaltungstipp-aus-dem-naturpark-vulkaneifel\/#breadcrumb\",\"itemListElement\":[{\"@type\":\"ListItem\",\"position\":1,\"name\":\"Home\",\"item\":\"https:\/\/www.naturparkmagazin.de\/vdn\/\"},{\"@type\":\"ListItem\",\"position\":2,\"name\":\"Wanderung auf dem Felsenpfad\"}]},{\"@type\":\"WebSite\",\"@id\":\"https:\/\/www.naturparkmagazin.de\/vdn\/#website\",\"url\":\"https:\/\/www.naturparkmagazin.de\/vdn\/\",\"name\":\"Verband Deutscher Naturparke\",\"description\":\"Eine weitere Naturparkmagazin.de Netzwerk Seite\",\"potentialAction\":[{\"@type\":\"SearchAction\",\"target\":{\"@type\":\"EntryPoint\",\"urlTemplate\":\"https:\/\/www.naturparkmagazin.de\/vdn\/?s={search_term_string}\"},\"query-input\":\"required name=search_term_string\"}],\"inLanguage\":\"de\"},{\"@type\":\"Person\",\"@id\":\"https:\/\/www.naturparkmagazin.de\/vdn\/#\/schema\/person\/3cff9b8773ed55f0189255fa9adfd57c\",\"name\":\"manuelamerz\",\"url\":\"https:\/\/www.naturparkmagazin.de\/vdn\/author\/manuelamerz\/\"}]}<\/script>\n<!-- \/ Yoast SEO plugin. -->","yoast_head_json":{"title":"Wanderung auf dem Felsenpfad","description":"Als Erlebnistipp im September schlagen wir Ihnen die gef\u00fchrte Wanderung \u201eKampf oder Tanz? Feuer vs. Wasser auf dem Gerolsteiner Felsenpfad\u201c vor. Hanne Hebermehl und Johannes Munkler erz\u00e4hlen hier Geschichten vom Kampf der Elemente und aus dem Leben der Menschen mit den vier Elementen Feuer-Wasser-Erde-Luft.","robots":{"index":"index","follow":"follow","max-snippet":"max-snippet:-1","max-image-preview":"max-image-preview:large","max-video-preview":"max-video-preview:-1"},"canonical":"https:\/\/www.naturparkmagazin.de\/vdn\/veranstaltungstipp-aus-dem-naturpark-vulkaneifel\/","og_locale":"de_DE","og_type":"article","og_title":"Wanderung auf dem Felsenpfad","og_description":"Als Erlebnistipp im September schlagen wir Ihnen die gef\u00fchrte Wanderung \u201eKampf oder Tanz? Feuer vs. Wasser auf dem Gerolsteiner Felsenpfad\u201c vor. Hanne Hebermehl und Johannes Munkler erz\u00e4hlen hier Geschichten vom Kampf der Elemente und aus dem Leben der Menschen mit den vier Elementen Feuer-Wasser-Erde-Luft.","og_url":"https:\/\/www.naturparkmagazin.de\/vdn\/veranstaltungstipp-aus-dem-naturpark-vulkaneifel\/","og_site_name":"Verband Deutscher Naturparke","article_published_time":"2017-08-21T14:12:02+00:00","article_modified_time":"2017-09-18T14:07:02+00:00","og_image":[{"width":200,"height":200,"url":"https:\/\/www.naturparkmagazin.de\/vdn\/wp-content\/uploads\/sites\/3\/KPK270191bf.jpg","type":"image\/jpeg"}],"author":"manuelamerz","twitter_misc":{"Verfasst von":"manuelamerz","Gesch\u00e4tzte Lesezeit":"1\u00a0Minute"},"schema":{"@context":"https:\/\/schema.org","@graph":[{"@type":"WebPage","@id":"https:\/\/www.naturparkmagazin.de\/vdn\/veranstaltungstipp-aus-dem-naturpark-vulkaneifel\/","url":"https:\/\/www.naturparkmagazin.de\/vdn\/veranstaltungstipp-aus-dem-naturpark-vulkaneifel\/","name":"Wanderung auf dem Felsenpfad","isPartOf":{"@id":"https:\/\/www.naturparkmagazin.de\/vdn\/#website"},"datePublished":"2017-08-21T14:12:02+00:00","dateModified":"2017-09-18T14:07:02+00:00","author":{"@id":"https:\/\/www.naturparkmagazin.de\/vdn\/#\/schema\/person\/3cff9b8773ed55f0189255fa9adfd57c"},"description":"Als Erlebnistipp im September schlagen wir Ihnen die gef\u00fchrte Wanderung \u201eKampf oder Tanz? Feuer vs. Wasser auf dem Gerolsteiner Felsenpfad\u201c vor. Hanne Hebermehl und Johannes Munkler erz\u00e4hlen hier Geschichten vom Kampf der Elemente und aus dem Leben der Menschen mit den vier Elementen Feuer-Wasser-Erde-Luft.","breadcrumb":{"@id":"https:\/\/www.naturparkmagazin.de\/vdn\/veranstaltungstipp-aus-dem-naturpark-vulkaneifel\/#breadcrumb"},"inLanguage":"de","potentialAction":[{"@type":"ReadAction","target":["https:\/\/www.naturparkmagazin.de\/vdn\/veranstaltungstipp-aus-dem-naturpark-vulkaneifel\/"]}]},{"@type":"BreadcrumbList","@id":"https:\/\/www.naturparkmagazin.de\/vdn\/veranstaltungstipp-aus-dem-naturpark-vulkaneifel\/#breadcrumb","itemListElement":[{"@type":"ListItem","position":1,"name":"Home","item":"https:\/\/www.naturparkmagazin.de\/vdn\/"},{"@type":"ListItem","position":2,"name":"Wanderung auf dem Felsenpfad"}]},{"@type":"WebSite","@id":"https:\/\/www.naturparkmagazin.de\/vdn\/#website","url":"https:\/\/www.naturparkmagazin.de\/vdn\/","name":"Verband Deutscher Naturparke","description":"Eine weitere Naturparkmagazin.de Netzwerk Seite","potentialAction":[{"@type":"SearchAction","target":{"@type":"EntryPoint","urlTemplate":"https:\/\/www.naturparkmagazin.de\/vdn\/?s={search_term_string}"},"query-input":"required name=search_term_string"}],"inLanguage":"de"},{"@type":"Person","@id":"https:\/\/www.naturparkmagazin.de\/vdn\/#\/schema\/person\/3cff9b8773ed55f0189255fa9adfd57c","name":"manuelamerz","url":"https:\/\/www.naturparkmagazin.de\/vdn\/author\/manuelamerz\/"}]}},"_links":{"self":[{"href":"https:\/\/www.naturparkmagazin.de\/vdn\/wp-json\/wp\/v2\/posts\/9052"}],"collection":[{"href":"https:\/\/www.naturparkmagazin.de\/vdn\/wp-json\/wp\/v2\/posts"}],"about":[{"href":"https:\/\/www.naturparkmagazin.de\/vdn\/wp-json\/wp\/v2\/types\/post"}],"author":[{"embeddable":true,"href":"https:\/\/www.naturparkmagazin.de\/vdn\/wp-json\/wp\/v2\/users\/73"}],"replies":[{"embeddable":true,"href":"https:\/\/www.naturparkmagazin.de\/vdn\/wp-json\/wp\/v2\/comments?post=9052"}],"version-history":[{"count":4,"href":"https:\/\/www.naturparkmagazin.de\/vdn\/wp-json\/wp\/v2\/posts\/9052\/revisions"}],"predecessor-version":[{"id":9088,"href":"https:\/\/www.naturparkmagazin.de\/vdn\/wp-json\/wp\/v2\/posts\/9052\/revisions\/9088"}],"wp:featuredmedia":[{"embeddable":true,"href":"https:\/\/www.naturparkmagazin.de\/vdn\/wp-json\/wp\/v2\/media\/9073"}],"wp:attachment":[{"href":"https:\/\/www.naturparkmagazin.de\/vdn\/wp-json\/wp\/v2\/media?parent=9052"}],"wp:term":[{"taxonomy":"category","embeddable":true,"href":"https:\/\/www.naturparkmagazin.de\/vdn\/wp-json\/wp\/v2\/categories?post=9052"},{"taxonomy":"post_tag","embeddable":true,"href":"https:\/\/www.naturparkmagazin.de\/vdn\/wp-json\/wp\/v2\/tags?post=9052"}],"curies":[{"name":"wp","href":"https:\/\/api.w.org\/{rel}","templated":true}]}}