{"id":9067,"date":"2017-08-21T13:58:32","date_gmt":"2017-08-21T11:58:32","guid":{"rendered":"http:\/\/www.naturparkmagazin.de\/vdn\/?p=9067"},"modified":"2017-08-22T14:00:17","modified_gmt":"2017-08-22T12:00:17","slug":"dinkel-couscous","status":"publish","type":"post","link":"https:\/\/www.naturparkmagazin.de\/vdn\/dinkel-couscous\/","title":{"rendered":"Dinkel Couscous"},"content":{"rendered":"<div id=\"attachment_9068\" style=\"width: 510px\" class=\"wp-caption alignnone\"><a href=\"https:\/\/www.naturparkmagazin.de\/vdn\/wp-content\/uploads\/sites\/3\/couscous3b.jpg\"><img aria-describedby=\"caption-attachment-9068\" decoding=\"async\" loading=\"lazy\" class=\"size-full wp-image-9068\" src=\"https:\/\/www.naturparkmagazin.de\/vdn\/wp-content\/uploads\/sites\/3\/couscous3b.jpg\" alt=\"Couscous\u00a9Naturgenuss GmbH\" width=\"500\" height=\"300\" srcset=\"https:\/\/www.naturparkmagazin.de\/vdn\/wp-content\/uploads\/sites\/3\/couscous3b.jpg 500w, https:\/\/www.naturparkmagazin.de\/vdn\/wp-content\/uploads\/sites\/3\/couscous3b-300x180.jpg 300w, https:\/\/www.naturparkmagazin.de\/vdn\/wp-content\/uploads\/sites\/3\/couscous3b-200x120.jpg 200w\" sizes=\"(max-width: 500px) 100vw, 500px\" \/><\/a><p id=\"caption-attachment-9068\" class=\"wp-caption-text\">Couscous\u00a9Naturgenuss GmbH<\/p><\/div>\n<p>Der Bio-Dinkel-Couscous ist besonders bek\u00f6mmlich und kann hervorragend zu Salaten verarbeitet werden oder einfach als Beilage dienen.\nSeit Generationen wird im Familienbetrieb, der Stadtm\u00fchle Geisingen, die M\u00fcllertradition weitergef\u00fchrt und hochwertige Rohstoffe zu gesunden Lebensmitteln verarbeitet. Dazu liefert die eigene Wasserkraft Energie f\u00fcr die gesamte Produktion.<\/p>\n<p>Der Bio-Dinkel-Couscous aus dem Naturpark Obere Donau sowie viele weitere Spezialit\u00e4ten aus Naturparken k\u00f6nnen Sie im <a href=\"http:\/\/www.naturpark-spezialitaeten.de\">Naturpark-Spezialit\u00e4ten-Shop <\/a>bestellen.<\/p>\n<p>&nbsp;<\/p>\n<table width=\"100%\">\n<tbody>\n<tr>\n<td>Menge<\/td>\n<td>500 g<\/td>\n<\/tr>\n<tr>\n<td>Zutaten<\/td>\n<td>Dinkel-Couscous<\/td>\n<\/tr>\n<tr>\n<td>Grundpreis<\/td>\n<td>0,79 \u20ac pro 100 g<\/td>\n<\/tr>\n<tr>\n<td>BioProdukt<\/td>\n<td>DE-\u00d6KO-001<\/td>\n<\/tr>\n<tr>\n<td>Hersteller<\/td>\n<td>Stadtm\u00fchle Geisingen, M\u00fchlenweg 11, 78187 Geisingen<\/td>\n<\/tr>\n<tr>\n<td>Brennwert kJ \/ kcal<\/td>\n<td>1454 kJ \/ 343 c<\/td>\n<\/tr>\n<tr>\n<td>Eiwei\u00df<\/td>\n<td>14,5 g<\/td>\n<\/tr>\n<tr>\n<td>Fett, davon ges. Fetts\u00e4uren<\/td>\n<td>3,08 g \/ 0,69 g<\/td>\n<\/tr>\n<tr>\n<td>Kohlenhydrate \/ davon Zucker<\/td>\n<td>64,3 g \/ 1,0 g<\/td>\n<\/tr>\n<tr>\n<td>Salz<\/td>\n<td>0<\/td>\n<\/tr>\n<tr>\n<td>Ballaststoffe<\/td>\n<td>8,19 g<\/td>\n<\/tr>\n<\/tbody>\n<\/table>\n<p>&nbsp;<\/p>\n<p><strong>Rezept:<\/strong><\/p>\n<p><strong>Dinkelcouscous mit K\u00fcrbis<\/strong><\/p>\n<p>150 g Couscous\n350 ml Br\u00fche\n2 kleine Zwiebeln fein gehackt\n1 Knoblauchzehe fein gehackt\n3 EL Sonnenblumen\u00f6l\nSalz und Pfeffer\n2 Messerspitzen Bertrampulver\n2 EL Sesam leicht ger\u00f6stet<\/p>\n<p>300 g K\u00fcrbis klein gew\u00fcrfelt (Hokkaido oder Muskatk\u00fcrbis)\n1 EL Puderzucker\n4 EL Balsamicoessig\n1\/8 l Waser\n1 Sternanis\nSalz und Pfeffer\n1 EL Honig\n1 TL Galgant frisch fein gew\u00fcrfelt oder Pulver<\/p>\n<p>Joghurtsauce:\n100 g Joghurt\netwas Sahne\nZitronensaft\nSalz und Pfeffer\nZucker<\/p>\n<p>Zur Garnitur 2 EL K\u00fcrbiskerne leicht r\u00f6sten und hacken.<\/p>\n<p>Zwiebeln und Knoblauch in \u00d6l langsam and\u00fcnsten. Couscous zugeben und mit der Br\u00fche \u00fcbergie\u00dfen, salzen und pfeffern, aufkochen und zugedeckt 6 Minuten ziehen lassen.\nSesam untermischen.<\/p>\n<p>F\u00fcr das K\u00fcrbisgem\u00fcse den Puderzucker leicht karamellisieren und mit Balsamico und Wasser abl\u00f6schen. K\u00fcrbisw\u00fcrfel und Gew\u00fcrze zuf\u00fcgen und langsam auf Biss d\u00fcnsten.<\/p>\n<p><a href=\"http:\/\/www.naturpark-spezialitaeten.de\/pg\/produkt-des-monats\">Dieses Produkt<\/a> und weitere regionale Spezialit\u00e4ten k\u00f6nnen Sie im <a href=\"http:\/\/www.naturpark-spezialitaeten.de\/\">Naturpark-Spezialit\u00e4ten-Shop<\/a> erwerben.<\/p>\n<p>&nbsp;<\/p>\n","protected":false},"excerpt":{"rendered":"<p>Produkt des Monats im September ist Dinkel Couscous der Stadtm\u00fchle Geisingen aus dem Naturpark Obere Donau.<\/p>\n","protected":false},"author":73,"featured_media":9127,"comment_status":"open","ping_status":"open","sticky":false,"template":"","format":"standard","meta":{"_links_to":"","_links_to_target":""},"categories":[13],"tags":[],"yoast_head":"<!-- This site is optimized with the Yoast SEO plugin v19.10 - https:\/\/yoast.com\/wordpress\/plugins\/seo\/ -->\n<title>Dinkel Couscous<\/title>\n<meta name=\"description\" content=\"Produkt des Monats im September ist Dinkel Couscous der Stadtm\u00fchle Geisingen aus dem Naturpark Obere Donau.\" \/>\n<meta name=\"robots\" content=\"index, follow, max-snippet:-1, max-image-preview:large, max-video-preview:-1\" \/>\n<link rel=\"canonical\" href=\"https:\/\/www.naturparkmagazin.de\/vdn\/dinkel-couscous\/\" \/>\n<meta property=\"og:locale\" content=\"de_DE\" \/>\n<meta property=\"og:type\" content=\"article\" \/>\n<meta property=\"og:title\" content=\"Dinkel Couscous\" \/>\n<meta property=\"og:description\" content=\"Produkt des Monats im September ist Dinkel Couscous der Stadtm\u00fchle Geisingen aus dem Naturpark Obere Donau.\" \/>\n<meta property=\"og:url\" content=\"https:\/\/www.naturparkmagazin.de\/vdn\/dinkel-couscous\/\" \/>\n<meta property=\"og:site_name\" content=\"Verband Deutscher Naturparke\" \/>\n<meta property=\"article:published_time\" content=\"2017-08-21T11:58:32+00:00\" \/>\n<meta property=\"article:modified_time\" content=\"2017-08-22T12:00:17+00:00\" \/>\n<meta property=\"og:image\" content=\"https:\/\/www.naturparkmagazin.de\/vdn\/wp-content\/uploads\/sites\/3\/couscous3.3bf.jpg\" \/>\n\t<meta property=\"og:image:width\" content=\"200\" \/>\n\t<meta property=\"og:image:height\" content=\"200\" \/>\n\t<meta property=\"og:image:type\" content=\"image\/jpeg\" \/>\n<meta name=\"author\" content=\"manuelamerz\" \/>\n<meta name=\"twitter:label1\" content=\"Verfasst von\" \/>\n\t<meta name=\"twitter:data1\" content=\"manuelamerz\" \/>\n\t<meta name=\"twitter:label2\" content=\"Gesch\u00e4tzte Lesezeit\" \/>\n\t<meta name=\"twitter:data2\" content=\"1\u00a0Minute\" \/>\n<script type=\"application\/ld+json\" class=\"yoast-schema-graph\">{\"@context\":\"https:\/\/schema.org\",\"@graph\":[{\"@type\":\"WebPage\",\"@id\":\"https:\/\/www.naturparkmagazin.de\/vdn\/dinkel-couscous\/\",\"url\":\"https:\/\/www.naturparkmagazin.de\/vdn\/dinkel-couscous\/\",\"name\":\"Dinkel Couscous\",\"isPartOf\":{\"@id\":\"https:\/\/www.naturparkmagazin.de\/vdn\/#website\"},\"datePublished\":\"2017-08-21T11:58:32+00:00\",\"dateModified\":\"2017-08-22T12:00:17+00:00\",\"author\":{\"@id\":\"https:\/\/www.naturparkmagazin.de\/vdn\/#\/schema\/person\/3cff9b8773ed55f0189255fa9adfd57c\"},\"description\":\"Produkt des Monats im September ist Dinkel Couscous der Stadtm\u00fchle Geisingen aus dem Naturpark Obere Donau.\",\"breadcrumb\":{\"@id\":\"https:\/\/www.naturparkmagazin.de\/vdn\/dinkel-couscous\/#breadcrumb\"},\"inLanguage\":\"de\",\"potentialAction\":[{\"@type\":\"ReadAction\",\"target\":[\"https:\/\/www.naturparkmagazin.de\/vdn\/dinkel-couscous\/\"]}]},{\"@type\":\"BreadcrumbList\",\"@id\":\"https:\/\/www.naturparkmagazin.de\/vdn\/dinkel-couscous\/#breadcrumb\",\"itemListElement\":[{\"@type\":\"ListItem\",\"position\":1,\"name\":\"Home\",\"item\":\"https:\/\/www.naturparkmagazin.de\/vdn\/\"},{\"@type\":\"ListItem\",\"position\":2,\"name\":\"Dinkel Couscous\"}]},{\"@type\":\"WebSite\",\"@id\":\"https:\/\/www.naturparkmagazin.de\/vdn\/#website\",\"url\":\"https:\/\/www.naturparkmagazin.de\/vdn\/\",\"name\":\"Verband Deutscher Naturparke\",\"description\":\"Eine weitere Naturparkmagazin.de Netzwerk Seite\",\"potentialAction\":[{\"@type\":\"SearchAction\",\"target\":{\"@type\":\"EntryPoint\",\"urlTemplate\":\"https:\/\/www.naturparkmagazin.de\/vdn\/?s={search_term_string}\"},\"query-input\":\"required name=search_term_string\"}],\"inLanguage\":\"de\"},{\"@type\":\"Person\",\"@id\":\"https:\/\/www.naturparkmagazin.de\/vdn\/#\/schema\/person\/3cff9b8773ed55f0189255fa9adfd57c\",\"name\":\"manuelamerz\",\"url\":\"https:\/\/www.naturparkmagazin.de\/vdn\/author\/manuelamerz\/\"}]}<\/script>\n<!-- \/ Yoast SEO plugin. -->","yoast_head_json":{"title":"Dinkel Couscous","description":"Produkt des Monats im September ist Dinkel Couscous der Stadtm\u00fchle Geisingen aus dem Naturpark Obere Donau.","robots":{"index":"index","follow":"follow","max-snippet":"max-snippet:-1","max-image-preview":"max-image-preview:large","max-video-preview":"max-video-preview:-1"},"canonical":"https:\/\/www.naturparkmagazin.de\/vdn\/dinkel-couscous\/","og_locale":"de_DE","og_type":"article","og_title":"Dinkel Couscous","og_description":"Produkt des Monats im September ist Dinkel Couscous der Stadtm\u00fchle Geisingen aus dem Naturpark Obere Donau.","og_url":"https:\/\/www.naturparkmagazin.de\/vdn\/dinkel-couscous\/","og_site_name":"Verband Deutscher Naturparke","article_published_time":"2017-08-21T11:58:32+00:00","article_modified_time":"2017-08-22T12:00:17+00:00","og_image":[{"width":200,"height":200,"url":"https:\/\/www.naturparkmagazin.de\/vdn\/wp-content\/uploads\/sites\/3\/couscous3.3bf.jpg","type":"image\/jpeg"}],"author":"manuelamerz","twitter_misc":{"Verfasst von":"manuelamerz","Gesch\u00e4tzte Lesezeit":"1\u00a0Minute"},"schema":{"@context":"https:\/\/schema.org","@graph":[{"@type":"WebPage","@id":"https:\/\/www.naturparkmagazin.de\/vdn\/dinkel-couscous\/","url":"https:\/\/www.naturparkmagazin.de\/vdn\/dinkel-couscous\/","name":"Dinkel Couscous","isPartOf":{"@id":"https:\/\/www.naturparkmagazin.de\/vdn\/#website"},"datePublished":"2017-08-21T11:58:32+00:00","dateModified":"2017-08-22T12:00:17+00:00","author":{"@id":"https:\/\/www.naturparkmagazin.de\/vdn\/#\/schema\/person\/3cff9b8773ed55f0189255fa9adfd57c"},"description":"Produkt des Monats im September ist Dinkel Couscous der Stadtm\u00fchle Geisingen aus dem Naturpark Obere Donau.","breadcrumb":{"@id":"https:\/\/www.naturparkmagazin.de\/vdn\/dinkel-couscous\/#breadcrumb"},"inLanguage":"de","potentialAction":[{"@type":"ReadAction","target":["https:\/\/www.naturparkmagazin.de\/vdn\/dinkel-couscous\/"]}]},{"@type":"BreadcrumbList","@id":"https:\/\/www.naturparkmagazin.de\/vdn\/dinkel-couscous\/#breadcrumb","itemListElement":[{"@type":"ListItem","position":1,"name":"Home","item":"https:\/\/www.naturparkmagazin.de\/vdn\/"},{"@type":"ListItem","position":2,"name":"Dinkel Couscous"}]},{"@type":"WebSite","@id":"https:\/\/www.naturparkmagazin.de\/vdn\/#website","url":"https:\/\/www.naturparkmagazin.de\/vdn\/","name":"Verband Deutscher Naturparke","description":"Eine weitere Naturparkmagazin.de Netzwerk Seite","potentialAction":[{"@type":"SearchAction","target":{"@type":"EntryPoint","urlTemplate":"https:\/\/www.naturparkmagazin.de\/vdn\/?s={search_term_string}"},"query-input":"required name=search_term_string"}],"inLanguage":"de"},{"@type":"Person","@id":"https:\/\/www.naturparkmagazin.de\/vdn\/#\/schema\/person\/3cff9b8773ed55f0189255fa9adfd57c","name":"manuelamerz","url":"https:\/\/www.naturparkmagazin.de\/vdn\/author\/manuelamerz\/"}]}},"_links":{"self":[{"href":"https:\/\/www.naturparkmagazin.de\/vdn\/wp-json\/wp\/v2\/posts\/9067"}],"collection":[{"href":"https:\/\/www.naturparkmagazin.de\/vdn\/wp-json\/wp\/v2\/posts"}],"about":[{"href":"https:\/\/www.naturparkmagazin.de\/vdn\/wp-json\/wp\/v2\/types\/post"}],"author":[{"embeddable":true,"href":"https:\/\/www.naturparkmagazin.de\/vdn\/wp-json\/wp\/v2\/users\/73"}],"replies":[{"embeddable":true,"href":"https:\/\/www.naturparkmagazin.de\/vdn\/wp-json\/wp\/v2\/comments?post=9067"}],"version-history":[{"count":5,"href":"https:\/\/www.naturparkmagazin.de\/vdn\/wp-json\/wp\/v2\/posts\/9067\/revisions"}],"predecessor-version":[{"id":9120,"href":"https:\/\/www.naturparkmagazin.de\/vdn\/wp-json\/wp\/v2\/posts\/9067\/revisions\/9120"}],"wp:featuredmedia":[{"embeddable":true,"href":"https:\/\/www.naturparkmagazin.de\/vdn\/wp-json\/wp\/v2\/media\/9127"}],"wp:attachment":[{"href":"https:\/\/www.naturparkmagazin.de\/vdn\/wp-json\/wp\/v2\/media?parent=9067"}],"wp:term":[{"taxonomy":"category","embeddable":true,"href":"https:\/\/www.naturparkmagazin.de\/vdn\/wp-json\/wp\/v2\/categories?post=9067"},{"taxonomy":"post_tag","embeddable":true,"href":"https:\/\/www.naturparkmagazin.de\/vdn\/wp-json\/wp\/v2\/tags?post=9067"}],"curies":[{"name":"wp","href":"https:\/\/api.w.org\/{rel}","templated":true}]}}