{"id":9078,"date":"2017-09-13T14:41:47","date_gmt":"2017-09-13T12:41:47","guid":{"rendered":"http:\/\/www.naturparkmagazin.de\/vdn\/?p=9078"},"modified":"2017-09-18T12:14:38","modified_gmt":"2017-09-18T10:14:38","slug":"achim-herf","status":"publish","type":"post","link":"https:\/\/www.naturparkmagazin.de\/vdn\/achim-herf\/","title":{"rendered":"Achim Herf &#8230;"},"content":{"rendered":"<div id=\"attachment_9081\" style=\"width: 510px\" class=\"wp-caption alignnone\"><a href=\"https:\/\/www.naturparkmagazin.de\/vdn\/wp-content\/uploads\/sites\/3\/Bild-Achim-Herfb.jpg\"><img aria-describedby=\"caption-attachment-9081\" decoding=\"async\" loading=\"lazy\" class=\"wp-image-9081 size-full\" src=\"https:\/\/www.naturparkmagazin.de\/vdn\/wp-content\/uploads\/sites\/3\/Bild-Achim-Herfb.jpg\" alt=\"\u00a9 Kita Greimerath\" width=\"500\" height=\"300\" srcset=\"https:\/\/www.naturparkmagazin.de\/vdn\/wp-content\/uploads\/sites\/3\/Bild-Achim-Herfb.jpg 500w, https:\/\/www.naturparkmagazin.de\/vdn\/wp-content\/uploads\/sites\/3\/Bild-Achim-Herfb-300x180.jpg 300w, https:\/\/www.naturparkmagazin.de\/vdn\/wp-content\/uploads\/sites\/3\/Bild-Achim-Herfb-200x120.jpg 200w\" sizes=\"(max-width: 500px) 100vw, 500px\" \/><\/a><p id=\"caption-attachment-9081\" class=\"wp-caption-text\">\u00a9 Kita Greimerath<\/p><\/div>\n<p>Nat\u00fcrlich h\u00e4lt der Natur- und Geopark Vulkaneifel viele Natur-Leckerbissen bereit, neben den unz\u00e4hligen Vulkanen, die seine Landschaften pr\u00e4gen gibt es auch die devonischen Kalkmulden mit ihren fast 400 Millionen Jahren Fossilien. Angesichts dieser Zahl l\u00e4uft auch dem Geologen Achim Herf immer noch ein Schauer \u00fcber den R\u00fccken, wenn er den G\u00e4sten und Einheimischen der Vulkaneifel auf Exkursionen das devonische Riff verbildlicht.<\/p>\n<p>Die Kulturlandschaft der Vulkaneifel ist einzigartig. Damit das auch so bleibt versuchen der freiberufliche Umweltp\u00e4dagoge und sein Team insbesondere auch die Jugend f\u00fcr den nachhaltigen Umgang mit der Natur zu sensibilisieren.<\/p>\n<p>Seine Arbeit sieht er aber auch als einen kleinen aber wichtigen Baustein im Kampf gegen die demographische Entwicklung. Die Kinder von Heute sind die Leistungstr\u00e4ger von Morgen und damit sie in der Region bleiben m\u00fcssen wir sie lehren, ihre Heimat zu lieben. Deshalb ist diese S\u00e4ule der Naturparkarbeit so wichtig.<\/p>\n<p>Dabei ist \u201eBildung f\u00fcr nachhaltige Entwicklung\u201c (BNE) der Schl\u00fcssel die Natur und damit die Heimat zu erhalten und f\u00fcr die kommenden Generationen zu sichern. Um die Gedanken des BNE sicher transportieren zu k\u00f6nnen, l\u00e4sst sich der Geologe derzeit zur Fachkraft f\u00fcr BNE im Elementarbereich weiterbilden.<\/p>\n<p>Als Grundlage f\u00fcr die Umweltbildung des Natur- und Geoparks Vulkaneifel hat Herr Herf gemeinsam mit dem Biologen Birger F\u00fchr ein umfassendes Umweltbildungskonzept entwickelt, das seit ungef\u00e4hr vier Jahren in allen Bildungsebenen umgesetzt wird. So geht das Team regelm\u00e4\u00dfig in die Kitas im Naturparkgebiet und begeistert schon die Kleinsten f\u00fcr Steine, Vulkane aber auch Tiere und Pflanzen der Lebensr\u00e4ume in der Vulkaneifel. Der Geologe ist immer wieder erstaunt mit wie viel Freude die Kids die Naturthemen aufsaugen, wenn seine eigene Begeisterung auf die Kinder \u00fcberspringt und wie tiefsinnig ihre Beitr\u00e4ge sind. Ohne sie zu sehen unterscheiden sie schon im F\u00fchls\u00e4ckchen einen \u201eVulkanstein\u201c von einem \u201eMeeresstein\u201c und wissen auch wie aus einem eckigen Stein ein runder wird. Klasse!<\/p>\n<p>Weiter geht es in den Grundschulen und den weiterf\u00fchrenden Schulen, denn die Durchl\u00e4ssigkeit durch alle Bildungsstufen ist oberstes Gebot. Der Natur- und Geopark Vulkaneifel engagiert sich von Beginn an den VDN-Projekten \u201eNaturparkschule\u201c und \u201eNaturpark Kita\u201c und konnte bereits zwei Schulen zu einer vereinbarungsgebundenen Zusammenarbeit gewinnen. Die Kita Strohn ist \u00fcbrigens die erste \u201eNatur- und Geoparkkita\u201c weltweit berichtet der Umweltbildner mit einem Augenzwinkern.<\/p>\n<p>Auch Gro\u00dfveranstaltungen hat das Team gemeinsam mit dem Natur- und Geopark schon geplant und durchgef\u00fchrt, beim Umweltbildungsparcours 2015 rund um das Totenmaar waren \u00fcber 800 Schul- und Kindergartenkinder zu Gast und haben sich vorort an zahlreichen Stationen mit Vulkanismus und Natur besch\u00e4ftigt. Das konnte das Team nat\u00fcrlich nicht alleine stemmen.<\/p>\n<p>Unterst\u00fctzt wird das Team durch die eigens daf\u00fcr ausgebildeten Natur- und Geoparkf\u00fchrer, die neuerdings auch durch die Junior-Ranger Vulkaneifel erg\u00e4nzt werden, eine Gruppe von Kindern und Jugendlichen, die auch au\u00dferhalb der Schule in ihrer Freizeit den Schutz der Natur zu ihrer Aufgabe gemacht haben und ihr Wissen als Multiplikatoren an andere Menschen herantragen. Daf\u00fcr haben sie eine achtmonatige Ausbildung auf sich genommen und oft auf Smartphone und Computer verzichtet. Das zeigt deutlich, dass sich auch die Kids von Heute f\u00fcr ihre Heimat und deren Natur vereinnahmen lassen.<\/p>\n<p>Ab diesem Herbst werden Achim Herf und sein Team eine weitere Gruppe Junior-Ranger f\u00fcr den Natur- und Geopark Vulkaneifel ausbilden&#8230;<\/p>\n<p>&nbsp;<\/p>\n<p><strong><em>Weitere Informationen finden Sie hier<\/em><\/strong><\/p>\n<p>Internetseite des<a href=\"http:\/\/www.geopark-vulkaneifel.de\/\" target=\"_blank\"> Natur- und Geoparks Vulkaneifel<\/a><\/p>\n<p>&nbsp;<\/p>\n<p>&nbsp;<\/p>\n","protected":false},"excerpt":{"rendered":"<p>&#8230;ist Diplom-Geologe mit p\u00e4dagogischer Ausbildung und Naturpark-Botschafter des Naturpark und UNESCO Global Geoparks Vulkaneifel. Als Mitglied des Kompetenzteams Umweltbildung Eifel m\u00f6chte er vor allen Dingen bei jungen Menschen das Interesse an Natur- und Landschaft des Naturparks wecken. Was ihn an seinem Naturpark und der Arbeit mit Kindern und Jugendlichen so begeistert, verr\u00e4t er uns gerne.<\/p>\n","protected":false},"author":73,"featured_media":9079,"comment_status":"open","ping_status":"open","sticky":false,"template":"","format":"standard","meta":{"_links_to":"","_links_to_target":""},"categories":[8],"tags":[],"yoast_head":"<!-- This site is optimized with the Yoast SEO plugin v19.10 - https:\/\/yoast.com\/wordpress\/plugins\/seo\/ -->\n<title>Achim Herf ...<\/title>\n<meta name=\"description\" content=\"...ist Diplom-Geologe mit p\u00e4dagogischer Ausbildung und Naturpark-Botschafter des Naturpark und UNESCO Global Geoparks Vulkaneifel. Als Mitglied des Kompetenzteams Umweltbildung Eifel m\u00f6chte er vor allen Dingen bei jungen Menschen das Interesse an Natur- und Landschaft des Naturparks wecken. Was ihn an seinem Naturpark und der Arbeit mit Kindern und Jugendlichen so begeistert, verr\u00e4t er uns gerne.\" \/>\n<meta name=\"robots\" content=\"index, follow, max-snippet:-1, max-image-preview:large, max-video-preview:-1\" \/>\n<link rel=\"canonical\" href=\"https:\/\/www.naturparkmagazin.de\/vdn\/achim-herf\/\" \/>\n<meta property=\"og:locale\" content=\"de_DE\" \/>\n<meta property=\"og:type\" content=\"article\" \/>\n<meta property=\"og:title\" content=\"Achim Herf ...\" \/>\n<meta property=\"og:description\" content=\"...ist Diplom-Geologe mit p\u00e4dagogischer Ausbildung und Naturpark-Botschafter des Naturpark und UNESCO Global Geoparks Vulkaneifel. Als Mitglied des Kompetenzteams Umweltbildung Eifel m\u00f6chte er vor allen Dingen bei jungen Menschen das Interesse an Natur- und Landschaft des Naturparks wecken. Was ihn an seinem Naturpark und der Arbeit mit Kindern und Jugendlichen so begeistert, verr\u00e4t er uns gerne.\" \/>\n<meta property=\"og:url\" content=\"https:\/\/www.naturparkmagazin.de\/vdn\/achim-herf\/\" \/>\n<meta property=\"og:site_name\" content=\"Verband Deutscher Naturparke\" \/>\n<meta property=\"article:published_time\" content=\"2017-09-13T12:41:47+00:00\" \/>\n<meta property=\"article:modified_time\" content=\"2017-09-18T10:14:38+00:00\" \/>\n<meta property=\"og:image\" content=\"https:\/\/www.naturparkmagazin.de\/vdn\/wp-content\/uploads\/sites\/3\/Bild-Achim-Herfbf.jpg\" \/>\n\t<meta property=\"og:image:width\" content=\"200\" \/>\n\t<meta property=\"og:image:height\" content=\"200\" \/>\n\t<meta property=\"og:image:type\" content=\"image\/jpeg\" \/>\n<meta name=\"author\" content=\"manuelamerz\" \/>\n<meta name=\"twitter:label1\" content=\"Verfasst von\" \/>\n\t<meta name=\"twitter:data1\" content=\"manuelamerz\" \/>\n\t<meta name=\"twitter:label2\" content=\"Gesch\u00e4tzte Lesezeit\" \/>\n\t<meta name=\"twitter:data2\" content=\"3\u00a0Minuten\" \/>\n<script type=\"application\/ld+json\" class=\"yoast-schema-graph\">{\"@context\":\"https:\/\/schema.org\",\"@graph\":[{\"@type\":\"WebPage\",\"@id\":\"https:\/\/www.naturparkmagazin.de\/vdn\/achim-herf\/\",\"url\":\"https:\/\/www.naturparkmagazin.de\/vdn\/achim-herf\/\",\"name\":\"Achim Herf ...\",\"isPartOf\":{\"@id\":\"https:\/\/www.naturparkmagazin.de\/vdn\/#website\"},\"datePublished\":\"2017-09-13T12:41:47+00:00\",\"dateModified\":\"2017-09-18T10:14:38+00:00\",\"author\":{\"@id\":\"https:\/\/www.naturparkmagazin.de\/vdn\/#\/schema\/person\/3cff9b8773ed55f0189255fa9adfd57c\"},\"description\":\"...ist Diplom-Geologe mit p\u00e4dagogischer Ausbildung und Naturpark-Botschafter des Naturpark und UNESCO Global Geoparks Vulkaneifel. Als Mitglied des Kompetenzteams Umweltbildung Eifel m\u00f6chte er vor allen Dingen bei jungen Menschen das Interesse an Natur- und Landschaft des Naturparks wecken. Was ihn an seinem Naturpark und der Arbeit mit Kindern und Jugendlichen so begeistert, verr\u00e4t er uns gerne.\",\"breadcrumb\":{\"@id\":\"https:\/\/www.naturparkmagazin.de\/vdn\/achim-herf\/#breadcrumb\"},\"inLanguage\":\"de\",\"potentialAction\":[{\"@type\":\"ReadAction\",\"target\":[\"https:\/\/www.naturparkmagazin.de\/vdn\/achim-herf\/\"]}]},{\"@type\":\"BreadcrumbList\",\"@id\":\"https:\/\/www.naturparkmagazin.de\/vdn\/achim-herf\/#breadcrumb\",\"itemListElement\":[{\"@type\":\"ListItem\",\"position\":1,\"name\":\"Home\",\"item\":\"https:\/\/www.naturparkmagazin.de\/vdn\/\"},{\"@type\":\"ListItem\",\"position\":2,\"name\":\"Achim Herf &#8230;\"}]},{\"@type\":\"WebSite\",\"@id\":\"https:\/\/www.naturparkmagazin.de\/vdn\/#website\",\"url\":\"https:\/\/www.naturparkmagazin.de\/vdn\/\",\"name\":\"Verband Deutscher Naturparke\",\"description\":\"Eine weitere Naturparkmagazin.de Netzwerk Seite\",\"potentialAction\":[{\"@type\":\"SearchAction\",\"target\":{\"@type\":\"EntryPoint\",\"urlTemplate\":\"https:\/\/www.naturparkmagazin.de\/vdn\/?s={search_term_string}\"},\"query-input\":\"required name=search_term_string\"}],\"inLanguage\":\"de\"},{\"@type\":\"Person\",\"@id\":\"https:\/\/www.naturparkmagazin.de\/vdn\/#\/schema\/person\/3cff9b8773ed55f0189255fa9adfd57c\",\"name\":\"manuelamerz\",\"url\":\"https:\/\/www.naturparkmagazin.de\/vdn\/author\/manuelamerz\/\"}]}<\/script>\n<!-- \/ Yoast SEO plugin. -->","yoast_head_json":{"title":"Achim Herf ...","description":"...ist Diplom-Geologe mit p\u00e4dagogischer Ausbildung und Naturpark-Botschafter des Naturpark und UNESCO Global Geoparks Vulkaneifel. Als Mitglied des Kompetenzteams Umweltbildung Eifel m\u00f6chte er vor allen Dingen bei jungen Menschen das Interesse an Natur- und Landschaft des Naturparks wecken. Was ihn an seinem Naturpark und der Arbeit mit Kindern und Jugendlichen so begeistert, verr\u00e4t er uns gerne.","robots":{"index":"index","follow":"follow","max-snippet":"max-snippet:-1","max-image-preview":"max-image-preview:large","max-video-preview":"max-video-preview:-1"},"canonical":"https:\/\/www.naturparkmagazin.de\/vdn\/achim-herf\/","og_locale":"de_DE","og_type":"article","og_title":"Achim Herf ...","og_description":"...ist Diplom-Geologe mit p\u00e4dagogischer Ausbildung und Naturpark-Botschafter des Naturpark und UNESCO Global Geoparks Vulkaneifel. Als Mitglied des Kompetenzteams Umweltbildung Eifel m\u00f6chte er vor allen Dingen bei jungen Menschen das Interesse an Natur- und Landschaft des Naturparks wecken. Was ihn an seinem Naturpark und der Arbeit mit Kindern und Jugendlichen so begeistert, verr\u00e4t er uns gerne.","og_url":"https:\/\/www.naturparkmagazin.de\/vdn\/achim-herf\/","og_site_name":"Verband Deutscher Naturparke","article_published_time":"2017-09-13T12:41:47+00:00","article_modified_time":"2017-09-18T10:14:38+00:00","og_image":[{"width":200,"height":200,"url":"https:\/\/www.naturparkmagazin.de\/vdn\/wp-content\/uploads\/sites\/3\/Bild-Achim-Herfbf.jpg","type":"image\/jpeg"}],"author":"manuelamerz","twitter_misc":{"Verfasst von":"manuelamerz","Gesch\u00e4tzte Lesezeit":"3\u00a0Minuten"},"schema":{"@context":"https:\/\/schema.org","@graph":[{"@type":"WebPage","@id":"https:\/\/www.naturparkmagazin.de\/vdn\/achim-herf\/","url":"https:\/\/www.naturparkmagazin.de\/vdn\/achim-herf\/","name":"Achim Herf ...","isPartOf":{"@id":"https:\/\/www.naturparkmagazin.de\/vdn\/#website"},"datePublished":"2017-09-13T12:41:47+00:00","dateModified":"2017-09-18T10:14:38+00:00","author":{"@id":"https:\/\/www.naturparkmagazin.de\/vdn\/#\/schema\/person\/3cff9b8773ed55f0189255fa9adfd57c"},"description":"...ist Diplom-Geologe mit p\u00e4dagogischer Ausbildung und Naturpark-Botschafter des Naturpark und UNESCO Global Geoparks Vulkaneifel. Als Mitglied des Kompetenzteams Umweltbildung Eifel m\u00f6chte er vor allen Dingen bei jungen Menschen das Interesse an Natur- und Landschaft des Naturparks wecken. Was ihn an seinem Naturpark und der Arbeit mit Kindern und Jugendlichen so begeistert, verr\u00e4t er uns gerne.","breadcrumb":{"@id":"https:\/\/www.naturparkmagazin.de\/vdn\/achim-herf\/#breadcrumb"},"inLanguage":"de","potentialAction":[{"@type":"ReadAction","target":["https:\/\/www.naturparkmagazin.de\/vdn\/achim-herf\/"]}]},{"@type":"BreadcrumbList","@id":"https:\/\/www.naturparkmagazin.de\/vdn\/achim-herf\/#breadcrumb","itemListElement":[{"@type":"ListItem","position":1,"name":"Home","item":"https:\/\/www.naturparkmagazin.de\/vdn\/"},{"@type":"ListItem","position":2,"name":"Achim Herf &#8230;"}]},{"@type":"WebSite","@id":"https:\/\/www.naturparkmagazin.de\/vdn\/#website","url":"https:\/\/www.naturparkmagazin.de\/vdn\/","name":"Verband Deutscher Naturparke","description":"Eine weitere Naturparkmagazin.de Netzwerk Seite","potentialAction":[{"@type":"SearchAction","target":{"@type":"EntryPoint","urlTemplate":"https:\/\/www.naturparkmagazin.de\/vdn\/?s={search_term_string}"},"query-input":"required name=search_term_string"}],"inLanguage":"de"},{"@type":"Person","@id":"https:\/\/www.naturparkmagazin.de\/vdn\/#\/schema\/person\/3cff9b8773ed55f0189255fa9adfd57c","name":"manuelamerz","url":"https:\/\/www.naturparkmagazin.de\/vdn\/author\/manuelamerz\/"}]}},"_links":{"self":[{"href":"https:\/\/www.naturparkmagazin.de\/vdn\/wp-json\/wp\/v2\/posts\/9078"}],"collection":[{"href":"https:\/\/www.naturparkmagazin.de\/vdn\/wp-json\/wp\/v2\/posts"}],"about":[{"href":"https:\/\/www.naturparkmagazin.de\/vdn\/wp-json\/wp\/v2\/types\/post"}],"author":[{"embeddable":true,"href":"https:\/\/www.naturparkmagazin.de\/vdn\/wp-json\/wp\/v2\/users\/73"}],"replies":[{"embeddable":true,"href":"https:\/\/www.naturparkmagazin.de\/vdn\/wp-json\/wp\/v2\/comments?post=9078"}],"version-history":[{"count":5,"href":"https:\/\/www.naturparkmagazin.de\/vdn\/wp-json\/wp\/v2\/posts\/9078\/revisions"}],"predecessor-version":[{"id":9137,"href":"https:\/\/www.naturparkmagazin.de\/vdn\/wp-json\/wp\/v2\/posts\/9078\/revisions\/9137"}],"wp:featuredmedia":[{"embeddable":true,"href":"https:\/\/www.naturparkmagazin.de\/vdn\/wp-json\/wp\/v2\/media\/9079"}],"wp:attachment":[{"href":"https:\/\/www.naturparkmagazin.de\/vdn\/wp-json\/wp\/v2\/media?parent=9078"}],"wp:term":[{"taxonomy":"category","embeddable":true,"href":"https:\/\/www.naturparkmagazin.de\/vdn\/wp-json\/wp\/v2\/categories?post=9078"},{"taxonomy":"post_tag","embeddable":true,"href":"https:\/\/www.naturparkmagazin.de\/vdn\/wp-json\/wp\/v2\/tags?post=9078"}],"curies":[{"name":"wp","href":"https:\/\/api.w.org\/{rel}","templated":true}]}}