{"id":9089,"date":"2017-08-21T15:47:27","date_gmt":"2017-08-21T13:47:27","guid":{"rendered":"http:\/\/www.naturparkmagazin.de\/vdn\/?p=9089"},"modified":"2017-08-22T13:51:53","modified_gmt":"2017-08-22T11:51:53","slug":"abenteuer-vulkanismus-naturpark-vulkaneifel","status":"publish","type":"post","link":"https:\/\/www.naturparkmagazin.de\/vdn\/abenteuer-vulkanismus-naturpark-vulkaneifel\/","title":{"rendered":"Abenteuer Vulkanismus \u2013 Naturpark Vulkaneifel"},"content":{"rendered":"<div id=\"attachment_9091\" style=\"width: 510px\" class=\"wp-caption alignnone\"><a href=\"https:\/\/www.naturparkmagazin.de\/vdn\/wp-content\/uploads\/sites\/3\/KPK342866b.jpg\"><img aria-describedby=\"caption-attachment-9091\" decoding=\"async\" loading=\"lazy\" class=\"size-full wp-image-9091\" src=\"https:\/\/www.naturparkmagazin.de\/vdn\/wp-content\/uploads\/sites\/3\/KPK342866b.jpg\" alt=\"\u00a9 Natur- und Geopark Vulkaneifel\" width=\"500\" height=\"300\" srcset=\"https:\/\/www.naturparkmagazin.de\/vdn\/wp-content\/uploads\/sites\/3\/KPK342866b.jpg 500w, https:\/\/www.naturparkmagazin.de\/vdn\/wp-content\/uploads\/sites\/3\/KPK342866b-300x180.jpg 300w, https:\/\/www.naturparkmagazin.de\/vdn\/wp-content\/uploads\/sites\/3\/KPK342866b-200x120.jpg 200w\" sizes=\"(max-width: 500px) 100vw, 500px\" \/><\/a><p id=\"caption-attachment-9091\" class=\"wp-caption-text\">\u00a9 Natur- und Geopark Vulkaneifel<\/p><\/div>\n<p>Dramatische Vorg\u00e4nge mit gewaltigen Explosionen und Feuer aus dem Inneren der Erde haben in der Vulkaneifel L\u00f6cher in die Erde gesprengt und Berge aufget\u00fcrmt. Bis vor 10.000 Jahren rauchten hier noch die Vulkane und zuletzt entstand das Ulmener Maar &#8211; Deutschlands j\u00fcngster Vulkan. Der Vulkanismus ist noch nicht erloschen, er hat nur eine Ruhepause eingelegt und wartet geduldig auf den n\u00e4chsten Ausbruch. Die bisherige Hinterlassenschaft ist aber schon beeindruckend: an die 350 kleine und gro\u00dfe Vulkane, Maare, Lavastr\u00f6me und unz\u00e4hlige Mineral- und Kohlens\u00e4urequellen.<\/p>\n<div id=\"attachment_9092\" style=\"width: 510px\" class=\"wp-caption alignnone\"><a href=\"https:\/\/www.naturparkmagazin.de\/vdn\/wp-content\/uploads\/sites\/3\/Kampf_der_Elementeb.jpg\"><img aria-describedby=\"caption-attachment-9092\" decoding=\"async\" loading=\"lazy\" class=\"size-full wp-image-9092\" src=\"https:\/\/www.naturparkmagazin.de\/vdn\/wp-content\/uploads\/sites\/3\/Kampf_der_Elementeb.jpg\" alt=\" \u00a9 Natur- und Geopark Vulkaneifel\" width=\"500\" height=\"300\" srcset=\"https:\/\/www.naturparkmagazin.de\/vdn\/wp-content\/uploads\/sites\/3\/Kampf_der_Elementeb.jpg 500w, https:\/\/www.naturparkmagazin.de\/vdn\/wp-content\/uploads\/sites\/3\/Kampf_der_Elementeb-300x180.jpg 300w, https:\/\/www.naturparkmagazin.de\/vdn\/wp-content\/uploads\/sites\/3\/Kampf_der_Elementeb-200x120.jpg 200w\" sizes=\"(max-width: 500px) 100vw, 500px\" \/><\/a><p id=\"caption-attachment-9092\" class=\"wp-caption-text\">\u00a9 Natur- und Geopark Vulkaneifel<\/p><\/div>\n<p>Die Erdgeschichte der Vulkaneifel bietet aber noch mehr. Rote Sandsteine, tropische Riffe und m\u00e4chtige Meeresablagerungen erz\u00e4hlen von ruhigen und unruhigen Zeiten w\u00e4hrend der zur\u00fcckliegenden 400 Millionen Jahre.<\/p>\n<p>Mit Geoparks l\u00e4ndliche R\u00e4ume entwickeln. Diese Idee traf europaweit auf fruchtbaren Boden und f\u00fchrte im Jahre 2000 zu der Gr\u00fcndung des European Geoparks Networks. Die Vulkaneifel und weitere drei Regionen aus Griechenland, Frankreich und Spanien waren die Geoparks der ersten Stunde, heute sind es 69 Geoparks aus 23 europ\u00e4ischen Staaten. Im November 2015 erhielt die Vulkaneifel zusammen mit 6 anderen Regionen in Deutschland und 120 Regionen weltweit die offizielle Anerkennung als UNESCO Global Geopark.<\/p>\n<div id=\"attachment_9093\" style=\"width: 510px\" class=\"wp-caption alignnone\"><a href=\"https:\/\/www.naturparkmagazin.de\/vdn\/wp-content\/uploads\/sites\/3\/KPK269972b.jpg\"><img aria-describedby=\"caption-attachment-9093\" decoding=\"async\" loading=\"lazy\" class=\"size-full wp-image-9093\" src=\"https:\/\/www.naturparkmagazin.de\/vdn\/wp-content\/uploads\/sites\/3\/KPK269972b.jpg\" alt=\"\u00a9 Natur- und Geopark Vulkaneifel\" width=\"500\" height=\"300\" srcset=\"https:\/\/www.naturparkmagazin.de\/vdn\/wp-content\/uploads\/sites\/3\/KPK269972b.jpg 500w, https:\/\/www.naturparkmagazin.de\/vdn\/wp-content\/uploads\/sites\/3\/KPK269972b-300x180.jpg 300w, https:\/\/www.naturparkmagazin.de\/vdn\/wp-content\/uploads\/sites\/3\/KPK269972b-200x120.jpg 200w\" sizes=\"(max-width: 500px) 100vw, 500px\" \/><\/a><p id=\"caption-attachment-9093\" class=\"wp-caption-text\">\u00a9 Natur- und Geopark Vulkaneifel<\/p><\/div>\n<p>Der Naturpark Vulkaneifel verf\u00fcgt \u00fcber eine einzigartige nat\u00fcrliche Qualit\u00e4t in der Verbindung von Maaren, Vulkanen und abwechslungsreichen Kulturlandschaften. Dies sind hervorragende Voraussetzungen f\u00fcr eine nachhaltige Entwicklung in Verbindung von naturvertr\u00e4glicher Landnutzung mit regionaler Wertsch\u00f6pfung, naturnahem Tourismus und wirtschaftlicher Entwicklung.<\/p>\n<div id=\"attachment_9094\" style=\"width: 510px\" class=\"wp-caption alignnone\"><a href=\"https:\/\/www.naturparkmagazin.de\/vdn\/wp-content\/uploads\/sites\/3\/KPK271166b.jpg\"><img aria-describedby=\"caption-attachment-9094\" decoding=\"async\" loading=\"lazy\" class=\"size-full wp-image-9094\" src=\"https:\/\/www.naturparkmagazin.de\/vdn\/wp-content\/uploads\/sites\/3\/KPK271166b.jpg\" alt=\"\u00a9 Natur- und Geopark Vulkaneifel\" width=\"500\" height=\"300\" srcset=\"https:\/\/www.naturparkmagazin.de\/vdn\/wp-content\/uploads\/sites\/3\/KPK271166b.jpg 500w, https:\/\/www.naturparkmagazin.de\/vdn\/wp-content\/uploads\/sites\/3\/KPK271166b-300x180.jpg 300w, https:\/\/www.naturparkmagazin.de\/vdn\/wp-content\/uploads\/sites\/3\/KPK271166b-200x120.jpg 200w\" sizes=\"(max-width: 500px) 100vw, 500px\" \/><\/a><p id=\"caption-attachment-9094\" class=\"wp-caption-text\">Natur- und Geopark Vulkaneifel<\/p><\/div>\n<p>Ein vielf\u00e4ltiges Angebot ist hiernach ausgerichtet. Neben der Faszination f\u00fcr die GEO-Vergangenheit ist es auch die Gegenwart mit ihren weiten H\u00f6hen, dichten W\u00e4ldern, klaren B\u00e4chen, duftenden Wiesen und romantischen D\u00f6rfern, die in der Vulkaneifel ihre G\u00e4ste zu begeistern versteht. Etwa 270 Ausbruchszentren erz\u00e4hlen von der feurigen und spannenden Entstehungsgeschichte der Vulkaneifel, GEO-Museen und zahlreiche GEO-Einrichtungen offenbaren wissenschaftliche Ph\u00e4nomene und sorgsam ausgew\u00e4hlte Rad- und Wandertouren f\u00fchren zu den Sch\u00e4tzen dieser faszinierenden Landschaft. Zertifizierte G\u00e4stef\u00fchrer erz\u00e4hen und bringen Sie zu den Sch\u00e4tzen dieser faszinierenden Landschaft.<\/p>\n<div id=\"attachment_9095\" style=\"width: 510px\" class=\"wp-caption alignnone\"><a href=\"https:\/\/www.naturparkmagazin.de\/vdn\/wp-content\/uploads\/sites\/3\/KPK237951b.jpg\"><img aria-describedby=\"caption-attachment-9095\" decoding=\"async\" loading=\"lazy\" class=\"size-full wp-image-9095\" src=\"https:\/\/www.naturparkmagazin.de\/vdn\/wp-content\/uploads\/sites\/3\/KPK237951b.jpg\" alt=\"\u00a9 Natur- und Geopark Vulkaneifel\" width=\"500\" height=\"300\" srcset=\"https:\/\/www.naturparkmagazin.de\/vdn\/wp-content\/uploads\/sites\/3\/KPK237951b.jpg 500w, https:\/\/www.naturparkmagazin.de\/vdn\/wp-content\/uploads\/sites\/3\/KPK237951b-300x180.jpg 300w, https:\/\/www.naturparkmagazin.de\/vdn\/wp-content\/uploads\/sites\/3\/KPK237951b-200x120.jpg 200w\" sizes=\"(max-width: 500px) 100vw, 500px\" \/><\/a><p id=\"caption-attachment-9095\" class=\"wp-caption-text\">\u00a9 Natur- und Geopark Vulkaneifel<\/p><\/div>\n<p>&nbsp;<\/p>\n<p>Alle Sinne sind gefordert, Geschmack und Genuss, Wandern und Hiking, Radeln und Mountainbiking, erforschen und entdecken &#8211; seien Sie mit uns unterwegs im Land der Maare und Vulkane.<\/p>\n<p><strong><em>Weitere Infos<\/em><\/strong> <a href=\"https:\/\/www.naturparke.de\/naturparke\/naturparke-finden\/naturpark\/vulkaneifel\/detail\/beschreibung.html\" target=\"_blank\">hier<\/a> und auf der Website des <a href=\"http:\/\/www.geopark-vulkaneifel.de\/\" target=\"_blank\">Naturparks<\/a><\/p>\n<p>&nbsp;<\/p>\n<p>&nbsp;<\/p>\n<p>&nbsp;<\/p>\n","protected":false},"excerpt":{"rendered":"<p>Zwischen Bad Bertrich nahe der Mosel und Ormont an der belgischen Grenze erstreckt sich eine erdgeschichtlich au\u00dfergew\u00f6hnliche Mittelgebirgslandschaft im Herzen Europas. Das \u201eAbenteuer Vulkanismus\u201c nimmt hier Gestalt an, lockt G\u00e4ste ebenso wie Wissenschaftler aus aller Welt.<\/p>\n","protected":false},"author":73,"featured_media":9090,"comment_status":"open","ping_status":"open","sticky":false,"template":"","format":"standard","meta":{"_links_to":"","_links_to_target":""},"categories":[15],"tags":[],"yoast_head":"<!-- This site is optimized with the Yoast SEO plugin v19.10 - https:\/\/yoast.com\/wordpress\/plugins\/seo\/ -->\n<title>Abenteuer Vulkanismus \u2013 Naturpark Vulkaneifel<\/title>\n<meta name=\"description\" content=\"Zwischen Bad Bertrich nahe der Mosel und Ormont an der belgischen Grenze erstreckt sich eine erdgeschichtlich au\u00dfergew\u00f6hnliche Mittelgebirgslandschaft im Herzen Europas. Das \u201eAbenteuer Vulkanismus\u201c nimmt hier Gestalt an, lockt G\u00e4ste ebenso wie Wissenschaftler aus aller Welt.\" \/>\n<meta name=\"robots\" content=\"index, follow, max-snippet:-1, max-image-preview:large, max-video-preview:-1\" \/>\n<link rel=\"canonical\" href=\"https:\/\/www.naturparkmagazin.de\/vdn\/abenteuer-vulkanismus-naturpark-vulkaneifel\/\" \/>\n<meta property=\"og:locale\" content=\"de_DE\" \/>\n<meta property=\"og:type\" content=\"article\" \/>\n<meta property=\"og:title\" content=\"Abenteuer Vulkanismus \u2013 Naturpark Vulkaneifel\" \/>\n<meta property=\"og:description\" content=\"Zwischen Bad Bertrich nahe der Mosel und Ormont an der belgischen Grenze erstreckt sich eine erdgeschichtlich au\u00dfergew\u00f6hnliche Mittelgebirgslandschaft im Herzen Europas. Das \u201eAbenteuer Vulkanismus\u201c nimmt hier Gestalt an, lockt G\u00e4ste ebenso wie Wissenschaftler aus aller Welt.\" \/>\n<meta property=\"og:url\" content=\"https:\/\/www.naturparkmagazin.de\/vdn\/abenteuer-vulkanismus-naturpark-vulkaneifel\/\" \/>\n<meta property=\"og:site_name\" content=\"Verband Deutscher Naturparke\" \/>\n<meta property=\"article:published_time\" content=\"2017-08-21T13:47:27+00:00\" \/>\n<meta property=\"article:modified_time\" content=\"2017-08-22T11:51:53+00:00\" \/>\n<meta property=\"og:image\" content=\"https:\/\/www.naturparkmagazin.de\/vdn\/wp-content\/uploads\/sites\/3\/KPK342866bf.jpg\" \/>\n\t<meta property=\"og:image:width\" content=\"200\" \/>\n\t<meta property=\"og:image:height\" content=\"200\" \/>\n\t<meta property=\"og:image:type\" content=\"image\/jpeg\" \/>\n<meta name=\"author\" content=\"manuelamerz\" \/>\n<meta name=\"twitter:label1\" content=\"Verfasst von\" \/>\n\t<meta name=\"twitter:data1\" content=\"manuelamerz\" \/>\n\t<meta name=\"twitter:label2\" content=\"Gesch\u00e4tzte Lesezeit\" \/>\n\t<meta name=\"twitter:data2\" content=\"2\u00a0Minuten\" \/>\n<script type=\"application\/ld+json\" class=\"yoast-schema-graph\">{\"@context\":\"https:\/\/schema.org\",\"@graph\":[{\"@type\":\"WebPage\",\"@id\":\"https:\/\/www.naturparkmagazin.de\/vdn\/abenteuer-vulkanismus-naturpark-vulkaneifel\/\",\"url\":\"https:\/\/www.naturparkmagazin.de\/vdn\/abenteuer-vulkanismus-naturpark-vulkaneifel\/\",\"name\":\"Abenteuer Vulkanismus \u2013 Naturpark Vulkaneifel\",\"isPartOf\":{\"@id\":\"https:\/\/www.naturparkmagazin.de\/vdn\/#website\"},\"datePublished\":\"2017-08-21T13:47:27+00:00\",\"dateModified\":\"2017-08-22T11:51:53+00:00\",\"author\":{\"@id\":\"https:\/\/www.naturparkmagazin.de\/vdn\/#\/schema\/person\/3cff9b8773ed55f0189255fa9adfd57c\"},\"description\":\"Zwischen Bad Bertrich nahe der Mosel und Ormont an der belgischen Grenze erstreckt sich eine erdgeschichtlich au\u00dfergew\u00f6hnliche Mittelgebirgslandschaft im Herzen Europas. Das \u201eAbenteuer Vulkanismus\u201c nimmt hier Gestalt an, lockt G\u00e4ste ebenso wie Wissenschaftler aus aller Welt.\",\"breadcrumb\":{\"@id\":\"https:\/\/www.naturparkmagazin.de\/vdn\/abenteuer-vulkanismus-naturpark-vulkaneifel\/#breadcrumb\"},\"inLanguage\":\"de\",\"potentialAction\":[{\"@type\":\"ReadAction\",\"target\":[\"https:\/\/www.naturparkmagazin.de\/vdn\/abenteuer-vulkanismus-naturpark-vulkaneifel\/\"]}]},{\"@type\":\"BreadcrumbList\",\"@id\":\"https:\/\/www.naturparkmagazin.de\/vdn\/abenteuer-vulkanismus-naturpark-vulkaneifel\/#breadcrumb\",\"itemListElement\":[{\"@type\":\"ListItem\",\"position\":1,\"name\":\"Home\",\"item\":\"https:\/\/www.naturparkmagazin.de\/vdn\/\"},{\"@type\":\"ListItem\",\"position\":2,\"name\":\"Abenteuer Vulkanismus \u2013 Naturpark Vulkaneifel\"}]},{\"@type\":\"WebSite\",\"@id\":\"https:\/\/www.naturparkmagazin.de\/vdn\/#website\",\"url\":\"https:\/\/www.naturparkmagazin.de\/vdn\/\",\"name\":\"Verband Deutscher Naturparke\",\"description\":\"Eine weitere Naturparkmagazin.de Netzwerk Seite\",\"potentialAction\":[{\"@type\":\"SearchAction\",\"target\":{\"@type\":\"EntryPoint\",\"urlTemplate\":\"https:\/\/www.naturparkmagazin.de\/vdn\/?s={search_term_string}\"},\"query-input\":\"required name=search_term_string\"}],\"inLanguage\":\"de\"},{\"@type\":\"Person\",\"@id\":\"https:\/\/www.naturparkmagazin.de\/vdn\/#\/schema\/person\/3cff9b8773ed55f0189255fa9adfd57c\",\"name\":\"manuelamerz\",\"url\":\"https:\/\/www.naturparkmagazin.de\/vdn\/author\/manuelamerz\/\"}]}<\/script>\n<!-- \/ Yoast SEO plugin. -->","yoast_head_json":{"title":"Abenteuer Vulkanismus \u2013 Naturpark Vulkaneifel","description":"Zwischen Bad Bertrich nahe der Mosel und Ormont an der belgischen Grenze erstreckt sich eine erdgeschichtlich au\u00dfergew\u00f6hnliche Mittelgebirgslandschaft im Herzen Europas. Das \u201eAbenteuer Vulkanismus\u201c nimmt hier Gestalt an, lockt G\u00e4ste ebenso wie Wissenschaftler aus aller Welt.","robots":{"index":"index","follow":"follow","max-snippet":"max-snippet:-1","max-image-preview":"max-image-preview:large","max-video-preview":"max-video-preview:-1"},"canonical":"https:\/\/www.naturparkmagazin.de\/vdn\/abenteuer-vulkanismus-naturpark-vulkaneifel\/","og_locale":"de_DE","og_type":"article","og_title":"Abenteuer Vulkanismus \u2013 Naturpark Vulkaneifel","og_description":"Zwischen Bad Bertrich nahe der Mosel und Ormont an der belgischen Grenze erstreckt sich eine erdgeschichtlich au\u00dfergew\u00f6hnliche Mittelgebirgslandschaft im Herzen Europas. Das \u201eAbenteuer Vulkanismus\u201c nimmt hier Gestalt an, lockt G\u00e4ste ebenso wie Wissenschaftler aus aller Welt.","og_url":"https:\/\/www.naturparkmagazin.de\/vdn\/abenteuer-vulkanismus-naturpark-vulkaneifel\/","og_site_name":"Verband Deutscher Naturparke","article_published_time":"2017-08-21T13:47:27+00:00","article_modified_time":"2017-08-22T11:51:53+00:00","og_image":[{"width":200,"height":200,"url":"https:\/\/www.naturparkmagazin.de\/vdn\/wp-content\/uploads\/sites\/3\/KPK342866bf.jpg","type":"image\/jpeg"}],"author":"manuelamerz","twitter_misc":{"Verfasst von":"manuelamerz","Gesch\u00e4tzte Lesezeit":"2\u00a0Minuten"},"schema":{"@context":"https:\/\/schema.org","@graph":[{"@type":"WebPage","@id":"https:\/\/www.naturparkmagazin.de\/vdn\/abenteuer-vulkanismus-naturpark-vulkaneifel\/","url":"https:\/\/www.naturparkmagazin.de\/vdn\/abenteuer-vulkanismus-naturpark-vulkaneifel\/","name":"Abenteuer Vulkanismus \u2013 Naturpark Vulkaneifel","isPartOf":{"@id":"https:\/\/www.naturparkmagazin.de\/vdn\/#website"},"datePublished":"2017-08-21T13:47:27+00:00","dateModified":"2017-08-22T11:51:53+00:00","author":{"@id":"https:\/\/www.naturparkmagazin.de\/vdn\/#\/schema\/person\/3cff9b8773ed55f0189255fa9adfd57c"},"description":"Zwischen Bad Bertrich nahe der Mosel und Ormont an der belgischen Grenze erstreckt sich eine erdgeschichtlich au\u00dfergew\u00f6hnliche Mittelgebirgslandschaft im Herzen Europas. Das \u201eAbenteuer Vulkanismus\u201c nimmt hier Gestalt an, lockt G\u00e4ste ebenso wie Wissenschaftler aus aller Welt.","breadcrumb":{"@id":"https:\/\/www.naturparkmagazin.de\/vdn\/abenteuer-vulkanismus-naturpark-vulkaneifel\/#breadcrumb"},"inLanguage":"de","potentialAction":[{"@type":"ReadAction","target":["https:\/\/www.naturparkmagazin.de\/vdn\/abenteuer-vulkanismus-naturpark-vulkaneifel\/"]}]},{"@type":"BreadcrumbList","@id":"https:\/\/www.naturparkmagazin.de\/vdn\/abenteuer-vulkanismus-naturpark-vulkaneifel\/#breadcrumb","itemListElement":[{"@type":"ListItem","position":1,"name":"Home","item":"https:\/\/www.naturparkmagazin.de\/vdn\/"},{"@type":"ListItem","position":2,"name":"Abenteuer Vulkanismus \u2013 Naturpark Vulkaneifel"}]},{"@type":"WebSite","@id":"https:\/\/www.naturparkmagazin.de\/vdn\/#website","url":"https:\/\/www.naturparkmagazin.de\/vdn\/","name":"Verband Deutscher Naturparke","description":"Eine weitere Naturparkmagazin.de Netzwerk Seite","potentialAction":[{"@type":"SearchAction","target":{"@type":"EntryPoint","urlTemplate":"https:\/\/www.naturparkmagazin.de\/vdn\/?s={search_term_string}"},"query-input":"required name=search_term_string"}],"inLanguage":"de"},{"@type":"Person","@id":"https:\/\/www.naturparkmagazin.de\/vdn\/#\/schema\/person\/3cff9b8773ed55f0189255fa9adfd57c","name":"manuelamerz","url":"https:\/\/www.naturparkmagazin.de\/vdn\/author\/manuelamerz\/"}]}},"_links":{"self":[{"href":"https:\/\/www.naturparkmagazin.de\/vdn\/wp-json\/wp\/v2\/posts\/9089"}],"collection":[{"href":"https:\/\/www.naturparkmagazin.de\/vdn\/wp-json\/wp\/v2\/posts"}],"about":[{"href":"https:\/\/www.naturparkmagazin.de\/vdn\/wp-json\/wp\/v2\/types\/post"}],"author":[{"embeddable":true,"href":"https:\/\/www.naturparkmagazin.de\/vdn\/wp-json\/wp\/v2\/users\/73"}],"replies":[{"embeddable":true,"href":"https:\/\/www.naturparkmagazin.de\/vdn\/wp-json\/wp\/v2\/comments?post=9089"}],"version-history":[{"count":3,"href":"https:\/\/www.naturparkmagazin.de\/vdn\/wp-json\/wp\/v2\/posts\/9089\/revisions"}],"predecessor-version":[{"id":9124,"href":"https:\/\/www.naturparkmagazin.de\/vdn\/wp-json\/wp\/v2\/posts\/9089\/revisions\/9124"}],"wp:featuredmedia":[{"embeddable":true,"href":"https:\/\/www.naturparkmagazin.de\/vdn\/wp-json\/wp\/v2\/media\/9090"}],"wp:attachment":[{"href":"https:\/\/www.naturparkmagazin.de\/vdn\/wp-json\/wp\/v2\/media?parent=9089"}],"wp:term":[{"taxonomy":"category","embeddable":true,"href":"https:\/\/www.naturparkmagazin.de\/vdn\/wp-json\/wp\/v2\/categories?post=9089"},{"taxonomy":"post_tag","embeddable":true,"href":"https:\/\/www.naturparkmagazin.de\/vdn\/wp-json\/wp\/v2\/tags?post=9089"}],"curies":[{"name":"wp","href":"https:\/\/api.w.org\/{rel}","templated":true}]}}