{"id":9097,"date":"2017-08-22T10:32:00","date_gmt":"2017-08-22T08:32:00","guid":{"rendered":"http:\/\/www.naturparkmagazin.de\/vdn\/?p=9097"},"modified":"2017-08-30T17:04:07","modified_gmt":"2017-08-30T15:04:07","slug":"deutschland-reist-voran-tourismus-und-klimaschutz-in-naturparken","status":"publish","type":"post","link":"https:\/\/www.naturparkmagazin.de\/vdn\/deutschland-reist-voran-tourismus-und-klimaschutz-in-naturparken\/","title":{"rendered":"\u201eDeutschland reist voran\u201c \u2013 Tourismus und Klimaschutz in Naturparken"},"content":{"rendered":"<div id=\"attachment_9099\" style=\"width: 510px\" class=\"wp-caption alignnone\"><a href=\"https:\/\/www.naturparkmagazin.de\/vdn\/wp-content\/uploads\/sites\/3\/NPE-Obere-Donau-Druckversion-GZ2A9315b.jpg\"><img aria-describedby=\"caption-attachment-9099\" decoding=\"async\" loading=\"lazy\" class=\"size-full wp-image-9099\" src=\"https:\/\/www.naturparkmagazin.de\/vdn\/wp-content\/uploads\/sites\/3\/NPE-Obere-Donau-Druckversion-GZ2A9315b.jpg\" alt=\"Naturpark-Express mit Radfahrern \u00a9 Naturpark Obere Donau\" width=\"500\" height=\"300\" srcset=\"https:\/\/www.naturparkmagazin.de\/vdn\/wp-content\/uploads\/sites\/3\/NPE-Obere-Donau-Druckversion-GZ2A9315b.jpg 500w, https:\/\/www.naturparkmagazin.de\/vdn\/wp-content\/uploads\/sites\/3\/NPE-Obere-Donau-Druckversion-GZ2A9315b-300x180.jpg 300w, https:\/\/www.naturparkmagazin.de\/vdn\/wp-content\/uploads\/sites\/3\/NPE-Obere-Donau-Druckversion-GZ2A9315b-200x120.jpg 200w\" sizes=\"(max-width: 500px) 100vw, 500px\" \/><\/a><p id=\"caption-attachment-9099\" class=\"wp-caption-text\">Naturpark-Express mit Radfahrern \u00a9 Naturpark Obere Donau<\/p><\/div>\n<p>Im Rahmen des F\u00f6rderprogramms f\u00fcr innovative Klimaschutz-Einzelprojekte der Nationalen Klimainitiative (NKI) und des Bundesministeriums f\u00fcr Umwelt, Naturschutz, Bau und Reaktorsicherheit (BMUB) setzt sich der Verband Deutscher Naturparke (VDN) in einem neuen, nachhaltigen Tourismusprojekt f\u00fcr klimaschonendes Reisen in den deutschen Naturparken ein.<\/p>\n<p>&nbsp;<\/p>\n<p>Gemeinsam mit den Projektpartnern fairkehr GmbH und tippingpoints GmbH aus Bonn sowie der Compass GmbH aus K\u00f6ln sollen die bereits bestehenden, nachhaltigen und klimaschonenden Tourismusangebote in Deutschland zusammengetragen und f\u00fcr Interessierte kompakt sichtbar gemacht werden. Denn die Erfahrung zeigt, dass die meisten Tourismusregionen in Deutschland das l\u00e4ngst vorhandene Potenzial f\u00fcr solche Angebote viel zu schwach einsch\u00e4tzen, ihre Angebote oft nicht erfolgreich vermarkten und diese damit in der \u00d6ffentlichkeit nicht sichtbar sind. Potenzielle Kunden, die nachhaltige Tourismusangebote suchen, fahren deshalb gerne ins Ausland, wo das Angebot nicht unbedingt gr\u00f6\u00dfer, aber erkennbarer ist.<\/p>\n<p>&gt;&gt;<a href=\"https:\/\/www.naturparke.de\/aufgaben-ziele\/nachhaltiger-tourismus\/deutschland-reist-voran.html\" target=\"_blank\"> Hier erfahren Sie mehr \u00fcber das Projekt<\/a><\/p>\n<p>&nbsp;<\/p>\n","protected":false},"excerpt":{"rendered":"<p>In einem neuen Tourismusprojekt setzt sich der VDN f\u00fcr klimaschonendes Reisen in den deutschen Naturparken ein.<\/p>\n","protected":false},"author":73,"featured_media":9098,"comment_status":"open","ping_status":"open","sticky":false,"template":"","format":"standard","meta":{"_links_to":"","_links_to_target":""},"categories":[7],"tags":[],"yoast_head":"<!-- This site is optimized with the Yoast SEO plugin v19.10 - https:\/\/yoast.com\/wordpress\/plugins\/seo\/ -->\n<title>\u201eDeutschland reist voran\u201c \u2013 Tourismus und Klimaschutz in Naturparken<\/title>\n<meta name=\"description\" content=\"In einem neuen Tourismusprojekt setzt sich der VDN f\u00fcr klimaschonendes Reisen in den deutschen Naturparken ein.\" \/>\n<meta name=\"robots\" content=\"index, follow, max-snippet:-1, max-image-preview:large, max-video-preview:-1\" \/>\n<link rel=\"canonical\" href=\"https:\/\/www.naturparkmagazin.de\/vdn\/deutschland-reist-voran-tourismus-und-klimaschutz-in-naturparken\/\" \/>\n<meta property=\"og:locale\" content=\"de_DE\" \/>\n<meta property=\"og:type\" content=\"article\" \/>\n<meta property=\"og:title\" content=\"\u201eDeutschland reist voran\u201c \u2013 Tourismus und Klimaschutz in Naturparken\" \/>\n<meta property=\"og:description\" content=\"In einem neuen Tourismusprojekt setzt sich der VDN f\u00fcr klimaschonendes Reisen in den deutschen Naturparken ein.\" \/>\n<meta property=\"og:url\" content=\"https:\/\/www.naturparkmagazin.de\/vdn\/deutschland-reist-voran-tourismus-und-klimaschutz-in-naturparken\/\" \/>\n<meta property=\"og:site_name\" content=\"Verband Deutscher Naturparke\" \/>\n<meta property=\"article:published_time\" content=\"2017-08-22T08:32:00+00:00\" \/>\n<meta property=\"article:modified_time\" content=\"2017-08-30T15:04:07+00:00\" \/>\n<meta property=\"og:image\" content=\"https:\/\/www.naturparkmagazin.de\/vdn\/wp-content\/uploads\/sites\/3\/NPE-Obere-Donau-Druckversion-GZ2A9315bf.jpg\" \/>\n\t<meta property=\"og:image:width\" content=\"200\" \/>\n\t<meta property=\"og:image:height\" content=\"200\" \/>\n\t<meta property=\"og:image:type\" content=\"image\/jpeg\" \/>\n<meta name=\"author\" content=\"manuelamerz\" \/>\n<meta name=\"twitter:label1\" content=\"Verfasst von\" \/>\n\t<meta name=\"twitter:data1\" content=\"manuelamerz\" \/>\n\t<meta name=\"twitter:label2\" content=\"Gesch\u00e4tzte Lesezeit\" \/>\n\t<meta name=\"twitter:data2\" content=\"1\u00a0Minute\" \/>\n<script type=\"application\/ld+json\" class=\"yoast-schema-graph\">{\"@context\":\"https:\/\/schema.org\",\"@graph\":[{\"@type\":\"WebPage\",\"@id\":\"https:\/\/www.naturparkmagazin.de\/vdn\/deutschland-reist-voran-tourismus-und-klimaschutz-in-naturparken\/\",\"url\":\"https:\/\/www.naturparkmagazin.de\/vdn\/deutschland-reist-voran-tourismus-und-klimaschutz-in-naturparken\/\",\"name\":\"\u201eDeutschland reist voran\u201c \u2013 Tourismus und Klimaschutz in Naturparken\",\"isPartOf\":{\"@id\":\"https:\/\/www.naturparkmagazin.de\/vdn\/#website\"},\"datePublished\":\"2017-08-22T08:32:00+00:00\",\"dateModified\":\"2017-08-30T15:04:07+00:00\",\"author\":{\"@id\":\"https:\/\/www.naturparkmagazin.de\/vdn\/#\/schema\/person\/3cff9b8773ed55f0189255fa9adfd57c\"},\"description\":\"In einem neuen Tourismusprojekt setzt sich der VDN f\u00fcr klimaschonendes Reisen in den deutschen Naturparken ein.\",\"breadcrumb\":{\"@id\":\"https:\/\/www.naturparkmagazin.de\/vdn\/deutschland-reist-voran-tourismus-und-klimaschutz-in-naturparken\/#breadcrumb\"},\"inLanguage\":\"de\",\"potentialAction\":[{\"@type\":\"ReadAction\",\"target\":[\"https:\/\/www.naturparkmagazin.de\/vdn\/deutschland-reist-voran-tourismus-und-klimaschutz-in-naturparken\/\"]}]},{\"@type\":\"BreadcrumbList\",\"@id\":\"https:\/\/www.naturparkmagazin.de\/vdn\/deutschland-reist-voran-tourismus-und-klimaschutz-in-naturparken\/#breadcrumb\",\"itemListElement\":[{\"@type\":\"ListItem\",\"position\":1,\"name\":\"Home\",\"item\":\"https:\/\/www.naturparkmagazin.de\/vdn\/\"},{\"@type\":\"ListItem\",\"position\":2,\"name\":\"\u201eDeutschland reist voran\u201c \u2013 Tourismus und Klimaschutz in Naturparken\"}]},{\"@type\":\"WebSite\",\"@id\":\"https:\/\/www.naturparkmagazin.de\/vdn\/#website\",\"url\":\"https:\/\/www.naturparkmagazin.de\/vdn\/\",\"name\":\"Verband Deutscher Naturparke\",\"description\":\"Eine weitere Naturparkmagazin.de Netzwerk Seite\",\"potentialAction\":[{\"@type\":\"SearchAction\",\"target\":{\"@type\":\"EntryPoint\",\"urlTemplate\":\"https:\/\/www.naturparkmagazin.de\/vdn\/?s={search_term_string}\"},\"query-input\":\"required name=search_term_string\"}],\"inLanguage\":\"de\"},{\"@type\":\"Person\",\"@id\":\"https:\/\/www.naturparkmagazin.de\/vdn\/#\/schema\/person\/3cff9b8773ed55f0189255fa9adfd57c\",\"name\":\"manuelamerz\",\"url\":\"https:\/\/www.naturparkmagazin.de\/vdn\/author\/manuelamerz\/\"}]}<\/script>\n<!-- \/ Yoast SEO plugin. -->","yoast_head_json":{"title":"\u201eDeutschland reist voran\u201c \u2013 Tourismus und Klimaschutz in Naturparken","description":"In einem neuen Tourismusprojekt setzt sich der VDN f\u00fcr klimaschonendes Reisen in den deutschen Naturparken ein.","robots":{"index":"index","follow":"follow","max-snippet":"max-snippet:-1","max-image-preview":"max-image-preview:large","max-video-preview":"max-video-preview:-1"},"canonical":"https:\/\/www.naturparkmagazin.de\/vdn\/deutschland-reist-voran-tourismus-und-klimaschutz-in-naturparken\/","og_locale":"de_DE","og_type":"article","og_title":"\u201eDeutschland reist voran\u201c \u2013 Tourismus und Klimaschutz in Naturparken","og_description":"In einem neuen Tourismusprojekt setzt sich der VDN f\u00fcr klimaschonendes Reisen in den deutschen Naturparken ein.","og_url":"https:\/\/www.naturparkmagazin.de\/vdn\/deutschland-reist-voran-tourismus-und-klimaschutz-in-naturparken\/","og_site_name":"Verband Deutscher Naturparke","article_published_time":"2017-08-22T08:32:00+00:00","article_modified_time":"2017-08-30T15:04:07+00:00","og_image":[{"width":200,"height":200,"url":"https:\/\/www.naturparkmagazin.de\/vdn\/wp-content\/uploads\/sites\/3\/NPE-Obere-Donau-Druckversion-GZ2A9315bf.jpg","type":"image\/jpeg"}],"author":"manuelamerz","twitter_misc":{"Verfasst von":"manuelamerz","Gesch\u00e4tzte Lesezeit":"1\u00a0Minute"},"schema":{"@context":"https:\/\/schema.org","@graph":[{"@type":"WebPage","@id":"https:\/\/www.naturparkmagazin.de\/vdn\/deutschland-reist-voran-tourismus-und-klimaschutz-in-naturparken\/","url":"https:\/\/www.naturparkmagazin.de\/vdn\/deutschland-reist-voran-tourismus-und-klimaschutz-in-naturparken\/","name":"\u201eDeutschland reist voran\u201c \u2013 Tourismus und Klimaschutz in Naturparken","isPartOf":{"@id":"https:\/\/www.naturparkmagazin.de\/vdn\/#website"},"datePublished":"2017-08-22T08:32:00+00:00","dateModified":"2017-08-30T15:04:07+00:00","author":{"@id":"https:\/\/www.naturparkmagazin.de\/vdn\/#\/schema\/person\/3cff9b8773ed55f0189255fa9adfd57c"},"description":"In einem neuen Tourismusprojekt setzt sich der VDN f\u00fcr klimaschonendes Reisen in den deutschen Naturparken ein.","breadcrumb":{"@id":"https:\/\/www.naturparkmagazin.de\/vdn\/deutschland-reist-voran-tourismus-und-klimaschutz-in-naturparken\/#breadcrumb"},"inLanguage":"de","potentialAction":[{"@type":"ReadAction","target":["https:\/\/www.naturparkmagazin.de\/vdn\/deutschland-reist-voran-tourismus-und-klimaschutz-in-naturparken\/"]}]},{"@type":"BreadcrumbList","@id":"https:\/\/www.naturparkmagazin.de\/vdn\/deutschland-reist-voran-tourismus-und-klimaschutz-in-naturparken\/#breadcrumb","itemListElement":[{"@type":"ListItem","position":1,"name":"Home","item":"https:\/\/www.naturparkmagazin.de\/vdn\/"},{"@type":"ListItem","position":2,"name":"\u201eDeutschland reist voran\u201c \u2013 Tourismus und Klimaschutz in Naturparken"}]},{"@type":"WebSite","@id":"https:\/\/www.naturparkmagazin.de\/vdn\/#website","url":"https:\/\/www.naturparkmagazin.de\/vdn\/","name":"Verband Deutscher Naturparke","description":"Eine weitere Naturparkmagazin.de Netzwerk Seite","potentialAction":[{"@type":"SearchAction","target":{"@type":"EntryPoint","urlTemplate":"https:\/\/www.naturparkmagazin.de\/vdn\/?s={search_term_string}"},"query-input":"required name=search_term_string"}],"inLanguage":"de"},{"@type":"Person","@id":"https:\/\/www.naturparkmagazin.de\/vdn\/#\/schema\/person\/3cff9b8773ed55f0189255fa9adfd57c","name":"manuelamerz","url":"https:\/\/www.naturparkmagazin.de\/vdn\/author\/manuelamerz\/"}]}},"_links":{"self":[{"href":"https:\/\/www.naturparkmagazin.de\/vdn\/wp-json\/wp\/v2\/posts\/9097"}],"collection":[{"href":"https:\/\/www.naturparkmagazin.de\/vdn\/wp-json\/wp\/v2\/posts"}],"about":[{"href":"https:\/\/www.naturparkmagazin.de\/vdn\/wp-json\/wp\/v2\/types\/post"}],"author":[{"embeddable":true,"href":"https:\/\/www.naturparkmagazin.de\/vdn\/wp-json\/wp\/v2\/users\/73"}],"replies":[{"embeddable":true,"href":"https:\/\/www.naturparkmagazin.de\/vdn\/wp-json\/wp\/v2\/comments?post=9097"}],"version-history":[{"count":3,"href":"https:\/\/www.naturparkmagazin.de\/vdn\/wp-json\/wp\/v2\/posts\/9097\/revisions"}],"predecessor-version":[{"id":9139,"href":"https:\/\/www.naturparkmagazin.de\/vdn\/wp-json\/wp\/v2\/posts\/9097\/revisions\/9139"}],"wp:featuredmedia":[{"embeddable":true,"href":"https:\/\/www.naturparkmagazin.de\/vdn\/wp-json\/wp\/v2\/media\/9098"}],"wp:attachment":[{"href":"https:\/\/www.naturparkmagazin.de\/vdn\/wp-json\/wp\/v2\/media?parent=9097"}],"wp:term":[{"taxonomy":"category","embeddable":true,"href":"https:\/\/www.naturparkmagazin.de\/vdn\/wp-json\/wp\/v2\/categories?post=9097"},{"taxonomy":"post_tag","embeddable":true,"href":"https:\/\/www.naturparkmagazin.de\/vdn\/wp-json\/wp\/v2\/tags?post=9097"}],"curies":[{"name":"wp","href":"https:\/\/api.w.org\/{rel}","templated":true}]}}