{"id":9105,"date":"2017-08-22T12:27:00","date_gmt":"2017-08-22T10:27:00","guid":{"rendered":"http:\/\/www.naturparkmagazin.de\/vdn\/?p=9105"},"modified":"2017-08-30T17:06:23","modified_gmt":"2017-08-30T15:06:23","slug":"frueh-uebt-sich-naturpark-kitas","status":"publish","type":"post","link":"https:\/\/www.naturparkmagazin.de\/vdn\/frueh-uebt-sich-naturpark-kitas\/","title":{"rendered":"Fr\u00fch \u00fcbt sich \u2013 Naturpark-Kitas"},"content":{"rendered":"<div id=\"attachment_9130\" style=\"width: 310px\" class=\"wp-caption alignnone\"><a href=\"https:\/\/www.naturparkmagazin.de\/vdn\/wp-content\/uploads\/sites\/3\/6H6A1162_Copyright_VDNb.jpg\"><img aria-describedby=\"caption-attachment-9130\" decoding=\"async\" loading=\"lazy\" class=\"size-full wp-image-9130\" src=\"https:\/\/www.naturparkmagazin.de\/vdn\/wp-content\/uploads\/sites\/3\/6H6A1162_Copyright_VDNb.jpg\" alt=\"\u00a9 VDN\" width=\"300\" height=\"500\" srcset=\"https:\/\/www.naturparkmagazin.de\/vdn\/wp-content\/uploads\/sites\/3\/6H6A1162_Copyright_VDNb.jpg 300w, https:\/\/www.naturparkmagazin.de\/vdn\/wp-content\/uploads\/sites\/3\/6H6A1162_Copyright_VDNb-200x333.jpg 200w\" sizes=\"(max-width: 300px) 100vw, 300px\" \/><\/a><p id=\"caption-attachment-9130\" class=\"wp-caption-text\">\u00a9 VDN<\/p><\/div>\n<p>In keiner anderen Phase seines Lebens lernt der Mensch so schnell wie in den ersten Jahren \u2013 Kinder lernen verst\u00e4rkt \u00fcber das selbstst\u00e4ndige Erleben wie anfassen, schmecken, ausprobieren.<\/p>\n<p>Mit dem durch die Deutsche Bundesstiftung Umwelt (DBU) gef\u00f6rderten Projekt \u201eNetzwerk Naturpark-Kita\u201c m\u00f6chte der VDN gemeinsam mit den beteiligten Naturparken Kindern Naturparke als vielf\u00e4ltige Lern- und Erfahrungsorte nahebringen, sie f\u00fcr die Besonderheiten der Heimat sensibilisieren, einen regionalen Bezug zu Bildungspl\u00e4nen sowie die origin\u00e4re Erfahrung von Natur und Kultur im Umfeld der Kita erm\u00f6glichen und einen Beitrag zur Bildung f\u00fcr nachhaltige Entwicklung (BNE) leisten.<\/p>\n<p>&nbsp;<\/p>\n<p>Durch Begegnungen mit der Natur entstehen viele Fragen: Wo wohnt der Regenwurm? Wie kommt mein Essen auf den Teller? K\u00f6nnen Pflanzen und Tiere meine Freunde sein? Bin ich Teil der Natur? In der Bildungsarbeit von Kitas entstehen so t\u00e4glich Anl\u00e4sse, um Fragen zum Mensch-Natur-Verh\u00e4ltnis aufzugreifen und die Basis f\u00fcr einen verantwortungsvollen Umgang mit Natur und sich selbst zu schaffen.<\/p>\n<p>Naturparke bieten durch ihre naturr\u00e4umliche Vielfalt, ihr breites Aufgabenspektrum und ihr Partner-Netzwerk einen attraktiven Erfahrungs- und Bildungsort f\u00fcr Kinderg\u00e4rten. Sie bieten M\u00f6glichkeiten, \u201eHeimat\u201c neu zu entdecken, eine nat\u00fcrliche Verbundenheit zur eigenen Umgebung aufzubauen und Zusammenh\u00e4nge zu entdecken (z.B. Kreisl\u00e4ufe in der Natur, Nutzen von Natur).<\/p>\n<p>Genau hier setzt das Projekt \u201eNaturpark-Kita\u201c an: Durch eine Kooperation von Naturparken und Kitas werden Naturpark-Themen Teil des Kitaalltags und zugleich wird das Angebot der Naturparke f\u00fcr diese Zielgruppe erweitert.<\/p>\n<p>In einer Naturpark-Kita werden Naturpark-Themen wie Natur und Landschaft, regionale Kultur und Handwerk, Land- und Forstwirtschaft regelm\u00e4\u00dfig im Alltag, in Exkursionen oder Projekttagen behandelt. Die Kinder lernen auf diese Art ihre Region kennen und werden f\u00fcr sie begeistert. Im Mittelpunkt des Projekts stehen die bewusste Auseinandersetzung des Menschen\/Kindes mit der Natur sowie die Sensibilisierung f\u00fcr nat\u00fcrliche Kreisl\u00e4ufe im Sinne einer Bildung f\u00fcr nachhaltige Entwicklung (BNE).<\/p>\n<p>Die Auszeichnung \u201eNaturpark-Kita\u201c wird f\u00fcr einen Zeitraum von f\u00fcnf Jahren verliehen. Alle f\u00fcnf Jahre \u00fcberpr\u00fcft der Naturpark, ob die vom VDN in Zusammenarbeit mit Naturparken und Kitas aufgestellten Kriterien f\u00fcr die Auszeichnung f\u00fcr weitere f\u00fcnf Jahre als \u201eNaturpark-Kita\u201c erf\u00fcllt sind.<\/p>\n<p>Eine Kooperation zwischen Naturpark und Kita im Rahmen des bundesweiten Netzwerks \u201eNaturpark-Kita\u201c hat sowohl f\u00fcr die Kitas als auch f\u00fcr die Naturparke mehrere Vorteile:<\/p>\n<p>&nbsp;<\/p>\n<ul>\n<li>Eine intensive und dauerhafte Kooperation zwischen Naturpark und Kita bietet f\u00fcr die Kita sowie die Kinder eine Bereicherung ihres Kita-Alltags. F\u00fcr den Naturpark wird die Verankerung in der Region und in der Bev\u00f6lkerung unterst\u00fctzt.<\/li>\n<li>Durch die Auszeichnung als \u201eNaturpark-Kita\u201c k\u00f6nnen sich Kita und Naturpark in ihrer Region profilieren.<\/li>\n<li>Kitas und Naturparke sind in ein bundesweites Netzwerk eingebunden, das ihnen Erfahrungsaustausch bietet und Weiterentwicklung unterst\u00fctzt.<\/li>\n<\/ul>\n<p>Mehr zum Thema lesen Sie <a href=\"https:\/\/www.naturparke.de\/aufgaben-ziele\/bildung\/naturpark-kita.html\" target=\"_blank\">hier<\/a><\/p>\n<p>&nbsp;<\/p>\n","protected":false},"excerpt":{"rendered":"<p>Mit dem durch die Deutsche Bundesstiftung Umwelt (DBU) gef\u00f6rderten Projekt \u201eNetzwerk Naturpark-Kita\u201c m\u00f6chte der VDN Kindern Naturparke als vielf\u00e4ltige Lern- und Erfahrungsorte nahebringen.<\/p>\n","protected":false},"author":73,"featured_media":9128,"comment_status":"open","ping_status":"open","sticky":false,"template":"","format":"standard","meta":{"_links_to":"","_links_to_target":""},"categories":[51],"tags":[],"yoast_head":"<!-- This site is optimized with the Yoast SEO plugin v19.10 - https:\/\/yoast.com\/wordpress\/plugins\/seo\/ -->\n<title>Fr\u00fch \u00fcbt sich \u2013 Naturpark-Kitas<\/title>\n<meta name=\"description\" content=\"Mit dem durch die Deutsche Bundesstiftung Umwelt (DBU) gef\u00f6rderten Projekt \u201eNetzwerk Naturpark-Kita\u201c m\u00f6chte der VDN Kindern Naturparke als vielf\u00e4ltige Lern- und Erfahrungsorte nahebringen.\" \/>\n<meta name=\"robots\" content=\"index, follow, max-snippet:-1, max-image-preview:large, max-video-preview:-1\" \/>\n<link rel=\"canonical\" href=\"https:\/\/www.naturparkmagazin.de\/vdn\/frueh-uebt-sich-naturpark-kitas\/\" \/>\n<meta property=\"og:locale\" content=\"de_DE\" \/>\n<meta property=\"og:type\" content=\"article\" \/>\n<meta property=\"og:title\" content=\"Fr\u00fch \u00fcbt sich \u2013 Naturpark-Kitas\" \/>\n<meta property=\"og:description\" content=\"Mit dem durch die Deutsche Bundesstiftung Umwelt (DBU) gef\u00f6rderten Projekt \u201eNetzwerk Naturpark-Kita\u201c m\u00f6chte der VDN Kindern Naturparke als vielf\u00e4ltige Lern- und Erfahrungsorte nahebringen.\" \/>\n<meta property=\"og:url\" content=\"https:\/\/www.naturparkmagazin.de\/vdn\/frueh-uebt-sich-naturpark-kitas\/\" \/>\n<meta property=\"og:site_name\" content=\"Verband Deutscher Naturparke\" \/>\n<meta property=\"article:published_time\" content=\"2017-08-22T10:27:00+00:00\" \/>\n<meta property=\"article:modified_time\" content=\"2017-08-30T15:06:23+00:00\" \/>\n<meta property=\"og:image\" content=\"https:\/\/www.naturparkmagazin.de\/vdn\/wp-content\/uploads\/sites\/3\/6H6A1162_Copyright_VDNbf.jpg\" \/>\n\t<meta property=\"og:image:width\" content=\"200\" \/>\n\t<meta property=\"og:image:height\" content=\"200\" \/>\n\t<meta property=\"og:image:type\" content=\"image\/jpeg\" \/>\n<meta name=\"author\" content=\"manuelamerz\" \/>\n<meta name=\"twitter:label1\" content=\"Verfasst von\" \/>\n\t<meta name=\"twitter:data1\" content=\"manuelamerz\" \/>\n\t<meta name=\"twitter:label2\" content=\"Gesch\u00e4tzte Lesezeit\" \/>\n\t<meta name=\"twitter:data2\" content=\"2\u00a0Minuten\" \/>\n<script type=\"application\/ld+json\" class=\"yoast-schema-graph\">{\"@context\":\"https:\/\/schema.org\",\"@graph\":[{\"@type\":\"WebPage\",\"@id\":\"https:\/\/www.naturparkmagazin.de\/vdn\/frueh-uebt-sich-naturpark-kitas\/\",\"url\":\"https:\/\/www.naturparkmagazin.de\/vdn\/frueh-uebt-sich-naturpark-kitas\/\",\"name\":\"Fr\u00fch \u00fcbt sich \u2013 Naturpark-Kitas\",\"isPartOf\":{\"@id\":\"https:\/\/www.naturparkmagazin.de\/vdn\/#website\"},\"datePublished\":\"2017-08-22T10:27:00+00:00\",\"dateModified\":\"2017-08-30T15:06:23+00:00\",\"author\":{\"@id\":\"https:\/\/www.naturparkmagazin.de\/vdn\/#\/schema\/person\/3cff9b8773ed55f0189255fa9adfd57c\"},\"description\":\"Mit dem durch die Deutsche Bundesstiftung Umwelt (DBU) gef\u00f6rderten Projekt \u201eNetzwerk Naturpark-Kita\u201c m\u00f6chte der VDN Kindern Naturparke als vielf\u00e4ltige Lern- und Erfahrungsorte nahebringen.\",\"breadcrumb\":{\"@id\":\"https:\/\/www.naturparkmagazin.de\/vdn\/frueh-uebt-sich-naturpark-kitas\/#breadcrumb\"},\"inLanguage\":\"de\",\"potentialAction\":[{\"@type\":\"ReadAction\",\"target\":[\"https:\/\/www.naturparkmagazin.de\/vdn\/frueh-uebt-sich-naturpark-kitas\/\"]}]},{\"@type\":\"BreadcrumbList\",\"@id\":\"https:\/\/www.naturparkmagazin.de\/vdn\/frueh-uebt-sich-naturpark-kitas\/#breadcrumb\",\"itemListElement\":[{\"@type\":\"ListItem\",\"position\":1,\"name\":\"Home\",\"item\":\"https:\/\/www.naturparkmagazin.de\/vdn\/\"},{\"@type\":\"ListItem\",\"position\":2,\"name\":\"Fr\u00fch \u00fcbt sich \u2013 Naturpark-Kitas\"}]},{\"@type\":\"WebSite\",\"@id\":\"https:\/\/www.naturparkmagazin.de\/vdn\/#website\",\"url\":\"https:\/\/www.naturparkmagazin.de\/vdn\/\",\"name\":\"Verband Deutscher Naturparke\",\"description\":\"Eine weitere Naturparkmagazin.de Netzwerk Seite\",\"potentialAction\":[{\"@type\":\"SearchAction\",\"target\":{\"@type\":\"EntryPoint\",\"urlTemplate\":\"https:\/\/www.naturparkmagazin.de\/vdn\/?s={search_term_string}\"},\"query-input\":\"required name=search_term_string\"}],\"inLanguage\":\"de\"},{\"@type\":\"Person\",\"@id\":\"https:\/\/www.naturparkmagazin.de\/vdn\/#\/schema\/person\/3cff9b8773ed55f0189255fa9adfd57c\",\"name\":\"manuelamerz\",\"url\":\"https:\/\/www.naturparkmagazin.de\/vdn\/author\/manuelamerz\/\"}]}<\/script>\n<!-- \/ Yoast SEO plugin. -->","yoast_head_json":{"title":"Fr\u00fch \u00fcbt sich \u2013 Naturpark-Kitas","description":"Mit dem durch die Deutsche Bundesstiftung Umwelt (DBU) gef\u00f6rderten Projekt \u201eNetzwerk Naturpark-Kita\u201c m\u00f6chte der VDN Kindern Naturparke als vielf\u00e4ltige Lern- und Erfahrungsorte nahebringen.","robots":{"index":"index","follow":"follow","max-snippet":"max-snippet:-1","max-image-preview":"max-image-preview:large","max-video-preview":"max-video-preview:-1"},"canonical":"https:\/\/www.naturparkmagazin.de\/vdn\/frueh-uebt-sich-naturpark-kitas\/","og_locale":"de_DE","og_type":"article","og_title":"Fr\u00fch \u00fcbt sich \u2013 Naturpark-Kitas","og_description":"Mit dem durch die Deutsche Bundesstiftung Umwelt (DBU) gef\u00f6rderten Projekt \u201eNetzwerk Naturpark-Kita\u201c m\u00f6chte der VDN Kindern Naturparke als vielf\u00e4ltige Lern- und Erfahrungsorte nahebringen.","og_url":"https:\/\/www.naturparkmagazin.de\/vdn\/frueh-uebt-sich-naturpark-kitas\/","og_site_name":"Verband Deutscher Naturparke","article_published_time":"2017-08-22T10:27:00+00:00","article_modified_time":"2017-08-30T15:06:23+00:00","og_image":[{"width":200,"height":200,"url":"https:\/\/www.naturparkmagazin.de\/vdn\/wp-content\/uploads\/sites\/3\/6H6A1162_Copyright_VDNbf.jpg","type":"image\/jpeg"}],"author":"manuelamerz","twitter_misc":{"Verfasst von":"manuelamerz","Gesch\u00e4tzte Lesezeit":"2\u00a0Minuten"},"schema":{"@context":"https:\/\/schema.org","@graph":[{"@type":"WebPage","@id":"https:\/\/www.naturparkmagazin.de\/vdn\/frueh-uebt-sich-naturpark-kitas\/","url":"https:\/\/www.naturparkmagazin.de\/vdn\/frueh-uebt-sich-naturpark-kitas\/","name":"Fr\u00fch \u00fcbt sich \u2013 Naturpark-Kitas","isPartOf":{"@id":"https:\/\/www.naturparkmagazin.de\/vdn\/#website"},"datePublished":"2017-08-22T10:27:00+00:00","dateModified":"2017-08-30T15:06:23+00:00","author":{"@id":"https:\/\/www.naturparkmagazin.de\/vdn\/#\/schema\/person\/3cff9b8773ed55f0189255fa9adfd57c"},"description":"Mit dem durch die Deutsche Bundesstiftung Umwelt (DBU) gef\u00f6rderten Projekt \u201eNetzwerk Naturpark-Kita\u201c m\u00f6chte der VDN Kindern Naturparke als vielf\u00e4ltige Lern- und Erfahrungsorte nahebringen.","breadcrumb":{"@id":"https:\/\/www.naturparkmagazin.de\/vdn\/frueh-uebt-sich-naturpark-kitas\/#breadcrumb"},"inLanguage":"de","potentialAction":[{"@type":"ReadAction","target":["https:\/\/www.naturparkmagazin.de\/vdn\/frueh-uebt-sich-naturpark-kitas\/"]}]},{"@type":"BreadcrumbList","@id":"https:\/\/www.naturparkmagazin.de\/vdn\/frueh-uebt-sich-naturpark-kitas\/#breadcrumb","itemListElement":[{"@type":"ListItem","position":1,"name":"Home","item":"https:\/\/www.naturparkmagazin.de\/vdn\/"},{"@type":"ListItem","position":2,"name":"Fr\u00fch \u00fcbt sich \u2013 Naturpark-Kitas"}]},{"@type":"WebSite","@id":"https:\/\/www.naturparkmagazin.de\/vdn\/#website","url":"https:\/\/www.naturparkmagazin.de\/vdn\/","name":"Verband Deutscher Naturparke","description":"Eine weitere Naturparkmagazin.de Netzwerk Seite","potentialAction":[{"@type":"SearchAction","target":{"@type":"EntryPoint","urlTemplate":"https:\/\/www.naturparkmagazin.de\/vdn\/?s={search_term_string}"},"query-input":"required name=search_term_string"}],"inLanguage":"de"},{"@type":"Person","@id":"https:\/\/www.naturparkmagazin.de\/vdn\/#\/schema\/person\/3cff9b8773ed55f0189255fa9adfd57c","name":"manuelamerz","url":"https:\/\/www.naturparkmagazin.de\/vdn\/author\/manuelamerz\/"}]}},"_links":{"self":[{"href":"https:\/\/www.naturparkmagazin.de\/vdn\/wp-json\/wp\/v2\/posts\/9105"}],"collection":[{"href":"https:\/\/www.naturparkmagazin.de\/vdn\/wp-json\/wp\/v2\/posts"}],"about":[{"href":"https:\/\/www.naturparkmagazin.de\/vdn\/wp-json\/wp\/v2\/types\/post"}],"author":[{"embeddable":true,"href":"https:\/\/www.naturparkmagazin.de\/vdn\/wp-json\/wp\/v2\/users\/73"}],"replies":[{"embeddable":true,"href":"https:\/\/www.naturparkmagazin.de\/vdn\/wp-json\/wp\/v2\/comments?post=9105"}],"version-history":[{"count":4,"href":"https:\/\/www.naturparkmagazin.de\/vdn\/wp-json\/wp\/v2\/posts\/9105\/revisions"}],"predecessor-version":[{"id":9140,"href":"https:\/\/www.naturparkmagazin.de\/vdn\/wp-json\/wp\/v2\/posts\/9105\/revisions\/9140"}],"wp:featuredmedia":[{"embeddable":true,"href":"https:\/\/www.naturparkmagazin.de\/vdn\/wp-json\/wp\/v2\/media\/9128"}],"wp:attachment":[{"href":"https:\/\/www.naturparkmagazin.de\/vdn\/wp-json\/wp\/v2\/media?parent=9105"}],"wp:term":[{"taxonomy":"category","embeddable":true,"href":"https:\/\/www.naturparkmagazin.de\/vdn\/wp-json\/wp\/v2\/categories?post=9105"},{"taxonomy":"post_tag","embeddable":true,"href":"https:\/\/www.naturparkmagazin.de\/vdn\/wp-json\/wp\/v2\/tags?post=9105"}],"curies":[{"name":"wp","href":"https:\/\/api.w.org\/{rel}","templated":true}]}}