{"id":9113,"date":"2017-08-22T08:26:31","date_gmt":"2017-08-22T06:26:31","guid":{"rendered":"http:\/\/www.naturparkmagazin.de\/vdn\/?p=9113"},"modified":"2017-08-30T17:08:25","modified_gmt":"2017-08-30T15:08:25","slug":"naturvertraeglich-naturparke-und-erneuerbare-energien","status":"publish","type":"post","link":"https:\/\/www.naturparkmagazin.de\/vdn\/naturvertraeglich-naturparke-und-erneuerbare-energien\/","title":{"rendered":"\u201eNaturvertr\u00e4glich?\u201c \u2013 Naturparke und erneuerbare Energien"},"content":{"rendered":"<div id=\"attachment_9122\" style=\"width: 510px\" class=\"wp-caption alignnone\"><a href=\"https:\/\/www.naturparkmagazin.de\/vdn\/wp-content\/uploads\/sites\/3\/20140821-img-1957b.jpg\"><img aria-describedby=\"caption-attachment-9122\" decoding=\"async\" loading=\"lazy\" class=\"size-full wp-image-9122\" src=\"https:\/\/www.naturparkmagazin.de\/vdn\/wp-content\/uploads\/sites\/3\/20140821-img-1957b.jpg\" alt=\"Windkraft im Einklang mit der Natur? \u00a9 VDN \/ Gerd Fehrenbach\" width=\"500\" height=\"300\" srcset=\"https:\/\/www.naturparkmagazin.de\/vdn\/wp-content\/uploads\/sites\/3\/20140821-img-1957b.jpg 500w, https:\/\/www.naturparkmagazin.de\/vdn\/wp-content\/uploads\/sites\/3\/20140821-img-1957b-300x180.jpg 300w, https:\/\/www.naturparkmagazin.de\/vdn\/wp-content\/uploads\/sites\/3\/20140821-img-1957b-200x120.jpg 200w\" sizes=\"(max-width: 500px) 100vw, 500px\" \/><\/a><p id=\"caption-attachment-9122\" class=\"wp-caption-text\">Windkraft im Einklang mit der Natur? \u00a9 VDN \/ Gerd Fehrenbach<\/p><\/div>\n<p>Mit dem Ausbau der erneuerbaren Energien gehen Natur und Landschaft beeinflussende Raumanspr\u00fcche einher, von denen auch die Nationalen Naturlandschaften \u2013 vor allem Biosph\u00e4renreservate und Naturparke \u2013 betroffen sind. Diese Raumanspr\u00fcche gilt es so zu steuern, dass die Nationalen Naturlandschaften ihr Aufgabenspektrum weiterhin in G\u00e4nze erf\u00fcllen k\u00f6nnen. Vor diesem Hintergrund stellt sich die Frage auf welches Steuerungsrepertoire in Biosph\u00e4renreservaten und Naturparken zur\u00fcckgegriffen werden kann.<\/p>\n<p>Dieser Frage ging das in den Jahren 2013 bis 2016 durchgef\u00fchrte Forschungs- und Entwicklungsvorhaben \u201eNationale Naturlandschaften und erneuerbare Energien\u201c nach (gef\u00f6rdert durch das BfN mit Mitteln des BMUB) und untersuchte Steuerungsans\u00e4tze, die in der Kulisse der Biosph\u00e4renreservate und Naturparke wirken, um Ausbau und Nutzung erneuerbarer Energien sowie die Umsetzung von Energieeffizienzma\u00dfnahmen nachhaltig zu lenken. Als erneuerbare Energiearten standen Windenergie, Biomasse und die Nutzung solarer Strahlung durch Photovoltaik-Freifl\u00e4chenanlagen im Fokus des Vorhabens. Daneben wurde der geplante Ausbau von H\u00f6chstleistungsstromtrassen betrachtet.<\/p>\n<p>Die Ergebnisse zur Untersuchung der bisherigen Steuerung und Nutzung erneuerbarer Energien in Biosph\u00e4renreservaten und Naturparken sowie zuk\u00fcnftige Anforderungen und das zur Verf\u00fcgung stehende Steuerungsrepertoire werden im Handlungsleitfaden vorgestellt.<\/p>\n<p>&gt;&gt; <a href=\"http:\/\/www.bfn.de\/fileadmin\/BfN\/service\/Dokumente\/skripten\/Skript467.pdf\" target=\"_blank\">Hier <\/a>k\u00f6nnen Sie den Handlungsleitfaden einsehen<\/p>\n<p>&nbsp;<\/p>\n","protected":false},"excerpt":{"rendered":"<p>K\u00f6nnen erneuerbare Energien naturvertr\u00e4glich erzeugt werden? Antworten auf diese Frage gibt ein Leitfaden, der die Ergebnisse eines dreij\u00e4hrigen Forschungsvorhabens des Bundesamtes f\u00fcr Naturschutz zusammenfasst. <\/p>\n","protected":false},"author":73,"featured_media":9125,"comment_status":"open","ping_status":"open","sticky":false,"template":"","format":"standard","meta":{"_links_to":"","_links_to_target":""},"categories":[7],"tags":[],"yoast_head":"<!-- This site is optimized with the Yoast SEO plugin v19.10 - https:\/\/yoast.com\/wordpress\/plugins\/seo\/ -->\n<title>\u201eNaturvertr\u00e4glich?\u201c \u2013 Naturparke und erneuerbare Energien<\/title>\n<meta name=\"description\" content=\"K\u00f6nnen erneuerbare Energien naturvertr\u00e4glich erzeugt werden? Antworten auf diese Frage gibt ein Leitfaden, der die Ergebnisse eines dreij\u00e4hrigen Forschungsvorhabens des Bundesamtes f\u00fcr Naturschutz zusammenfasst.\" \/>\n<meta name=\"robots\" content=\"index, follow, max-snippet:-1, max-image-preview:large, max-video-preview:-1\" \/>\n<link rel=\"canonical\" href=\"https:\/\/www.naturparkmagazin.de\/vdn\/naturvertraeglich-naturparke-und-erneuerbare-energien\/\" \/>\n<meta property=\"og:locale\" content=\"de_DE\" \/>\n<meta property=\"og:type\" content=\"article\" \/>\n<meta property=\"og:title\" content=\"\u201eNaturvertr\u00e4glich?\u201c \u2013 Naturparke und erneuerbare Energien\" \/>\n<meta property=\"og:description\" content=\"K\u00f6nnen erneuerbare Energien naturvertr\u00e4glich erzeugt werden? Antworten auf diese Frage gibt ein Leitfaden, der die Ergebnisse eines dreij\u00e4hrigen Forschungsvorhabens des Bundesamtes f\u00fcr Naturschutz zusammenfasst.\" \/>\n<meta property=\"og:url\" content=\"https:\/\/www.naturparkmagazin.de\/vdn\/naturvertraeglich-naturparke-und-erneuerbare-energien\/\" \/>\n<meta property=\"og:site_name\" content=\"Verband Deutscher Naturparke\" \/>\n<meta property=\"article:published_time\" content=\"2017-08-22T06:26:31+00:00\" \/>\n<meta property=\"article:modified_time\" content=\"2017-08-30T15:08:25+00:00\" \/>\n<meta property=\"og:image\" content=\"https:\/\/www.naturparkmagazin.de\/vdn\/wp-content\/uploads\/sites\/3\/20140821-img-1957bf.jpg\" \/>\n\t<meta property=\"og:image:width\" content=\"200\" \/>\n\t<meta property=\"og:image:height\" content=\"200\" \/>\n\t<meta property=\"og:image:type\" content=\"image\/jpeg\" \/>\n<meta name=\"author\" content=\"manuelamerz\" \/>\n<meta name=\"twitter:label1\" content=\"Verfasst von\" \/>\n\t<meta name=\"twitter:data1\" content=\"manuelamerz\" \/>\n\t<meta name=\"twitter:label2\" content=\"Gesch\u00e4tzte Lesezeit\" \/>\n\t<meta name=\"twitter:data2\" content=\"1\u00a0Minute\" \/>\n<script type=\"application\/ld+json\" class=\"yoast-schema-graph\">{\"@context\":\"https:\/\/schema.org\",\"@graph\":[{\"@type\":\"WebPage\",\"@id\":\"https:\/\/www.naturparkmagazin.de\/vdn\/naturvertraeglich-naturparke-und-erneuerbare-energien\/\",\"url\":\"https:\/\/www.naturparkmagazin.de\/vdn\/naturvertraeglich-naturparke-und-erneuerbare-energien\/\",\"name\":\"\u201eNaturvertr\u00e4glich?\u201c \u2013 Naturparke und erneuerbare Energien\",\"isPartOf\":{\"@id\":\"https:\/\/www.naturparkmagazin.de\/vdn\/#website\"},\"datePublished\":\"2017-08-22T06:26:31+00:00\",\"dateModified\":\"2017-08-30T15:08:25+00:00\",\"author\":{\"@id\":\"https:\/\/www.naturparkmagazin.de\/vdn\/#\/schema\/person\/3cff9b8773ed55f0189255fa9adfd57c\"},\"description\":\"K\u00f6nnen erneuerbare Energien naturvertr\u00e4glich erzeugt werden? Antworten auf diese Frage gibt ein Leitfaden, der die Ergebnisse eines dreij\u00e4hrigen Forschungsvorhabens des Bundesamtes f\u00fcr Naturschutz zusammenfasst.\",\"breadcrumb\":{\"@id\":\"https:\/\/www.naturparkmagazin.de\/vdn\/naturvertraeglich-naturparke-und-erneuerbare-energien\/#breadcrumb\"},\"inLanguage\":\"de\",\"potentialAction\":[{\"@type\":\"ReadAction\",\"target\":[\"https:\/\/www.naturparkmagazin.de\/vdn\/naturvertraeglich-naturparke-und-erneuerbare-energien\/\"]}]},{\"@type\":\"BreadcrumbList\",\"@id\":\"https:\/\/www.naturparkmagazin.de\/vdn\/naturvertraeglich-naturparke-und-erneuerbare-energien\/#breadcrumb\",\"itemListElement\":[{\"@type\":\"ListItem\",\"position\":1,\"name\":\"Home\",\"item\":\"https:\/\/www.naturparkmagazin.de\/vdn\/\"},{\"@type\":\"ListItem\",\"position\":2,\"name\":\"\u201eNaturvertr\u00e4glich?\u201c \u2013 Naturparke und erneuerbare Energien\"}]},{\"@type\":\"WebSite\",\"@id\":\"https:\/\/www.naturparkmagazin.de\/vdn\/#website\",\"url\":\"https:\/\/www.naturparkmagazin.de\/vdn\/\",\"name\":\"Verband Deutscher Naturparke\",\"description\":\"Eine weitere Naturparkmagazin.de Netzwerk Seite\",\"potentialAction\":[{\"@type\":\"SearchAction\",\"target\":{\"@type\":\"EntryPoint\",\"urlTemplate\":\"https:\/\/www.naturparkmagazin.de\/vdn\/?s={search_term_string}\"},\"query-input\":\"required name=search_term_string\"}],\"inLanguage\":\"de\"},{\"@type\":\"Person\",\"@id\":\"https:\/\/www.naturparkmagazin.de\/vdn\/#\/schema\/person\/3cff9b8773ed55f0189255fa9adfd57c\",\"name\":\"manuelamerz\",\"url\":\"https:\/\/www.naturparkmagazin.de\/vdn\/author\/manuelamerz\/\"}]}<\/script>\n<!-- \/ Yoast SEO plugin. -->","yoast_head_json":{"title":"\u201eNaturvertr\u00e4glich?\u201c \u2013 Naturparke und erneuerbare Energien","description":"K\u00f6nnen erneuerbare Energien naturvertr\u00e4glich erzeugt werden? Antworten auf diese Frage gibt ein Leitfaden, der die Ergebnisse eines dreij\u00e4hrigen Forschungsvorhabens des Bundesamtes f\u00fcr Naturschutz zusammenfasst.","robots":{"index":"index","follow":"follow","max-snippet":"max-snippet:-1","max-image-preview":"max-image-preview:large","max-video-preview":"max-video-preview:-1"},"canonical":"https:\/\/www.naturparkmagazin.de\/vdn\/naturvertraeglich-naturparke-und-erneuerbare-energien\/","og_locale":"de_DE","og_type":"article","og_title":"\u201eNaturvertr\u00e4glich?\u201c \u2013 Naturparke und erneuerbare Energien","og_description":"K\u00f6nnen erneuerbare Energien naturvertr\u00e4glich erzeugt werden? Antworten auf diese Frage gibt ein Leitfaden, der die Ergebnisse eines dreij\u00e4hrigen Forschungsvorhabens des Bundesamtes f\u00fcr Naturschutz zusammenfasst.","og_url":"https:\/\/www.naturparkmagazin.de\/vdn\/naturvertraeglich-naturparke-und-erneuerbare-energien\/","og_site_name":"Verband Deutscher Naturparke","article_published_time":"2017-08-22T06:26:31+00:00","article_modified_time":"2017-08-30T15:08:25+00:00","og_image":[{"width":200,"height":200,"url":"https:\/\/www.naturparkmagazin.de\/vdn\/wp-content\/uploads\/sites\/3\/20140821-img-1957bf.jpg","type":"image\/jpeg"}],"author":"manuelamerz","twitter_misc":{"Verfasst von":"manuelamerz","Gesch\u00e4tzte Lesezeit":"1\u00a0Minute"},"schema":{"@context":"https:\/\/schema.org","@graph":[{"@type":"WebPage","@id":"https:\/\/www.naturparkmagazin.de\/vdn\/naturvertraeglich-naturparke-und-erneuerbare-energien\/","url":"https:\/\/www.naturparkmagazin.de\/vdn\/naturvertraeglich-naturparke-und-erneuerbare-energien\/","name":"\u201eNaturvertr\u00e4glich?\u201c \u2013 Naturparke und erneuerbare Energien","isPartOf":{"@id":"https:\/\/www.naturparkmagazin.de\/vdn\/#website"},"datePublished":"2017-08-22T06:26:31+00:00","dateModified":"2017-08-30T15:08:25+00:00","author":{"@id":"https:\/\/www.naturparkmagazin.de\/vdn\/#\/schema\/person\/3cff9b8773ed55f0189255fa9adfd57c"},"description":"K\u00f6nnen erneuerbare Energien naturvertr\u00e4glich erzeugt werden? Antworten auf diese Frage gibt ein Leitfaden, der die Ergebnisse eines dreij\u00e4hrigen Forschungsvorhabens des Bundesamtes f\u00fcr Naturschutz zusammenfasst.","breadcrumb":{"@id":"https:\/\/www.naturparkmagazin.de\/vdn\/naturvertraeglich-naturparke-und-erneuerbare-energien\/#breadcrumb"},"inLanguage":"de","potentialAction":[{"@type":"ReadAction","target":["https:\/\/www.naturparkmagazin.de\/vdn\/naturvertraeglich-naturparke-und-erneuerbare-energien\/"]}]},{"@type":"BreadcrumbList","@id":"https:\/\/www.naturparkmagazin.de\/vdn\/naturvertraeglich-naturparke-und-erneuerbare-energien\/#breadcrumb","itemListElement":[{"@type":"ListItem","position":1,"name":"Home","item":"https:\/\/www.naturparkmagazin.de\/vdn\/"},{"@type":"ListItem","position":2,"name":"\u201eNaturvertr\u00e4glich?\u201c \u2013 Naturparke und erneuerbare Energien"}]},{"@type":"WebSite","@id":"https:\/\/www.naturparkmagazin.de\/vdn\/#website","url":"https:\/\/www.naturparkmagazin.de\/vdn\/","name":"Verband Deutscher Naturparke","description":"Eine weitere Naturparkmagazin.de Netzwerk Seite","potentialAction":[{"@type":"SearchAction","target":{"@type":"EntryPoint","urlTemplate":"https:\/\/www.naturparkmagazin.de\/vdn\/?s={search_term_string}"},"query-input":"required name=search_term_string"}],"inLanguage":"de"},{"@type":"Person","@id":"https:\/\/www.naturparkmagazin.de\/vdn\/#\/schema\/person\/3cff9b8773ed55f0189255fa9adfd57c","name":"manuelamerz","url":"https:\/\/www.naturparkmagazin.de\/vdn\/author\/manuelamerz\/"}]}},"_links":{"self":[{"href":"https:\/\/www.naturparkmagazin.de\/vdn\/wp-json\/wp\/v2\/posts\/9113"}],"collection":[{"href":"https:\/\/www.naturparkmagazin.de\/vdn\/wp-json\/wp\/v2\/posts"}],"about":[{"href":"https:\/\/www.naturparkmagazin.de\/vdn\/wp-json\/wp\/v2\/types\/post"}],"author":[{"embeddable":true,"href":"https:\/\/www.naturparkmagazin.de\/vdn\/wp-json\/wp\/v2\/users\/73"}],"replies":[{"embeddable":true,"href":"https:\/\/www.naturparkmagazin.de\/vdn\/wp-json\/wp\/v2\/comments?post=9113"}],"version-history":[{"count":6,"href":"https:\/\/www.naturparkmagazin.de\/vdn\/wp-json\/wp\/v2\/posts\/9113\/revisions"}],"predecessor-version":[{"id":9141,"href":"https:\/\/www.naturparkmagazin.de\/vdn\/wp-json\/wp\/v2\/posts\/9113\/revisions\/9141"}],"wp:featuredmedia":[{"embeddable":true,"href":"https:\/\/www.naturparkmagazin.de\/vdn\/wp-json\/wp\/v2\/media\/9125"}],"wp:attachment":[{"href":"https:\/\/www.naturparkmagazin.de\/vdn\/wp-json\/wp\/v2\/media?parent=9113"}],"wp:term":[{"taxonomy":"category","embeddable":true,"href":"https:\/\/www.naturparkmagazin.de\/vdn\/wp-json\/wp\/v2\/categories?post=9113"},{"taxonomy":"post_tag","embeddable":true,"href":"https:\/\/www.naturparkmagazin.de\/vdn\/wp-json\/wp\/v2\/tags?post=9113"}],"curies":[{"name":"wp","href":"https:\/\/api.w.org\/{rel}","templated":true}]}}