{"id":9154,"date":"2017-09-18T11:36:11","date_gmt":"2017-09-18T09:36:11","guid":{"rendered":"http:\/\/www.naturparkmagazin.de\/vdn\/?p=9154"},"modified":"2017-10-16T18:29:46","modified_gmt":"2017-10-16T16:29:46","slug":"gebratene-flaemingforelle","status":"publish","type":"post","link":"https:\/\/www.naturparkmagazin.de\/vdn\/gebratene-flaemingforelle\/","title":{"rendered":"Gebratene Fl\u00e4mingforelle\u2026"},"content":{"rendered":"<div id=\"attachment_9155\" style=\"width: 510px\" class=\"wp-caption alignnone\"><a href=\"https:\/\/www.naturparkmagazin.de\/vdn\/wp-content\/uploads\/sites\/3\/IMG_0551b.jpg\"><img aria-describedby=\"caption-attachment-9155\" decoding=\"async\" loading=\"lazy\" class=\"size-full wp-image-9155\" src=\"https:\/\/www.naturparkmagazin.de\/vdn\/wp-content\/uploads\/sites\/3\/IMG_0551b.jpg\" alt=\"\u00a9 Landhaus Alte Schmiede\" width=\"500\" height=\"300\" srcset=\"https:\/\/www.naturparkmagazin.de\/vdn\/wp-content\/uploads\/sites\/3\/IMG_0551b.jpg 500w, https:\/\/www.naturparkmagazin.de\/vdn\/wp-content\/uploads\/sites\/3\/IMG_0551b-300x180.jpg 300w, https:\/\/www.naturparkmagazin.de\/vdn\/wp-content\/uploads\/sites\/3\/IMG_0551b-200x120.jpg 200w\" sizes=\"(max-width: 500px) 100vw, 500px\" \/><\/a><p id=\"caption-attachment-9155\" class=\"wp-caption-text\">\u00a9 Landhaus Alte Schmiede<\/p><\/div>\n<p>Eingebettet in die idyllische Landschaft des Hohen Fl\u00e4ming liegt das romantische Hotel \u00bb<a href=\"https:\/\/landhausalteschmiede.de\/\" target=\"_blank\">Landhaus Alte Schmiede<\/a>\u00ab. Der liebevoll restaurierte Vierseithof mit lauschigem Innenhof und ausgedehntem Landschaftsgarten bietet den perfekten Rahmen f\u00fcr Entspannung, Naturgenuss und Entdeckungen in einer der sch\u00f6nsten Regionen Brandenburgs.<\/p>\n<p>Das Restaurant bietet saisonale Zutaten aus der Region, modern interpretiert \u2013 die Landhausk\u00fcche unter Leitung von K\u00fcchenchef Dirk Krause setzt auf eine geschickte Mischung aus Bodenst\u00e4ndigkeit und Kreativit\u00e4t und hat uns das folgende Rezept zur Verf\u00fcgung gestellt:<\/p>\n<p><strong>Gebratene Fl\u00e4mingforelle aus der Komturm\u00fchle gef\u00fcllt mit Kr\u00e4utern<\/strong><\/p>\n<p><strong>dazu Trauben-Nussbutter, Kr\u00e4uterkartoffeln und Salat<\/strong><\/p>\n<p><strong>Zutaten f\u00fcr 4 Personen<\/strong>:<\/p>\n<p>4 Forellen St\u00fcck ca. 350 g<\/p>\n<p>Petersilie, Dill, Schnittlauch, Thymian und Rosmarin<\/p>\n<p>Salz, Pfeffer etwas Zitrone<\/p>\n<p>150 g Wildkr\u00e4utersalat<\/p>\n<p>1 Zitrone und etwas Oliven\u00f6l<\/p>\n<p>Waln\u00fcsse, Cashewkerne, Mandeln gehobelt<\/p>\n<p>Butter, dunkle Trauben<\/p>\n<p>Kartoffeln<\/p>\n<p><strong>Zubereitung<\/strong>:<\/p>\n<p>Die Forellen waschen und mit Salz, Pfeffer und Zitrone w\u00fcrzen.<\/p>\n<p>und mit Kr\u00e4utern f\u00fcllen.<\/p>\n<p>Die Forellen auf beiden Seiten sch\u00f6n anbraten und im Ofen ca.6 min bei 170 \u00b0C fertig garen.<\/p>\n<p>Die Butter zerlassen und dann Mandeln, Waln\u00fcsse, Cashewkerne und karamellisierte Trauben dazugeben.<\/p>\n<p>Die Nuss Trauben Butter \u00fcber die Forellen geben. Dazu passen in Butter geschwenkte Kr\u00e4uterkartoffeln.<\/p>\n<p>Den Salat waschen und mit etwas Zitrone und Oliven\u00f6l marinieren.<\/p>\n<p><strong>Guten Appetit<\/strong><\/p>\n<p><strong>w\u00fcnscht K\u00fcchenchef Dirk Krause<\/strong><\/p>\n","protected":false},"excerpt":{"rendered":"<p> \u2026aus der Komturm\u00fchle gef\u00fcllt mit Kr\u00e4utern dazu Trauben-Nussbutter, Kr\u00e4uterkartoffeln und Salat. Ein Rezept aus dem Hotel Landhaus Alte Schmiede in L\u00fchnsdorf.<\/p>\n","protected":false},"author":73,"featured_media":9156,"comment_status":"open","ping_status":"open","sticky":false,"template":"","format":"standard","meta":{"_links_to":"","_links_to_target":""},"categories":[14],"tags":[],"yoast_head":"<!-- This site is optimized with the Yoast SEO plugin v19.10 - https:\/\/yoast.com\/wordpress\/plugins\/seo\/ -->\n<title>Gebratene Fl\u00e4mingforelle\u2026<\/title>\n<meta name=\"description\" content=\"\u2026aus der Komturm\u00fchle gef\u00fcllt mit Kr\u00e4utern dazu Trauben-Nussbutter, Kr\u00e4uterkartoffeln und Salat. Ein Rezept aus dem Hotel Landhaus Alte Schmiede in L\u00fchnsdorf.\" \/>\n<meta name=\"robots\" content=\"index, follow, max-snippet:-1, max-image-preview:large, max-video-preview:-1\" \/>\n<link rel=\"canonical\" href=\"https:\/\/www.naturparkmagazin.de\/vdn\/gebratene-flaemingforelle\/\" \/>\n<meta property=\"og:locale\" content=\"de_DE\" \/>\n<meta property=\"og:type\" content=\"article\" \/>\n<meta property=\"og:title\" content=\"Gebratene Fl\u00e4mingforelle\u2026\" \/>\n<meta property=\"og:description\" content=\"\u2026aus der Komturm\u00fchle gef\u00fcllt mit Kr\u00e4utern dazu Trauben-Nussbutter, Kr\u00e4uterkartoffeln und Salat. Ein Rezept aus dem Hotel Landhaus Alte Schmiede in L\u00fchnsdorf.\" \/>\n<meta property=\"og:url\" content=\"https:\/\/www.naturparkmagazin.de\/vdn\/gebratene-flaemingforelle\/\" \/>\n<meta property=\"og:site_name\" content=\"Verband Deutscher Naturparke\" \/>\n<meta property=\"article:published_time\" content=\"2017-09-18T09:36:11+00:00\" \/>\n<meta property=\"article:modified_time\" content=\"2017-10-16T16:29:46+00:00\" \/>\n<meta property=\"og:image\" content=\"https:\/\/www.naturparkmagazin.de\/vdn\/wp-content\/uploads\/sites\/3\/IMG_0551bf.jpg\" \/>\n\t<meta property=\"og:image:width\" content=\"200\" \/>\n\t<meta property=\"og:image:height\" content=\"200\" \/>\n\t<meta property=\"og:image:type\" content=\"image\/jpeg\" \/>\n<meta name=\"author\" content=\"manuelamerz\" \/>\n<meta name=\"twitter:label1\" content=\"Verfasst von\" \/>\n\t<meta name=\"twitter:data1\" content=\"manuelamerz\" \/>\n\t<meta name=\"twitter:label2\" content=\"Gesch\u00e4tzte Lesezeit\" \/>\n\t<meta name=\"twitter:data2\" content=\"1\u00a0Minute\" \/>\n<script type=\"application\/ld+json\" class=\"yoast-schema-graph\">{\"@context\":\"https:\/\/schema.org\",\"@graph\":[{\"@type\":\"WebPage\",\"@id\":\"https:\/\/www.naturparkmagazin.de\/vdn\/gebratene-flaemingforelle\/\",\"url\":\"https:\/\/www.naturparkmagazin.de\/vdn\/gebratene-flaemingforelle\/\",\"name\":\"Gebratene Fl\u00e4mingforelle\u2026\",\"isPartOf\":{\"@id\":\"https:\/\/www.naturparkmagazin.de\/vdn\/#website\"},\"datePublished\":\"2017-09-18T09:36:11+00:00\",\"dateModified\":\"2017-10-16T16:29:46+00:00\",\"author\":{\"@id\":\"https:\/\/www.naturparkmagazin.de\/vdn\/#\/schema\/person\/3cff9b8773ed55f0189255fa9adfd57c\"},\"description\":\"\u2026aus der Komturm\u00fchle gef\u00fcllt mit Kr\u00e4utern dazu Trauben-Nussbutter, Kr\u00e4uterkartoffeln und Salat. Ein Rezept aus dem Hotel Landhaus Alte Schmiede in L\u00fchnsdorf.\",\"breadcrumb\":{\"@id\":\"https:\/\/www.naturparkmagazin.de\/vdn\/gebratene-flaemingforelle\/#breadcrumb\"},\"inLanguage\":\"de\",\"potentialAction\":[{\"@type\":\"ReadAction\",\"target\":[\"https:\/\/www.naturparkmagazin.de\/vdn\/gebratene-flaemingforelle\/\"]}]},{\"@type\":\"BreadcrumbList\",\"@id\":\"https:\/\/www.naturparkmagazin.de\/vdn\/gebratene-flaemingforelle\/#breadcrumb\",\"itemListElement\":[{\"@type\":\"ListItem\",\"position\":1,\"name\":\"Home\",\"item\":\"https:\/\/www.naturparkmagazin.de\/vdn\/\"},{\"@type\":\"ListItem\",\"position\":2,\"name\":\"Gebratene Fl\u00e4mingforelle\u2026\"}]},{\"@type\":\"WebSite\",\"@id\":\"https:\/\/www.naturparkmagazin.de\/vdn\/#website\",\"url\":\"https:\/\/www.naturparkmagazin.de\/vdn\/\",\"name\":\"Verband Deutscher Naturparke\",\"description\":\"Eine weitere Naturparkmagazin.de Netzwerk Seite\",\"potentialAction\":[{\"@type\":\"SearchAction\",\"target\":{\"@type\":\"EntryPoint\",\"urlTemplate\":\"https:\/\/www.naturparkmagazin.de\/vdn\/?s={search_term_string}\"},\"query-input\":\"required name=search_term_string\"}],\"inLanguage\":\"de\"},{\"@type\":\"Person\",\"@id\":\"https:\/\/www.naturparkmagazin.de\/vdn\/#\/schema\/person\/3cff9b8773ed55f0189255fa9adfd57c\",\"name\":\"manuelamerz\",\"url\":\"https:\/\/www.naturparkmagazin.de\/vdn\/author\/manuelamerz\/\"}]}<\/script>\n<!-- \/ Yoast SEO plugin. -->","yoast_head_json":{"title":"Gebratene Fl\u00e4mingforelle\u2026","description":"\u2026aus der Komturm\u00fchle gef\u00fcllt mit Kr\u00e4utern dazu Trauben-Nussbutter, Kr\u00e4uterkartoffeln und Salat. Ein Rezept aus dem Hotel Landhaus Alte Schmiede in L\u00fchnsdorf.","robots":{"index":"index","follow":"follow","max-snippet":"max-snippet:-1","max-image-preview":"max-image-preview:large","max-video-preview":"max-video-preview:-1"},"canonical":"https:\/\/www.naturparkmagazin.de\/vdn\/gebratene-flaemingforelle\/","og_locale":"de_DE","og_type":"article","og_title":"Gebratene Fl\u00e4mingforelle\u2026","og_description":"\u2026aus der Komturm\u00fchle gef\u00fcllt mit Kr\u00e4utern dazu Trauben-Nussbutter, Kr\u00e4uterkartoffeln und Salat. Ein Rezept aus dem Hotel Landhaus Alte Schmiede in L\u00fchnsdorf.","og_url":"https:\/\/www.naturparkmagazin.de\/vdn\/gebratene-flaemingforelle\/","og_site_name":"Verband Deutscher Naturparke","article_published_time":"2017-09-18T09:36:11+00:00","article_modified_time":"2017-10-16T16:29:46+00:00","og_image":[{"width":200,"height":200,"url":"https:\/\/www.naturparkmagazin.de\/vdn\/wp-content\/uploads\/sites\/3\/IMG_0551bf.jpg","type":"image\/jpeg"}],"author":"manuelamerz","twitter_misc":{"Verfasst von":"manuelamerz","Gesch\u00e4tzte Lesezeit":"1\u00a0Minute"},"schema":{"@context":"https:\/\/schema.org","@graph":[{"@type":"WebPage","@id":"https:\/\/www.naturparkmagazin.de\/vdn\/gebratene-flaemingforelle\/","url":"https:\/\/www.naturparkmagazin.de\/vdn\/gebratene-flaemingforelle\/","name":"Gebratene Fl\u00e4mingforelle\u2026","isPartOf":{"@id":"https:\/\/www.naturparkmagazin.de\/vdn\/#website"},"datePublished":"2017-09-18T09:36:11+00:00","dateModified":"2017-10-16T16:29:46+00:00","author":{"@id":"https:\/\/www.naturparkmagazin.de\/vdn\/#\/schema\/person\/3cff9b8773ed55f0189255fa9adfd57c"},"description":"\u2026aus der Komturm\u00fchle gef\u00fcllt mit Kr\u00e4utern dazu Trauben-Nussbutter, Kr\u00e4uterkartoffeln und Salat. Ein Rezept aus dem Hotel Landhaus Alte Schmiede in L\u00fchnsdorf.","breadcrumb":{"@id":"https:\/\/www.naturparkmagazin.de\/vdn\/gebratene-flaemingforelle\/#breadcrumb"},"inLanguage":"de","potentialAction":[{"@type":"ReadAction","target":["https:\/\/www.naturparkmagazin.de\/vdn\/gebratene-flaemingforelle\/"]}]},{"@type":"BreadcrumbList","@id":"https:\/\/www.naturparkmagazin.de\/vdn\/gebratene-flaemingforelle\/#breadcrumb","itemListElement":[{"@type":"ListItem","position":1,"name":"Home","item":"https:\/\/www.naturparkmagazin.de\/vdn\/"},{"@type":"ListItem","position":2,"name":"Gebratene Fl\u00e4mingforelle\u2026"}]},{"@type":"WebSite","@id":"https:\/\/www.naturparkmagazin.de\/vdn\/#website","url":"https:\/\/www.naturparkmagazin.de\/vdn\/","name":"Verband Deutscher Naturparke","description":"Eine weitere Naturparkmagazin.de Netzwerk Seite","potentialAction":[{"@type":"SearchAction","target":{"@type":"EntryPoint","urlTemplate":"https:\/\/www.naturparkmagazin.de\/vdn\/?s={search_term_string}"},"query-input":"required name=search_term_string"}],"inLanguage":"de"},{"@type":"Person","@id":"https:\/\/www.naturparkmagazin.de\/vdn\/#\/schema\/person\/3cff9b8773ed55f0189255fa9adfd57c","name":"manuelamerz","url":"https:\/\/www.naturparkmagazin.de\/vdn\/author\/manuelamerz\/"}]}},"_links":{"self":[{"href":"https:\/\/www.naturparkmagazin.de\/vdn\/wp-json\/wp\/v2\/posts\/9154"}],"collection":[{"href":"https:\/\/www.naturparkmagazin.de\/vdn\/wp-json\/wp\/v2\/posts"}],"about":[{"href":"https:\/\/www.naturparkmagazin.de\/vdn\/wp-json\/wp\/v2\/types\/post"}],"author":[{"embeddable":true,"href":"https:\/\/www.naturparkmagazin.de\/vdn\/wp-json\/wp\/v2\/users\/73"}],"replies":[{"embeddable":true,"href":"https:\/\/www.naturparkmagazin.de\/vdn\/wp-json\/wp\/v2\/comments?post=9154"}],"version-history":[{"count":1,"href":"https:\/\/www.naturparkmagazin.de\/vdn\/wp-json\/wp\/v2\/posts\/9154\/revisions"}],"predecessor-version":[{"id":9157,"href":"https:\/\/www.naturparkmagazin.de\/vdn\/wp-json\/wp\/v2\/posts\/9154\/revisions\/9157"}],"wp:featuredmedia":[{"embeddable":true,"href":"https:\/\/www.naturparkmagazin.de\/vdn\/wp-json\/wp\/v2\/media\/9156"}],"wp:attachment":[{"href":"https:\/\/www.naturparkmagazin.de\/vdn\/wp-json\/wp\/v2\/media?parent=9154"}],"wp:term":[{"taxonomy":"category","embeddable":true,"href":"https:\/\/www.naturparkmagazin.de\/vdn\/wp-json\/wp\/v2\/categories?post=9154"},{"taxonomy":"post_tag","embeddable":true,"href":"https:\/\/www.naturparkmagazin.de\/vdn\/wp-json\/wp\/v2\/tags?post=9154"}],"curies":[{"name":"wp","href":"https:\/\/api.w.org\/{rel}","templated":true}]}}